{"id":23121,"date":"2014-09-25T17:11:26","date_gmt":"2014-09-25T20:11:26","guid":{"rendered":"http:\/\/www.notibras.com\/site\/?p=23121"},"modified":"2014-09-25T22:14:35","modified_gmt":"2014-09-26T01:14:35","slug":"trafico-de-drogas-movimenta-700-mi-por-ano-no-distrito-federal","status":"publish","type":"post","link":"https:\/\/www.notibras.com\/site\/trafico-de-drogas-movimenta-700-mi-por-ano-no-distrito-federal\/","title":{"rendered":"Tr\u00e1fico de drogas movimenta 700 mi por ano no Distrito Federal"},"content":{"rendered":"<p>O tr\u00e1fico de drogas na capital da Rep\u00fablica movimenta at\u00e9 R$ 700 milh\u00f5es por ano, o equivalente a 0,5% do Produto Interno Bruto (PIB) de Bras\u00edlia.<\/p>\n<p>A afirma\u00e7\u00e3o foi feita por Jorge Xavier, diretor-geral da Pol\u00edcia Civil, durante evento que incinerou 4 toneladas de drogas apreendidas pela corpora\u00e7\u00e3o no \u00faltimo ano, quantidade recorde.<\/p>\n<blockquote><p>&#8220;A m\u00e9dia hist\u00f3rica de apreens\u00f5es entre 2006 e 2010 era de 100 kg por m\u00eas. Nesse ano em curso, foram 300 kg por m\u00eas. A gente triplicou a quantidade, mas n\u00e3o triplicou a quantidade de usu\u00e1rios&#8221;, afirmou Xavier.<\/p><\/blockquote>\n<p>&#8220;H\u00e1 cerca de 7% da popula\u00e7\u00e3o consumindo drogas il\u00edcitas, mas a pol\u00edcia tem conseguido andar mais rapidamente que o tr\u00e1fico. \u00c9 preciso agora diminuir a demanda, porque a oferta tem sido atacada fortemente.&#8221;<\/p>\n<p>De acordo com Xavier, o dinheiro que abastece o tr\u00e1fico tem origem em atividades criminosas. Para ele, uma eventual descriminaliza\u00e7\u00e3o da droga n\u00e3o ajudaria a reduzir o \u00edndice de crimes.<\/p>\n","protected":false},"excerpt":{"rendered":"<p>O tr\u00e1fico de drogas na capital da Rep\u00fablica movimenta at\u00e9 R$ 700 milh\u00f5es por ano, o equivalente a 0,5% do Produto Interno Bruto (PIB) de Bras\u00edlia. A afirma\u00e7\u00e3o foi feita por Jorge Xavier, diretor-geral da Pol\u00edcia Civil, durante evento que incinerou 4 toneladas de drogas apreendidas pela corpora\u00e7\u00e3o no \u00faltimo ano, quantidade recorde. &#8220;A m\u00e9dia [&hellip;]<\/p>\n","protected":false},"author":2,"featured_media":23122,"comment_status":"open","ping_status":"closed","sticky":false,"template":"","format":"standard","meta":{"_acf_changed":false,"footnotes":""},"categories":[1],"tags":[],"class_list":["post-23121","post","type-post","status-publish","format-standard","has-post-thumbnail","hentry","category-brasilia"],"acf":[],"_links":{"self":[{"href":"https:\/\/www.notibras.com\/site\/wp-json\/wp\/v2\/posts\/23121","targetHints":{"allow":["GET"]}}],"collection":[{"href":"https:\/\/www.notibras.com\/site\/wp-json\/wp\/v2\/posts"}],"about":[{"href":"https:\/\/www.notibras.com\/site\/wp-json\/wp\/v2\/types\/post"}],"author":[{"embeddable":true,"href":"https:\/\/www.notibras.com\/site\/wp-json\/wp\/v2\/users\/2"}],"replies":[{"embeddable":true,"href":"https:\/\/www.notibras.com\/site\/wp-json\/wp\/v2\/comments?post=23121"}],"version-history":[{"count":0,"href":"https:\/\/www.notibras.com\/site\/wp-json\/wp\/v2\/posts\/23121\/revisions"}],"wp:featuredmedia":[{"embeddable":true,"href":"https:\/\/www.notibras.com\/site\/wp-json\/wp\/v2\/media\/23122"}],"wp:attachment":[{"href":"https:\/\/www.notibras.com\/site\/wp-json\/wp\/v2\/media?parent=23121"}],"wp:term":[{"taxonomy":"category","embeddable":true,"href":"https:\/\/www.notibras.com\/site\/wp-json\/wp\/v2\/categories?post=23121"},{"taxonomy":"post_tag","embeddable":true,"href":"https:\/\/www.notibras.com\/site\/wp-json\/wp\/v2\/tags?post=23121"}],"curies":[{"name":"wp","href":"https:\/\/api.w.org\/{rel}","templated":true}]}}