{"id":23139,"date":"2014-09-25T23:19:43","date_gmt":"2014-09-26T02:19:43","guid":{"rendered":"http:\/\/www.notibras.com\/site\/?p=23139"},"modified":"2014-09-26T13:41:19","modified_gmt":"2014-09-26T16:41:19","slug":"bancarios-rejeitam-7-de-aumento-e-fecham-agencias-dia-30","status":"publish","type":"post","link":"https:\/\/www.notibras.com\/site\/bancarios-rejeitam-7-de-aumento-e-fecham-agencias-dia-30\/","title":{"rendered":"Banc\u00e1rios rejeitam 7% de aumento e prometem fechar ag\u00eancias na ter\u00e7a-feira, 30"},"content":{"rendered":"<div class=\"content\">\n<p>Banc\u00e1rios de v\u00e1rios estados do Brasil aprovaram nesta quinta-feira 25 um indicativo de greve da categoria. Dessa forma, a paralisa\u00e7\u00e3o, por tempo indeterminado, ter\u00e1 in\u00edcio na pr\u00f3xima ter\u00e7a-feira (30). Em assembleias feitas em todo o pa\u00eds os banc\u00e1rios rejeitaram a proposta de reajuste salarial apresentada pela Federa\u00e7\u00e3o Nacional dos Bancos (Fenaban) no dia 17 de setembro.<\/p>\n<p>A proposta da Fenaban inclu\u00eda reajuste de 7% no sal\u00e1rio (0,61% de aumento real), na Participa\u00e7\u00e3o nos Lucros e Resultados (PLR) e nos aux\u00edlios refei\u00e7\u00e3o, alimenta\u00e7\u00e3o e creche, al\u00e9m de 7,5% no piso salarial (1,08% acima da infla\u00e7\u00e3o).<\/p>\n<blockquote><p>De acordo com a Confedera\u00e7\u00e3o Nacional dos Trabalhadores do Ramo Financeiro (Contraf), a categoria pede reajuste salarial de 12,5%, PLR de tr\u00eas sal\u00e1rios, al\u00e9m de uma parcela adicional de R$ 6.247, piso de R$ 2.979,25 e vales alimenta\u00e7\u00e3o, refei\u00e7\u00e3o, 13\u00aa cesta e aux\u00edlio-creche\/bab\u00e1 no valor de R$ 724,00.<\/p><\/blockquote>\n<p>De acordo com a Contraf, 46 assembleias j\u00e1 aprovaram a greve, sendo que os maiores sindicatos, como Bras\u00edlia, S\u00e3o Paulo, Rio de Janeiro, Belo Horizonte e Porto Alegre est\u00e3o entre aqueles que j\u00e1 votaram pela paralisa\u00e7\u00e3o. A confedera\u00e7\u00e3o representa 134 sindicatos em todo o pa\u00eds.<\/p>\n<header>\n<div class=\"node-info\"><strong>Marcelo Brand\u00e3o, ABr<\/strong><\/div>\n<\/header>\n<\/div>\n","protected":false},"excerpt":{"rendered":"<p>Banc\u00e1rios de v\u00e1rios estados do Brasil aprovaram nesta quinta-feira 25 um indicativo de greve da categoria. Dessa forma, a paralisa\u00e7\u00e3o, por tempo indeterminado, ter\u00e1 in\u00edcio na pr\u00f3xima ter\u00e7a-feira (30). Em assembleias feitas em todo o pa\u00eds os banc\u00e1rios rejeitaram a proposta de reajuste salarial apresentada pela Federa\u00e7\u00e3o Nacional dos Bancos (Fenaban) no dia 17 de [&hellip;]<\/p>\n","protected":false},"author":2,"featured_media":23140,"comment_status":"open","ping_status":"closed","sticky":false,"template":"","format":"standard","meta":{"_acf_changed":false,"footnotes":""},"categories":[16],"tags":[],"class_list":["post-23139","post","type-post","status-publish","format-standard","has-post-thumbnail","hentry","category-brasil"],"acf":[],"yoast_head":"<!-- This site is optimized with the Yoast SEO plugin v27.2 - https:\/\/yoast.com\/product\/yoast-seo-wordpress\/ -->\n<title>Banc\u00e1rios rejeitam 7% de aumento e prometem fechar ag\u00eancias na ter\u00e7a-feira, 30 - Notibras<\/title>\n<meta name=\"robots\" content=\"index, follow, max-snippet:-1, max-image-preview:large, max-video-preview:-1\" \/>\n<link rel=\"canonical\" href=\"https:\/\/www.notibras.com\/site\/bancarios-rejeitam-7-de-aumento-e-fecham-agencias-dia-30\/\" \/>\n<meta property=\"og:locale\" content=\"pt_BR\" \/>\n<meta property=\"og:type\" content=\"article\" \/>\n<meta property=\"og:title\" content=\"Banc\u00e1rios rejeitam 7% de aumento e prometem fechar ag\u00eancias na ter\u00e7a-feira, 30 - Notibras\" \/>\n<meta property=\"og:description\" content=\"Banc\u00e1rios de v\u00e1rios estados do Brasil aprovaram nesta quinta-feira 25 um indicativo de greve da categoria. Dessa forma, a paralisa\u00e7\u00e3o, por tempo indeterminado, ter\u00e1 in\u00edcio na pr\u00f3xima ter\u00e7a-feira (30). Em assembleias feitas em todo o pa\u00eds os banc\u00e1rios rejeitaram a proposta de reajuste salarial apresentada pela Federa\u00e7\u00e3o Nacional dos Bancos (Fenaban) no dia 17 de [&hellip;]\" \/>\n<meta property=\"og:url\" content=\"https:\/\/www.notibras.com\/site\/bancarios-rejeitam-7-de-aumento-e-fecham-agencias-dia-30\/\" \/>\n<meta property=\"og:site_name\" content=\"Notibras\" \/>\n<meta property=\"article:publisher\" content=\"https:\/\/www.facebook.com\/notibras\/\" \/>\n<meta property=\"article:published_time\" content=\"2014-09-26T02:19:43+00:00\" \/>\n<meta property=\"article:modified_time\" content=\"2014-09-26T16:41:19+00:00\" \/>\n<meta property=\"og:image\" content=\"https:\/\/www.notibras.com\/site\/wp-content\/uploads\/2014\/09\/br1.jpg\" \/>\n\t<meta property=\"og:image:width\" content=\"327\" \/>\n\t<meta property=\"og:image:height\" content=\"302\" \/>\n\t<meta property=\"og:image:type\" content=\"image\/jpeg\" \/>\n<meta name=\"author\" content=\"Reda\u00e7\u00e3o\" \/>\n<meta name=\"twitter:card\" content=\"summary_large_image\" \/>\n<meta name=\"twitter:creator\" content=\"@Notibras\" \/>\n<meta name=\"twitter:site\" content=\"@Notibras\" \/>\n<meta name=\"twitter:label1\" content=\"Escrito por\" \/>\n\t<meta name=\"twitter:data1\" content=\"Reda\u00e7\u00e3o\" \/>\n\t<meta name=\"twitter:label2\" content=\"Est. tempo de leitura\" \/>\n\t<meta name=\"twitter:data2\" content=\"1 minuto\" \/>\n<script type=\"application\/ld+json\" class=\"yoast-schema-graph\">{\"@context\":\"https:\/\/schema.org\",\"@graph\":[{\"@type\":\"Article\",\"@id\":\"https:\/\/www.notibras.com\/site\/bancarios-rejeitam-7-de-aumento-e-fecham-agencias-dia-30\/#article\",\"isPartOf\":{\"@id\":\"https:\/\/www.notibras.com\/site\/bancarios-rejeitam-7-de-aumento-e-fecham-agencias-dia-30\/\"},\"author\":{\"name\":\"Reda\u00e7\u00e3o\",\"@id\":\"https:\/\/www.notibras.com\/site\/#\/schema\/person\/36ab0979449956132d3e5b517ea76ac8\"},\"headline\":\"Banc\u00e1rios rejeitam 7% de aumento e prometem fechar ag\u00eancias na ter\u00e7a-feira, 30\",\"datePublished\":\"2014-09-26T02:19:43+00:00\",\"dateModified\":\"2014-09-26T16:41:19+00:00\",\"mainEntityOfPage\":{\"@id\":\"https:\/\/www.notibras.com\/site\/bancarios-rejeitam-7-de-aumento-e-fecham-agencias-dia-30\/\"},\"wordCount\":221,\"commentCount\":0,\"publisher\":{\"@id\":\"https:\/\/www.notibras.com\/site\/#organization\"},\"image\":{\"@id\":\"https:\/\/www.notibras.com\/site\/bancarios-rejeitam-7-de-aumento-e-fecham-agencias-dia-30\/#primaryimage\"},\"thumbnailUrl\":\"https:\/\/www.notibras.com\/site\/wp-content\/uploads\/2014\/09\/br1.jpg\",\"articleSection\":[\"Brasil\"],\"inLanguage\":\"pt-BR\",\"potentialAction\":[{\"@type\":\"CommentAction\",\"name\":\"Comment\",\"target\":[\"https:\/\/www.notibras.com\/site\/bancarios-rejeitam-7-de-aumento-e-fecham-agencias-dia-30\/#respond\"]}]},{\"@type\":\"WebPage\",\"@id\":\"https:\/\/www.notibras.com\/site\/bancarios-rejeitam-7-de-aumento-e-fecham-agencias-dia-30\/\",\"url\":\"https:\/\/www.notibras.com\/site\/bancarios-rejeitam-7-de-aumento-e-fecham-agencias-dia-30\/\",\"name\":\"Banc\u00e1rios rejeitam 7% de aumento e prometem fechar ag\u00eancias na ter\u00e7a-feira, 30 - Notibras\",\"isPartOf\":{\"@id\":\"https:\/\/www.notibras.com\/site\/#website\"},\"primaryImageOfPage\":{\"@id\":\"https:\/\/www.notibras.com\/site\/bancarios-rejeitam-7-de-aumento-e-fecham-agencias-dia-30\/#primaryimage\"},\"image\":{\"@id\":\"https:\/\/www.notibras.com\/site\/bancarios-rejeitam-7-de-aumento-e-fecham-agencias-dia-30\/#primaryimage\"},\"thumbnailUrl\":\"https:\/\/www.notibras.com\/site\/wp-content\/uploads\/2014\/09\/br1.jpg\",\"datePublished\":\"2014-09-26T02:19:43+00:00\",\"dateModified\":\"2014-09-26T16:41:19+00:00\",\"breadcrumb\":{\"@id\":\"https:\/\/www.notibras.com\/site\/bancarios-rejeitam-7-de-aumento-e-fecham-agencias-dia-30\/#breadcrumb\"},\"inLanguage\":\"pt-BR\",\"potentialAction\":[{\"@type\":\"ReadAction\",\"target\":[\"https:\/\/www.notibras.com\/site\/bancarios-rejeitam-7-de-aumento-e-fecham-agencias-dia-30\/\"]}]},{\"@type\":\"ImageObject\",\"inLanguage\":\"pt-BR\",\"@id\":\"https:\/\/www.notibras.com\/site\/bancarios-rejeitam-7-de-aumento-e-fecham-agencias-dia-30\/#primaryimage\",\"url\":\"https:\/\/www.notibras.com\/site\/wp-content\/uploads\/2014\/09\/br1.jpg\",\"contentUrl\":\"https:\/\/www.notibras.com\/site\/wp-content\/uploads\/2014\/09\/br1.jpg\",\"width\":327,\"height\":302},{\"@type\":\"BreadcrumbList\",\"@id\":\"https:\/\/www.notibras.com\/site\/bancarios-rejeitam-7-de-aumento-e-fecham-agencias-dia-30\/#breadcrumb\",\"itemListElement\":[{\"@type\":\"ListItem\",\"position\":1,\"name\":\"In\u00edcio\",\"item\":\"https:\/\/www.notibras.com\/site\/\"},{\"@type\":\"ListItem\",\"position\":2,\"name\":\"Banc\u00e1rios rejeitam 7% de aumento e prometem fechar ag\u00eancias na ter\u00e7a-feira, 30\"}]},{\"@type\":\"WebSite\",\"@id\":\"https:\/\/www.notibras.com\/site\/#website\",\"url\":\"https:\/\/www.notibras.com\/site\/\",\"name\":\"Notibras\",\"description\":\"Not\u00edcias de Bras\u00edlia, do Brasil e do Mundo\",\"publisher\":{\"@id\":\"https:\/\/www.notibras.com\/site\/#organization\"},\"potentialAction\":[{\"@type\":\"SearchAction\",\"target\":{\"@type\":\"EntryPoint\",\"urlTemplate\":\"https:\/\/www.notibras.com\/site\/?s={search_term_string}\"},\"query-input\":{\"@type\":\"PropertyValueSpecification\",\"valueRequired\":true,\"valueName\":\"search_term_string\"}}],\"inLanguage\":\"pt-BR\"},{\"@type\":\"Organization\",\"@id\":\"https:\/\/www.notibras.com\/site\/#organization\",\"name\":\"Grupo Notibras de Comunica\u00e7\u00e3o\",\"url\":\"https:\/\/www.notibras.com\/site\/\",\"logo\":{\"@type\":\"ImageObject\",\"inLanguage\":\"pt-BR\",\"@id\":\"https:\/\/www.notibras.com\/site\/#\/schema\/logo\/image\/\",\"url\":\"https:\/\/www.notibras.com\/site\/wp-content\/uploads\/2023\/01\/notibras23.png\",\"contentUrl\":\"https:\/\/www.notibras.com\/site\/wp-content\/uploads\/2023\/01\/notibras23.png\",\"width\":350,\"height\":87,\"caption\":\"Grupo Notibras de Comunica\u00e7\u00e3o\"},\"image\":{\"@id\":\"https:\/\/www.notibras.com\/site\/#\/schema\/logo\/image\/\"},\"sameAs\":[\"https:\/\/www.facebook.com\/notibras\/\",\"https:\/\/x.com\/Notibras\",\"https:\/\/www.instagram.com\/notibras\/\"]},{\"@type\":\"Person\",\"@id\":\"https:\/\/www.notibras.com\/site\/#\/schema\/person\/36ab0979449956132d3e5b517ea76ac8\",\"name\":\"Reda\u00e7\u00e3o\",\"image\":{\"@type\":\"ImageObject\",\"inLanguage\":\"pt-BR\",\"@id\":\"https:\/\/secure.gravatar.com\/avatar\/e0a867bdedb85fd243eadf09663511f96fc81e0720a4a42581f334ad4303aa6b?s=96&d=mm&r=g\",\"url\":\"https:\/\/secure.gravatar.com\/avatar\/e0a867bdedb85fd243eadf09663511f96fc81e0720a4a42581f334ad4303aa6b?s=96&d=mm&r=g\",\"contentUrl\":\"https:\/\/secure.gravatar.com\/avatar\/e0a867bdedb85fd243eadf09663511f96fc81e0720a4a42581f334ad4303aa6b?s=96&d=mm&r=g\",\"caption\":\"Reda\u00e7\u00e3o\"}}]}<\/script>\n<!-- \/ Yoast SEO plugin. -->","yoast_head_json":{"title":"Banc\u00e1rios rejeitam 7% de aumento e prometem fechar ag\u00eancias na ter\u00e7a-feira, 30 - Notibras","robots":{"index":"index","follow":"follow","max-snippet":"max-snippet:-1","max-image-preview":"max-image-preview:large","max-video-preview":"max-video-preview:-1"},"canonical":"https:\/\/www.notibras.com\/site\/bancarios-rejeitam-7-de-aumento-e-fecham-agencias-dia-30\/","og_locale":"pt_BR","og_type":"article","og_title":"Banc\u00e1rios rejeitam 7% de aumento e prometem fechar ag\u00eancias na ter\u00e7a-feira, 30 - Notibras","og_description":"Banc\u00e1rios de v\u00e1rios estados do Brasil aprovaram nesta quinta-feira 25 um indicativo de greve da categoria. Dessa forma, a paralisa\u00e7\u00e3o, por tempo indeterminado, ter\u00e1 in\u00edcio na pr\u00f3xima ter\u00e7a-feira (30). Em assembleias feitas em todo o pa\u00eds os banc\u00e1rios rejeitaram a proposta de reajuste salarial apresentada pela Federa\u00e7\u00e3o Nacional dos Bancos (Fenaban) no dia 17 de [&hellip;]","og_url":"https:\/\/www.notibras.com\/site\/bancarios-rejeitam-7-de-aumento-e-fecham-agencias-dia-30\/","og_site_name":"Notibras","article_publisher":"https:\/\/www.facebook.com\/notibras\/","article_published_time":"2014-09-26T02:19:43+00:00","article_modified_time":"2014-09-26T16:41:19+00:00","og_image":[{"width":327,"height":302,"url":"https:\/\/www.notibras.com\/site\/wp-content\/uploads\/2014\/09\/br1.jpg","type":"image\/jpeg"}],"author":"Reda\u00e7\u00e3o","twitter_card":"summary_large_image","twitter_creator":"@Notibras","twitter_site":"@Notibras","twitter_misc":{"Escrito por":"Reda\u00e7\u00e3o","Est. tempo de leitura":"1 minuto"},"schema":{"@context":"https:\/\/schema.org","@graph":[{"@type":"Article","@id":"https:\/\/www.notibras.com\/site\/bancarios-rejeitam-7-de-aumento-e-fecham-agencias-dia-30\/#article","isPartOf":{"@id":"https:\/\/www.notibras.com\/site\/bancarios-rejeitam-7-de-aumento-e-fecham-agencias-dia-30\/"},"author":{"name":"Reda\u00e7\u00e3o","@id":"https:\/\/www.notibras.com\/site\/#\/schema\/person\/36ab0979449956132d3e5b517ea76ac8"},"headline":"Banc\u00e1rios rejeitam 7% de aumento e prometem fechar ag\u00eancias na ter\u00e7a-feira, 30","datePublished":"2014-09-26T02:19:43+00:00","dateModified":"2014-09-26T16:41:19+00:00","mainEntityOfPage":{"@id":"https:\/\/www.notibras.com\/site\/bancarios-rejeitam-7-de-aumento-e-fecham-agencias-dia-30\/"},"wordCount":221,"commentCount":0,"publisher":{"@id":"https:\/\/www.notibras.com\/site\/#organization"},"image":{"@id":"https:\/\/www.notibras.com\/site\/bancarios-rejeitam-7-de-aumento-e-fecham-agencias-dia-30\/#primaryimage"},"thumbnailUrl":"https:\/\/www.notibras.com\/site\/wp-content\/uploads\/2014\/09\/br1.jpg","articleSection":["Brasil"],"inLanguage":"pt-BR","potentialAction":[{"@type":"CommentAction","name":"Comment","target":["https:\/\/www.notibras.com\/site\/bancarios-rejeitam-7-de-aumento-e-fecham-agencias-dia-30\/#respond"]}]},{"@type":"WebPage","@id":"https:\/\/www.notibras.com\/site\/bancarios-rejeitam-7-de-aumento-e-fecham-agencias-dia-30\/","url":"https:\/\/www.notibras.com\/site\/bancarios-rejeitam-7-de-aumento-e-fecham-agencias-dia-30\/","name":"Banc\u00e1rios rejeitam 7% de aumento e prometem fechar ag\u00eancias na ter\u00e7a-feira, 30 - Notibras","isPartOf":{"@id":"https:\/\/www.notibras.com\/site\/#website"},"primaryImageOfPage":{"@id":"https:\/\/www.notibras.com\/site\/bancarios-rejeitam-7-de-aumento-e-fecham-agencias-dia-30\/#primaryimage"},"image":{"@id":"https:\/\/www.notibras.com\/site\/bancarios-rejeitam-7-de-aumento-e-fecham-agencias-dia-30\/#primaryimage"},"thumbnailUrl":"https:\/\/www.notibras.com\/site\/wp-content\/uploads\/2014\/09\/br1.jpg","datePublished":"2014-09-26T02:19:43+00:00","dateModified":"2014-09-26T16:41:19+00:00","breadcrumb":{"@id":"https:\/\/www.notibras.com\/site\/bancarios-rejeitam-7-de-aumento-e-fecham-agencias-dia-30\/#breadcrumb"},"inLanguage":"pt-BR","potentialAction":[{"@type":"ReadAction","target":["https:\/\/www.notibras.com\/site\/bancarios-rejeitam-7-de-aumento-e-fecham-agencias-dia-30\/"]}]},{"@type":"ImageObject","inLanguage":"pt-BR","@id":"https:\/\/www.notibras.com\/site\/bancarios-rejeitam-7-de-aumento-e-fecham-agencias-dia-30\/#primaryimage","url":"https:\/\/www.notibras.com\/site\/wp-content\/uploads\/2014\/09\/br1.jpg","contentUrl":"https:\/\/www.notibras.com\/site\/wp-content\/uploads\/2014\/09\/br1.jpg","width":327,"height":302},{"@type":"BreadcrumbList","@id":"https:\/\/www.notibras.com\/site\/bancarios-rejeitam-7-de-aumento-e-fecham-agencias-dia-30\/#breadcrumb","itemListElement":[{"@type":"ListItem","position":1,"name":"In\u00edcio","item":"https:\/\/www.notibras.com\/site\/"},{"@type":"ListItem","position":2,"name":"Banc\u00e1rios rejeitam 7% de aumento e prometem fechar ag\u00eancias na ter\u00e7a-feira, 30"}]},{"@type":"WebSite","@id":"https:\/\/www.notibras.com\/site\/#website","url":"https:\/\/www.notibras.com\/site\/","name":"Notibras","description":"Not\u00edcias de Bras\u00edlia, do Brasil e do Mundo","publisher":{"@id":"https:\/\/www.notibras.com\/site\/#organization"},"potentialAction":[{"@type":"SearchAction","target":{"@type":"EntryPoint","urlTemplate":"https:\/\/www.notibras.com\/site\/?s={search_term_string}"},"query-input":{"@type":"PropertyValueSpecification","valueRequired":true,"valueName":"search_term_string"}}],"inLanguage":"pt-BR"},{"@type":"Organization","@id":"https:\/\/www.notibras.com\/site\/#organization","name":"Grupo Notibras de Comunica\u00e7\u00e3o","url":"https:\/\/www.notibras.com\/site\/","logo":{"@type":"ImageObject","inLanguage":"pt-BR","@id":"https:\/\/www.notibras.com\/site\/#\/schema\/logo\/image\/","url":"https:\/\/www.notibras.com\/site\/wp-content\/uploads\/2023\/01\/notibras23.png","contentUrl":"https:\/\/www.notibras.com\/site\/wp-content\/uploads\/2023\/01\/notibras23.png","width":350,"height":87,"caption":"Grupo Notibras de Comunica\u00e7\u00e3o"},"image":{"@id":"https:\/\/www.notibras.com\/site\/#\/schema\/logo\/image\/"},"sameAs":["https:\/\/www.facebook.com\/notibras\/","https:\/\/x.com\/Notibras","https:\/\/www.instagram.com\/notibras\/"]},{"@type":"Person","@id":"https:\/\/www.notibras.com\/site\/#\/schema\/person\/36ab0979449956132d3e5b517ea76ac8","name":"Reda\u00e7\u00e3o","image":{"@type":"ImageObject","inLanguage":"pt-BR","@id":"https:\/\/secure.gravatar.com\/avatar\/e0a867bdedb85fd243eadf09663511f96fc81e0720a4a42581f334ad4303aa6b?s=96&d=mm&r=g","url":"https:\/\/secure.gravatar.com\/avatar\/e0a867bdedb85fd243eadf09663511f96fc81e0720a4a42581f334ad4303aa6b?s=96&d=mm&r=g","contentUrl":"https:\/\/secure.gravatar.com\/avatar\/e0a867bdedb85fd243eadf09663511f96fc81e0720a4a42581f334ad4303aa6b?s=96&d=mm&r=g","caption":"Reda\u00e7\u00e3o"}}]}},"amp_enabled":true,"_links":{"self":[{"href":"https:\/\/www.notibras.com\/site\/wp-json\/wp\/v2\/posts\/23139","targetHints":{"allow":["GET"]}}],"collection":[{"href":"https:\/\/www.notibras.com\/site\/wp-json\/wp\/v2\/posts"}],"about":[{"href":"https:\/\/www.notibras.com\/site\/wp-json\/wp\/v2\/types\/post"}],"author":[{"embeddable":true,"href":"https:\/\/www.notibras.com\/site\/wp-json\/wp\/v2\/users\/2"}],"replies":[{"embeddable":true,"href":"https:\/\/www.notibras.com\/site\/wp-json\/wp\/v2\/comments?post=23139"}],"version-history":[{"count":0,"href":"https:\/\/www.notibras.com\/site\/wp-json\/wp\/v2\/posts\/23139\/revisions"}],"wp:featuredmedia":[{"embeddable":true,"href":"https:\/\/www.notibras.com\/site\/wp-json\/wp\/v2\/media\/23140"}],"wp:attachment":[{"href":"https:\/\/www.notibras.com\/site\/wp-json\/wp\/v2\/media?parent=23139"}],"wp:term":[{"taxonomy":"category","embeddable":true,"href":"https:\/\/www.notibras.com\/site\/wp-json\/wp\/v2\/categories?post=23139"},{"taxonomy":"post_tag","embeddable":true,"href":"https:\/\/www.notibras.com\/site\/wp-json\/wp\/v2\/tags?post=23139"}],"curies":[{"name":"wp","href":"https:\/\/api.w.org\/{rel}","templated":true}]}}