{"id":23143,"date":"2014-09-25T21:40:45","date_gmt":"2014-09-26T00:40:45","guid":{"rendered":"http:\/\/www.notibras.com\/site\/?p=23143"},"modified":"2014-09-25T23:45:53","modified_gmt":"2014-09-26T02:45:53","slug":"conhece-casos-de-corrupcao-denuncie-a-justica-garante-protecao","status":"publish","type":"post","link":"https:\/\/www.notibras.com\/site\/conhece-casos-de-corrupcao-denuncie-a-justica-garante-protecao\/","title":{"rendered":"Conhece casos de corrup\u00e7\u00e3o? Denuncie; prote\u00e7\u00e3o garantida"},"content":{"rendered":"<p class=\"text\">O Minist\u00e9rio da Justi\u00e7a lan\u00e7ou nesta quinta-feira\u00a0um guia para difundir os direitos humanos e os mecanismos de prote\u00e7\u00e3o \u00e0s pessoas que denunciam atos de corrup\u00e7\u00e3o. Originalmente escrito em espanhol, elaborado pelo Centro de Direitos Humanos da Faculdade de Direito da Universidade do Chile, o documento re\u00fane todo o arcabou\u00e7o legal do continente acerca do tema.<\/p>\n<p class=\"text\">De acordo com o secret\u00e1rio Nacional de Justi\u00e7a, Paulo Abr\u00e3o, a inten\u00e7\u00e3o \u00e9 promover a converg\u00eancia entre os denunciantes, os defensores de direito humanos e as autoridades. Ele servir\u00e1 como \u201cmanual\u201d para a sociedade. \u201cO que nos motiva \u00e9 a defesa intransigente dos direitos humanos. O objetivo \u00e9 conseguirmos implementar uma luta contra a corrup\u00e7\u00e3o, a partir da defesa dos direitos humanos&#8221;, disse Abr\u00e3o no lan\u00e7amento do guia.<\/p>\n<blockquote>\n<p class=\"text\">\u201c\u00c9 extremamente importante essa conex\u00e3o de combate \u00e0 corrup\u00e7\u00e3o, liberdade de express\u00e3o e respeito aos direitos humanos\u201d, acrescentou o vice-presidente da Corte Interamericana de Direitos Humanos, Roberto Caldas.<\/p>\n<\/blockquote>\n<p class=\"text\">Com os mecanismos oferecidos pelo Sistema Interamericano de Direitos Humanos, o governo brasileiro avalia que pode haver, inclusive, mudan\u00e7as de pol\u00edticas p\u00fablicas e de estruturas institucionais em mat\u00e9ria de prote\u00e7\u00e3o de denunciantes. O guia tamb\u00e9m pode possibilitar maior visibilidade ao tema, suscitando debates em v\u00e1rias esferas.<\/p>\n<p class=\"text\">\u201cLan\u00e7ar essa obra no Brasil ser\u00e1 uma grande contribui\u00e7\u00e3o para organiza\u00e7\u00f5es da sociedade civil. Nela, encontrar\u00e3o importantes ferramentas sempre que direitos humanos de denunciantes de corrup\u00e7\u00e3o se encontrarem em risco ou j\u00e1 tiverem sido violados\u201c, ressaltou Abr\u00e3o.<\/p>\n","protected":false},"excerpt":{"rendered":"<p>O Minist\u00e9rio da Justi\u00e7a lan\u00e7ou nesta quinta-feira\u00a0um guia para difundir os direitos humanos e os mecanismos de prote\u00e7\u00e3o \u00e0s pessoas que denunciam atos de corrup\u00e7\u00e3o. Originalmente escrito em espanhol, elaborado pelo Centro de Direitos Humanos da Faculdade de Direito da Universidade do Chile, o documento re\u00fane todo o arcabou\u00e7o legal do continente acerca do tema. [&hellip;]<\/p>\n","protected":false},"author":2,"featured_media":23144,"comment_status":"open","ping_status":"closed","sticky":false,"template":"","format":"standard","meta":{"_acf_changed":false,"footnotes":""},"categories":[16],"tags":[],"class_list":["post-23143","post","type-post","status-publish","format-standard","has-post-thumbnail","hentry","category-brasil"],"acf":[],"_links":{"self":[{"href":"https:\/\/www.notibras.com\/site\/wp-json\/wp\/v2\/posts\/23143","targetHints":{"allow":["GET"]}}],"collection":[{"href":"https:\/\/www.notibras.com\/site\/wp-json\/wp\/v2\/posts"}],"about":[{"href":"https:\/\/www.notibras.com\/site\/wp-json\/wp\/v2\/types\/post"}],"author":[{"embeddable":true,"href":"https:\/\/www.notibras.com\/site\/wp-json\/wp\/v2\/users\/2"}],"replies":[{"embeddable":true,"href":"https:\/\/www.notibras.com\/site\/wp-json\/wp\/v2\/comments?post=23143"}],"version-history":[{"count":0,"href":"https:\/\/www.notibras.com\/site\/wp-json\/wp\/v2\/posts\/23143\/revisions"}],"wp:featuredmedia":[{"embeddable":true,"href":"https:\/\/www.notibras.com\/site\/wp-json\/wp\/v2\/media\/23144"}],"wp:attachment":[{"href":"https:\/\/www.notibras.com\/site\/wp-json\/wp\/v2\/media?parent=23143"}],"wp:term":[{"taxonomy":"category","embeddable":true,"href":"https:\/\/www.notibras.com\/site\/wp-json\/wp\/v2\/categories?post=23143"},{"taxonomy":"post_tag","embeddable":true,"href":"https:\/\/www.notibras.com\/site\/wp-json\/wp\/v2\/tags?post=23143"}],"curies":[{"name":"wp","href":"https:\/\/api.w.org\/{rel}","templated":true}]}}