{"id":23147,"date":"2014-09-25T20:00:53","date_gmt":"2014-09-25T23:00:53","guid":{"rendered":"http:\/\/www.notibras.com\/site\/?p=23147"},"modified":"2014-09-26T00:14:57","modified_gmt":"2014-09-26T03:14:57","slug":"criancas-morreem-em-incendio-mae-fica-na-rua-e-acaba-presa","status":"publish","type":"post","link":"https:\/\/www.notibras.com\/site\/criancas-morreem-em-incendio-mae-fica-na-rua-e-acaba-presa\/","title":{"rendered":"Crian\u00e7as morrem em inc\u00eandio em casa e a m\u00e3e acaba presa"},"content":{"rendered":"<p class=\"text\">Dois irm\u00e3os, de 1 e 2 anos de idade, morreram no final da madrugada desta quarta-feira em Manaus durante um inc\u00eandio na casa onde moravam com a m\u00e3e. A mulher, de apenas 19 anos, acabou presa pela pol\u00edcia por ter abandonado as crian\u00e7as no local enquanto permanecia na rua com amigos.<\/p>\n<p class=\"text\">Segundo os bombeiros, o inc\u00eandio come\u00e7ou por volta de 4h30 da madrugada. A casa de alvenaria localizada na rua Abel, na comunidade Nossa Senhora de F\u00e1tima, no bairro Cidade Nova, estava fechada. As crian\u00e7as dormiam no interior quando os vizinhos acordaram com elas chorando. &#8220;Foi quando vimos o fogo. Mas estava tudo\u00a0trancado e n\u00e3o pudemos fazer nada&#8221;, lamentou o auxiliar de servi\u00e7os gerais Carlos Albeto de Campso, de 22 anos.<\/p>\n<blockquote>\n<p class=\"text\">Quando os bombeiros chegaram j\u00e1 era tarde. As crian\u00e7as estavam mortas em cima da cama. &#8220;Tivemos que arrombar a porta para tentar salv\u00e1-las, mas\u00a0infelizmente\u00a0elas j\u00e1 estavam carbonizadas&#8221;, contou o tenente do Corpo de Bombeiros, Ricardo Rocha, que atendeu a\u00a0ocorr\u00eancia.<\/p>\n<\/blockquote>\n<p class=\"text\">Os irm\u00e3os Anthony Miguel da Silva Costa, de 1 ano, e Endrios Augusto, de 2 anos, segundo a pol\u00edcia, foram abandonados pela m\u00e3e na casa fechada. &#8220;A dona de casa Augusta Helen da Silva Costa contou que tinha deixado os filhos para ir na casa de amigos usar a internet e acabou dormindo. Por esse motivo decidi prend\u00ea-la por abandono de incapaz&#8221;, explicou o delegado Johny Clay Rodrigues.<\/p>\n<p class=\"text\">Augusta Costa foi levada para o 6\u00b0 Distrito Integrado de Pol\u00edcia (DIP), onde falou com a imprensa. &#8220;Eu acabei dormindo na casa dos meus colegas. Fui para l\u00e1 usar a internet. N\u00e3o queria que isso tivesse acontecido. Perdi meus filhos&#8221;, disse aos prantos a dona de casa, que ser\u00e1 encaminhada a Cadeia P\u00fablica Raimundo Vidal Pessoa, no centro de Manaus.<\/p>\n","protected":false},"excerpt":{"rendered":"<p>Dois irm\u00e3os, de 1 e 2 anos de idade, morreram no final da madrugada desta quarta-feira em Manaus durante um inc\u00eandio na casa onde moravam com a m\u00e3e. A mulher, de apenas 19 anos, acabou presa pela pol\u00edcia por ter abandonado as crian\u00e7as no local enquanto permanecia na rua com amigos. Segundo os bombeiros, o [&hellip;]<\/p>\n","protected":false},"author":2,"featured_media":23148,"comment_status":"open","ping_status":"closed","sticky":false,"template":"","format":"standard","meta":{"_acf_changed":false,"footnotes":""},"categories":[16],"tags":[],"class_list":["post-23147","post","type-post","status-publish","format-standard","has-post-thumbnail","hentry","category-brasil"],"acf":[],"_links":{"self":[{"href":"https:\/\/www.notibras.com\/site\/wp-json\/wp\/v2\/posts\/23147","targetHints":{"allow":["GET"]}}],"collection":[{"href":"https:\/\/www.notibras.com\/site\/wp-json\/wp\/v2\/posts"}],"about":[{"href":"https:\/\/www.notibras.com\/site\/wp-json\/wp\/v2\/types\/post"}],"author":[{"embeddable":true,"href":"https:\/\/www.notibras.com\/site\/wp-json\/wp\/v2\/users\/2"}],"replies":[{"embeddable":true,"href":"https:\/\/www.notibras.com\/site\/wp-json\/wp\/v2\/comments?post=23147"}],"version-history":[{"count":0,"href":"https:\/\/www.notibras.com\/site\/wp-json\/wp\/v2\/posts\/23147\/revisions"}],"wp:featuredmedia":[{"embeddable":true,"href":"https:\/\/www.notibras.com\/site\/wp-json\/wp\/v2\/media\/23148"}],"wp:attachment":[{"href":"https:\/\/www.notibras.com\/site\/wp-json\/wp\/v2\/media?parent=23147"}],"wp:term":[{"taxonomy":"category","embeddable":true,"href":"https:\/\/www.notibras.com\/site\/wp-json\/wp\/v2\/categories?post=23147"},{"taxonomy":"post_tag","embeddable":true,"href":"https:\/\/www.notibras.com\/site\/wp-json\/wp\/v2\/tags?post=23147"}],"curies":[{"name":"wp","href":"https:\/\/api.w.org\/{rel}","templated":true}]}}