{"id":23181,"date":"2014-09-26T13:28:53","date_gmt":"2014-09-26T16:28:53","guid":{"rendered":"http:\/\/www.notibras.com\/site\/?p=23181"},"modified":"2014-09-27T11:34:47","modified_gmt":"2014-09-27T14:34:47","slug":"sao-paulo-adverte-que-volume-de-agua-do-sistema-cantareira-esta-por-uma-gota","status":"publish","type":"post","link":"https:\/\/www.notibras.com\/site\/sao-paulo-adverte-que-volume-de-agua-do-sistema-cantareira-esta-por-uma-gota\/","title":{"rendered":"S\u00e3o Paulo adverte que o volume de \u00e1gua do Cantareira est\u00e1 por uma gota"},"content":{"rendered":"<p>O secret\u00e1rio estadual de Saneamento e Recursos H\u00eddricos, Mauro Arce, declarou que a primeira cota da reserva t\u00e9cnica do Sistema Cantareira, o chamado volume morto, deve se esgotar no dia 21 de novembro, daqui a 56 dias. Em entrevista durante visita \u00e0s obras do Parque V\u00e1rzeas do Tiet\u00ea, na zona leste da capital paulista, Arce disse que a situa\u00e7\u00e3o vai se confirmar caso n\u00e3o chova.<\/p>\n<p>O n\u00edvel dos reservat\u00f3rios do sistema tem registrado quedas consecutivas e chegou hoje (26) a 7,2% da sua capacidade, segundo a Companhia de Saneamento B\u00e1sico do Estado de S\u00e3o Paulo (Sabesp). H\u00e1 um ano, o volume armazenado era 41,3%.<\/p>\n<blockquote><p>Em nota, a secretaria informou que o esgotamento da primeira cota da reserva t\u00e9cnica s\u00f3 aconteceria &#8220;no pior dos cen\u00e1rios&#8221; e considerou remota a hip\u00f3tese de n\u00e3o haver chuva nos pr\u00f3ximos meses. Caso seja necess\u00e1rio, a Sabesp vai utilizar a\u00a0segunda\u00a0parte da reserva t\u00e9cnica, com 106 bilh\u00f5es de litros de \u00e1gua.<\/p><\/blockquote>\n<p>S\u00e3o Paulo enfrenta a maior crise h\u00eddrica da hist\u00f3ria, intensificada pela escassez de chuvas. Desde maio, o sistema utiliza a primeira cota da reserva t\u00e9cnica, que acrescentou 182,5 bilh\u00f5es de litros de \u00e1gua &#8211; equivalente a 18,5%, ao volume total do sistema. O Cantareira fornece \u00e1gua para 9 milh\u00f5es de pessoas na Grande S\u00e3o Paulo e para as bacias dos rios Piracicaba, Capivari e Jundia\u00ed.<\/p>\n","protected":false},"excerpt":{"rendered":"<p>O secret\u00e1rio estadual de Saneamento e Recursos H\u00eddricos, Mauro Arce, declarou que a primeira cota da reserva t\u00e9cnica do Sistema Cantareira, o chamado volume morto, deve se esgotar no dia 21 de novembro, daqui a 56 dias. Em entrevista durante visita \u00e0s obras do Parque V\u00e1rzeas do Tiet\u00ea, na zona leste da capital paulista, Arce [&hellip;]<\/p>\n","protected":false},"author":2,"featured_media":23182,"comment_status":"open","ping_status":"closed","sticky":false,"template":"","format":"standard","meta":{"_acf_changed":false,"footnotes":""},"categories":[16],"tags":[],"class_list":["post-23181","post","type-post","status-publish","format-standard","has-post-thumbnail","hentry","category-brasil"],"acf":[],"yoast_head":"<!-- This site is optimized with the Yoast SEO plugin v27.5 - https:\/\/yoast.com\/product\/yoast-seo-wordpress\/ -->\n<title>S\u00e3o Paulo adverte que o volume de \u00e1gua do Cantareira est\u00e1 por uma gota - Notibras<\/title>\n<meta name=\"robots\" content=\"index, follow, max-snippet:-1, max-image-preview:large, max-video-preview:-1\" \/>\n<link rel=\"canonical\" href=\"https:\/\/www.notibras.com\/site\/sao-paulo-adverte-que-volume-de-agua-do-sistema-cantareira-esta-por-uma-gota\/\" \/>\n<meta property=\"og:locale\" content=\"pt_BR\" \/>\n<meta property=\"og:type\" content=\"article\" \/>\n<meta property=\"og:title\" content=\"S\u00e3o Paulo adverte que o volume de \u00e1gua do Cantareira est\u00e1 por uma gota - Notibras\" \/>\n<meta property=\"og:description\" content=\"O secret\u00e1rio estadual de Saneamento e Recursos H\u00eddricos, Mauro Arce, declarou que a primeira cota da reserva t\u00e9cnica do Sistema Cantareira, o chamado volume morto, deve se esgotar no dia 21 de novembro, daqui a 56 dias. Em entrevista durante visita \u00e0s obras do Parque V\u00e1rzeas do Tiet\u00ea, na zona leste da capital paulista, Arce [&hellip;]\" \/>\n<meta property=\"og:url\" content=\"https:\/\/www.notibras.com\/site\/sao-paulo-adverte-que-volume-de-agua-do-sistema-cantareira-esta-por-uma-gota\/\" \/>\n<meta property=\"og:site_name\" content=\"Notibras\" \/>\n<meta property=\"article:publisher\" content=\"https:\/\/www.facebook.com\/notibras\/\" \/>\n<meta property=\"article:published_time\" content=\"2014-09-26T16:28:53+00:00\" \/>\n<meta property=\"article:modified_time\" content=\"2014-09-27T14:34:47+00:00\" \/>\n<meta property=\"og:image\" content=\"https:\/\/www.notibras.com\/site\/wp-content\/uploads\/2014\/09\/reservatecnica_site.jpg\" \/>\n\t<meta property=\"og:image:width\" content=\"580\" \/>\n\t<meta property=\"og:image:height\" content=\"388\" \/>\n\t<meta property=\"og:image:type\" content=\"image\/jpeg\" \/>\n<meta name=\"author\" content=\"Reda\u00e7\u00e3o\" \/>\n<meta name=\"twitter:card\" content=\"summary_large_image\" \/>\n<meta name=\"twitter:creator\" content=\"@Notibras\" \/>\n<meta name=\"twitter:site\" content=\"@Notibras\" \/>\n<meta name=\"twitter:label1\" content=\"Escrito por\" \/>\n\t<meta name=\"twitter:data1\" content=\"Reda\u00e7\u00e3o\" \/>\n\t<meta name=\"twitter:label2\" content=\"Est. tempo de leitura\" \/>\n\t<meta name=\"twitter:data2\" content=\"1 minuto\" \/>\n<script type=\"application\/ld+json\" class=\"yoast-schema-graph\">{\"@context\":\"https:\\\/\\\/schema.org\",\"@graph\":[{\"@type\":\"Article\",\"@id\":\"https:\\\/\\\/www.notibras.com\\\/site\\\/sao-paulo-adverte-que-volume-de-agua-do-sistema-cantareira-esta-por-uma-gota\\\/#article\",\"isPartOf\":{\"@id\":\"https:\\\/\\\/www.notibras.com\\\/site\\\/sao-paulo-adverte-que-volume-de-agua-do-sistema-cantareira-esta-por-uma-gota\\\/\"},\"author\":{\"name\":\"Reda\u00e7\u00e3o\",\"@id\":\"https:\\\/\\\/www.notibras.com\\\/site\\\/#\\\/schema\\\/person\\\/36ab0979449956132d3e5b517ea76ac8\"},\"headline\":\"S\u00e3o Paulo adverte que o volume de \u00e1gua do Cantareira est\u00e1 por uma gota\",\"datePublished\":\"2014-09-26T16:28:53+00:00\",\"dateModified\":\"2014-09-27T14:34:47+00:00\",\"mainEntityOfPage\":{\"@id\":\"https:\\\/\\\/www.notibras.com\\\/site\\\/sao-paulo-adverte-que-volume-de-agua-do-sistema-cantareira-esta-por-uma-gota\\\/\"},\"wordCount\":252,\"commentCount\":0,\"publisher\":{\"@id\":\"https:\\\/\\\/www.notibras.com\\\/site\\\/#organization\"},\"image\":{\"@id\":\"https:\\\/\\\/www.notibras.com\\\/site\\\/sao-paulo-adverte-que-volume-de-agua-do-sistema-cantareira-esta-por-uma-gota\\\/#primaryimage\"},\"thumbnailUrl\":\"https:\\\/\\\/www.notibras.com\\\/site\\\/wp-content\\\/uploads\\\/2014\\\/09\\\/reservatecnica_site.jpg\",\"articleSection\":[\"Brasil\"],\"inLanguage\":\"pt-BR\",\"potentialAction\":[{\"@type\":\"CommentAction\",\"name\":\"Comment\",\"target\":[\"https:\\\/\\\/www.notibras.com\\\/site\\\/sao-paulo-adverte-que-volume-de-agua-do-sistema-cantareira-esta-por-uma-gota\\\/#respond\"]}]},{\"@type\":\"WebPage\",\"@id\":\"https:\\\/\\\/www.notibras.com\\\/site\\\/sao-paulo-adverte-que-volume-de-agua-do-sistema-cantareira-esta-por-uma-gota\\\/\",\"url\":\"https:\\\/\\\/www.notibras.com\\\/site\\\/sao-paulo-adverte-que-volume-de-agua-do-sistema-cantareira-esta-por-uma-gota\\\/\",\"name\":\"S\u00e3o Paulo adverte que o volume de \u00e1gua do Cantareira est\u00e1 por uma gota - Notibras\",\"isPartOf\":{\"@id\":\"https:\\\/\\\/www.notibras.com\\\/site\\\/#website\"},\"primaryImageOfPage\":{\"@id\":\"https:\\\/\\\/www.notibras.com\\\/site\\\/sao-paulo-adverte-que-volume-de-agua-do-sistema-cantareira-esta-por-uma-gota\\\/#primaryimage\"},\"image\":{\"@id\":\"https:\\\/\\\/www.notibras.com\\\/site\\\/sao-paulo-adverte-que-volume-de-agua-do-sistema-cantareira-esta-por-uma-gota\\\/#primaryimage\"},\"thumbnailUrl\":\"https:\\\/\\\/www.notibras.com\\\/site\\\/wp-content\\\/uploads\\\/2014\\\/09\\\/reservatecnica_site.jpg\",\"datePublished\":\"2014-09-26T16:28:53+00:00\",\"dateModified\":\"2014-09-27T14:34:47+00:00\",\"breadcrumb\":{\"@id\":\"https:\\\/\\\/www.notibras.com\\\/site\\\/sao-paulo-adverte-que-volume-de-agua-do-sistema-cantareira-esta-por-uma-gota\\\/#breadcrumb\"},\"inLanguage\":\"pt-BR\",\"potentialAction\":[{\"@type\":\"ReadAction\",\"target\":[\"https:\\\/\\\/www.notibras.com\\\/site\\\/sao-paulo-adverte-que-volume-de-agua-do-sistema-cantareira-esta-por-uma-gota\\\/\"]}]},{\"@type\":\"ImageObject\",\"inLanguage\":\"pt-BR\",\"@id\":\"https:\\\/\\\/www.notibras.com\\\/site\\\/sao-paulo-adverte-que-volume-de-agua-do-sistema-cantareira-esta-por-uma-gota\\\/#primaryimage\",\"url\":\"https:\\\/\\\/www.notibras.com\\\/site\\\/wp-content\\\/uploads\\\/2014\\\/09\\\/reservatecnica_site.jpg\",\"contentUrl\":\"https:\\\/\\\/www.notibras.com\\\/site\\\/wp-content\\\/uploads\\\/2014\\\/09\\\/reservatecnica_site.jpg\",\"width\":580,\"height\":388},{\"@type\":\"BreadcrumbList\",\"@id\":\"https:\\\/\\\/www.notibras.com\\\/site\\\/sao-paulo-adverte-que-volume-de-agua-do-sistema-cantareira-esta-por-uma-gota\\\/#breadcrumb\",\"itemListElement\":[{\"@type\":\"ListItem\",\"position\":1,\"name\":\"In\u00edcio\",\"item\":\"https:\\\/\\\/www.notibras.com\\\/site\\\/\"},{\"@type\":\"ListItem\",\"position\":2,\"name\":\"S\u00e3o Paulo adverte que o volume de \u00e1gua do Cantareira est\u00e1 por uma gota\"}]},{\"@type\":\"WebSite\",\"@id\":\"https:\\\/\\\/www.notibras.com\\\/site\\\/#website\",\"url\":\"https:\\\/\\\/www.notibras.com\\\/site\\\/\",\"name\":\"Notibras\",\"description\":\"Not\u00edcias de Bras\u00edlia, do Brasil e do Mundo\",\"publisher\":{\"@id\":\"https:\\\/\\\/www.notibras.com\\\/site\\\/#organization\"},\"potentialAction\":[{\"@type\":\"SearchAction\",\"target\":{\"@type\":\"EntryPoint\",\"urlTemplate\":\"https:\\\/\\\/www.notibras.com\\\/site\\\/?s={search_term_string}\"},\"query-input\":{\"@type\":\"PropertyValueSpecification\",\"valueRequired\":true,\"valueName\":\"search_term_string\"}}],\"inLanguage\":\"pt-BR\"},{\"@type\":\"Organization\",\"@id\":\"https:\\\/\\\/www.notibras.com\\\/site\\\/#organization\",\"name\":\"Grupo Notibras de Comunica\u00e7\u00e3o\",\"url\":\"https:\\\/\\\/www.notibras.com\\\/site\\\/\",\"logo\":{\"@type\":\"ImageObject\",\"inLanguage\":\"pt-BR\",\"@id\":\"https:\\\/\\\/www.notibras.com\\\/site\\\/#\\\/schema\\\/logo\\\/image\\\/\",\"url\":\"https:\\\/\\\/www.notibras.com\\\/site\\\/wp-content\\\/uploads\\\/2023\\\/01\\\/notibras23.png\",\"contentUrl\":\"https:\\\/\\\/www.notibras.com\\\/site\\\/wp-content\\\/uploads\\\/2023\\\/01\\\/notibras23.png\",\"width\":350,\"height\":87,\"caption\":\"Grupo Notibras de Comunica\u00e7\u00e3o\"},\"image\":{\"@id\":\"https:\\\/\\\/www.notibras.com\\\/site\\\/#\\\/schema\\\/logo\\\/image\\\/\"},\"sameAs\":[\"https:\\\/\\\/www.facebook.com\\\/notibras\\\/\",\"https:\\\/\\\/x.com\\\/Notibras\",\"https:\\\/\\\/www.instagram.com\\\/notibras\\\/\"]},{\"@type\":\"Person\",\"@id\":\"https:\\\/\\\/www.notibras.com\\\/site\\\/#\\\/schema\\\/person\\\/36ab0979449956132d3e5b517ea76ac8\",\"name\":\"Reda\u00e7\u00e3o\",\"image\":{\"@type\":\"ImageObject\",\"inLanguage\":\"pt-BR\",\"@id\":\"https:\\\/\\\/secure.gravatar.com\\\/avatar\\\/e0a867bdedb85fd243eadf09663511f96fc81e0720a4a42581f334ad4303aa6b?s=96&d=mm&r=g\",\"url\":\"https:\\\/\\\/secure.gravatar.com\\\/avatar\\\/e0a867bdedb85fd243eadf09663511f96fc81e0720a4a42581f334ad4303aa6b?s=96&d=mm&r=g\",\"contentUrl\":\"https:\\\/\\\/secure.gravatar.com\\\/avatar\\\/e0a867bdedb85fd243eadf09663511f96fc81e0720a4a42581f334ad4303aa6b?s=96&d=mm&r=g\",\"caption\":\"Reda\u00e7\u00e3o\"}}]}<\/script>\n<!-- \/ Yoast SEO plugin. -->","yoast_head_json":{"title":"S\u00e3o Paulo adverte que o volume de \u00e1gua do Cantareira est\u00e1 por uma gota - Notibras","robots":{"index":"index","follow":"follow","max-snippet":"max-snippet:-1","max-image-preview":"max-image-preview:large","max-video-preview":"max-video-preview:-1"},"canonical":"https:\/\/www.notibras.com\/site\/sao-paulo-adverte-que-volume-de-agua-do-sistema-cantareira-esta-por-uma-gota\/","og_locale":"pt_BR","og_type":"article","og_title":"S\u00e3o Paulo adverte que o volume de \u00e1gua do Cantareira est\u00e1 por uma gota - Notibras","og_description":"O secret\u00e1rio estadual de Saneamento e Recursos H\u00eddricos, Mauro Arce, declarou que a primeira cota da reserva t\u00e9cnica do Sistema Cantareira, o chamado volume morto, deve se esgotar no dia 21 de novembro, daqui a 56 dias. Em entrevista durante visita \u00e0s obras do Parque V\u00e1rzeas do Tiet\u00ea, na zona leste da capital paulista, Arce [&hellip;]","og_url":"https:\/\/www.notibras.com\/site\/sao-paulo-adverte-que-volume-de-agua-do-sistema-cantareira-esta-por-uma-gota\/","og_site_name":"Notibras","article_publisher":"https:\/\/www.facebook.com\/notibras\/","article_published_time":"2014-09-26T16:28:53+00:00","article_modified_time":"2014-09-27T14:34:47+00:00","og_image":[{"width":580,"height":388,"url":"https:\/\/www.notibras.com\/site\/wp-content\/uploads\/2014\/09\/reservatecnica_site.jpg","type":"image\/jpeg"}],"author":"Reda\u00e7\u00e3o","twitter_card":"summary_large_image","twitter_creator":"@Notibras","twitter_site":"@Notibras","twitter_misc":{"Escrito por":"Reda\u00e7\u00e3o","Est. tempo de leitura":"1 minuto"},"schema":{"@context":"https:\/\/schema.org","@graph":[{"@type":"Article","@id":"https:\/\/www.notibras.com\/site\/sao-paulo-adverte-que-volume-de-agua-do-sistema-cantareira-esta-por-uma-gota\/#article","isPartOf":{"@id":"https:\/\/www.notibras.com\/site\/sao-paulo-adverte-que-volume-de-agua-do-sistema-cantareira-esta-por-uma-gota\/"},"author":{"name":"Reda\u00e7\u00e3o","@id":"https:\/\/www.notibras.com\/site\/#\/schema\/person\/36ab0979449956132d3e5b517ea76ac8"},"headline":"S\u00e3o Paulo adverte que o volume de \u00e1gua do Cantareira est\u00e1 por uma gota","datePublished":"2014-09-26T16:28:53+00:00","dateModified":"2014-09-27T14:34:47+00:00","mainEntityOfPage":{"@id":"https:\/\/www.notibras.com\/site\/sao-paulo-adverte-que-volume-de-agua-do-sistema-cantareira-esta-por-uma-gota\/"},"wordCount":252,"commentCount":0,"publisher":{"@id":"https:\/\/www.notibras.com\/site\/#organization"},"image":{"@id":"https:\/\/www.notibras.com\/site\/sao-paulo-adverte-que-volume-de-agua-do-sistema-cantareira-esta-por-uma-gota\/#primaryimage"},"thumbnailUrl":"https:\/\/www.notibras.com\/site\/wp-content\/uploads\/2014\/09\/reservatecnica_site.jpg","articleSection":["Brasil"],"inLanguage":"pt-BR","potentialAction":[{"@type":"CommentAction","name":"Comment","target":["https:\/\/www.notibras.com\/site\/sao-paulo-adverte-que-volume-de-agua-do-sistema-cantareira-esta-por-uma-gota\/#respond"]}]},{"@type":"WebPage","@id":"https:\/\/www.notibras.com\/site\/sao-paulo-adverte-que-volume-de-agua-do-sistema-cantareira-esta-por-uma-gota\/","url":"https:\/\/www.notibras.com\/site\/sao-paulo-adverte-que-volume-de-agua-do-sistema-cantareira-esta-por-uma-gota\/","name":"S\u00e3o Paulo adverte que o volume de \u00e1gua do Cantareira est\u00e1 por uma gota - Notibras","isPartOf":{"@id":"https:\/\/www.notibras.com\/site\/#website"},"primaryImageOfPage":{"@id":"https:\/\/www.notibras.com\/site\/sao-paulo-adverte-que-volume-de-agua-do-sistema-cantareira-esta-por-uma-gota\/#primaryimage"},"image":{"@id":"https:\/\/www.notibras.com\/site\/sao-paulo-adverte-que-volume-de-agua-do-sistema-cantareira-esta-por-uma-gota\/#primaryimage"},"thumbnailUrl":"https:\/\/www.notibras.com\/site\/wp-content\/uploads\/2014\/09\/reservatecnica_site.jpg","datePublished":"2014-09-26T16:28:53+00:00","dateModified":"2014-09-27T14:34:47+00:00","breadcrumb":{"@id":"https:\/\/www.notibras.com\/site\/sao-paulo-adverte-que-volume-de-agua-do-sistema-cantareira-esta-por-uma-gota\/#breadcrumb"},"inLanguage":"pt-BR","potentialAction":[{"@type":"ReadAction","target":["https:\/\/www.notibras.com\/site\/sao-paulo-adverte-que-volume-de-agua-do-sistema-cantareira-esta-por-uma-gota\/"]}]},{"@type":"ImageObject","inLanguage":"pt-BR","@id":"https:\/\/www.notibras.com\/site\/sao-paulo-adverte-que-volume-de-agua-do-sistema-cantareira-esta-por-uma-gota\/#primaryimage","url":"https:\/\/www.notibras.com\/site\/wp-content\/uploads\/2014\/09\/reservatecnica_site.jpg","contentUrl":"https:\/\/www.notibras.com\/site\/wp-content\/uploads\/2014\/09\/reservatecnica_site.jpg","width":580,"height":388},{"@type":"BreadcrumbList","@id":"https:\/\/www.notibras.com\/site\/sao-paulo-adverte-que-volume-de-agua-do-sistema-cantareira-esta-por-uma-gota\/#breadcrumb","itemListElement":[{"@type":"ListItem","position":1,"name":"In\u00edcio","item":"https:\/\/www.notibras.com\/site\/"},{"@type":"ListItem","position":2,"name":"S\u00e3o Paulo adverte que o volume de \u00e1gua do Cantareira est\u00e1 por uma gota"}]},{"@type":"WebSite","@id":"https:\/\/www.notibras.com\/site\/#website","url":"https:\/\/www.notibras.com\/site\/","name":"Notibras","description":"Not\u00edcias de Bras\u00edlia, do Brasil e do Mundo","publisher":{"@id":"https:\/\/www.notibras.com\/site\/#organization"},"potentialAction":[{"@type":"SearchAction","target":{"@type":"EntryPoint","urlTemplate":"https:\/\/www.notibras.com\/site\/?s={search_term_string}"},"query-input":{"@type":"PropertyValueSpecification","valueRequired":true,"valueName":"search_term_string"}}],"inLanguage":"pt-BR"},{"@type":"Organization","@id":"https:\/\/www.notibras.com\/site\/#organization","name":"Grupo Notibras de Comunica\u00e7\u00e3o","url":"https:\/\/www.notibras.com\/site\/","logo":{"@type":"ImageObject","inLanguage":"pt-BR","@id":"https:\/\/www.notibras.com\/site\/#\/schema\/logo\/image\/","url":"https:\/\/www.notibras.com\/site\/wp-content\/uploads\/2023\/01\/notibras23.png","contentUrl":"https:\/\/www.notibras.com\/site\/wp-content\/uploads\/2023\/01\/notibras23.png","width":350,"height":87,"caption":"Grupo Notibras de Comunica\u00e7\u00e3o"},"image":{"@id":"https:\/\/www.notibras.com\/site\/#\/schema\/logo\/image\/"},"sameAs":["https:\/\/www.facebook.com\/notibras\/","https:\/\/x.com\/Notibras","https:\/\/www.instagram.com\/notibras\/"]},{"@type":"Person","@id":"https:\/\/www.notibras.com\/site\/#\/schema\/person\/36ab0979449956132d3e5b517ea76ac8","name":"Reda\u00e7\u00e3o","image":{"@type":"ImageObject","inLanguage":"pt-BR","@id":"https:\/\/secure.gravatar.com\/avatar\/e0a867bdedb85fd243eadf09663511f96fc81e0720a4a42581f334ad4303aa6b?s=96&d=mm&r=g","url":"https:\/\/secure.gravatar.com\/avatar\/e0a867bdedb85fd243eadf09663511f96fc81e0720a4a42581f334ad4303aa6b?s=96&d=mm&r=g","contentUrl":"https:\/\/secure.gravatar.com\/avatar\/e0a867bdedb85fd243eadf09663511f96fc81e0720a4a42581f334ad4303aa6b?s=96&d=mm&r=g","caption":"Reda\u00e7\u00e3o"}}]}},"amp_enabled":true,"_links":{"self":[{"href":"https:\/\/www.notibras.com\/site\/wp-json\/wp\/v2\/posts\/23181","targetHints":{"allow":["GET"]}}],"collection":[{"href":"https:\/\/www.notibras.com\/site\/wp-json\/wp\/v2\/posts"}],"about":[{"href":"https:\/\/www.notibras.com\/site\/wp-json\/wp\/v2\/types\/post"}],"author":[{"embeddable":true,"href":"https:\/\/www.notibras.com\/site\/wp-json\/wp\/v2\/users\/2"}],"replies":[{"embeddable":true,"href":"https:\/\/www.notibras.com\/site\/wp-json\/wp\/v2\/comments?post=23181"}],"version-history":[{"count":0,"href":"https:\/\/www.notibras.com\/site\/wp-json\/wp\/v2\/posts\/23181\/revisions"}],"wp:featuredmedia":[{"embeddable":true,"href":"https:\/\/www.notibras.com\/site\/wp-json\/wp\/v2\/media\/23182"}],"wp:attachment":[{"href":"https:\/\/www.notibras.com\/site\/wp-json\/wp\/v2\/media?parent=23181"}],"wp:term":[{"taxonomy":"category","embeddable":true,"href":"https:\/\/www.notibras.com\/site\/wp-json\/wp\/v2\/categories?post=23181"},{"taxonomy":"post_tag","embeddable":true,"href":"https:\/\/www.notibras.com\/site\/wp-json\/wp\/v2\/tags?post=23181"}],"curies":[{"name":"wp","href":"https:\/\/api.w.org\/{rel}","templated":true}]}}