{"id":23223,"date":"2014-09-27T11:40:15","date_gmt":"2014-09-27T14:40:15","guid":{"rendered":"http:\/\/www.notibras.com\/site\/?p=23223"},"modified":"2014-09-29T17:05:53","modified_gmt":"2014-09-29T20:05:53","slug":"ato-de-mulheres-no-rio-defende-legalizacao-do-aborto","status":"publish","type":"post","link":"https:\/\/www.notibras.com\/site\/ato-de-mulheres-no-rio-defende-legalizacao-do-aborto\/","title":{"rendered":"Ato de mulheres sai em defesa do aborto no pa\u00eds"},"content":{"rendered":"<div class=\"content\">\n<p>Mesmo sob chuva, o protesto chamado &#8220;Somos Todas Jandira! Somos Todas Elis\u00e2ngela!\u201d reuniu dezenas de mulheres na Cinel\u00e2ndia, no centro do Rio de Janeiro. A manifesta\u00e7\u00e3o foi organizada pela Frente Nacional contra a Criminaliza\u00e7\u00e3o das Mulheres e pela Legaliza\u00e7\u00e3o do Aborto.<\/p>\n<p>O protesto homenageou Jandira Magdalena dos Santos Cruz, de 27 anos, e Elis\u00e2ngela Barbosa, de 32, que recentemente tiveram a morte confirmada ap\u00f3s terem feito aborto de forma clandestina no Rio de Janeiro.<\/p>\n<blockquote><p>\u201cA Jandira e a Elis\u00e2ngela s\u00e3o dois s\u00edmbolos do que o movimento feminista vem dizendo h\u00e1 muitos anos: \u00e9 a lei empurra as mulheres \u00e0 morte. Elas representam todas as mulheres que morrem hoje por abortos clandestinos, mal feitos, por causa de uma lei que criminaliza estas mulheres\u201d, disse a integrante da Associa\u00e7\u00e3o de Mulheres Brasileira, Rog\u00e9ria Peixinho.<\/p><\/blockquote>\n<p>A militante defendeu o direito de escolha. \u201cTem muitas quest\u00f5es que leva a mulher a fazer um aborto hoje. Todas as mulheres passam por situa\u00e7\u00e3o como esta. Nem todas t\u00eam acesso hoje aos m\u00e9todos contraceptivos e, mesmo evitando, nenhum m\u00e9todo \u00e9 100% e a gravidez acontece. Ser m\u00e3e n\u00e3o tem que ser obriga\u00e7\u00e3o, tem que ser um desejo. Se ela n\u00e3o deseja, o Estado tem que acolher e n\u00e3o matar esta mulher\u201d.<\/p>\n<header>\n<div class=\"node-info\"><strong>Nanna P\u00f4ssa, ABr<\/strong><strong><br \/>\n<\/strong><\/div>\n<\/header>\n<\/div>\n","protected":false},"excerpt":{"rendered":"<p>Mesmo sob chuva, o protesto chamado &#8220;Somos Todas Jandira! Somos Todas Elis\u00e2ngela!\u201d reuniu dezenas de mulheres na Cinel\u00e2ndia, no centro do Rio de Janeiro. A manifesta\u00e7\u00e3o foi organizada pela Frente Nacional contra a Criminaliza\u00e7\u00e3o das Mulheres e pela Legaliza\u00e7\u00e3o do Aborto. O protesto homenageou Jandira Magdalena dos Santos Cruz, de 27 anos, e Elis\u00e2ngela Barbosa, [&hellip;]<\/p>\n","protected":false},"author":2,"featured_media":23224,"comment_status":"open","ping_status":"closed","sticky":false,"template":"","format":"standard","meta":{"_acf_changed":false,"footnotes":""},"categories":[16],"tags":[],"class_list":["post-23223","post","type-post","status-publish","format-standard","has-post-thumbnail","hentry","category-brasil"],"acf":[],"yoast_head":"<!-- This site is optimized with the Yoast SEO plugin v27.2 - https:\/\/yoast.com\/product\/yoast-seo-wordpress\/ -->\n<title>Ato de mulheres sai em defesa do aborto no pa\u00eds - Notibras<\/title>\n<meta name=\"robots\" content=\"index, follow, max-snippet:-1, max-image-preview:large, max-video-preview:-1\" \/>\n<link rel=\"canonical\" href=\"https:\/\/www.notibras.com\/site\/ato-de-mulheres-no-rio-defende-legalizacao-do-aborto\/\" \/>\n<meta property=\"og:locale\" content=\"pt_BR\" \/>\n<meta property=\"og:type\" content=\"article\" \/>\n<meta property=\"og:title\" content=\"Ato de mulheres sai em defesa do aborto no pa\u00eds - Notibras\" \/>\n<meta property=\"og:description\" content=\"Mesmo sob chuva, o protesto chamado &#8220;Somos Todas Jandira! Somos Todas Elis\u00e2ngela!\u201d reuniu dezenas de mulheres na Cinel\u00e2ndia, no centro do Rio de Janeiro. A manifesta\u00e7\u00e3o foi organizada pela Frente Nacional contra a Criminaliza\u00e7\u00e3o das Mulheres e pela Legaliza\u00e7\u00e3o do Aborto. O protesto homenageou Jandira Magdalena dos Santos Cruz, de 27 anos, e Elis\u00e2ngela Barbosa, [&hellip;]\" \/>\n<meta property=\"og:url\" content=\"https:\/\/www.notibras.com\/site\/ato-de-mulheres-no-rio-defende-legalizacao-do-aborto\/\" \/>\n<meta property=\"og:site_name\" content=\"Notibras\" \/>\n<meta property=\"article:publisher\" content=\"https:\/\/www.facebook.com\/notibras\/\" \/>\n<meta property=\"article:published_time\" content=\"2014-09-27T14:40:15+00:00\" \/>\n<meta property=\"article:modified_time\" content=\"2014-09-29T20:05:53+00:00\" \/>\n<meta property=\"og:image\" content=\"https:\/\/www.notibras.com\/site\/wp-content\/uploads\/2014\/09\/aborto.jpg\" \/>\n\t<meta property=\"og:image:width\" content=\"414\" \/>\n\t<meta property=\"og:image:height\" content=\"299\" \/>\n\t<meta property=\"og:image:type\" content=\"image\/jpeg\" \/>\n<meta name=\"author\" content=\"Reda\u00e7\u00e3o\" \/>\n<meta name=\"twitter:card\" content=\"summary_large_image\" \/>\n<meta name=\"twitter:creator\" content=\"@Notibras\" \/>\n<meta name=\"twitter:site\" content=\"@Notibras\" \/>\n<meta name=\"twitter:label1\" content=\"Escrito por\" \/>\n\t<meta name=\"twitter:data1\" content=\"Reda\u00e7\u00e3o\" \/>\n\t<meta name=\"twitter:label2\" content=\"Est. tempo de leitura\" \/>\n\t<meta name=\"twitter:data2\" content=\"1 minuto\" \/>\n<script type=\"application\/ld+json\" class=\"yoast-schema-graph\">{\"@context\":\"https:\/\/schema.org\",\"@graph\":[{\"@type\":\"Article\",\"@id\":\"https:\/\/www.notibras.com\/site\/ato-de-mulheres-no-rio-defende-legalizacao-do-aborto\/#article\",\"isPartOf\":{\"@id\":\"https:\/\/www.notibras.com\/site\/ato-de-mulheres-no-rio-defende-legalizacao-do-aborto\/\"},\"author\":{\"name\":\"Reda\u00e7\u00e3o\",\"@id\":\"https:\/\/www.notibras.com\/site\/#\/schema\/person\/36ab0979449956132d3e5b517ea76ac8\"},\"headline\":\"Ato de mulheres sai em defesa do aborto no pa\u00eds\",\"datePublished\":\"2014-09-27T14:40:15+00:00\",\"dateModified\":\"2014-09-29T20:05:53+00:00\",\"mainEntityOfPage\":{\"@id\":\"https:\/\/www.notibras.com\/site\/ato-de-mulheres-no-rio-defende-legalizacao-do-aborto\/\"},\"wordCount\":235,\"commentCount\":0,\"publisher\":{\"@id\":\"https:\/\/www.notibras.com\/site\/#organization\"},\"image\":{\"@id\":\"https:\/\/www.notibras.com\/site\/ato-de-mulheres-no-rio-defende-legalizacao-do-aborto\/#primaryimage\"},\"thumbnailUrl\":\"https:\/\/www.notibras.com\/site\/wp-content\/uploads\/2014\/09\/aborto.jpg\",\"articleSection\":[\"Brasil\"],\"inLanguage\":\"pt-BR\",\"potentialAction\":[{\"@type\":\"CommentAction\",\"name\":\"Comment\",\"target\":[\"https:\/\/www.notibras.com\/site\/ato-de-mulheres-no-rio-defende-legalizacao-do-aborto\/#respond\"]}]},{\"@type\":\"WebPage\",\"@id\":\"https:\/\/www.notibras.com\/site\/ato-de-mulheres-no-rio-defende-legalizacao-do-aborto\/\",\"url\":\"https:\/\/www.notibras.com\/site\/ato-de-mulheres-no-rio-defende-legalizacao-do-aborto\/\",\"name\":\"Ato de mulheres sai em defesa do aborto no pa\u00eds - Notibras\",\"isPartOf\":{\"@id\":\"https:\/\/www.notibras.com\/site\/#website\"},\"primaryImageOfPage\":{\"@id\":\"https:\/\/www.notibras.com\/site\/ato-de-mulheres-no-rio-defende-legalizacao-do-aborto\/#primaryimage\"},\"image\":{\"@id\":\"https:\/\/www.notibras.com\/site\/ato-de-mulheres-no-rio-defende-legalizacao-do-aborto\/#primaryimage\"},\"thumbnailUrl\":\"https:\/\/www.notibras.com\/site\/wp-content\/uploads\/2014\/09\/aborto.jpg\",\"datePublished\":\"2014-09-27T14:40:15+00:00\",\"dateModified\":\"2014-09-29T20:05:53+00:00\",\"breadcrumb\":{\"@id\":\"https:\/\/www.notibras.com\/site\/ato-de-mulheres-no-rio-defende-legalizacao-do-aborto\/#breadcrumb\"},\"inLanguage\":\"pt-BR\",\"potentialAction\":[{\"@type\":\"ReadAction\",\"target\":[\"https:\/\/www.notibras.com\/site\/ato-de-mulheres-no-rio-defende-legalizacao-do-aborto\/\"]}]},{\"@type\":\"ImageObject\",\"inLanguage\":\"pt-BR\",\"@id\":\"https:\/\/www.notibras.com\/site\/ato-de-mulheres-no-rio-defende-legalizacao-do-aborto\/#primaryimage\",\"url\":\"https:\/\/www.notibras.com\/site\/wp-content\/uploads\/2014\/09\/aborto.jpg\",\"contentUrl\":\"https:\/\/www.notibras.com\/site\/wp-content\/uploads\/2014\/09\/aborto.jpg\",\"width\":414,\"height\":299},{\"@type\":\"BreadcrumbList\",\"@id\":\"https:\/\/www.notibras.com\/site\/ato-de-mulheres-no-rio-defende-legalizacao-do-aborto\/#breadcrumb\",\"itemListElement\":[{\"@type\":\"ListItem\",\"position\":1,\"name\":\"In\u00edcio\",\"item\":\"https:\/\/www.notibras.com\/site\/\"},{\"@type\":\"ListItem\",\"position\":2,\"name\":\"Ato de mulheres sai em defesa do aborto no pa\u00eds\"}]},{\"@type\":\"WebSite\",\"@id\":\"https:\/\/www.notibras.com\/site\/#website\",\"url\":\"https:\/\/www.notibras.com\/site\/\",\"name\":\"Notibras\",\"description\":\"Not\u00edcias de Bras\u00edlia, do Brasil e do Mundo\",\"publisher\":{\"@id\":\"https:\/\/www.notibras.com\/site\/#organization\"},\"potentialAction\":[{\"@type\":\"SearchAction\",\"target\":{\"@type\":\"EntryPoint\",\"urlTemplate\":\"https:\/\/www.notibras.com\/site\/?s={search_term_string}\"},\"query-input\":{\"@type\":\"PropertyValueSpecification\",\"valueRequired\":true,\"valueName\":\"search_term_string\"}}],\"inLanguage\":\"pt-BR\"},{\"@type\":\"Organization\",\"@id\":\"https:\/\/www.notibras.com\/site\/#organization\",\"name\":\"Grupo Notibras de Comunica\u00e7\u00e3o\",\"url\":\"https:\/\/www.notibras.com\/site\/\",\"logo\":{\"@type\":\"ImageObject\",\"inLanguage\":\"pt-BR\",\"@id\":\"https:\/\/www.notibras.com\/site\/#\/schema\/logo\/image\/\",\"url\":\"https:\/\/www.notibras.com\/site\/wp-content\/uploads\/2023\/01\/notibras23.png\",\"contentUrl\":\"https:\/\/www.notibras.com\/site\/wp-content\/uploads\/2023\/01\/notibras23.png\",\"width\":350,\"height\":87,\"caption\":\"Grupo Notibras de Comunica\u00e7\u00e3o\"},\"image\":{\"@id\":\"https:\/\/www.notibras.com\/site\/#\/schema\/logo\/image\/\"},\"sameAs\":[\"https:\/\/www.facebook.com\/notibras\/\",\"https:\/\/x.com\/Notibras\",\"https:\/\/www.instagram.com\/notibras\/\"]},{\"@type\":\"Person\",\"@id\":\"https:\/\/www.notibras.com\/site\/#\/schema\/person\/36ab0979449956132d3e5b517ea76ac8\",\"name\":\"Reda\u00e7\u00e3o\",\"image\":{\"@type\":\"ImageObject\",\"inLanguage\":\"pt-BR\",\"@id\":\"https:\/\/secure.gravatar.com\/avatar\/e0a867bdedb85fd243eadf09663511f96fc81e0720a4a42581f334ad4303aa6b?s=96&d=mm&r=g\",\"url\":\"https:\/\/secure.gravatar.com\/avatar\/e0a867bdedb85fd243eadf09663511f96fc81e0720a4a42581f334ad4303aa6b?s=96&d=mm&r=g\",\"contentUrl\":\"https:\/\/secure.gravatar.com\/avatar\/e0a867bdedb85fd243eadf09663511f96fc81e0720a4a42581f334ad4303aa6b?s=96&d=mm&r=g\",\"caption\":\"Reda\u00e7\u00e3o\"}}]}<\/script>\n<!-- \/ Yoast SEO plugin. -->","yoast_head_json":{"title":"Ato de mulheres sai em defesa do aborto no pa\u00eds - Notibras","robots":{"index":"index","follow":"follow","max-snippet":"max-snippet:-1","max-image-preview":"max-image-preview:large","max-video-preview":"max-video-preview:-1"},"canonical":"https:\/\/www.notibras.com\/site\/ato-de-mulheres-no-rio-defende-legalizacao-do-aborto\/","og_locale":"pt_BR","og_type":"article","og_title":"Ato de mulheres sai em defesa do aborto no pa\u00eds - Notibras","og_description":"Mesmo sob chuva, o protesto chamado &#8220;Somos Todas Jandira! Somos Todas Elis\u00e2ngela!\u201d reuniu dezenas de mulheres na Cinel\u00e2ndia, no centro do Rio de Janeiro. A manifesta\u00e7\u00e3o foi organizada pela Frente Nacional contra a Criminaliza\u00e7\u00e3o das Mulheres e pela Legaliza\u00e7\u00e3o do Aborto. O protesto homenageou Jandira Magdalena dos Santos Cruz, de 27 anos, e Elis\u00e2ngela Barbosa, [&hellip;]","og_url":"https:\/\/www.notibras.com\/site\/ato-de-mulheres-no-rio-defende-legalizacao-do-aborto\/","og_site_name":"Notibras","article_publisher":"https:\/\/www.facebook.com\/notibras\/","article_published_time":"2014-09-27T14:40:15+00:00","article_modified_time":"2014-09-29T20:05:53+00:00","og_image":[{"width":414,"height":299,"url":"https:\/\/www.notibras.com\/site\/wp-content\/uploads\/2014\/09\/aborto.jpg","type":"image\/jpeg"}],"author":"Reda\u00e7\u00e3o","twitter_card":"summary_large_image","twitter_creator":"@Notibras","twitter_site":"@Notibras","twitter_misc":{"Escrito por":"Reda\u00e7\u00e3o","Est. tempo de leitura":"1 minuto"},"schema":{"@context":"https:\/\/schema.org","@graph":[{"@type":"Article","@id":"https:\/\/www.notibras.com\/site\/ato-de-mulheres-no-rio-defende-legalizacao-do-aborto\/#article","isPartOf":{"@id":"https:\/\/www.notibras.com\/site\/ato-de-mulheres-no-rio-defende-legalizacao-do-aborto\/"},"author":{"name":"Reda\u00e7\u00e3o","@id":"https:\/\/www.notibras.com\/site\/#\/schema\/person\/36ab0979449956132d3e5b517ea76ac8"},"headline":"Ato de mulheres sai em defesa do aborto no pa\u00eds","datePublished":"2014-09-27T14:40:15+00:00","dateModified":"2014-09-29T20:05:53+00:00","mainEntityOfPage":{"@id":"https:\/\/www.notibras.com\/site\/ato-de-mulheres-no-rio-defende-legalizacao-do-aborto\/"},"wordCount":235,"commentCount":0,"publisher":{"@id":"https:\/\/www.notibras.com\/site\/#organization"},"image":{"@id":"https:\/\/www.notibras.com\/site\/ato-de-mulheres-no-rio-defende-legalizacao-do-aborto\/#primaryimage"},"thumbnailUrl":"https:\/\/www.notibras.com\/site\/wp-content\/uploads\/2014\/09\/aborto.jpg","articleSection":["Brasil"],"inLanguage":"pt-BR","potentialAction":[{"@type":"CommentAction","name":"Comment","target":["https:\/\/www.notibras.com\/site\/ato-de-mulheres-no-rio-defende-legalizacao-do-aborto\/#respond"]}]},{"@type":"WebPage","@id":"https:\/\/www.notibras.com\/site\/ato-de-mulheres-no-rio-defende-legalizacao-do-aborto\/","url":"https:\/\/www.notibras.com\/site\/ato-de-mulheres-no-rio-defende-legalizacao-do-aborto\/","name":"Ato de mulheres sai em defesa do aborto no pa\u00eds - Notibras","isPartOf":{"@id":"https:\/\/www.notibras.com\/site\/#website"},"primaryImageOfPage":{"@id":"https:\/\/www.notibras.com\/site\/ato-de-mulheres-no-rio-defende-legalizacao-do-aborto\/#primaryimage"},"image":{"@id":"https:\/\/www.notibras.com\/site\/ato-de-mulheres-no-rio-defende-legalizacao-do-aborto\/#primaryimage"},"thumbnailUrl":"https:\/\/www.notibras.com\/site\/wp-content\/uploads\/2014\/09\/aborto.jpg","datePublished":"2014-09-27T14:40:15+00:00","dateModified":"2014-09-29T20:05:53+00:00","breadcrumb":{"@id":"https:\/\/www.notibras.com\/site\/ato-de-mulheres-no-rio-defende-legalizacao-do-aborto\/#breadcrumb"},"inLanguage":"pt-BR","potentialAction":[{"@type":"ReadAction","target":["https:\/\/www.notibras.com\/site\/ato-de-mulheres-no-rio-defende-legalizacao-do-aborto\/"]}]},{"@type":"ImageObject","inLanguage":"pt-BR","@id":"https:\/\/www.notibras.com\/site\/ato-de-mulheres-no-rio-defende-legalizacao-do-aborto\/#primaryimage","url":"https:\/\/www.notibras.com\/site\/wp-content\/uploads\/2014\/09\/aborto.jpg","contentUrl":"https:\/\/www.notibras.com\/site\/wp-content\/uploads\/2014\/09\/aborto.jpg","width":414,"height":299},{"@type":"BreadcrumbList","@id":"https:\/\/www.notibras.com\/site\/ato-de-mulheres-no-rio-defende-legalizacao-do-aborto\/#breadcrumb","itemListElement":[{"@type":"ListItem","position":1,"name":"In\u00edcio","item":"https:\/\/www.notibras.com\/site\/"},{"@type":"ListItem","position":2,"name":"Ato de mulheres sai em defesa do aborto no pa\u00eds"}]},{"@type":"WebSite","@id":"https:\/\/www.notibras.com\/site\/#website","url":"https:\/\/www.notibras.com\/site\/","name":"Notibras","description":"Not\u00edcias de Bras\u00edlia, do Brasil e do Mundo","publisher":{"@id":"https:\/\/www.notibras.com\/site\/#organization"},"potentialAction":[{"@type":"SearchAction","target":{"@type":"EntryPoint","urlTemplate":"https:\/\/www.notibras.com\/site\/?s={search_term_string}"},"query-input":{"@type":"PropertyValueSpecification","valueRequired":true,"valueName":"search_term_string"}}],"inLanguage":"pt-BR"},{"@type":"Organization","@id":"https:\/\/www.notibras.com\/site\/#organization","name":"Grupo Notibras de Comunica\u00e7\u00e3o","url":"https:\/\/www.notibras.com\/site\/","logo":{"@type":"ImageObject","inLanguage":"pt-BR","@id":"https:\/\/www.notibras.com\/site\/#\/schema\/logo\/image\/","url":"https:\/\/www.notibras.com\/site\/wp-content\/uploads\/2023\/01\/notibras23.png","contentUrl":"https:\/\/www.notibras.com\/site\/wp-content\/uploads\/2023\/01\/notibras23.png","width":350,"height":87,"caption":"Grupo Notibras de Comunica\u00e7\u00e3o"},"image":{"@id":"https:\/\/www.notibras.com\/site\/#\/schema\/logo\/image\/"},"sameAs":["https:\/\/www.facebook.com\/notibras\/","https:\/\/x.com\/Notibras","https:\/\/www.instagram.com\/notibras\/"]},{"@type":"Person","@id":"https:\/\/www.notibras.com\/site\/#\/schema\/person\/36ab0979449956132d3e5b517ea76ac8","name":"Reda\u00e7\u00e3o","image":{"@type":"ImageObject","inLanguage":"pt-BR","@id":"https:\/\/secure.gravatar.com\/avatar\/e0a867bdedb85fd243eadf09663511f96fc81e0720a4a42581f334ad4303aa6b?s=96&d=mm&r=g","url":"https:\/\/secure.gravatar.com\/avatar\/e0a867bdedb85fd243eadf09663511f96fc81e0720a4a42581f334ad4303aa6b?s=96&d=mm&r=g","contentUrl":"https:\/\/secure.gravatar.com\/avatar\/e0a867bdedb85fd243eadf09663511f96fc81e0720a4a42581f334ad4303aa6b?s=96&d=mm&r=g","caption":"Reda\u00e7\u00e3o"}}]}},"amp_enabled":true,"_links":{"self":[{"href":"https:\/\/www.notibras.com\/site\/wp-json\/wp\/v2\/posts\/23223","targetHints":{"allow":["GET"]}}],"collection":[{"href":"https:\/\/www.notibras.com\/site\/wp-json\/wp\/v2\/posts"}],"about":[{"href":"https:\/\/www.notibras.com\/site\/wp-json\/wp\/v2\/types\/post"}],"author":[{"embeddable":true,"href":"https:\/\/www.notibras.com\/site\/wp-json\/wp\/v2\/users\/2"}],"replies":[{"embeddable":true,"href":"https:\/\/www.notibras.com\/site\/wp-json\/wp\/v2\/comments?post=23223"}],"version-history":[{"count":0,"href":"https:\/\/www.notibras.com\/site\/wp-json\/wp\/v2\/posts\/23223\/revisions"}],"wp:featuredmedia":[{"embeddable":true,"href":"https:\/\/www.notibras.com\/site\/wp-json\/wp\/v2\/media\/23224"}],"wp:attachment":[{"href":"https:\/\/www.notibras.com\/site\/wp-json\/wp\/v2\/media?parent=23223"}],"wp:term":[{"taxonomy":"category","embeddable":true,"href":"https:\/\/www.notibras.com\/site\/wp-json\/wp\/v2\/categories?post=23223"},{"taxonomy":"post_tag","embeddable":true,"href":"https:\/\/www.notibras.com\/site\/wp-json\/wp\/v2\/tags?post=23223"}],"curies":[{"name":"wp","href":"https:\/\/api.w.org\/{rel}","templated":true}]}}