{"id":23236,"date":"2014-09-27T18:22:16","date_gmt":"2014-09-27T21:22:16","guid":{"rendered":"http:\/\/www.notibras.com\/site\/?p=23236"},"modified":"2014-09-27T18:22:16","modified_gmt":"2014-09-27T21:22:16","slug":"vitoria-sobre-ceara-da-lideranca-da-segundona-a-ponte-preta","status":"publish","type":"post","link":"https:\/\/www.notibras.com\/site\/vitoria-sobre-ceara-da-lideranca-da-segundona-a-ponte-preta\/","title":{"rendered":"Vit\u00f3ria sobre Cear\u00e1 d\u00e1 lideran\u00e7a da Segundona \u00e0 Ponte Preta"},"content":{"rendered":"<p>A Ponte Preta \u00e9 o novo l\u00edder da S\u00e9rie B. Com o trope\u00e7o do Joinville na \u00faltima sexta-feira, a equipe campineira ganhou a chance de assumir a primeira coloca\u00e7\u00e3o pela primeira vez, e n\u00e3o desperdi\u00e7ou. Com dois gola\u00e7os \u2013 de Adrianinho e Jo\u00e3o Paulo \u2013 e mais um contra, venceu o Cear\u00e1 por 3 a 1 e fez a festa da torcida que encheu o Mois\u00e9s Lucarelli (mais de dez mil pessoas) na tarde deste s\u00e1bado.<\/p>\n<p>Mais importante ainda que a primeira coloca\u00e7\u00e3o \u00e9 a dist\u00e2ncia que a Ponte Preta abre em rela\u00e7\u00e3o ao quinto colocado, o pr\u00f3prio Cear\u00e1. Com a vit\u00f3ria, o time campineiro chega aos 49 pontos, contra 43 da equipe comandada por S\u00e9rgio Soares, que fica a quatro do G-4.<\/p>\n<blockquote><p>Curiosamente, a Ponte Preta permanece na ponta da tabela por conta dos gols marcados, j\u00e1 que est\u00e1 igualado ao Ava\u00ed em pontos (49), n\u00famero de vit\u00f3rias (14) e at\u00e9 saldo de gols (17). Por\u00e9m, a equipe alvinegra j\u00e1 foi 43 vezes \u00e0s redes, contra 39 dos catarinenses.<\/p><\/blockquote>\n<p>\u00c9 a quinta vit\u00f3ria seguida da Ponte Preta, que chegou a 17 gols nos \u00faltimos seis jogos: tr\u00eas na derrota para o Atl\u00e9tico-GO, um na vit\u00f3ria sobre o Luverdense, dois no triunfo sobre o ABC, cinco na goleada diante do Oeste, tr\u00eas contra o Vila Nova e outros tr\u00eas sobre o Cear\u00e1.<\/p>\n","protected":false},"excerpt":{"rendered":"<p>A Ponte Preta \u00e9 o novo l\u00edder da S\u00e9rie B. Com o trope\u00e7o do Joinville na \u00faltima sexta-feira, a equipe campineira ganhou a chance de assumir a primeira coloca\u00e7\u00e3o pela primeira vez, e n\u00e3o desperdi\u00e7ou. Com dois gola\u00e7os \u2013 de Adrianinho e Jo\u00e3o Paulo \u2013 e mais um contra, venceu o Cear\u00e1 por 3 a [&hellip;]<\/p>\n","protected":false},"author":2,"featured_media":23237,"comment_status":"open","ping_status":"closed","sticky":false,"template":"","format":"standard","meta":{"_acf_changed":false,"footnotes":""},"categories":[19,29],"tags":[],"class_list":["post-23236","post","type-post","status-publish","format-standard","has-post-thumbnail","hentry","category-esportes","category-futebol"],"acf":[],"yoast_head":"<!-- This site is optimized with the Yoast SEO plugin v27.2 - https:\/\/yoast.com\/product\/yoast-seo-wordpress\/ -->\n<title>Vit\u00f3ria sobre Cear\u00e1 d\u00e1 lideran\u00e7a da Segundona \u00e0 Ponte Preta - Notibras<\/title>\n<meta name=\"robots\" content=\"index, follow, max-snippet:-1, max-image-preview:large, max-video-preview:-1\" \/>\n<link rel=\"canonical\" href=\"https:\/\/www.notibras.com\/site\/vitoria-sobre-ceara-da-lideranca-da-segundona-a-ponte-preta\/\" \/>\n<meta property=\"og:locale\" content=\"pt_BR\" \/>\n<meta property=\"og:type\" content=\"article\" \/>\n<meta property=\"og:title\" content=\"Vit\u00f3ria sobre Cear\u00e1 d\u00e1 lideran\u00e7a da Segundona \u00e0 Ponte Preta - Notibras\" \/>\n<meta property=\"og:description\" content=\"A Ponte Preta \u00e9 o novo l\u00edder da S\u00e9rie B. Com o trope\u00e7o do Joinville na \u00faltima sexta-feira, a equipe campineira ganhou a chance de assumir a primeira coloca\u00e7\u00e3o pela primeira vez, e n\u00e3o desperdi\u00e7ou. Com dois gola\u00e7os \u2013 de Adrianinho e Jo\u00e3o Paulo \u2013 e mais um contra, venceu o Cear\u00e1 por 3 a [&hellip;]\" \/>\n<meta property=\"og:url\" content=\"https:\/\/www.notibras.com\/site\/vitoria-sobre-ceara-da-lideranca-da-segundona-a-ponte-preta\/\" \/>\n<meta property=\"og:site_name\" content=\"Notibras\" \/>\n<meta property=\"article:publisher\" content=\"https:\/\/www.facebook.com\/notibras\/\" \/>\n<meta property=\"article:published_time\" content=\"2014-09-27T21:22:16+00:00\" \/>\n<meta property=\"og:image\" content=\"https:\/\/www.notibras.com\/site\/wp-content\/uploads\/2014\/09\/es.jpeg\" \/>\n\t<meta property=\"og:image:width\" content=\"283\" \/>\n\t<meta property=\"og:image:height\" content=\"178\" \/>\n\t<meta property=\"og:image:type\" content=\"image\/jpeg\" \/>\n<meta name=\"author\" content=\"Reda\u00e7\u00e3o\" \/>\n<meta name=\"twitter:card\" content=\"summary_large_image\" \/>\n<meta name=\"twitter:creator\" content=\"@Notibras\" \/>\n<meta name=\"twitter:site\" content=\"@Notibras\" \/>\n<meta name=\"twitter:label1\" content=\"Escrito por\" \/>\n\t<meta name=\"twitter:data1\" content=\"Reda\u00e7\u00e3o\" \/>\n\t<meta name=\"twitter:label2\" content=\"Est. tempo de leitura\" \/>\n\t<meta name=\"twitter:data2\" content=\"1 minuto\" \/>\n<script type=\"application\/ld+json\" class=\"yoast-schema-graph\">{\"@context\":\"https:\/\/schema.org\",\"@graph\":[{\"@type\":\"Article\",\"@id\":\"https:\/\/www.notibras.com\/site\/vitoria-sobre-ceara-da-lideranca-da-segundona-a-ponte-preta\/#article\",\"isPartOf\":{\"@id\":\"https:\/\/www.notibras.com\/site\/vitoria-sobre-ceara-da-lideranca-da-segundona-a-ponte-preta\/\"},\"author\":{\"name\":\"Reda\u00e7\u00e3o\",\"@id\":\"https:\/\/www.notibras.com\/site\/#\/schema\/person\/36ab0979449956132d3e5b517ea76ac8\"},\"headline\":\"Vit\u00f3ria sobre Cear\u00e1 d\u00e1 lideran\u00e7a da Segundona \u00e0 Ponte Preta\",\"datePublished\":\"2014-09-27T21:22:16+00:00\",\"mainEntityOfPage\":{\"@id\":\"https:\/\/www.notibras.com\/site\/vitoria-sobre-ceara-da-lideranca-da-segundona-a-ponte-preta\/\"},\"wordCount\":243,\"commentCount\":0,\"publisher\":{\"@id\":\"https:\/\/www.notibras.com\/site\/#organization\"},\"image\":{\"@id\":\"https:\/\/www.notibras.com\/site\/vitoria-sobre-ceara-da-lideranca-da-segundona-a-ponte-preta\/#primaryimage\"},\"thumbnailUrl\":\"https:\/\/www.notibras.com\/site\/wp-content\/uploads\/2014\/09\/es.jpeg\",\"articleSection\":[\"Esportes\",\"Futebol\"],\"inLanguage\":\"pt-BR\",\"potentialAction\":[{\"@type\":\"CommentAction\",\"name\":\"Comment\",\"target\":[\"https:\/\/www.notibras.com\/site\/vitoria-sobre-ceara-da-lideranca-da-segundona-a-ponte-preta\/#respond\"]}]},{\"@type\":\"WebPage\",\"@id\":\"https:\/\/www.notibras.com\/site\/vitoria-sobre-ceara-da-lideranca-da-segundona-a-ponte-preta\/\",\"url\":\"https:\/\/www.notibras.com\/site\/vitoria-sobre-ceara-da-lideranca-da-segundona-a-ponte-preta\/\",\"name\":\"Vit\u00f3ria sobre Cear\u00e1 d\u00e1 lideran\u00e7a da Segundona \u00e0 Ponte Preta - Notibras\",\"isPartOf\":{\"@id\":\"https:\/\/www.notibras.com\/site\/#website\"},\"primaryImageOfPage\":{\"@id\":\"https:\/\/www.notibras.com\/site\/vitoria-sobre-ceara-da-lideranca-da-segundona-a-ponte-preta\/#primaryimage\"},\"image\":{\"@id\":\"https:\/\/www.notibras.com\/site\/vitoria-sobre-ceara-da-lideranca-da-segundona-a-ponte-preta\/#primaryimage\"},\"thumbnailUrl\":\"https:\/\/www.notibras.com\/site\/wp-content\/uploads\/2014\/09\/es.jpeg\",\"datePublished\":\"2014-09-27T21:22:16+00:00\",\"breadcrumb\":{\"@id\":\"https:\/\/www.notibras.com\/site\/vitoria-sobre-ceara-da-lideranca-da-segundona-a-ponte-preta\/#breadcrumb\"},\"inLanguage\":\"pt-BR\",\"potentialAction\":[{\"@type\":\"ReadAction\",\"target\":[\"https:\/\/www.notibras.com\/site\/vitoria-sobre-ceara-da-lideranca-da-segundona-a-ponte-preta\/\"]}]},{\"@type\":\"ImageObject\",\"inLanguage\":\"pt-BR\",\"@id\":\"https:\/\/www.notibras.com\/site\/vitoria-sobre-ceara-da-lideranca-da-segundona-a-ponte-preta\/#primaryimage\",\"url\":\"https:\/\/www.notibras.com\/site\/wp-content\/uploads\/2014\/09\/es.jpeg\",\"contentUrl\":\"https:\/\/www.notibras.com\/site\/wp-content\/uploads\/2014\/09\/es.jpeg\",\"width\":283,\"height\":178},{\"@type\":\"BreadcrumbList\",\"@id\":\"https:\/\/www.notibras.com\/site\/vitoria-sobre-ceara-da-lideranca-da-segundona-a-ponte-preta\/#breadcrumb\",\"itemListElement\":[{\"@type\":\"ListItem\",\"position\":1,\"name\":\"In\u00edcio\",\"item\":\"https:\/\/www.notibras.com\/site\/\"},{\"@type\":\"ListItem\",\"position\":2,\"name\":\"Vit\u00f3ria sobre Cear\u00e1 d\u00e1 lideran\u00e7a da Segundona \u00e0 Ponte Preta\"}]},{\"@type\":\"WebSite\",\"@id\":\"https:\/\/www.notibras.com\/site\/#website\",\"url\":\"https:\/\/www.notibras.com\/site\/\",\"name\":\"Notibras\",\"description\":\"Not\u00edcias de Bras\u00edlia, do Brasil e do Mundo\",\"publisher\":{\"@id\":\"https:\/\/www.notibras.com\/site\/#organization\"},\"potentialAction\":[{\"@type\":\"SearchAction\",\"target\":{\"@type\":\"EntryPoint\",\"urlTemplate\":\"https:\/\/www.notibras.com\/site\/?s={search_term_string}\"},\"query-input\":{\"@type\":\"PropertyValueSpecification\",\"valueRequired\":true,\"valueName\":\"search_term_string\"}}],\"inLanguage\":\"pt-BR\"},{\"@type\":\"Organization\",\"@id\":\"https:\/\/www.notibras.com\/site\/#organization\",\"name\":\"Grupo Notibras de Comunica\u00e7\u00e3o\",\"url\":\"https:\/\/www.notibras.com\/site\/\",\"logo\":{\"@type\":\"ImageObject\",\"inLanguage\":\"pt-BR\",\"@id\":\"https:\/\/www.notibras.com\/site\/#\/schema\/logo\/image\/\",\"url\":\"https:\/\/www.notibras.com\/site\/wp-content\/uploads\/2023\/01\/notibras23.png\",\"contentUrl\":\"https:\/\/www.notibras.com\/site\/wp-content\/uploads\/2023\/01\/notibras23.png\",\"width\":350,\"height\":87,\"caption\":\"Grupo Notibras de Comunica\u00e7\u00e3o\"},\"image\":{\"@id\":\"https:\/\/www.notibras.com\/site\/#\/schema\/logo\/image\/\"},\"sameAs\":[\"https:\/\/www.facebook.com\/notibras\/\",\"https:\/\/x.com\/Notibras\",\"https:\/\/www.instagram.com\/notibras\/\"]},{\"@type\":\"Person\",\"@id\":\"https:\/\/www.notibras.com\/site\/#\/schema\/person\/36ab0979449956132d3e5b517ea76ac8\",\"name\":\"Reda\u00e7\u00e3o\",\"image\":{\"@type\":\"ImageObject\",\"inLanguage\":\"pt-BR\",\"@id\":\"https:\/\/secure.gravatar.com\/avatar\/e0a867bdedb85fd243eadf09663511f96fc81e0720a4a42581f334ad4303aa6b?s=96&d=mm&r=g\",\"url\":\"https:\/\/secure.gravatar.com\/avatar\/e0a867bdedb85fd243eadf09663511f96fc81e0720a4a42581f334ad4303aa6b?s=96&d=mm&r=g\",\"contentUrl\":\"https:\/\/secure.gravatar.com\/avatar\/e0a867bdedb85fd243eadf09663511f96fc81e0720a4a42581f334ad4303aa6b?s=96&d=mm&r=g\",\"caption\":\"Reda\u00e7\u00e3o\"}}]}<\/script>\n<!-- \/ Yoast SEO plugin. -->","yoast_head_json":{"title":"Vit\u00f3ria sobre Cear\u00e1 d\u00e1 lideran\u00e7a da Segundona \u00e0 Ponte Preta - Notibras","robots":{"index":"index","follow":"follow","max-snippet":"max-snippet:-1","max-image-preview":"max-image-preview:large","max-video-preview":"max-video-preview:-1"},"canonical":"https:\/\/www.notibras.com\/site\/vitoria-sobre-ceara-da-lideranca-da-segundona-a-ponte-preta\/","og_locale":"pt_BR","og_type":"article","og_title":"Vit\u00f3ria sobre Cear\u00e1 d\u00e1 lideran\u00e7a da Segundona \u00e0 Ponte Preta - Notibras","og_description":"A Ponte Preta \u00e9 o novo l\u00edder da S\u00e9rie B. Com o trope\u00e7o do Joinville na \u00faltima sexta-feira, a equipe campineira ganhou a chance de assumir a primeira coloca\u00e7\u00e3o pela primeira vez, e n\u00e3o desperdi\u00e7ou. Com dois gola\u00e7os \u2013 de Adrianinho e Jo\u00e3o Paulo \u2013 e mais um contra, venceu o Cear\u00e1 por 3 a [&hellip;]","og_url":"https:\/\/www.notibras.com\/site\/vitoria-sobre-ceara-da-lideranca-da-segundona-a-ponte-preta\/","og_site_name":"Notibras","article_publisher":"https:\/\/www.facebook.com\/notibras\/","article_published_time":"2014-09-27T21:22:16+00:00","og_image":[{"width":283,"height":178,"url":"https:\/\/www.notibras.com\/site\/wp-content\/uploads\/2014\/09\/es.jpeg","type":"image\/jpeg"}],"author":"Reda\u00e7\u00e3o","twitter_card":"summary_large_image","twitter_creator":"@Notibras","twitter_site":"@Notibras","twitter_misc":{"Escrito por":"Reda\u00e7\u00e3o","Est. tempo de leitura":"1 minuto"},"schema":{"@context":"https:\/\/schema.org","@graph":[{"@type":"Article","@id":"https:\/\/www.notibras.com\/site\/vitoria-sobre-ceara-da-lideranca-da-segundona-a-ponte-preta\/#article","isPartOf":{"@id":"https:\/\/www.notibras.com\/site\/vitoria-sobre-ceara-da-lideranca-da-segundona-a-ponte-preta\/"},"author":{"name":"Reda\u00e7\u00e3o","@id":"https:\/\/www.notibras.com\/site\/#\/schema\/person\/36ab0979449956132d3e5b517ea76ac8"},"headline":"Vit\u00f3ria sobre Cear\u00e1 d\u00e1 lideran\u00e7a da Segundona \u00e0 Ponte Preta","datePublished":"2014-09-27T21:22:16+00:00","mainEntityOfPage":{"@id":"https:\/\/www.notibras.com\/site\/vitoria-sobre-ceara-da-lideranca-da-segundona-a-ponte-preta\/"},"wordCount":243,"commentCount":0,"publisher":{"@id":"https:\/\/www.notibras.com\/site\/#organization"},"image":{"@id":"https:\/\/www.notibras.com\/site\/vitoria-sobre-ceara-da-lideranca-da-segundona-a-ponte-preta\/#primaryimage"},"thumbnailUrl":"https:\/\/www.notibras.com\/site\/wp-content\/uploads\/2014\/09\/es.jpeg","articleSection":["Esportes","Futebol"],"inLanguage":"pt-BR","potentialAction":[{"@type":"CommentAction","name":"Comment","target":["https:\/\/www.notibras.com\/site\/vitoria-sobre-ceara-da-lideranca-da-segundona-a-ponte-preta\/#respond"]}]},{"@type":"WebPage","@id":"https:\/\/www.notibras.com\/site\/vitoria-sobre-ceara-da-lideranca-da-segundona-a-ponte-preta\/","url":"https:\/\/www.notibras.com\/site\/vitoria-sobre-ceara-da-lideranca-da-segundona-a-ponte-preta\/","name":"Vit\u00f3ria sobre Cear\u00e1 d\u00e1 lideran\u00e7a da Segundona \u00e0 Ponte Preta - Notibras","isPartOf":{"@id":"https:\/\/www.notibras.com\/site\/#website"},"primaryImageOfPage":{"@id":"https:\/\/www.notibras.com\/site\/vitoria-sobre-ceara-da-lideranca-da-segundona-a-ponte-preta\/#primaryimage"},"image":{"@id":"https:\/\/www.notibras.com\/site\/vitoria-sobre-ceara-da-lideranca-da-segundona-a-ponte-preta\/#primaryimage"},"thumbnailUrl":"https:\/\/www.notibras.com\/site\/wp-content\/uploads\/2014\/09\/es.jpeg","datePublished":"2014-09-27T21:22:16+00:00","breadcrumb":{"@id":"https:\/\/www.notibras.com\/site\/vitoria-sobre-ceara-da-lideranca-da-segundona-a-ponte-preta\/#breadcrumb"},"inLanguage":"pt-BR","potentialAction":[{"@type":"ReadAction","target":["https:\/\/www.notibras.com\/site\/vitoria-sobre-ceara-da-lideranca-da-segundona-a-ponte-preta\/"]}]},{"@type":"ImageObject","inLanguage":"pt-BR","@id":"https:\/\/www.notibras.com\/site\/vitoria-sobre-ceara-da-lideranca-da-segundona-a-ponte-preta\/#primaryimage","url":"https:\/\/www.notibras.com\/site\/wp-content\/uploads\/2014\/09\/es.jpeg","contentUrl":"https:\/\/www.notibras.com\/site\/wp-content\/uploads\/2014\/09\/es.jpeg","width":283,"height":178},{"@type":"BreadcrumbList","@id":"https:\/\/www.notibras.com\/site\/vitoria-sobre-ceara-da-lideranca-da-segundona-a-ponte-preta\/#breadcrumb","itemListElement":[{"@type":"ListItem","position":1,"name":"In\u00edcio","item":"https:\/\/www.notibras.com\/site\/"},{"@type":"ListItem","position":2,"name":"Vit\u00f3ria sobre Cear\u00e1 d\u00e1 lideran\u00e7a da Segundona \u00e0 Ponte Preta"}]},{"@type":"WebSite","@id":"https:\/\/www.notibras.com\/site\/#website","url":"https:\/\/www.notibras.com\/site\/","name":"Notibras","description":"Not\u00edcias de Bras\u00edlia, do Brasil e do Mundo","publisher":{"@id":"https:\/\/www.notibras.com\/site\/#organization"},"potentialAction":[{"@type":"SearchAction","target":{"@type":"EntryPoint","urlTemplate":"https:\/\/www.notibras.com\/site\/?s={search_term_string}"},"query-input":{"@type":"PropertyValueSpecification","valueRequired":true,"valueName":"search_term_string"}}],"inLanguage":"pt-BR"},{"@type":"Organization","@id":"https:\/\/www.notibras.com\/site\/#organization","name":"Grupo Notibras de Comunica\u00e7\u00e3o","url":"https:\/\/www.notibras.com\/site\/","logo":{"@type":"ImageObject","inLanguage":"pt-BR","@id":"https:\/\/www.notibras.com\/site\/#\/schema\/logo\/image\/","url":"https:\/\/www.notibras.com\/site\/wp-content\/uploads\/2023\/01\/notibras23.png","contentUrl":"https:\/\/www.notibras.com\/site\/wp-content\/uploads\/2023\/01\/notibras23.png","width":350,"height":87,"caption":"Grupo Notibras de Comunica\u00e7\u00e3o"},"image":{"@id":"https:\/\/www.notibras.com\/site\/#\/schema\/logo\/image\/"},"sameAs":["https:\/\/www.facebook.com\/notibras\/","https:\/\/x.com\/Notibras","https:\/\/www.instagram.com\/notibras\/"]},{"@type":"Person","@id":"https:\/\/www.notibras.com\/site\/#\/schema\/person\/36ab0979449956132d3e5b517ea76ac8","name":"Reda\u00e7\u00e3o","image":{"@type":"ImageObject","inLanguage":"pt-BR","@id":"https:\/\/secure.gravatar.com\/avatar\/e0a867bdedb85fd243eadf09663511f96fc81e0720a4a42581f334ad4303aa6b?s=96&d=mm&r=g","url":"https:\/\/secure.gravatar.com\/avatar\/e0a867bdedb85fd243eadf09663511f96fc81e0720a4a42581f334ad4303aa6b?s=96&d=mm&r=g","contentUrl":"https:\/\/secure.gravatar.com\/avatar\/e0a867bdedb85fd243eadf09663511f96fc81e0720a4a42581f334ad4303aa6b?s=96&d=mm&r=g","caption":"Reda\u00e7\u00e3o"}}]}},"amp_enabled":true,"_links":{"self":[{"href":"https:\/\/www.notibras.com\/site\/wp-json\/wp\/v2\/posts\/23236","targetHints":{"allow":["GET"]}}],"collection":[{"href":"https:\/\/www.notibras.com\/site\/wp-json\/wp\/v2\/posts"}],"about":[{"href":"https:\/\/www.notibras.com\/site\/wp-json\/wp\/v2\/types\/post"}],"author":[{"embeddable":true,"href":"https:\/\/www.notibras.com\/site\/wp-json\/wp\/v2\/users\/2"}],"replies":[{"embeddable":true,"href":"https:\/\/www.notibras.com\/site\/wp-json\/wp\/v2\/comments?post=23236"}],"version-history":[{"count":0,"href":"https:\/\/www.notibras.com\/site\/wp-json\/wp\/v2\/posts\/23236\/revisions"}],"wp:featuredmedia":[{"embeddable":true,"href":"https:\/\/www.notibras.com\/site\/wp-json\/wp\/v2\/media\/23237"}],"wp:attachment":[{"href":"https:\/\/www.notibras.com\/site\/wp-json\/wp\/v2\/media?parent=23236"}],"wp:term":[{"taxonomy":"category","embeddable":true,"href":"https:\/\/www.notibras.com\/site\/wp-json\/wp\/v2\/categories?post=23236"},{"taxonomy":"post_tag","embeddable":true,"href":"https:\/\/www.notibras.com\/site\/wp-json\/wp\/v2\/tags?post=23236"}],"curies":[{"name":"wp","href":"https:\/\/api.w.org\/{rel}","templated":true}]}}