{"id":23239,"date":"2014-09-26T18:23:58","date_gmt":"2014-09-26T21:23:58","guid":{"rendered":"http:\/\/www.notibras.com\/site\/?p=23239"},"modified":"2014-09-27T18:27:07","modified_gmt":"2014-09-27T21:27:07","slug":"vasco-bate-lider-e-torcida-comemora-com-festa-em-sao-januario","status":"publish","type":"post","link":"https:\/\/www.notibras.com\/site\/vasco-bate-lider-e-torcida-comemora-com-festa-em-sao-januario\/","title":{"rendered":"Vasco bate l\u00edder e torcida promove festa em S\u00e3o Janu\u00e1rio"},"content":{"rendered":"<p>Ap\u00f3s um frustrante empate com o Sampaio Correa, quando levou um gol aos 49 minutos do segundo, o Vasco reencontrou sua torcida, ainda insatisfeita com a campanha do time na S\u00e9rie B, e venceu o Joinville, l\u00edder da competi\u00e7\u00e3o, de forma soberana e como h\u00e1 tempos n\u00e3o acontecia em S\u00e3o Janu\u00e1rio.<\/p>\n<p>O resultado de 2 a 0 fez com que o Cruzmaltino se igualasse em n\u00fameros de pontos aos catarinenses, mas o in\u00e9dito primeiro lugar ainda n\u00e3o foi poss\u00edvel em fun\u00e7\u00e3o do n\u00famero de vit\u00f3rias.<\/p>\n<blockquote><p>O Cruzmaltino iniciou a partida imprimindo seu ritmo, sufocando os catarinenses logo nos primeiros minutos. Com uma posse de bola muito superior ao advers\u00e1rio, o Vasco dominou a etapa inicial completamente, praticamente sem levar sustos.<\/p><\/blockquote>\n<p>Seu gol foi constru\u00eddo ap\u00f3s uma bela trama entre Thalles e Diego Renan, que chegou \u00e0 linha de fundo e cruzou para tr\u00e1s, encontrando o meia Dakson, que chutou, a bola quicou, bateu na trave esquerda e morreu mansamente no fundo da rede.<\/p>\n<p>No segundo tempo, o Vasco seguiu na mesma batida e n\u00e3o deu chances para o Joinville. Com amplo dom\u00ednio, o Crumaltino fez 2 a 0 ap\u00f3s cruzamento perfeito de Marlon que encontrou a cabe\u00e7a de Thalles. Com a sobra no placar, o time de S\u00e3o Janu\u00e1rio passou a administrar a partida de forma consciente, tocando bastante a bola.<\/p>\n","protected":false},"excerpt":{"rendered":"<p>Ap\u00f3s um frustrante empate com o Sampaio Correa, quando levou um gol aos 49 minutos do segundo, o Vasco reencontrou sua torcida, ainda insatisfeita com a campanha do time na S\u00e9rie B, e venceu o Joinville, l\u00edder da competi\u00e7\u00e3o, de forma soberana e como h\u00e1 tempos n\u00e3o acontecia em S\u00e3o Janu\u00e1rio. O resultado de 2 [&hellip;]<\/p>\n","protected":false},"author":2,"featured_media":23240,"comment_status":"open","ping_status":"closed","sticky":false,"template":"","format":"standard","meta":{"_acf_changed":false,"footnotes":""},"categories":[19,29],"tags":[],"class_list":["post-23239","post","type-post","status-publish","format-standard","has-post-thumbnail","hentry","category-esportes","category-futebol"],"acf":[],"yoast_head":"<!-- This site is optimized with the Yoast SEO plugin v27.2 - https:\/\/yoast.com\/product\/yoast-seo-wordpress\/ -->\n<title>Vasco bate l\u00edder e torcida promove festa em S\u00e3o Janu\u00e1rio - Notibras<\/title>\n<meta name=\"robots\" content=\"index, follow, max-snippet:-1, max-image-preview:large, max-video-preview:-1\" \/>\n<link rel=\"canonical\" href=\"https:\/\/www.notibras.com\/site\/vasco-bate-lider-e-torcida-comemora-com-festa-em-sao-januario\/\" \/>\n<meta property=\"og:locale\" content=\"pt_BR\" \/>\n<meta property=\"og:type\" content=\"article\" \/>\n<meta property=\"og:title\" content=\"Vasco bate l\u00edder e torcida promove festa em S\u00e3o Janu\u00e1rio - Notibras\" \/>\n<meta property=\"og:description\" content=\"Ap\u00f3s um frustrante empate com o Sampaio Correa, quando levou um gol aos 49 minutos do segundo, o Vasco reencontrou sua torcida, ainda insatisfeita com a campanha do time na S\u00e9rie B, e venceu o Joinville, l\u00edder da competi\u00e7\u00e3o, de forma soberana e como h\u00e1 tempos n\u00e3o acontecia em S\u00e3o Janu\u00e1rio. O resultado de 2 [&hellip;]\" \/>\n<meta property=\"og:url\" content=\"https:\/\/www.notibras.com\/site\/vasco-bate-lider-e-torcida-comemora-com-festa-em-sao-januario\/\" \/>\n<meta property=\"og:site_name\" content=\"Notibras\" \/>\n<meta property=\"article:publisher\" content=\"https:\/\/www.facebook.com\/notibras\/\" \/>\n<meta property=\"article:published_time\" content=\"2014-09-26T21:23:58+00:00\" \/>\n<meta property=\"article:modified_time\" content=\"2014-09-27T21:27:07+00:00\" \/>\n<meta property=\"og:image\" content=\"https:\/\/www.notibras.com\/site\/wp-content\/uploads\/2014\/09\/es12.jpg\" \/>\n\t<meta property=\"og:image:width\" content=\"850\" \/>\n\t<meta property=\"og:image:height\" content=\"567\" \/>\n\t<meta property=\"og:image:type\" content=\"image\/jpeg\" \/>\n<meta name=\"author\" content=\"Reda\u00e7\u00e3o\" \/>\n<meta name=\"twitter:card\" content=\"summary_large_image\" \/>\n<meta name=\"twitter:creator\" content=\"@Notibras\" \/>\n<meta name=\"twitter:site\" content=\"@Notibras\" \/>\n<meta name=\"twitter:label1\" content=\"Escrito por\" \/>\n\t<meta name=\"twitter:data1\" content=\"Reda\u00e7\u00e3o\" \/>\n\t<meta name=\"twitter:label2\" content=\"Est. tempo de leitura\" \/>\n\t<meta name=\"twitter:data2\" content=\"1 minuto\" \/>\n<script type=\"application\/ld+json\" class=\"yoast-schema-graph\">{\"@context\":\"https:\/\/schema.org\",\"@graph\":[{\"@type\":\"Article\",\"@id\":\"https:\/\/www.notibras.com\/site\/vasco-bate-lider-e-torcida-comemora-com-festa-em-sao-januario\/#article\",\"isPartOf\":{\"@id\":\"https:\/\/www.notibras.com\/site\/vasco-bate-lider-e-torcida-comemora-com-festa-em-sao-januario\/\"},\"author\":{\"name\":\"Reda\u00e7\u00e3o\",\"@id\":\"https:\/\/www.notibras.com\/site\/#\/schema\/person\/36ab0979449956132d3e5b517ea76ac8\"},\"headline\":\"Vasco bate l\u00edder e torcida promove festa em S\u00e3o Janu\u00e1rio\",\"datePublished\":\"2014-09-26T21:23:58+00:00\",\"dateModified\":\"2014-09-27T21:27:07+00:00\",\"mainEntityOfPage\":{\"@id\":\"https:\/\/www.notibras.com\/site\/vasco-bate-lider-e-torcida-comemora-com-festa-em-sao-januario\/\"},\"wordCount\":252,\"commentCount\":0,\"publisher\":{\"@id\":\"https:\/\/www.notibras.com\/site\/#organization\"},\"image\":{\"@id\":\"https:\/\/www.notibras.com\/site\/vasco-bate-lider-e-torcida-comemora-com-festa-em-sao-januario\/#primaryimage\"},\"thumbnailUrl\":\"https:\/\/www.notibras.com\/site\/wp-content\/uploads\/2014\/09\/es12.jpg\",\"articleSection\":[\"Esportes\",\"Futebol\"],\"inLanguage\":\"pt-BR\",\"potentialAction\":[{\"@type\":\"CommentAction\",\"name\":\"Comment\",\"target\":[\"https:\/\/www.notibras.com\/site\/vasco-bate-lider-e-torcida-comemora-com-festa-em-sao-januario\/#respond\"]}]},{\"@type\":\"WebPage\",\"@id\":\"https:\/\/www.notibras.com\/site\/vasco-bate-lider-e-torcida-comemora-com-festa-em-sao-januario\/\",\"url\":\"https:\/\/www.notibras.com\/site\/vasco-bate-lider-e-torcida-comemora-com-festa-em-sao-januario\/\",\"name\":\"Vasco bate l\u00edder e torcida promove festa em S\u00e3o Janu\u00e1rio - Notibras\",\"isPartOf\":{\"@id\":\"https:\/\/www.notibras.com\/site\/#website\"},\"primaryImageOfPage\":{\"@id\":\"https:\/\/www.notibras.com\/site\/vasco-bate-lider-e-torcida-comemora-com-festa-em-sao-januario\/#primaryimage\"},\"image\":{\"@id\":\"https:\/\/www.notibras.com\/site\/vasco-bate-lider-e-torcida-comemora-com-festa-em-sao-januario\/#primaryimage\"},\"thumbnailUrl\":\"https:\/\/www.notibras.com\/site\/wp-content\/uploads\/2014\/09\/es12.jpg\",\"datePublished\":\"2014-09-26T21:23:58+00:00\",\"dateModified\":\"2014-09-27T21:27:07+00:00\",\"breadcrumb\":{\"@id\":\"https:\/\/www.notibras.com\/site\/vasco-bate-lider-e-torcida-comemora-com-festa-em-sao-januario\/#breadcrumb\"},\"inLanguage\":\"pt-BR\",\"potentialAction\":[{\"@type\":\"ReadAction\",\"target\":[\"https:\/\/www.notibras.com\/site\/vasco-bate-lider-e-torcida-comemora-com-festa-em-sao-januario\/\"]}]},{\"@type\":\"ImageObject\",\"inLanguage\":\"pt-BR\",\"@id\":\"https:\/\/www.notibras.com\/site\/vasco-bate-lider-e-torcida-comemora-com-festa-em-sao-januario\/#primaryimage\",\"url\":\"https:\/\/www.notibras.com\/site\/wp-content\/uploads\/2014\/09\/es12.jpg\",\"contentUrl\":\"https:\/\/www.notibras.com\/site\/wp-content\/uploads\/2014\/09\/es12.jpg\",\"width\":850,\"height\":567},{\"@type\":\"BreadcrumbList\",\"@id\":\"https:\/\/www.notibras.com\/site\/vasco-bate-lider-e-torcida-comemora-com-festa-em-sao-januario\/#breadcrumb\",\"itemListElement\":[{\"@type\":\"ListItem\",\"position\":1,\"name\":\"In\u00edcio\",\"item\":\"https:\/\/www.notibras.com\/site\/\"},{\"@type\":\"ListItem\",\"position\":2,\"name\":\"Vasco bate l\u00edder e torcida promove festa em S\u00e3o Janu\u00e1rio\"}]},{\"@type\":\"WebSite\",\"@id\":\"https:\/\/www.notibras.com\/site\/#website\",\"url\":\"https:\/\/www.notibras.com\/site\/\",\"name\":\"Notibras\",\"description\":\"Not\u00edcias de Bras\u00edlia, do Brasil e do Mundo\",\"publisher\":{\"@id\":\"https:\/\/www.notibras.com\/site\/#organization\"},\"potentialAction\":[{\"@type\":\"SearchAction\",\"target\":{\"@type\":\"EntryPoint\",\"urlTemplate\":\"https:\/\/www.notibras.com\/site\/?s={search_term_string}\"},\"query-input\":{\"@type\":\"PropertyValueSpecification\",\"valueRequired\":true,\"valueName\":\"search_term_string\"}}],\"inLanguage\":\"pt-BR\"},{\"@type\":\"Organization\",\"@id\":\"https:\/\/www.notibras.com\/site\/#organization\",\"name\":\"Grupo Notibras de Comunica\u00e7\u00e3o\",\"url\":\"https:\/\/www.notibras.com\/site\/\",\"logo\":{\"@type\":\"ImageObject\",\"inLanguage\":\"pt-BR\",\"@id\":\"https:\/\/www.notibras.com\/site\/#\/schema\/logo\/image\/\",\"url\":\"https:\/\/www.notibras.com\/site\/wp-content\/uploads\/2023\/01\/notibras23.png\",\"contentUrl\":\"https:\/\/www.notibras.com\/site\/wp-content\/uploads\/2023\/01\/notibras23.png\",\"width\":350,\"height\":87,\"caption\":\"Grupo Notibras de Comunica\u00e7\u00e3o\"},\"image\":{\"@id\":\"https:\/\/www.notibras.com\/site\/#\/schema\/logo\/image\/\"},\"sameAs\":[\"https:\/\/www.facebook.com\/notibras\/\",\"https:\/\/x.com\/Notibras\",\"https:\/\/www.instagram.com\/notibras\/\"]},{\"@type\":\"Person\",\"@id\":\"https:\/\/www.notibras.com\/site\/#\/schema\/person\/36ab0979449956132d3e5b517ea76ac8\",\"name\":\"Reda\u00e7\u00e3o\",\"image\":{\"@type\":\"ImageObject\",\"inLanguage\":\"pt-BR\",\"@id\":\"https:\/\/secure.gravatar.com\/avatar\/e0a867bdedb85fd243eadf09663511f96fc81e0720a4a42581f334ad4303aa6b?s=96&d=mm&r=g\",\"url\":\"https:\/\/secure.gravatar.com\/avatar\/e0a867bdedb85fd243eadf09663511f96fc81e0720a4a42581f334ad4303aa6b?s=96&d=mm&r=g\",\"contentUrl\":\"https:\/\/secure.gravatar.com\/avatar\/e0a867bdedb85fd243eadf09663511f96fc81e0720a4a42581f334ad4303aa6b?s=96&d=mm&r=g\",\"caption\":\"Reda\u00e7\u00e3o\"}}]}<\/script>\n<!-- \/ Yoast SEO plugin. -->","yoast_head_json":{"title":"Vasco bate l\u00edder e torcida promove festa em S\u00e3o Janu\u00e1rio - Notibras","robots":{"index":"index","follow":"follow","max-snippet":"max-snippet:-1","max-image-preview":"max-image-preview:large","max-video-preview":"max-video-preview:-1"},"canonical":"https:\/\/www.notibras.com\/site\/vasco-bate-lider-e-torcida-comemora-com-festa-em-sao-januario\/","og_locale":"pt_BR","og_type":"article","og_title":"Vasco bate l\u00edder e torcida promove festa em S\u00e3o Janu\u00e1rio - Notibras","og_description":"Ap\u00f3s um frustrante empate com o Sampaio Correa, quando levou um gol aos 49 minutos do segundo, o Vasco reencontrou sua torcida, ainda insatisfeita com a campanha do time na S\u00e9rie B, e venceu o Joinville, l\u00edder da competi\u00e7\u00e3o, de forma soberana e como h\u00e1 tempos n\u00e3o acontecia em S\u00e3o Janu\u00e1rio. O resultado de 2 [&hellip;]","og_url":"https:\/\/www.notibras.com\/site\/vasco-bate-lider-e-torcida-comemora-com-festa-em-sao-januario\/","og_site_name":"Notibras","article_publisher":"https:\/\/www.facebook.com\/notibras\/","article_published_time":"2014-09-26T21:23:58+00:00","article_modified_time":"2014-09-27T21:27:07+00:00","og_image":[{"width":850,"height":567,"url":"https:\/\/www.notibras.com\/site\/wp-content\/uploads\/2014\/09\/es12.jpg","type":"image\/jpeg"}],"author":"Reda\u00e7\u00e3o","twitter_card":"summary_large_image","twitter_creator":"@Notibras","twitter_site":"@Notibras","twitter_misc":{"Escrito por":"Reda\u00e7\u00e3o","Est. tempo de leitura":"1 minuto"},"schema":{"@context":"https:\/\/schema.org","@graph":[{"@type":"Article","@id":"https:\/\/www.notibras.com\/site\/vasco-bate-lider-e-torcida-comemora-com-festa-em-sao-januario\/#article","isPartOf":{"@id":"https:\/\/www.notibras.com\/site\/vasco-bate-lider-e-torcida-comemora-com-festa-em-sao-januario\/"},"author":{"name":"Reda\u00e7\u00e3o","@id":"https:\/\/www.notibras.com\/site\/#\/schema\/person\/36ab0979449956132d3e5b517ea76ac8"},"headline":"Vasco bate l\u00edder e torcida promove festa em S\u00e3o Janu\u00e1rio","datePublished":"2014-09-26T21:23:58+00:00","dateModified":"2014-09-27T21:27:07+00:00","mainEntityOfPage":{"@id":"https:\/\/www.notibras.com\/site\/vasco-bate-lider-e-torcida-comemora-com-festa-em-sao-januario\/"},"wordCount":252,"commentCount":0,"publisher":{"@id":"https:\/\/www.notibras.com\/site\/#organization"},"image":{"@id":"https:\/\/www.notibras.com\/site\/vasco-bate-lider-e-torcida-comemora-com-festa-em-sao-januario\/#primaryimage"},"thumbnailUrl":"https:\/\/www.notibras.com\/site\/wp-content\/uploads\/2014\/09\/es12.jpg","articleSection":["Esportes","Futebol"],"inLanguage":"pt-BR","potentialAction":[{"@type":"CommentAction","name":"Comment","target":["https:\/\/www.notibras.com\/site\/vasco-bate-lider-e-torcida-comemora-com-festa-em-sao-januario\/#respond"]}]},{"@type":"WebPage","@id":"https:\/\/www.notibras.com\/site\/vasco-bate-lider-e-torcida-comemora-com-festa-em-sao-januario\/","url":"https:\/\/www.notibras.com\/site\/vasco-bate-lider-e-torcida-comemora-com-festa-em-sao-januario\/","name":"Vasco bate l\u00edder e torcida promove festa em S\u00e3o Janu\u00e1rio - Notibras","isPartOf":{"@id":"https:\/\/www.notibras.com\/site\/#website"},"primaryImageOfPage":{"@id":"https:\/\/www.notibras.com\/site\/vasco-bate-lider-e-torcida-comemora-com-festa-em-sao-januario\/#primaryimage"},"image":{"@id":"https:\/\/www.notibras.com\/site\/vasco-bate-lider-e-torcida-comemora-com-festa-em-sao-januario\/#primaryimage"},"thumbnailUrl":"https:\/\/www.notibras.com\/site\/wp-content\/uploads\/2014\/09\/es12.jpg","datePublished":"2014-09-26T21:23:58+00:00","dateModified":"2014-09-27T21:27:07+00:00","breadcrumb":{"@id":"https:\/\/www.notibras.com\/site\/vasco-bate-lider-e-torcida-comemora-com-festa-em-sao-januario\/#breadcrumb"},"inLanguage":"pt-BR","potentialAction":[{"@type":"ReadAction","target":["https:\/\/www.notibras.com\/site\/vasco-bate-lider-e-torcida-comemora-com-festa-em-sao-januario\/"]}]},{"@type":"ImageObject","inLanguage":"pt-BR","@id":"https:\/\/www.notibras.com\/site\/vasco-bate-lider-e-torcida-comemora-com-festa-em-sao-januario\/#primaryimage","url":"https:\/\/www.notibras.com\/site\/wp-content\/uploads\/2014\/09\/es12.jpg","contentUrl":"https:\/\/www.notibras.com\/site\/wp-content\/uploads\/2014\/09\/es12.jpg","width":850,"height":567},{"@type":"BreadcrumbList","@id":"https:\/\/www.notibras.com\/site\/vasco-bate-lider-e-torcida-comemora-com-festa-em-sao-januario\/#breadcrumb","itemListElement":[{"@type":"ListItem","position":1,"name":"In\u00edcio","item":"https:\/\/www.notibras.com\/site\/"},{"@type":"ListItem","position":2,"name":"Vasco bate l\u00edder e torcida promove festa em S\u00e3o Janu\u00e1rio"}]},{"@type":"WebSite","@id":"https:\/\/www.notibras.com\/site\/#website","url":"https:\/\/www.notibras.com\/site\/","name":"Notibras","description":"Not\u00edcias de Bras\u00edlia, do Brasil e do Mundo","publisher":{"@id":"https:\/\/www.notibras.com\/site\/#organization"},"potentialAction":[{"@type":"SearchAction","target":{"@type":"EntryPoint","urlTemplate":"https:\/\/www.notibras.com\/site\/?s={search_term_string}"},"query-input":{"@type":"PropertyValueSpecification","valueRequired":true,"valueName":"search_term_string"}}],"inLanguage":"pt-BR"},{"@type":"Organization","@id":"https:\/\/www.notibras.com\/site\/#organization","name":"Grupo Notibras de Comunica\u00e7\u00e3o","url":"https:\/\/www.notibras.com\/site\/","logo":{"@type":"ImageObject","inLanguage":"pt-BR","@id":"https:\/\/www.notibras.com\/site\/#\/schema\/logo\/image\/","url":"https:\/\/www.notibras.com\/site\/wp-content\/uploads\/2023\/01\/notibras23.png","contentUrl":"https:\/\/www.notibras.com\/site\/wp-content\/uploads\/2023\/01\/notibras23.png","width":350,"height":87,"caption":"Grupo Notibras de Comunica\u00e7\u00e3o"},"image":{"@id":"https:\/\/www.notibras.com\/site\/#\/schema\/logo\/image\/"},"sameAs":["https:\/\/www.facebook.com\/notibras\/","https:\/\/x.com\/Notibras","https:\/\/www.instagram.com\/notibras\/"]},{"@type":"Person","@id":"https:\/\/www.notibras.com\/site\/#\/schema\/person\/36ab0979449956132d3e5b517ea76ac8","name":"Reda\u00e7\u00e3o","image":{"@type":"ImageObject","inLanguage":"pt-BR","@id":"https:\/\/secure.gravatar.com\/avatar\/e0a867bdedb85fd243eadf09663511f96fc81e0720a4a42581f334ad4303aa6b?s=96&d=mm&r=g","url":"https:\/\/secure.gravatar.com\/avatar\/e0a867bdedb85fd243eadf09663511f96fc81e0720a4a42581f334ad4303aa6b?s=96&d=mm&r=g","contentUrl":"https:\/\/secure.gravatar.com\/avatar\/e0a867bdedb85fd243eadf09663511f96fc81e0720a4a42581f334ad4303aa6b?s=96&d=mm&r=g","caption":"Reda\u00e7\u00e3o"}}]}},"amp_enabled":true,"_links":{"self":[{"href":"https:\/\/www.notibras.com\/site\/wp-json\/wp\/v2\/posts\/23239","targetHints":{"allow":["GET"]}}],"collection":[{"href":"https:\/\/www.notibras.com\/site\/wp-json\/wp\/v2\/posts"}],"about":[{"href":"https:\/\/www.notibras.com\/site\/wp-json\/wp\/v2\/types\/post"}],"author":[{"embeddable":true,"href":"https:\/\/www.notibras.com\/site\/wp-json\/wp\/v2\/users\/2"}],"replies":[{"embeddable":true,"href":"https:\/\/www.notibras.com\/site\/wp-json\/wp\/v2\/comments?post=23239"}],"version-history":[{"count":0,"href":"https:\/\/www.notibras.com\/site\/wp-json\/wp\/v2\/posts\/23239\/revisions"}],"wp:featuredmedia":[{"embeddable":true,"href":"https:\/\/www.notibras.com\/site\/wp-json\/wp\/v2\/media\/23240"}],"wp:attachment":[{"href":"https:\/\/www.notibras.com\/site\/wp-json\/wp\/v2\/media?parent=23239"}],"wp:term":[{"taxonomy":"category","embeddable":true,"href":"https:\/\/www.notibras.com\/site\/wp-json\/wp\/v2\/categories?post=23239"},{"taxonomy":"post_tag","embeddable":true,"href":"https:\/\/www.notibras.com\/site\/wp-json\/wp\/v2\/tags?post=23239"}],"curies":[{"name":"wp","href":"https:\/\/api.w.org\/{rel}","templated":true}]}}