{"id":23243,"date":"2014-09-26T17:28:33","date_gmt":"2014-09-26T20:28:33","guid":{"rendered":"http:\/\/www.notibras.com\/site\/?p=23243"},"modified":"2014-09-27T18:30:54","modified_gmt":"2014-09-27T21:30:54","slug":"nautico-derrota-parana-e-volta-a-sonhar-com-a-serie-a","status":"publish","type":"post","link":"https:\/\/www.notibras.com\/site\/nautico-derrota-parana-e-volta-a-sonhar-com-a-serie-a\/","title":{"rendered":"N\u00e1utico derrota Paran\u00e1 e volta a sonhar com a S\u00e9rie A"},"content":{"rendered":"<p>Tadeu n\u00e3o era titular do N\u00e1utico h\u00e1 seis rodadas. Voltou a ser na noite desta sexta-feira, e deu conta do recado. Fez um gol, deu assist\u00eancia para outro e assim foi mais que decisivo na vit\u00f3ria de 3 a 1 do N\u00e1utico sobre o Paran\u00e1, na Arena Pernambuco, em duelo que abriu a 26\u00aa rodada da S\u00e9rie B.<\/p>\n<p>O resultado leva o N\u00e1utico aos 38 pontos, e o mant\u00e9m sonhando com o acesso. Agora, o time alvirrubro seca seus concorrentes para que a diferen\u00e7a em rela\u00e7\u00e3o ao G-4 n\u00e3o aumente muito do que est\u00e1 (seis pontos). O Paran\u00e1, por sua vez, estaciona nos 31 e segue no meio da tabela, a 13 do G-4 e a dez da zona de rebaixamento.<\/p>\n<blockquote><p>Tr\u00eas minutos. Foi o tempo que o N\u00e1utico precisou para abrir o placar na Arena Pernambuco. Aos 2min, ap\u00f3s sa\u00edda errada da defesa do Paran\u00e1, Tadeu recebeu de Sass\u00e1 e foi derrubado pelo goleiro Murilo dentro da \u00e1rea. P\u00eanalti, que o pr\u00f3prio Tadeu bateu e converteu. 1 a 0. O que se viu a partir da\u00ed foi o time visitante com mais posse de bola, mas pouco efetivo. O N\u00e1utico, por sua vez, soube aproveitar mais uma chance que teve e foi para o intervalo com dois gols de vantagem. J\u00e1 aos 45min, Tadeu deu lindo passe para Bruno Furlan, que finalizou na sa\u00edda do goleiro e ampliou. 2 a 0.<\/p><\/blockquote>\n<p>A etapa final seguiu n\u00e3o muito diferente do que foi o primeiro tempo entre os gols do N\u00e1utico. Dom\u00ednio do Paran\u00e1 na posse de bola. O problema \u00e9 que o time de Ricardinho continuou pecando no \u00faltimo passe. Desta forma, praticamente n\u00e3o assustou o gol de J\u00falio C\u00e9sar. J\u00e1 os anfitri\u00f5es, mesmo sem fazer muito esfor\u00e7o, conseguiu mandar uma bola na trave aos 21min e ainda marcou o terceiro aos 38min, ambos os lances com o Vin\u00edcius. Ele arriscou de fora da \u00e1rea e mandou no canto para fazer o terceiro. Henrique descontou para o Paran\u00e1 aos 48min, mas j\u00e1 era tarde.<\/p>\n","protected":false},"excerpt":{"rendered":"<p>Tadeu n\u00e3o era titular do N\u00e1utico h\u00e1 seis rodadas. Voltou a ser na noite desta sexta-feira, e deu conta do recado. Fez um gol, deu assist\u00eancia para outro e assim foi mais que decisivo na vit\u00f3ria de 3 a 1 do N\u00e1utico sobre o Paran\u00e1, na Arena Pernambuco, em duelo que abriu a 26\u00aa rodada [&hellip;]<\/p>\n","protected":false},"author":2,"featured_media":23244,"comment_status":"open","ping_status":"closed","sticky":false,"template":"","format":"standard","meta":{"_acf_changed":false,"footnotes":""},"categories":[19,29],"tags":[],"class_list":["post-23243","post","type-post","status-publish","format-standard","has-post-thumbnail","hentry","category-esportes","category-futebol"],"acf":[],"yoast_head":"<!-- This site is optimized with the Yoast SEO plugin v27.2 - https:\/\/yoast.com\/product\/yoast-seo-wordpress\/ -->\n<title>N\u00e1utico derrota Paran\u00e1 e volta a sonhar com a S\u00e9rie A - Notibras<\/title>\n<meta name=\"robots\" content=\"index, follow, max-snippet:-1, max-image-preview:large, max-video-preview:-1\" \/>\n<link rel=\"canonical\" href=\"https:\/\/www.notibras.com\/site\/nautico-derrota-parana-e-volta-a-sonhar-com-a-serie-a\/\" \/>\n<meta property=\"og:locale\" content=\"pt_BR\" \/>\n<meta property=\"og:type\" content=\"article\" \/>\n<meta property=\"og:title\" content=\"N\u00e1utico derrota Paran\u00e1 e volta a sonhar com a S\u00e9rie A - Notibras\" \/>\n<meta property=\"og:description\" content=\"Tadeu n\u00e3o era titular do N\u00e1utico h\u00e1 seis rodadas. Voltou a ser na noite desta sexta-feira, e deu conta do recado. Fez um gol, deu assist\u00eancia para outro e assim foi mais que decisivo na vit\u00f3ria de 3 a 1 do N\u00e1utico sobre o Paran\u00e1, na Arena Pernambuco, em duelo que abriu a 26\u00aa rodada [&hellip;]\" \/>\n<meta property=\"og:url\" content=\"https:\/\/www.notibras.com\/site\/nautico-derrota-parana-e-volta-a-sonhar-com-a-serie-a\/\" \/>\n<meta property=\"og:site_name\" content=\"Notibras\" \/>\n<meta property=\"article:publisher\" content=\"https:\/\/www.facebook.com\/notibras\/\" \/>\n<meta property=\"article:published_time\" content=\"2014-09-26T20:28:33+00:00\" \/>\n<meta property=\"article:modified_time\" content=\"2014-09-27T21:30:54+00:00\" \/>\n<meta property=\"og:image\" content=\"https:\/\/www.notibras.com\/site\/wp-content\/uploads\/2014\/09\/esp22.jpg\" \/>\n\t<meta property=\"og:image:width\" content=\"750\" \/>\n\t<meta property=\"og:image:height\" content=\"500\" \/>\n\t<meta property=\"og:image:type\" content=\"image\/jpeg\" \/>\n<meta name=\"author\" content=\"Reda\u00e7\u00e3o\" \/>\n<meta name=\"twitter:card\" content=\"summary_large_image\" \/>\n<meta name=\"twitter:creator\" content=\"@Notibras\" \/>\n<meta name=\"twitter:site\" content=\"@Notibras\" \/>\n<meta name=\"twitter:label1\" content=\"Escrito por\" \/>\n\t<meta name=\"twitter:data1\" content=\"Reda\u00e7\u00e3o\" \/>\n\t<meta name=\"twitter:label2\" content=\"Est. tempo de leitura\" \/>\n\t<meta name=\"twitter:data2\" content=\"2 minutos\" \/>\n<script type=\"application\/ld+json\" class=\"yoast-schema-graph\">{\"@context\":\"https:\/\/schema.org\",\"@graph\":[{\"@type\":\"Article\",\"@id\":\"https:\/\/www.notibras.com\/site\/nautico-derrota-parana-e-volta-a-sonhar-com-a-serie-a\/#article\",\"isPartOf\":{\"@id\":\"https:\/\/www.notibras.com\/site\/nautico-derrota-parana-e-volta-a-sonhar-com-a-serie-a\/\"},\"author\":{\"name\":\"Reda\u00e7\u00e3o\",\"@id\":\"https:\/\/www.notibras.com\/site\/#\/schema\/person\/36ab0979449956132d3e5b517ea76ac8\"},\"headline\":\"N\u00e1utico derrota Paran\u00e1 e volta a sonhar com a S\u00e9rie A\",\"datePublished\":\"2014-09-26T20:28:33+00:00\",\"dateModified\":\"2014-09-27T21:30:54+00:00\",\"mainEntityOfPage\":{\"@id\":\"https:\/\/www.notibras.com\/site\/nautico-derrota-parana-e-volta-a-sonhar-com-a-serie-a\/\"},\"wordCount\":364,\"commentCount\":0,\"publisher\":{\"@id\":\"https:\/\/www.notibras.com\/site\/#organization\"},\"image\":{\"@id\":\"https:\/\/www.notibras.com\/site\/nautico-derrota-parana-e-volta-a-sonhar-com-a-serie-a\/#primaryimage\"},\"thumbnailUrl\":\"https:\/\/www.notibras.com\/site\/wp-content\/uploads\/2014\/09\/esp22.jpg\",\"articleSection\":[\"Esportes\",\"Futebol\"],\"inLanguage\":\"pt-BR\",\"potentialAction\":[{\"@type\":\"CommentAction\",\"name\":\"Comment\",\"target\":[\"https:\/\/www.notibras.com\/site\/nautico-derrota-parana-e-volta-a-sonhar-com-a-serie-a\/#respond\"]}]},{\"@type\":\"WebPage\",\"@id\":\"https:\/\/www.notibras.com\/site\/nautico-derrota-parana-e-volta-a-sonhar-com-a-serie-a\/\",\"url\":\"https:\/\/www.notibras.com\/site\/nautico-derrota-parana-e-volta-a-sonhar-com-a-serie-a\/\",\"name\":\"N\u00e1utico derrota Paran\u00e1 e volta a sonhar com a S\u00e9rie A - Notibras\",\"isPartOf\":{\"@id\":\"https:\/\/www.notibras.com\/site\/#website\"},\"primaryImageOfPage\":{\"@id\":\"https:\/\/www.notibras.com\/site\/nautico-derrota-parana-e-volta-a-sonhar-com-a-serie-a\/#primaryimage\"},\"image\":{\"@id\":\"https:\/\/www.notibras.com\/site\/nautico-derrota-parana-e-volta-a-sonhar-com-a-serie-a\/#primaryimage\"},\"thumbnailUrl\":\"https:\/\/www.notibras.com\/site\/wp-content\/uploads\/2014\/09\/esp22.jpg\",\"datePublished\":\"2014-09-26T20:28:33+00:00\",\"dateModified\":\"2014-09-27T21:30:54+00:00\",\"breadcrumb\":{\"@id\":\"https:\/\/www.notibras.com\/site\/nautico-derrota-parana-e-volta-a-sonhar-com-a-serie-a\/#breadcrumb\"},\"inLanguage\":\"pt-BR\",\"potentialAction\":[{\"@type\":\"ReadAction\",\"target\":[\"https:\/\/www.notibras.com\/site\/nautico-derrota-parana-e-volta-a-sonhar-com-a-serie-a\/\"]}]},{\"@type\":\"ImageObject\",\"inLanguage\":\"pt-BR\",\"@id\":\"https:\/\/www.notibras.com\/site\/nautico-derrota-parana-e-volta-a-sonhar-com-a-serie-a\/#primaryimage\",\"url\":\"https:\/\/www.notibras.com\/site\/wp-content\/uploads\/2014\/09\/esp22.jpg\",\"contentUrl\":\"https:\/\/www.notibras.com\/site\/wp-content\/uploads\/2014\/09\/esp22.jpg\",\"width\":750,\"height\":500},{\"@type\":\"BreadcrumbList\",\"@id\":\"https:\/\/www.notibras.com\/site\/nautico-derrota-parana-e-volta-a-sonhar-com-a-serie-a\/#breadcrumb\",\"itemListElement\":[{\"@type\":\"ListItem\",\"position\":1,\"name\":\"In\u00edcio\",\"item\":\"https:\/\/www.notibras.com\/site\/\"},{\"@type\":\"ListItem\",\"position\":2,\"name\":\"N\u00e1utico derrota Paran\u00e1 e volta a sonhar com a S\u00e9rie A\"}]},{\"@type\":\"WebSite\",\"@id\":\"https:\/\/www.notibras.com\/site\/#website\",\"url\":\"https:\/\/www.notibras.com\/site\/\",\"name\":\"Notibras\",\"description\":\"Not\u00edcias de Bras\u00edlia, do Brasil e do Mundo\",\"publisher\":{\"@id\":\"https:\/\/www.notibras.com\/site\/#organization\"},\"potentialAction\":[{\"@type\":\"SearchAction\",\"target\":{\"@type\":\"EntryPoint\",\"urlTemplate\":\"https:\/\/www.notibras.com\/site\/?s={search_term_string}\"},\"query-input\":{\"@type\":\"PropertyValueSpecification\",\"valueRequired\":true,\"valueName\":\"search_term_string\"}}],\"inLanguage\":\"pt-BR\"},{\"@type\":\"Organization\",\"@id\":\"https:\/\/www.notibras.com\/site\/#organization\",\"name\":\"Grupo Notibras de Comunica\u00e7\u00e3o\",\"url\":\"https:\/\/www.notibras.com\/site\/\",\"logo\":{\"@type\":\"ImageObject\",\"inLanguage\":\"pt-BR\",\"@id\":\"https:\/\/www.notibras.com\/site\/#\/schema\/logo\/image\/\",\"url\":\"https:\/\/www.notibras.com\/site\/wp-content\/uploads\/2023\/01\/notibras23.png\",\"contentUrl\":\"https:\/\/www.notibras.com\/site\/wp-content\/uploads\/2023\/01\/notibras23.png\",\"width\":350,\"height\":87,\"caption\":\"Grupo Notibras de Comunica\u00e7\u00e3o\"},\"image\":{\"@id\":\"https:\/\/www.notibras.com\/site\/#\/schema\/logo\/image\/\"},\"sameAs\":[\"https:\/\/www.facebook.com\/notibras\/\",\"https:\/\/x.com\/Notibras\",\"https:\/\/www.instagram.com\/notibras\/\"]},{\"@type\":\"Person\",\"@id\":\"https:\/\/www.notibras.com\/site\/#\/schema\/person\/36ab0979449956132d3e5b517ea76ac8\",\"name\":\"Reda\u00e7\u00e3o\",\"image\":{\"@type\":\"ImageObject\",\"inLanguage\":\"pt-BR\",\"@id\":\"https:\/\/secure.gravatar.com\/avatar\/e0a867bdedb85fd243eadf09663511f96fc81e0720a4a42581f334ad4303aa6b?s=96&d=mm&r=g\",\"url\":\"https:\/\/secure.gravatar.com\/avatar\/e0a867bdedb85fd243eadf09663511f96fc81e0720a4a42581f334ad4303aa6b?s=96&d=mm&r=g\",\"contentUrl\":\"https:\/\/secure.gravatar.com\/avatar\/e0a867bdedb85fd243eadf09663511f96fc81e0720a4a42581f334ad4303aa6b?s=96&d=mm&r=g\",\"caption\":\"Reda\u00e7\u00e3o\"}}]}<\/script>\n<!-- \/ Yoast SEO plugin. -->","yoast_head_json":{"title":"N\u00e1utico derrota Paran\u00e1 e volta a sonhar com a S\u00e9rie A - Notibras","robots":{"index":"index","follow":"follow","max-snippet":"max-snippet:-1","max-image-preview":"max-image-preview:large","max-video-preview":"max-video-preview:-1"},"canonical":"https:\/\/www.notibras.com\/site\/nautico-derrota-parana-e-volta-a-sonhar-com-a-serie-a\/","og_locale":"pt_BR","og_type":"article","og_title":"N\u00e1utico derrota Paran\u00e1 e volta a sonhar com a S\u00e9rie A - Notibras","og_description":"Tadeu n\u00e3o era titular do N\u00e1utico h\u00e1 seis rodadas. Voltou a ser na noite desta sexta-feira, e deu conta do recado. Fez um gol, deu assist\u00eancia para outro e assim foi mais que decisivo na vit\u00f3ria de 3 a 1 do N\u00e1utico sobre o Paran\u00e1, na Arena Pernambuco, em duelo que abriu a 26\u00aa rodada [&hellip;]","og_url":"https:\/\/www.notibras.com\/site\/nautico-derrota-parana-e-volta-a-sonhar-com-a-serie-a\/","og_site_name":"Notibras","article_publisher":"https:\/\/www.facebook.com\/notibras\/","article_published_time":"2014-09-26T20:28:33+00:00","article_modified_time":"2014-09-27T21:30:54+00:00","og_image":[{"width":750,"height":500,"url":"https:\/\/www.notibras.com\/site\/wp-content\/uploads\/2014\/09\/esp22.jpg","type":"image\/jpeg"}],"author":"Reda\u00e7\u00e3o","twitter_card":"summary_large_image","twitter_creator":"@Notibras","twitter_site":"@Notibras","twitter_misc":{"Escrito por":"Reda\u00e7\u00e3o","Est. tempo de leitura":"2 minutos"},"schema":{"@context":"https:\/\/schema.org","@graph":[{"@type":"Article","@id":"https:\/\/www.notibras.com\/site\/nautico-derrota-parana-e-volta-a-sonhar-com-a-serie-a\/#article","isPartOf":{"@id":"https:\/\/www.notibras.com\/site\/nautico-derrota-parana-e-volta-a-sonhar-com-a-serie-a\/"},"author":{"name":"Reda\u00e7\u00e3o","@id":"https:\/\/www.notibras.com\/site\/#\/schema\/person\/36ab0979449956132d3e5b517ea76ac8"},"headline":"N\u00e1utico derrota Paran\u00e1 e volta a sonhar com a S\u00e9rie A","datePublished":"2014-09-26T20:28:33+00:00","dateModified":"2014-09-27T21:30:54+00:00","mainEntityOfPage":{"@id":"https:\/\/www.notibras.com\/site\/nautico-derrota-parana-e-volta-a-sonhar-com-a-serie-a\/"},"wordCount":364,"commentCount":0,"publisher":{"@id":"https:\/\/www.notibras.com\/site\/#organization"},"image":{"@id":"https:\/\/www.notibras.com\/site\/nautico-derrota-parana-e-volta-a-sonhar-com-a-serie-a\/#primaryimage"},"thumbnailUrl":"https:\/\/www.notibras.com\/site\/wp-content\/uploads\/2014\/09\/esp22.jpg","articleSection":["Esportes","Futebol"],"inLanguage":"pt-BR","potentialAction":[{"@type":"CommentAction","name":"Comment","target":["https:\/\/www.notibras.com\/site\/nautico-derrota-parana-e-volta-a-sonhar-com-a-serie-a\/#respond"]}]},{"@type":"WebPage","@id":"https:\/\/www.notibras.com\/site\/nautico-derrota-parana-e-volta-a-sonhar-com-a-serie-a\/","url":"https:\/\/www.notibras.com\/site\/nautico-derrota-parana-e-volta-a-sonhar-com-a-serie-a\/","name":"N\u00e1utico derrota Paran\u00e1 e volta a sonhar com a S\u00e9rie A - Notibras","isPartOf":{"@id":"https:\/\/www.notibras.com\/site\/#website"},"primaryImageOfPage":{"@id":"https:\/\/www.notibras.com\/site\/nautico-derrota-parana-e-volta-a-sonhar-com-a-serie-a\/#primaryimage"},"image":{"@id":"https:\/\/www.notibras.com\/site\/nautico-derrota-parana-e-volta-a-sonhar-com-a-serie-a\/#primaryimage"},"thumbnailUrl":"https:\/\/www.notibras.com\/site\/wp-content\/uploads\/2014\/09\/esp22.jpg","datePublished":"2014-09-26T20:28:33+00:00","dateModified":"2014-09-27T21:30:54+00:00","breadcrumb":{"@id":"https:\/\/www.notibras.com\/site\/nautico-derrota-parana-e-volta-a-sonhar-com-a-serie-a\/#breadcrumb"},"inLanguage":"pt-BR","potentialAction":[{"@type":"ReadAction","target":["https:\/\/www.notibras.com\/site\/nautico-derrota-parana-e-volta-a-sonhar-com-a-serie-a\/"]}]},{"@type":"ImageObject","inLanguage":"pt-BR","@id":"https:\/\/www.notibras.com\/site\/nautico-derrota-parana-e-volta-a-sonhar-com-a-serie-a\/#primaryimage","url":"https:\/\/www.notibras.com\/site\/wp-content\/uploads\/2014\/09\/esp22.jpg","contentUrl":"https:\/\/www.notibras.com\/site\/wp-content\/uploads\/2014\/09\/esp22.jpg","width":750,"height":500},{"@type":"BreadcrumbList","@id":"https:\/\/www.notibras.com\/site\/nautico-derrota-parana-e-volta-a-sonhar-com-a-serie-a\/#breadcrumb","itemListElement":[{"@type":"ListItem","position":1,"name":"In\u00edcio","item":"https:\/\/www.notibras.com\/site\/"},{"@type":"ListItem","position":2,"name":"N\u00e1utico derrota Paran\u00e1 e volta a sonhar com a S\u00e9rie A"}]},{"@type":"WebSite","@id":"https:\/\/www.notibras.com\/site\/#website","url":"https:\/\/www.notibras.com\/site\/","name":"Notibras","description":"Not\u00edcias de Bras\u00edlia, do Brasil e do Mundo","publisher":{"@id":"https:\/\/www.notibras.com\/site\/#organization"},"potentialAction":[{"@type":"SearchAction","target":{"@type":"EntryPoint","urlTemplate":"https:\/\/www.notibras.com\/site\/?s={search_term_string}"},"query-input":{"@type":"PropertyValueSpecification","valueRequired":true,"valueName":"search_term_string"}}],"inLanguage":"pt-BR"},{"@type":"Organization","@id":"https:\/\/www.notibras.com\/site\/#organization","name":"Grupo Notibras de Comunica\u00e7\u00e3o","url":"https:\/\/www.notibras.com\/site\/","logo":{"@type":"ImageObject","inLanguage":"pt-BR","@id":"https:\/\/www.notibras.com\/site\/#\/schema\/logo\/image\/","url":"https:\/\/www.notibras.com\/site\/wp-content\/uploads\/2023\/01\/notibras23.png","contentUrl":"https:\/\/www.notibras.com\/site\/wp-content\/uploads\/2023\/01\/notibras23.png","width":350,"height":87,"caption":"Grupo Notibras de Comunica\u00e7\u00e3o"},"image":{"@id":"https:\/\/www.notibras.com\/site\/#\/schema\/logo\/image\/"},"sameAs":["https:\/\/www.facebook.com\/notibras\/","https:\/\/x.com\/Notibras","https:\/\/www.instagram.com\/notibras\/"]},{"@type":"Person","@id":"https:\/\/www.notibras.com\/site\/#\/schema\/person\/36ab0979449956132d3e5b517ea76ac8","name":"Reda\u00e7\u00e3o","image":{"@type":"ImageObject","inLanguage":"pt-BR","@id":"https:\/\/secure.gravatar.com\/avatar\/e0a867bdedb85fd243eadf09663511f96fc81e0720a4a42581f334ad4303aa6b?s=96&d=mm&r=g","url":"https:\/\/secure.gravatar.com\/avatar\/e0a867bdedb85fd243eadf09663511f96fc81e0720a4a42581f334ad4303aa6b?s=96&d=mm&r=g","contentUrl":"https:\/\/secure.gravatar.com\/avatar\/e0a867bdedb85fd243eadf09663511f96fc81e0720a4a42581f334ad4303aa6b?s=96&d=mm&r=g","caption":"Reda\u00e7\u00e3o"}}]}},"amp_enabled":true,"_links":{"self":[{"href":"https:\/\/www.notibras.com\/site\/wp-json\/wp\/v2\/posts\/23243","targetHints":{"allow":["GET"]}}],"collection":[{"href":"https:\/\/www.notibras.com\/site\/wp-json\/wp\/v2\/posts"}],"about":[{"href":"https:\/\/www.notibras.com\/site\/wp-json\/wp\/v2\/types\/post"}],"author":[{"embeddable":true,"href":"https:\/\/www.notibras.com\/site\/wp-json\/wp\/v2\/users\/2"}],"replies":[{"embeddable":true,"href":"https:\/\/www.notibras.com\/site\/wp-json\/wp\/v2\/comments?post=23243"}],"version-history":[{"count":0,"href":"https:\/\/www.notibras.com\/site\/wp-json\/wp\/v2\/posts\/23243\/revisions"}],"wp:featuredmedia":[{"embeddable":true,"href":"https:\/\/www.notibras.com\/site\/wp-json\/wp\/v2\/media\/23244"}],"wp:attachment":[{"href":"https:\/\/www.notibras.com\/site\/wp-json\/wp\/v2\/media?parent=23243"}],"wp:term":[{"taxonomy":"category","embeddable":true,"href":"https:\/\/www.notibras.com\/site\/wp-json\/wp\/v2\/categories?post=23243"},{"taxonomy":"post_tag","embeddable":true,"href":"https:\/\/www.notibras.com\/site\/wp-json\/wp\/v2\/tags?post=23243"}],"curies":[{"name":"wp","href":"https:\/\/api.w.org\/{rel}","templated":true}]}}