{"id":23269,"date":"2014-09-27T20:46:36","date_gmt":"2014-09-27T23:46:36","guid":{"rendered":"http:\/\/www.notibras.com\/site\/?p=23269"},"modified":"2014-09-27T21:50:12","modified_gmt":"2014-09-28T00:50:12","slug":"empate-com-a-chapecoense-tira-o-criciuma-da-lanterna","status":"publish","type":"post","link":"https:\/\/www.notibras.com\/site\/empate-com-a-chapecoense-tira-o-criciuma-da-lanterna\/","title":{"rendered":"Empate com a Chapecoense tira o Crici\u00fama da lanterna"},"content":{"rendered":"<p class=\"text\">A Chapecoense recebeu o Crici\u00fama, ent\u00e3o lanterna da S\u00e9rie A do Campeonato Brasileiro, neste s\u00e1bado, na Arena Cond\u00e1, e cedeu o empate\u00a0por 1 a 1, em jogo disputado e com duas expuls\u00f5es, uma para cada lado.<\/p>\n<p class=\"text\">A equipe da\u00a0casa saiu na frente, no primeiro tempo, com Leandro, mas deixou escapar a vit\u00f3ria que poderia dar f\u00f4lego no campeonato (soma 28 pontos, no 14\u00ba lugar).<\/p>\n<p class=\"text\">Apesar de ter arrancado o empate, com gol de Souza na segunda etapa, o resultado foi ruim para o Crici\u00fama, que deixa a \u00faltima posi\u00e7\u00e3o, mas ainda continua na zona da degola, com 24 pontos.<\/p>\n<p class=\"text\">Nos in\u00edcio da partida, as equipes marcavam forte e n\u00e3o davam espa\u00e7os ao advers\u00e1rio. A falta de qualidade t\u00e9cnica se refletia na quantidade de erros de passes cometidos e nas liga\u00e7\u00f5es diretas. A primeira finaliza\u00e7\u00e3o do jogo aconteceu\u00a0somente\u00a0aos 12min: Camilo chutou ao gol do Crici\u00fama, mas a bola saiu sem dire\u00e7\u00e3o.<\/p>\n<blockquote>\n<p class=\"text\">A partida seguia equilibrada, mas a Chapecoense era um pouco superior e demonstrou isso aos 23min. Ap\u00f3s cruzamento de Rodrigo Biro, Leandro dominou e bateu forte, abrindo o placar em Chapec\u00f3.<\/p>\n<\/blockquote>\n<p class=\"text\">Ap\u00f3s o gol, o time da casa tomou as r\u00e9deas e criou as melhores chances. Em bela bicicleta, Camilo quase ampliou. No fim do primeiro tempo, no entanto, o clima esquentou. Z\u00e9 Carlos, dos visitantes, e Bruno Silva, dos anfitri\u00f5es,\u00a0se estranharam e foram expulsos.<\/p>\n<p class=\"text\">O segundo tempo se iniciou e os erros de passe continuavam. No entanto, o Crici\u00fama equilibrou as a\u00e7\u00f5es e criou situa\u00e7\u00f5es de gol em jogadas de bola parada. Aos 8min, ap\u00f3s cruzamento de Rodrigo Souza, Souza, que havia entrado no intervalo, cabeceou para empatar.<\/p>\n<p class=\"text\">O confronto seguiu faltoso e truncado. Pela falta de criatividade, as melhores chances eram criadas em cruzamentos e nas bolas paradas. O Crici\u00fama seguia controlando o jogo e teve a tarefa facilitada pela falta de \u00edmpeto da Chapecoense, que desperdi\u00e7ou muitas chances.\u00a0Aos 48min, Souza ainda perdeu gol incr\u00edvel. Ap\u00f3s driblar o goleiro Bruno, o atacante do Crici\u00fama chutou na trave, definindo a igualdade no placar.<\/p>\n","protected":false},"excerpt":{"rendered":"<p>A Chapecoense recebeu o Crici\u00fama, ent\u00e3o lanterna da S\u00e9rie A do Campeonato Brasileiro, neste s\u00e1bado, na Arena Cond\u00e1, e cedeu o empate\u00a0por 1 a 1, em jogo disputado e com duas expuls\u00f5es, uma para cada lado. A equipe da\u00a0casa saiu na frente, no primeiro tempo, com Leandro, mas deixou escapar a vit\u00f3ria que poderia dar [&hellip;]<\/p>\n","protected":false},"author":2,"featured_media":23270,"comment_status":"open","ping_status":"closed","sticky":false,"template":"","format":"standard","meta":{"_acf_changed":false,"footnotes":""},"categories":[19,29],"tags":[],"class_list":["post-23269","post","type-post","status-publish","format-standard","has-post-thumbnail","hentry","category-esportes","category-futebol"],"acf":[],"yoast_head":"<!-- This site is optimized with the Yoast SEO plugin v27.2 - https:\/\/yoast.com\/product\/yoast-seo-wordpress\/ -->\n<title>Empate com a Chapecoense tira o Crici\u00fama da lanterna - Notibras<\/title>\n<meta name=\"robots\" content=\"index, follow, max-snippet:-1, max-image-preview:large, max-video-preview:-1\" \/>\n<link rel=\"canonical\" href=\"https:\/\/www.notibras.com\/site\/empate-com-a-chapecoense-tira-o-criciuma-da-lanterna\/\" \/>\n<meta property=\"og:locale\" content=\"pt_BR\" \/>\n<meta property=\"og:type\" content=\"article\" \/>\n<meta property=\"og:title\" content=\"Empate com a Chapecoense tira o Crici\u00fama da lanterna - Notibras\" \/>\n<meta property=\"og:description\" content=\"A Chapecoense recebeu o Crici\u00fama, ent\u00e3o lanterna da S\u00e9rie A do Campeonato Brasileiro, neste s\u00e1bado, na Arena Cond\u00e1, e cedeu o empate\u00a0por 1 a 1, em jogo disputado e com duas expuls\u00f5es, uma para cada lado. A equipe da\u00a0casa saiu na frente, no primeiro tempo, com Leandro, mas deixou escapar a vit\u00f3ria que poderia dar [&hellip;]\" \/>\n<meta property=\"og:url\" content=\"https:\/\/www.notibras.com\/site\/empate-com-a-chapecoense-tira-o-criciuma-da-lanterna\/\" \/>\n<meta property=\"og:site_name\" content=\"Notibras\" \/>\n<meta property=\"article:publisher\" content=\"https:\/\/www.facebook.com\/notibras\/\" \/>\n<meta property=\"article:published_time\" content=\"2014-09-27T23:46:36+00:00\" \/>\n<meta property=\"article:modified_time\" content=\"2014-09-28T00:50:12+00:00\" \/>\n<meta property=\"og:image\" content=\"https:\/\/www.notibras.com\/site\/wp-content\/uploads\/2014\/09\/leandrochapecoensefestaalanpedrogetty.jpg\" \/>\n\t<meta property=\"og:image:width\" content=\"460\" \/>\n\t<meta property=\"og:image:height\" content=\"340\" \/>\n\t<meta property=\"og:image:type\" content=\"image\/jpeg\" \/>\n<meta name=\"author\" content=\"Reda\u00e7\u00e3o\" \/>\n<meta name=\"twitter:card\" content=\"summary_large_image\" \/>\n<meta name=\"twitter:creator\" content=\"@Notibras\" \/>\n<meta name=\"twitter:site\" content=\"@Notibras\" \/>\n<meta name=\"twitter:label1\" content=\"Escrito por\" \/>\n\t<meta name=\"twitter:data1\" content=\"Reda\u00e7\u00e3o\" \/>\n\t<meta name=\"twitter:label2\" content=\"Est. tempo de leitura\" \/>\n\t<meta name=\"twitter:data2\" content=\"2 minutos\" \/>\n<script type=\"application\/ld+json\" class=\"yoast-schema-graph\">{\"@context\":\"https:\/\/schema.org\",\"@graph\":[{\"@type\":\"Article\",\"@id\":\"https:\/\/www.notibras.com\/site\/empate-com-a-chapecoense-tira-o-criciuma-da-lanterna\/#article\",\"isPartOf\":{\"@id\":\"https:\/\/www.notibras.com\/site\/empate-com-a-chapecoense-tira-o-criciuma-da-lanterna\/\"},\"author\":{\"name\":\"Reda\u00e7\u00e3o\",\"@id\":\"https:\/\/www.notibras.com\/site\/#\/schema\/person\/36ab0979449956132d3e5b517ea76ac8\"},\"headline\":\"Empate com a Chapecoense tira o Crici\u00fama da lanterna\",\"datePublished\":\"2014-09-27T23:46:36+00:00\",\"dateModified\":\"2014-09-28T00:50:12+00:00\",\"mainEntityOfPage\":{\"@id\":\"https:\/\/www.notibras.com\/site\/empate-com-a-chapecoense-tira-o-criciuma-da-lanterna\/\"},\"wordCount\":376,\"commentCount\":0,\"publisher\":{\"@id\":\"https:\/\/www.notibras.com\/site\/#organization\"},\"image\":{\"@id\":\"https:\/\/www.notibras.com\/site\/empate-com-a-chapecoense-tira-o-criciuma-da-lanterna\/#primaryimage\"},\"thumbnailUrl\":\"https:\/\/www.notibras.com\/site\/wp-content\/uploads\/2014\/09\/leandrochapecoensefestaalanpedrogetty.jpg\",\"articleSection\":[\"Esportes\",\"Futebol\"],\"inLanguage\":\"pt-BR\",\"potentialAction\":[{\"@type\":\"CommentAction\",\"name\":\"Comment\",\"target\":[\"https:\/\/www.notibras.com\/site\/empate-com-a-chapecoense-tira-o-criciuma-da-lanterna\/#respond\"]}]},{\"@type\":\"WebPage\",\"@id\":\"https:\/\/www.notibras.com\/site\/empate-com-a-chapecoense-tira-o-criciuma-da-lanterna\/\",\"url\":\"https:\/\/www.notibras.com\/site\/empate-com-a-chapecoense-tira-o-criciuma-da-lanterna\/\",\"name\":\"Empate com a Chapecoense tira o Crici\u00fama da lanterna - Notibras\",\"isPartOf\":{\"@id\":\"https:\/\/www.notibras.com\/site\/#website\"},\"primaryImageOfPage\":{\"@id\":\"https:\/\/www.notibras.com\/site\/empate-com-a-chapecoense-tira-o-criciuma-da-lanterna\/#primaryimage\"},\"image\":{\"@id\":\"https:\/\/www.notibras.com\/site\/empate-com-a-chapecoense-tira-o-criciuma-da-lanterna\/#primaryimage\"},\"thumbnailUrl\":\"https:\/\/www.notibras.com\/site\/wp-content\/uploads\/2014\/09\/leandrochapecoensefestaalanpedrogetty.jpg\",\"datePublished\":\"2014-09-27T23:46:36+00:00\",\"dateModified\":\"2014-09-28T00:50:12+00:00\",\"breadcrumb\":{\"@id\":\"https:\/\/www.notibras.com\/site\/empate-com-a-chapecoense-tira-o-criciuma-da-lanterna\/#breadcrumb\"},\"inLanguage\":\"pt-BR\",\"potentialAction\":[{\"@type\":\"ReadAction\",\"target\":[\"https:\/\/www.notibras.com\/site\/empate-com-a-chapecoense-tira-o-criciuma-da-lanterna\/\"]}]},{\"@type\":\"ImageObject\",\"inLanguage\":\"pt-BR\",\"@id\":\"https:\/\/www.notibras.com\/site\/empate-com-a-chapecoense-tira-o-criciuma-da-lanterna\/#primaryimage\",\"url\":\"https:\/\/www.notibras.com\/site\/wp-content\/uploads\/2014\/09\/leandrochapecoensefestaalanpedrogetty.jpg\",\"contentUrl\":\"https:\/\/www.notibras.com\/site\/wp-content\/uploads\/2014\/09\/leandrochapecoensefestaalanpedrogetty.jpg\",\"width\":460,\"height\":340},{\"@type\":\"BreadcrumbList\",\"@id\":\"https:\/\/www.notibras.com\/site\/empate-com-a-chapecoense-tira-o-criciuma-da-lanterna\/#breadcrumb\",\"itemListElement\":[{\"@type\":\"ListItem\",\"position\":1,\"name\":\"In\u00edcio\",\"item\":\"https:\/\/www.notibras.com\/site\/\"},{\"@type\":\"ListItem\",\"position\":2,\"name\":\"Empate com a Chapecoense tira o Crici\u00fama da lanterna\"}]},{\"@type\":\"WebSite\",\"@id\":\"https:\/\/www.notibras.com\/site\/#website\",\"url\":\"https:\/\/www.notibras.com\/site\/\",\"name\":\"Notibras\",\"description\":\"Not\u00edcias de Bras\u00edlia, do Brasil e do Mundo\",\"publisher\":{\"@id\":\"https:\/\/www.notibras.com\/site\/#organization\"},\"potentialAction\":[{\"@type\":\"SearchAction\",\"target\":{\"@type\":\"EntryPoint\",\"urlTemplate\":\"https:\/\/www.notibras.com\/site\/?s={search_term_string}\"},\"query-input\":{\"@type\":\"PropertyValueSpecification\",\"valueRequired\":true,\"valueName\":\"search_term_string\"}}],\"inLanguage\":\"pt-BR\"},{\"@type\":\"Organization\",\"@id\":\"https:\/\/www.notibras.com\/site\/#organization\",\"name\":\"Grupo Notibras de Comunica\u00e7\u00e3o\",\"url\":\"https:\/\/www.notibras.com\/site\/\",\"logo\":{\"@type\":\"ImageObject\",\"inLanguage\":\"pt-BR\",\"@id\":\"https:\/\/www.notibras.com\/site\/#\/schema\/logo\/image\/\",\"url\":\"https:\/\/www.notibras.com\/site\/wp-content\/uploads\/2023\/01\/notibras23.png\",\"contentUrl\":\"https:\/\/www.notibras.com\/site\/wp-content\/uploads\/2023\/01\/notibras23.png\",\"width\":350,\"height\":87,\"caption\":\"Grupo Notibras de Comunica\u00e7\u00e3o\"},\"image\":{\"@id\":\"https:\/\/www.notibras.com\/site\/#\/schema\/logo\/image\/\"},\"sameAs\":[\"https:\/\/www.facebook.com\/notibras\/\",\"https:\/\/x.com\/Notibras\",\"https:\/\/www.instagram.com\/notibras\/\"]},{\"@type\":\"Person\",\"@id\":\"https:\/\/www.notibras.com\/site\/#\/schema\/person\/36ab0979449956132d3e5b517ea76ac8\",\"name\":\"Reda\u00e7\u00e3o\",\"image\":{\"@type\":\"ImageObject\",\"inLanguage\":\"pt-BR\",\"@id\":\"https:\/\/secure.gravatar.com\/avatar\/e0a867bdedb85fd243eadf09663511f96fc81e0720a4a42581f334ad4303aa6b?s=96&d=mm&r=g\",\"url\":\"https:\/\/secure.gravatar.com\/avatar\/e0a867bdedb85fd243eadf09663511f96fc81e0720a4a42581f334ad4303aa6b?s=96&d=mm&r=g\",\"contentUrl\":\"https:\/\/secure.gravatar.com\/avatar\/e0a867bdedb85fd243eadf09663511f96fc81e0720a4a42581f334ad4303aa6b?s=96&d=mm&r=g\",\"caption\":\"Reda\u00e7\u00e3o\"}}]}<\/script>\n<!-- \/ Yoast SEO plugin. -->","yoast_head_json":{"title":"Empate com a Chapecoense tira o Crici\u00fama da lanterna - Notibras","robots":{"index":"index","follow":"follow","max-snippet":"max-snippet:-1","max-image-preview":"max-image-preview:large","max-video-preview":"max-video-preview:-1"},"canonical":"https:\/\/www.notibras.com\/site\/empate-com-a-chapecoense-tira-o-criciuma-da-lanterna\/","og_locale":"pt_BR","og_type":"article","og_title":"Empate com a Chapecoense tira o Crici\u00fama da lanterna - Notibras","og_description":"A Chapecoense recebeu o Crici\u00fama, ent\u00e3o lanterna da S\u00e9rie A do Campeonato Brasileiro, neste s\u00e1bado, na Arena Cond\u00e1, e cedeu o empate\u00a0por 1 a 1, em jogo disputado e com duas expuls\u00f5es, uma para cada lado. A equipe da\u00a0casa saiu na frente, no primeiro tempo, com Leandro, mas deixou escapar a vit\u00f3ria que poderia dar [&hellip;]","og_url":"https:\/\/www.notibras.com\/site\/empate-com-a-chapecoense-tira-o-criciuma-da-lanterna\/","og_site_name":"Notibras","article_publisher":"https:\/\/www.facebook.com\/notibras\/","article_published_time":"2014-09-27T23:46:36+00:00","article_modified_time":"2014-09-28T00:50:12+00:00","og_image":[{"width":460,"height":340,"url":"https:\/\/www.notibras.com\/site\/wp-content\/uploads\/2014\/09\/leandrochapecoensefestaalanpedrogetty.jpg","type":"image\/jpeg"}],"author":"Reda\u00e7\u00e3o","twitter_card":"summary_large_image","twitter_creator":"@Notibras","twitter_site":"@Notibras","twitter_misc":{"Escrito por":"Reda\u00e7\u00e3o","Est. tempo de leitura":"2 minutos"},"schema":{"@context":"https:\/\/schema.org","@graph":[{"@type":"Article","@id":"https:\/\/www.notibras.com\/site\/empate-com-a-chapecoense-tira-o-criciuma-da-lanterna\/#article","isPartOf":{"@id":"https:\/\/www.notibras.com\/site\/empate-com-a-chapecoense-tira-o-criciuma-da-lanterna\/"},"author":{"name":"Reda\u00e7\u00e3o","@id":"https:\/\/www.notibras.com\/site\/#\/schema\/person\/36ab0979449956132d3e5b517ea76ac8"},"headline":"Empate com a Chapecoense tira o Crici\u00fama da lanterna","datePublished":"2014-09-27T23:46:36+00:00","dateModified":"2014-09-28T00:50:12+00:00","mainEntityOfPage":{"@id":"https:\/\/www.notibras.com\/site\/empate-com-a-chapecoense-tira-o-criciuma-da-lanterna\/"},"wordCount":376,"commentCount":0,"publisher":{"@id":"https:\/\/www.notibras.com\/site\/#organization"},"image":{"@id":"https:\/\/www.notibras.com\/site\/empate-com-a-chapecoense-tira-o-criciuma-da-lanterna\/#primaryimage"},"thumbnailUrl":"https:\/\/www.notibras.com\/site\/wp-content\/uploads\/2014\/09\/leandrochapecoensefestaalanpedrogetty.jpg","articleSection":["Esportes","Futebol"],"inLanguage":"pt-BR","potentialAction":[{"@type":"CommentAction","name":"Comment","target":["https:\/\/www.notibras.com\/site\/empate-com-a-chapecoense-tira-o-criciuma-da-lanterna\/#respond"]}]},{"@type":"WebPage","@id":"https:\/\/www.notibras.com\/site\/empate-com-a-chapecoense-tira-o-criciuma-da-lanterna\/","url":"https:\/\/www.notibras.com\/site\/empate-com-a-chapecoense-tira-o-criciuma-da-lanterna\/","name":"Empate com a Chapecoense tira o Crici\u00fama da lanterna - Notibras","isPartOf":{"@id":"https:\/\/www.notibras.com\/site\/#website"},"primaryImageOfPage":{"@id":"https:\/\/www.notibras.com\/site\/empate-com-a-chapecoense-tira-o-criciuma-da-lanterna\/#primaryimage"},"image":{"@id":"https:\/\/www.notibras.com\/site\/empate-com-a-chapecoense-tira-o-criciuma-da-lanterna\/#primaryimage"},"thumbnailUrl":"https:\/\/www.notibras.com\/site\/wp-content\/uploads\/2014\/09\/leandrochapecoensefestaalanpedrogetty.jpg","datePublished":"2014-09-27T23:46:36+00:00","dateModified":"2014-09-28T00:50:12+00:00","breadcrumb":{"@id":"https:\/\/www.notibras.com\/site\/empate-com-a-chapecoense-tira-o-criciuma-da-lanterna\/#breadcrumb"},"inLanguage":"pt-BR","potentialAction":[{"@type":"ReadAction","target":["https:\/\/www.notibras.com\/site\/empate-com-a-chapecoense-tira-o-criciuma-da-lanterna\/"]}]},{"@type":"ImageObject","inLanguage":"pt-BR","@id":"https:\/\/www.notibras.com\/site\/empate-com-a-chapecoense-tira-o-criciuma-da-lanterna\/#primaryimage","url":"https:\/\/www.notibras.com\/site\/wp-content\/uploads\/2014\/09\/leandrochapecoensefestaalanpedrogetty.jpg","contentUrl":"https:\/\/www.notibras.com\/site\/wp-content\/uploads\/2014\/09\/leandrochapecoensefestaalanpedrogetty.jpg","width":460,"height":340},{"@type":"BreadcrumbList","@id":"https:\/\/www.notibras.com\/site\/empate-com-a-chapecoense-tira-o-criciuma-da-lanterna\/#breadcrumb","itemListElement":[{"@type":"ListItem","position":1,"name":"In\u00edcio","item":"https:\/\/www.notibras.com\/site\/"},{"@type":"ListItem","position":2,"name":"Empate com a Chapecoense tira o Crici\u00fama da lanterna"}]},{"@type":"WebSite","@id":"https:\/\/www.notibras.com\/site\/#website","url":"https:\/\/www.notibras.com\/site\/","name":"Notibras","description":"Not\u00edcias de Bras\u00edlia, do Brasil e do Mundo","publisher":{"@id":"https:\/\/www.notibras.com\/site\/#organization"},"potentialAction":[{"@type":"SearchAction","target":{"@type":"EntryPoint","urlTemplate":"https:\/\/www.notibras.com\/site\/?s={search_term_string}"},"query-input":{"@type":"PropertyValueSpecification","valueRequired":true,"valueName":"search_term_string"}}],"inLanguage":"pt-BR"},{"@type":"Organization","@id":"https:\/\/www.notibras.com\/site\/#organization","name":"Grupo Notibras de Comunica\u00e7\u00e3o","url":"https:\/\/www.notibras.com\/site\/","logo":{"@type":"ImageObject","inLanguage":"pt-BR","@id":"https:\/\/www.notibras.com\/site\/#\/schema\/logo\/image\/","url":"https:\/\/www.notibras.com\/site\/wp-content\/uploads\/2023\/01\/notibras23.png","contentUrl":"https:\/\/www.notibras.com\/site\/wp-content\/uploads\/2023\/01\/notibras23.png","width":350,"height":87,"caption":"Grupo Notibras de Comunica\u00e7\u00e3o"},"image":{"@id":"https:\/\/www.notibras.com\/site\/#\/schema\/logo\/image\/"},"sameAs":["https:\/\/www.facebook.com\/notibras\/","https:\/\/x.com\/Notibras","https:\/\/www.instagram.com\/notibras\/"]},{"@type":"Person","@id":"https:\/\/www.notibras.com\/site\/#\/schema\/person\/36ab0979449956132d3e5b517ea76ac8","name":"Reda\u00e7\u00e3o","image":{"@type":"ImageObject","inLanguage":"pt-BR","@id":"https:\/\/secure.gravatar.com\/avatar\/e0a867bdedb85fd243eadf09663511f96fc81e0720a4a42581f334ad4303aa6b?s=96&d=mm&r=g","url":"https:\/\/secure.gravatar.com\/avatar\/e0a867bdedb85fd243eadf09663511f96fc81e0720a4a42581f334ad4303aa6b?s=96&d=mm&r=g","contentUrl":"https:\/\/secure.gravatar.com\/avatar\/e0a867bdedb85fd243eadf09663511f96fc81e0720a4a42581f334ad4303aa6b?s=96&d=mm&r=g","caption":"Reda\u00e7\u00e3o"}}]}},"amp_enabled":true,"_links":{"self":[{"href":"https:\/\/www.notibras.com\/site\/wp-json\/wp\/v2\/posts\/23269","targetHints":{"allow":["GET"]}}],"collection":[{"href":"https:\/\/www.notibras.com\/site\/wp-json\/wp\/v2\/posts"}],"about":[{"href":"https:\/\/www.notibras.com\/site\/wp-json\/wp\/v2\/types\/post"}],"author":[{"embeddable":true,"href":"https:\/\/www.notibras.com\/site\/wp-json\/wp\/v2\/users\/2"}],"replies":[{"embeddable":true,"href":"https:\/\/www.notibras.com\/site\/wp-json\/wp\/v2\/comments?post=23269"}],"version-history":[{"count":0,"href":"https:\/\/www.notibras.com\/site\/wp-json\/wp\/v2\/posts\/23269\/revisions"}],"wp:featuredmedia":[{"embeddable":true,"href":"https:\/\/www.notibras.com\/site\/wp-json\/wp\/v2\/media\/23270"}],"wp:attachment":[{"href":"https:\/\/www.notibras.com\/site\/wp-json\/wp\/v2\/media?parent=23269"}],"wp:term":[{"taxonomy":"category","embeddable":true,"href":"https:\/\/www.notibras.com\/site\/wp-json\/wp\/v2\/categories?post=23269"},{"taxonomy":"post_tag","embeddable":true,"href":"https:\/\/www.notibras.com\/site\/wp-json\/wp\/v2\/tags?post=23269"}],"curies":[{"name":"wp","href":"https:\/\/api.w.org\/{rel}","templated":true}]}}