{"id":23287,"date":"2014-09-28T10:38:10","date_gmt":"2014-09-28T13:38:10","guid":{"rendered":"http:\/\/www.notibras.com\/site\/?p=23287"},"modified":"2014-09-29T13:36:05","modified_gmt":"2014-09-29T16:36:05","slug":"a-sucessao-moniz-bandeira-adverte-roberto-amaral-tranquiliza","status":"publish","type":"post","link":"https:\/\/www.notibras.com\/site\/a-sucessao-moniz-bandeira-adverte-roberto-amaral-tranquiliza\/","title":{"rendered":"A sucess\u00e3o. Moniz Bandeira adverte; Amaral tranquiliza"},"content":{"rendered":"<p>Em nova carta ao presidente nacional do PSB, Roberto Amaral, o polit\u00f3logo Luiz Alberto Moniz Bandeira voltou a expressar preocupa\u00e7\u00e3o com o quadro sucess\u00f3rio brasileiro, ao alertar para a interfer\u00eancia da \u201cOpen Society Foundation, do magnata George Soros, a New Endowment for Democracy ou a pr\u00f3pria USAID, entre ONGs, que assumiram a fun\u00e7\u00e3o de promover regime change e patrocinaram as demonstra\u00e7\u00f5es da chamada Primavera \u00c1rabe e na pra\u00e7a Maidan, em Kiev, Ucr\u00e2nia\u201d, pois estariam por tr\u00e1s da candidatura da ex-senadora Marina Silva \u00e0 presid\u00eancia da Rep\u00fablica.<\/p>\n<p>\u201cTamb\u00e9m constituem fatos as declara\u00e7\u00f5es da Sra. Marina Silva, em favor da privatiza\u00e7\u00e3o do Banco Central, contra o Mercosul, de interfer\u00eancia nos assuntos internos de Cuba, contrariando as linhas da pol\u00edtica exterior do Brasil e, inter alia, de realinhamento com as diretrizes de Washington. Elas n\u00e3o s\u00e3o compat\u00edveis com as tradicionais linhas ideol\u00f3gicas do PSB, do qual fui membro antes do golpe militar de 1964\u2033, ressalta Moniz Bandeira.<\/p>\n<p>Na resposta \u00e0 primeira carta de Moniz, o professor Roberto Amaral assegurou: \u201cO PSB n\u00e3o abandonar\u00e1 o embate contra as desigualdades sociais, pela reforma agr\u00e1ria, pela defesa do meio-ambiente, pelo dom\u00ednio de novas tecnologias, pela amplia\u00e7\u00e3o e melhoria do sistema de ensino e pela seguran\u00e7a do cidad\u00e3o; n\u00e3o renunciar\u00e1 \u00e0 luta pelos grandes projetos estrat\u00e9gicos, sejam os de infraestrutura para o desenvolvimento social e econ\u00f4mico, sejam os que dar\u00e3o suporte ao seu papel como ator global. Aqui me refiro, inclusive, \u00e0s iniciativas que respaldar\u00e3o militarmente a pol\u00edtica externa soberana e \u00e0 aproxima\u00e7\u00e3o com nossos irm\u00e3os africanos e latino-americanos.<\/p>\n<p>Prezado Professor Roberto Amaral:<br \/>\nRogo-lhe que, por favor, n\u00e3o tergiverse.<\/p>\n<p>N\u00e3o mais se trata de premoni\u00e7\u00e3o, mas de fato. Algo que previ (n\u00e3o sabia o que), a partir de alguns acontecimentos e circunst\u00e2ncias, e confirmou-se, infelizmente, sob a forma de um desastre de avi\u00e3o, acidental ou n\u00e3o. Nada se pode afirmar, mas tudo se pode supor. No caso, tudo \u00e9 poss\u00edvel.<\/p>\n<p>A Sra. Marina Silva, que tinha um percentual maior de inten\u00e7\u00f5es de voto, tornou-se assim a candidata \u00e0 presid\u00eancia do Brasil, na legenda do PSB, que a abrigou.<\/p>\n<p>Desde meus 15\/16 estive envolvido nos meios pol\u00edticos, trabalhei sempre nessa \u00e1rea, em v\u00e1rios jornais, e a partir do in\u00edcio de 1960, quando tinha apenas 24 anos e a completar os estudos de Direito, desempenhei a fun\u00e7\u00e3o de editor e analista pol\u00edtico do Di\u00e1rio de Not\u00edcias, do Rio de Janeiro, at\u00e9 o golpe de 1964, ap\u00f3s o qual asilei-me no Uruguai juntamente com o presidente Jo\u00e3o Goulart e centenas de outros.<\/p>\n<p>Em tais circunst\u00e2ncias, com a experi\u00eancia de milit\u00e2ncia contra a ditadura, que me levou a passar dez anos de minha vida entre exilado, clandestino, semiclandestino e preso (dois anos) pelo CENIMAR, de cujo pelot\u00e3o participava um americano, bem como com o conhecimento da realidade internacional, o que previ foi a possibilidade de que algo (n\u00e3o imaginava o que) pudesse incapacitar o governador Eduardo Campos, cuja candidatura me parecia invi\u00e1verl, e que eventualmente a Sra. Marina Silva assumisse a cabe\u00e7a da chapa.<\/p>\n<p>E aconteceu.<\/p>\n<p>A Sra. Marina j\u00e1 havia disputado da elei\u00e7\u00e3o de 2010 e obtivera uma expressiva quantidade de votos. Novamente, nas pesquisas para o pleito desse ano, 2014, manteve um percentual de inten\u00e7\u00f5es de voto superior ao do governador A\u00e9cio Neves, para o qual n\u00e3o se vislumbrava perspectiva de vit\u00f3ria. Da\u00ed \u00e9 poss\u00edvel inferir que ela se tornou a esperan\u00e7a das for\u00e7as mais conservadoras do pa\u00eds, acobertada pela hist\u00f3rica legenda do PSB.<\/p>\n<p>\u00c9 fato que a Sra. Marina Silva acervou em tr\u00eas anos R$ 1,6 milh\u00e3o (um milh\u00e3o e seiscentos mil reais), apenas com confer\u00eancias, e se recusa a revelar a fontes que tanto lhes pagaram, alegando exig\u00eancia de confidencialidade, conforme a Folha de S\u00e3o Paulo noticiou.<\/p>\n<p>Por que a confidencialidade? As fontes n\u00e3o constam de suas declara\u00e7\u00f5es anuais de imposto de renda? Por que n\u00e3o as revela publicamente, como requereu a Folha de S\u00e3o Paulo? \u00c9 estranho.<\/p>\n<p>O segredo induz \u00e0 desconfian\u00e7a de que algumas das fontes possam ser a Open Society Foundation, do magnata George Soros, a New Endowment for Democracy ou a pr\u00f3pria USAID, entre ONGs, que assumiram a fun\u00e7\u00e3o de promover regime change e patrocinaram as demonstra\u00e7\u00f5es da chamada Primavera \u00c1rabe e na pra\u00e7a Maidan, em Kiev, Ucr\u00e2nia.<\/p>\n<p>Tudo se pode imaginar.<\/p>\n<p>Tamb\u00e9m constituem fatos as declara\u00e7\u00f5es da Sra. Marina Silva, em favor da privatiza\u00e7\u00e3o do Banco Central, contra o Mercosul, de interfer\u00eancia nos assuntos internos de Cuba, contrariando as linhas da pol\u00edtica exterior do Brasil e, inter alia, de realinhamento com as diretrizes de Washington. Elas n\u00e3o s\u00e3o compat\u00edveis com as tradicionais linhas ideol\u00f3gicas do PSB, do qual fui membro antes do golpe militar de 1964.<\/p>\n<p>A segunda carta de Moniz Bandeira a Roberto Amaral (em seguida, vem o texto completo de Roberto Amaral)<\/p>\n<p>Confome consta no texto da entrevista que concedeu \u00e0 Associated Press e publicada pelo jornal Latin Post, em 18 de setembro de 2014, as rela\u00e7\u00f5es do Brasil com \u201cCuba, China, Iran and Venezuela may see a different focus if Silva becomes president\u201d, o que significa que o pa\u00eds se submeter\u00e1 \u00e0s diretrizes Washington.<\/p>\n<p>N\u00e3o sem motivo Michael Shifter, presidente da entidade Inter-American Dialogue, com sede em Washinton, declarou: \u201cIf elected, she has such a remarkable personal story that she\u2019d come to the presidency with a lot of legitimacy, tremendous excitement and high expectations\u201d.<\/p>\n<p>O Brasil \u00e9 um dos fundadores do banco dos BRICS, cujo objetivo \u00e9 criar um novo sistema financeiro e sair da \u00e1rea de predomin\u00e2ncia do d\u00f3lar, como fiat currency, \u00fanica moeda internacional de reserva, com qual se processam mais de 60% ou 7% das transa\u00e7\u00f5es de \u00f3leo e g\u00e1s, o alicerce da hegemonia pol\u00edtica e militar dos Estados Unidos, que somente Federal Reserve Bank, em Washington, pode imprimir.<\/p>\n<p>Como o key-country da Am\u00e9rica do Sul, o Brasil, por conseguinte, configura um campo da batalha da nova guerra fria e da\u00ed a necessidade de regime change, por via eleitoral, ap\u00f3s as demonstra\u00e7\u00f5es de junho de 2013 e outras, que t\u00e3o espont\u00e2neas certamente n\u00e3o foram, embora justas causas e raz\u00f5es houvesse, mas desde muitas d\u00e9cadas antes.<\/p>\n<p>Por fim, n\u00e3o se pode descartar a forte probabilidade de que Sra. Marina Silva, se eleita, renuncie \u00e0 produ\u00e7\u00e3o de ur\u00e2nio enriquecido, para concorrer no mercado internacional, ao programa do submarino nuclear e de rearmamento das For\u00e7as Amadas do Brasil, de modo a recompor suas rela\u00e7\u00f5es com os Estados Unidos.<\/p>\n<p>Carta de Amaral a Moniz<\/p>\n<p>Rio de Janeiro, 26 de setembro de 2014<\/p>\n<p>Estimado professor Moniz Bandeira<\/p>\n<p>Respondo \u00e0 sua carta-aberta, enviada de seu privilegiado posto de observa\u00e7\u00e3o em St. Leon-Rot, Alemanha. Devo-lhe respeito e admira\u00e7\u00e3o. Acompanho sua produ\u00e7\u00e3o liter\u00e1ria. Dela \u00e9 devedor nosso pa\u00eds. Considero sua liberdade e independ\u00eancia intelectuais, de \u201clivre pensador\u201d, condi\u00e7\u00e3o que n\u00e3o posso arguir. Militante engajado, tenho compromissos com projetos, ideias e valores expressos em programa partid\u00e1rio que n\u00e3o pode ser alterado ao sabor de especula\u00e7\u00f5es como a de que a queda de uma aeronave resultou de conspira\u00e7\u00e3o estrangeira. Tampouco posso guiar-me por \u201cpremoni\u00e7\u00f5es\u201d. A famosa \u2018realidade objetiva\u2019 n\u00e3o me permite. O processo pol\u00edtico-partid\u00e1rio, mesmo sem o \u201ccentralismo democr\u00e1tico\u201d, imp\u00f5e limites ao millordiano \u201clivre pensar \u00e9 s\u00f3 pensar\u201d.<\/p>\n<p>Certamente, o professor ainda admira aquele autor que escreveu: \u201cOs homens fazem a sua pr\u00f3pria hist\u00f3ria, mas n\u00e3o a fazem como querem, n\u00e3o a fazem sob circunst\u00e2ncias de sua escolha e sim sob aquelas com que se defrontam diretamente, legadas e transmitidas pelo passado\u201d. Caminhei, da juventude no antigo PCB, para, na maturidade, refundar o PSB ao lado de Ant\u00f4nio Houaiss, Jamil Haddad e, a partir de 1990, Miguel Arraes. Constru\u00edmos permanentemente, no Partido, pontes para o futuro.<\/p>\n<p>O PSB n\u00e3o abandonar\u00e1 o embate contra as desigualdades sociais, pela reforma agr\u00e1ria, pela defesa do meio-ambiente, pelo dom\u00ednio de novas tecnologias, pela amplia\u00e7\u00e3o e melhoria do sistema de ensino e pela seguran\u00e7a do cidad\u00e3o; n\u00e3o renunciar\u00e1 \u00e0 luta pelos grandes projetos estrat\u00e9gicos, sejam os de infraestrutura para o desenvolvimento social e econ\u00f4mico, sejam os que dar\u00e3o suporte ao seu papel como ator global. Aqui me refiro, inclusive, \u00e0s iniciativas que respaldar\u00e3o militarmente a pol\u00edtica externa soberana e \u00e0 aproxima\u00e7\u00e3o com nossos irm\u00e3os africanos e latino-americanos.<\/p>\n<p>O PSB n\u00e3o arrefecer\u00e1 seu compromisso de atuar como protagonista na constru\u00e7\u00e3o da na\u00e7\u00e3o brasileira e n\u00e3o far\u00e1 concess\u00f5es aos desvios do patrim\u00f4nio p\u00fablico. Renunciaria, ai sim, \u00e0 presid\u00eancia do PSB caso essas proposi\u00e7\u00f5es fossem abandonadas. No calor de campanhas eleitorais sobram boatos e acusa\u00e7\u00f5es sem eira nem beira. Elei\u00e7\u00f5es passam, professor, o pa\u00eds fica; o processo hist\u00f3rico segue sua marcha, a pol\u00edtica sobrevive, os partidos ficam. Alguns, com ide\u00e1rios descaracterizados; outros, mais apegados aos seus princ\u00edpios. Como dirigente do PSB, cabe-me zelar pelo cumprimento de nossos compromissos program\u00e1ticos, observada a realidade objetiva. \u00c9 o que farei. Mancharia minha biografia se, acossado por premoni\u00e7\u00f5es e pela libertinagem do \u201clivre pensar\u201d, optasse pela c\u00f4moda retirada nesse momento t\u00e3o rico da constru\u00e7\u00e3o da democracia brasileira.<\/p>\n<p>Com apre\u00e7o, Roberto Amaral Presidente do Partido Socialista Brasileiro<\/p>\n<p><strong>Leite Filho<\/strong><\/p>\n","protected":false},"excerpt":{"rendered":"<p>Em nova carta ao presidente nacional do PSB, Roberto Amaral, o polit\u00f3logo Luiz Alberto Moniz Bandeira voltou a expressar preocupa\u00e7\u00e3o com o quadro sucess\u00f3rio brasileiro, ao alertar para a interfer\u00eancia da \u201cOpen Society Foundation, do magnata George Soros, a New Endowment for Democracy ou a pr\u00f3pria USAID, entre ONGs, que assumiram a fun\u00e7\u00e3o de promover [&hellip;]<\/p>\n","protected":false},"author":2,"featured_media":23288,"comment_status":"open","ping_status":"closed","sticky":false,"template":"","format":"standard","meta":{"_acf_changed":false,"footnotes":""},"categories":[25],"tags":[],"class_list":["post-23287","post","type-post","status-publish","format-standard","has-post-thumbnail","hentry","category-opina-ai"],"acf":[],"yoast_head":"<!-- This site is optimized with the Yoast SEO plugin v27.5 - https:\/\/yoast.com\/product\/yoast-seo-wordpress\/ -->\n<title>A sucess\u00e3o. Moniz Bandeira adverte; Amaral tranquiliza - Notibras<\/title>\n<meta name=\"robots\" content=\"index, follow, max-snippet:-1, max-image-preview:large, max-video-preview:-1\" \/>\n<link rel=\"canonical\" href=\"https:\/\/www.notibras.com\/site\/a-sucessao-moniz-bandeira-adverte-roberto-amaral-tranquiliza\/\" \/>\n<meta property=\"og:locale\" content=\"pt_BR\" \/>\n<meta property=\"og:type\" content=\"article\" \/>\n<meta property=\"og:title\" content=\"A sucess\u00e3o. Moniz Bandeira adverte; Amaral tranquiliza - Notibras\" \/>\n<meta property=\"og:description\" content=\"Em nova carta ao presidente nacional do PSB, Roberto Amaral, o polit\u00f3logo Luiz Alberto Moniz Bandeira voltou a expressar preocupa\u00e7\u00e3o com o quadro sucess\u00f3rio brasileiro, ao alertar para a interfer\u00eancia da \u201cOpen Society Foundation, do magnata George Soros, a New Endowment for Democracy ou a pr\u00f3pria USAID, entre ONGs, que assumiram a fun\u00e7\u00e3o de promover [&hellip;]\" \/>\n<meta property=\"og:url\" content=\"https:\/\/www.notibras.com\/site\/a-sucessao-moniz-bandeira-adverte-roberto-amaral-tranquiliza\/\" \/>\n<meta property=\"og:site_name\" content=\"Notibras\" \/>\n<meta property=\"article:publisher\" content=\"https:\/\/www.facebook.com\/notibras\/\" \/>\n<meta property=\"article:published_time\" content=\"2014-09-28T13:38:10+00:00\" \/>\n<meta property=\"article:modified_time\" content=\"2014-09-29T16:36:05+00:00\" \/>\n<meta property=\"og:image\" content=\"https:\/\/www.notibras.com\/site\/wp-content\/uploads\/2014\/09\/2014082007007.jpg\" \/>\n\t<meta property=\"og:image:width\" content=\"699\" \/>\n\t<meta property=\"og:image:height\" content=\"420\" \/>\n\t<meta property=\"og:image:type\" content=\"image\/jpeg\" \/>\n<meta name=\"author\" content=\"Reda\u00e7\u00e3o\" \/>\n<meta name=\"twitter:card\" content=\"summary_large_image\" \/>\n<meta name=\"twitter:creator\" content=\"@Notibras\" \/>\n<meta name=\"twitter:site\" content=\"@Notibras\" \/>\n<meta name=\"twitter:label1\" content=\"Escrito por\" \/>\n\t<meta name=\"twitter:data1\" content=\"Reda\u00e7\u00e3o\" \/>\n\t<meta name=\"twitter:label2\" content=\"Est. tempo de leitura\" \/>\n\t<meta name=\"twitter:data2\" content=\"8 minutos\" \/>\n<script type=\"application\/ld+json\" class=\"yoast-schema-graph\">{\"@context\":\"https:\\\/\\\/schema.org\",\"@graph\":[{\"@type\":\"Article\",\"@id\":\"https:\\\/\\\/www.notibras.com\\\/site\\\/a-sucessao-moniz-bandeira-adverte-roberto-amaral-tranquiliza\\\/#article\",\"isPartOf\":{\"@id\":\"https:\\\/\\\/www.notibras.com\\\/site\\\/a-sucessao-moniz-bandeira-adverte-roberto-amaral-tranquiliza\\\/\"},\"author\":{\"name\":\"Reda\u00e7\u00e3o\",\"@id\":\"https:\\\/\\\/www.notibras.com\\\/site\\\/#\\\/schema\\\/person\\\/36ab0979449956132d3e5b517ea76ac8\"},\"headline\":\"A sucess\u00e3o. Moniz Bandeira adverte; Amaral tranquiliza\",\"datePublished\":\"2014-09-28T13:38:10+00:00\",\"dateModified\":\"2014-09-29T16:36:05+00:00\",\"mainEntityOfPage\":{\"@id\":\"https:\\\/\\\/www.notibras.com\\\/site\\\/a-sucessao-moniz-bandeira-adverte-roberto-amaral-tranquiliza\\\/\"},\"wordCount\":1619,\"commentCount\":0,\"publisher\":{\"@id\":\"https:\\\/\\\/www.notibras.com\\\/site\\\/#organization\"},\"image\":{\"@id\":\"https:\\\/\\\/www.notibras.com\\\/site\\\/a-sucessao-moniz-bandeira-adverte-roberto-amaral-tranquiliza\\\/#primaryimage\"},\"thumbnailUrl\":\"https:\\\/\\\/www.notibras.com\\\/site\\\/wp-content\\\/uploads\\\/2014\\\/09\\\/2014082007007.jpg\",\"articleSection\":[\"Opina a\u00ed\"],\"inLanguage\":\"pt-BR\",\"potentialAction\":[{\"@type\":\"CommentAction\",\"name\":\"Comment\",\"target\":[\"https:\\\/\\\/www.notibras.com\\\/site\\\/a-sucessao-moniz-bandeira-adverte-roberto-amaral-tranquiliza\\\/#respond\"]}]},{\"@type\":\"WebPage\",\"@id\":\"https:\\\/\\\/www.notibras.com\\\/site\\\/a-sucessao-moniz-bandeira-adverte-roberto-amaral-tranquiliza\\\/\",\"url\":\"https:\\\/\\\/www.notibras.com\\\/site\\\/a-sucessao-moniz-bandeira-adverte-roberto-amaral-tranquiliza\\\/\",\"name\":\"A sucess\u00e3o. Moniz Bandeira adverte; Amaral tranquiliza - Notibras\",\"isPartOf\":{\"@id\":\"https:\\\/\\\/www.notibras.com\\\/site\\\/#website\"},\"primaryImageOfPage\":{\"@id\":\"https:\\\/\\\/www.notibras.com\\\/site\\\/a-sucessao-moniz-bandeira-adverte-roberto-amaral-tranquiliza\\\/#primaryimage\"},\"image\":{\"@id\":\"https:\\\/\\\/www.notibras.com\\\/site\\\/a-sucessao-moniz-bandeira-adverte-roberto-amaral-tranquiliza\\\/#primaryimage\"},\"thumbnailUrl\":\"https:\\\/\\\/www.notibras.com\\\/site\\\/wp-content\\\/uploads\\\/2014\\\/09\\\/2014082007007.jpg\",\"datePublished\":\"2014-09-28T13:38:10+00:00\",\"dateModified\":\"2014-09-29T16:36:05+00:00\",\"breadcrumb\":{\"@id\":\"https:\\\/\\\/www.notibras.com\\\/site\\\/a-sucessao-moniz-bandeira-adverte-roberto-amaral-tranquiliza\\\/#breadcrumb\"},\"inLanguage\":\"pt-BR\",\"potentialAction\":[{\"@type\":\"ReadAction\",\"target\":[\"https:\\\/\\\/www.notibras.com\\\/site\\\/a-sucessao-moniz-bandeira-adverte-roberto-amaral-tranquiliza\\\/\"]}]},{\"@type\":\"ImageObject\",\"inLanguage\":\"pt-BR\",\"@id\":\"https:\\\/\\\/www.notibras.com\\\/site\\\/a-sucessao-moniz-bandeira-adverte-roberto-amaral-tranquiliza\\\/#primaryimage\",\"url\":\"https:\\\/\\\/www.notibras.com\\\/site\\\/wp-content\\\/uploads\\\/2014\\\/09\\\/2014082007007.jpg\",\"contentUrl\":\"https:\\\/\\\/www.notibras.com\\\/site\\\/wp-content\\\/uploads\\\/2014\\\/09\\\/2014082007007.jpg\",\"width\":699,\"height\":420},{\"@type\":\"BreadcrumbList\",\"@id\":\"https:\\\/\\\/www.notibras.com\\\/site\\\/a-sucessao-moniz-bandeira-adverte-roberto-amaral-tranquiliza\\\/#breadcrumb\",\"itemListElement\":[{\"@type\":\"ListItem\",\"position\":1,\"name\":\"In\u00edcio\",\"item\":\"https:\\\/\\\/www.notibras.com\\\/site\\\/\"},{\"@type\":\"ListItem\",\"position\":2,\"name\":\"A sucess\u00e3o. Moniz Bandeira adverte; Amaral tranquiliza\"}]},{\"@type\":\"WebSite\",\"@id\":\"https:\\\/\\\/www.notibras.com\\\/site\\\/#website\",\"url\":\"https:\\\/\\\/www.notibras.com\\\/site\\\/\",\"name\":\"Notibras\",\"description\":\"Not\u00edcias de Bras\u00edlia, do Brasil e do Mundo\",\"publisher\":{\"@id\":\"https:\\\/\\\/www.notibras.com\\\/site\\\/#organization\"},\"potentialAction\":[{\"@type\":\"SearchAction\",\"target\":{\"@type\":\"EntryPoint\",\"urlTemplate\":\"https:\\\/\\\/www.notibras.com\\\/site\\\/?s={search_term_string}\"},\"query-input\":{\"@type\":\"PropertyValueSpecification\",\"valueRequired\":true,\"valueName\":\"search_term_string\"}}],\"inLanguage\":\"pt-BR\"},{\"@type\":\"Organization\",\"@id\":\"https:\\\/\\\/www.notibras.com\\\/site\\\/#organization\",\"name\":\"Grupo Notibras de Comunica\u00e7\u00e3o\",\"url\":\"https:\\\/\\\/www.notibras.com\\\/site\\\/\",\"logo\":{\"@type\":\"ImageObject\",\"inLanguage\":\"pt-BR\",\"@id\":\"https:\\\/\\\/www.notibras.com\\\/site\\\/#\\\/schema\\\/logo\\\/image\\\/\",\"url\":\"https:\\\/\\\/www.notibras.com\\\/site\\\/wp-content\\\/uploads\\\/2023\\\/01\\\/notibras23.png\",\"contentUrl\":\"https:\\\/\\\/www.notibras.com\\\/site\\\/wp-content\\\/uploads\\\/2023\\\/01\\\/notibras23.png\",\"width\":350,\"height\":87,\"caption\":\"Grupo Notibras de Comunica\u00e7\u00e3o\"},\"image\":{\"@id\":\"https:\\\/\\\/www.notibras.com\\\/site\\\/#\\\/schema\\\/logo\\\/image\\\/\"},\"sameAs\":[\"https:\\\/\\\/www.facebook.com\\\/notibras\\\/\",\"https:\\\/\\\/x.com\\\/Notibras\",\"https:\\\/\\\/www.instagram.com\\\/notibras\\\/\"]},{\"@type\":\"Person\",\"@id\":\"https:\\\/\\\/www.notibras.com\\\/site\\\/#\\\/schema\\\/person\\\/36ab0979449956132d3e5b517ea76ac8\",\"name\":\"Reda\u00e7\u00e3o\",\"image\":{\"@type\":\"ImageObject\",\"inLanguage\":\"pt-BR\",\"@id\":\"https:\\\/\\\/secure.gravatar.com\\\/avatar\\\/e0a867bdedb85fd243eadf09663511f96fc81e0720a4a42581f334ad4303aa6b?s=96&d=mm&r=g\",\"url\":\"https:\\\/\\\/secure.gravatar.com\\\/avatar\\\/e0a867bdedb85fd243eadf09663511f96fc81e0720a4a42581f334ad4303aa6b?s=96&d=mm&r=g\",\"contentUrl\":\"https:\\\/\\\/secure.gravatar.com\\\/avatar\\\/e0a867bdedb85fd243eadf09663511f96fc81e0720a4a42581f334ad4303aa6b?s=96&d=mm&r=g\",\"caption\":\"Reda\u00e7\u00e3o\"}}]}<\/script>\n<!-- \/ Yoast SEO plugin. -->","yoast_head_json":{"title":"A sucess\u00e3o. Moniz Bandeira adverte; Amaral tranquiliza - Notibras","robots":{"index":"index","follow":"follow","max-snippet":"max-snippet:-1","max-image-preview":"max-image-preview:large","max-video-preview":"max-video-preview:-1"},"canonical":"https:\/\/www.notibras.com\/site\/a-sucessao-moniz-bandeira-adverte-roberto-amaral-tranquiliza\/","og_locale":"pt_BR","og_type":"article","og_title":"A sucess\u00e3o. Moniz Bandeira adverte; Amaral tranquiliza - Notibras","og_description":"Em nova carta ao presidente nacional do PSB, Roberto Amaral, o polit\u00f3logo Luiz Alberto Moniz Bandeira voltou a expressar preocupa\u00e7\u00e3o com o quadro sucess\u00f3rio brasileiro, ao alertar para a interfer\u00eancia da \u201cOpen Society Foundation, do magnata George Soros, a New Endowment for Democracy ou a pr\u00f3pria USAID, entre ONGs, que assumiram a fun\u00e7\u00e3o de promover [&hellip;]","og_url":"https:\/\/www.notibras.com\/site\/a-sucessao-moniz-bandeira-adverte-roberto-amaral-tranquiliza\/","og_site_name":"Notibras","article_publisher":"https:\/\/www.facebook.com\/notibras\/","article_published_time":"2014-09-28T13:38:10+00:00","article_modified_time":"2014-09-29T16:36:05+00:00","og_image":[{"width":699,"height":420,"url":"https:\/\/www.notibras.com\/site\/wp-content\/uploads\/2014\/09\/2014082007007.jpg","type":"image\/jpeg"}],"author":"Reda\u00e7\u00e3o","twitter_card":"summary_large_image","twitter_creator":"@Notibras","twitter_site":"@Notibras","twitter_misc":{"Escrito por":"Reda\u00e7\u00e3o","Est. tempo de leitura":"8 minutos"},"schema":{"@context":"https:\/\/schema.org","@graph":[{"@type":"Article","@id":"https:\/\/www.notibras.com\/site\/a-sucessao-moniz-bandeira-adverte-roberto-amaral-tranquiliza\/#article","isPartOf":{"@id":"https:\/\/www.notibras.com\/site\/a-sucessao-moniz-bandeira-adverte-roberto-amaral-tranquiliza\/"},"author":{"name":"Reda\u00e7\u00e3o","@id":"https:\/\/www.notibras.com\/site\/#\/schema\/person\/36ab0979449956132d3e5b517ea76ac8"},"headline":"A sucess\u00e3o. Moniz Bandeira adverte; Amaral tranquiliza","datePublished":"2014-09-28T13:38:10+00:00","dateModified":"2014-09-29T16:36:05+00:00","mainEntityOfPage":{"@id":"https:\/\/www.notibras.com\/site\/a-sucessao-moniz-bandeira-adverte-roberto-amaral-tranquiliza\/"},"wordCount":1619,"commentCount":0,"publisher":{"@id":"https:\/\/www.notibras.com\/site\/#organization"},"image":{"@id":"https:\/\/www.notibras.com\/site\/a-sucessao-moniz-bandeira-adverte-roberto-amaral-tranquiliza\/#primaryimage"},"thumbnailUrl":"https:\/\/www.notibras.com\/site\/wp-content\/uploads\/2014\/09\/2014082007007.jpg","articleSection":["Opina a\u00ed"],"inLanguage":"pt-BR","potentialAction":[{"@type":"CommentAction","name":"Comment","target":["https:\/\/www.notibras.com\/site\/a-sucessao-moniz-bandeira-adverte-roberto-amaral-tranquiliza\/#respond"]}]},{"@type":"WebPage","@id":"https:\/\/www.notibras.com\/site\/a-sucessao-moniz-bandeira-adverte-roberto-amaral-tranquiliza\/","url":"https:\/\/www.notibras.com\/site\/a-sucessao-moniz-bandeira-adverte-roberto-amaral-tranquiliza\/","name":"A sucess\u00e3o. Moniz Bandeira adverte; Amaral tranquiliza - Notibras","isPartOf":{"@id":"https:\/\/www.notibras.com\/site\/#website"},"primaryImageOfPage":{"@id":"https:\/\/www.notibras.com\/site\/a-sucessao-moniz-bandeira-adverte-roberto-amaral-tranquiliza\/#primaryimage"},"image":{"@id":"https:\/\/www.notibras.com\/site\/a-sucessao-moniz-bandeira-adverte-roberto-amaral-tranquiliza\/#primaryimage"},"thumbnailUrl":"https:\/\/www.notibras.com\/site\/wp-content\/uploads\/2014\/09\/2014082007007.jpg","datePublished":"2014-09-28T13:38:10+00:00","dateModified":"2014-09-29T16:36:05+00:00","breadcrumb":{"@id":"https:\/\/www.notibras.com\/site\/a-sucessao-moniz-bandeira-adverte-roberto-amaral-tranquiliza\/#breadcrumb"},"inLanguage":"pt-BR","potentialAction":[{"@type":"ReadAction","target":["https:\/\/www.notibras.com\/site\/a-sucessao-moniz-bandeira-adverte-roberto-amaral-tranquiliza\/"]}]},{"@type":"ImageObject","inLanguage":"pt-BR","@id":"https:\/\/www.notibras.com\/site\/a-sucessao-moniz-bandeira-adverte-roberto-amaral-tranquiliza\/#primaryimage","url":"https:\/\/www.notibras.com\/site\/wp-content\/uploads\/2014\/09\/2014082007007.jpg","contentUrl":"https:\/\/www.notibras.com\/site\/wp-content\/uploads\/2014\/09\/2014082007007.jpg","width":699,"height":420},{"@type":"BreadcrumbList","@id":"https:\/\/www.notibras.com\/site\/a-sucessao-moniz-bandeira-adverte-roberto-amaral-tranquiliza\/#breadcrumb","itemListElement":[{"@type":"ListItem","position":1,"name":"In\u00edcio","item":"https:\/\/www.notibras.com\/site\/"},{"@type":"ListItem","position":2,"name":"A sucess\u00e3o. Moniz Bandeira adverte; Amaral tranquiliza"}]},{"@type":"WebSite","@id":"https:\/\/www.notibras.com\/site\/#website","url":"https:\/\/www.notibras.com\/site\/","name":"Notibras","description":"Not\u00edcias de Bras\u00edlia, do Brasil e do Mundo","publisher":{"@id":"https:\/\/www.notibras.com\/site\/#organization"},"potentialAction":[{"@type":"SearchAction","target":{"@type":"EntryPoint","urlTemplate":"https:\/\/www.notibras.com\/site\/?s={search_term_string}"},"query-input":{"@type":"PropertyValueSpecification","valueRequired":true,"valueName":"search_term_string"}}],"inLanguage":"pt-BR"},{"@type":"Organization","@id":"https:\/\/www.notibras.com\/site\/#organization","name":"Grupo Notibras de Comunica\u00e7\u00e3o","url":"https:\/\/www.notibras.com\/site\/","logo":{"@type":"ImageObject","inLanguage":"pt-BR","@id":"https:\/\/www.notibras.com\/site\/#\/schema\/logo\/image\/","url":"https:\/\/www.notibras.com\/site\/wp-content\/uploads\/2023\/01\/notibras23.png","contentUrl":"https:\/\/www.notibras.com\/site\/wp-content\/uploads\/2023\/01\/notibras23.png","width":350,"height":87,"caption":"Grupo Notibras de Comunica\u00e7\u00e3o"},"image":{"@id":"https:\/\/www.notibras.com\/site\/#\/schema\/logo\/image\/"},"sameAs":["https:\/\/www.facebook.com\/notibras\/","https:\/\/x.com\/Notibras","https:\/\/www.instagram.com\/notibras\/"]},{"@type":"Person","@id":"https:\/\/www.notibras.com\/site\/#\/schema\/person\/36ab0979449956132d3e5b517ea76ac8","name":"Reda\u00e7\u00e3o","image":{"@type":"ImageObject","inLanguage":"pt-BR","@id":"https:\/\/secure.gravatar.com\/avatar\/e0a867bdedb85fd243eadf09663511f96fc81e0720a4a42581f334ad4303aa6b?s=96&d=mm&r=g","url":"https:\/\/secure.gravatar.com\/avatar\/e0a867bdedb85fd243eadf09663511f96fc81e0720a4a42581f334ad4303aa6b?s=96&d=mm&r=g","contentUrl":"https:\/\/secure.gravatar.com\/avatar\/e0a867bdedb85fd243eadf09663511f96fc81e0720a4a42581f334ad4303aa6b?s=96&d=mm&r=g","caption":"Reda\u00e7\u00e3o"}}]}},"amp_enabled":true,"_links":{"self":[{"href":"https:\/\/www.notibras.com\/site\/wp-json\/wp\/v2\/posts\/23287","targetHints":{"allow":["GET"]}}],"collection":[{"href":"https:\/\/www.notibras.com\/site\/wp-json\/wp\/v2\/posts"}],"about":[{"href":"https:\/\/www.notibras.com\/site\/wp-json\/wp\/v2\/types\/post"}],"author":[{"embeddable":true,"href":"https:\/\/www.notibras.com\/site\/wp-json\/wp\/v2\/users\/2"}],"replies":[{"embeddable":true,"href":"https:\/\/www.notibras.com\/site\/wp-json\/wp\/v2\/comments?post=23287"}],"version-history":[{"count":0,"href":"https:\/\/www.notibras.com\/site\/wp-json\/wp\/v2\/posts\/23287\/revisions"}],"wp:featuredmedia":[{"embeddable":true,"href":"https:\/\/www.notibras.com\/site\/wp-json\/wp\/v2\/media\/23288"}],"wp:attachment":[{"href":"https:\/\/www.notibras.com\/site\/wp-json\/wp\/v2\/media?parent=23287"}],"wp:term":[{"taxonomy":"category","embeddable":true,"href":"https:\/\/www.notibras.com\/site\/wp-json\/wp\/v2\/categories?post=23287"},{"taxonomy":"post_tag","embeddable":true,"href":"https:\/\/www.notibras.com\/site\/wp-json\/wp\/v2\/tags?post=23287"}],"curies":[{"name":"wp","href":"https:\/\/api.w.org\/{rel}","templated":true}]}}