{"id":23343,"date":"2014-09-28T17:04:06","date_gmt":"2014-09-28T20:04:06","guid":{"rendered":"http:\/\/www.notibras.com\/site\/?p=23343"},"modified":"2014-09-28T18:09:17","modified_gmt":"2014-09-28T21:09:17","slug":"bahia-vence-sai-da-zona-da-degola-e-barra-subida-do-flamengo","status":"publish","type":"post","link":"https:\/\/www.notibras.com\/site\/bahia-vence-sai-da-zona-da-degola-e-barra-subida-do-flamengo\/","title":{"rendered":"Bahia vence, sai da zona da degola e barra subida do Flamengo"},"content":{"rendered":"<p>O Flamengo saiu do Rio de Janeiro com o sonho de obter a sua quarta vit\u00f3ria fora de casa no Campeonato Brasileiro. Por\u00e9m, o Bahia n\u00e3o deu chances neste domingo e usou o apoio da torcida na Fonte Nova para bater os cariocas por 2 a 1 &#8211; gols de Emanuel Biancucchi (2) e Eduardo da Silva. O time se afastou da zona de rebaixamento e freou a evolu\u00e7\u00e3o rival. O Tricolor foi aos 29 pontos e est\u00e1 na 14\u00aa posi\u00e7\u00e3o. J\u00e1 o Rubro-negro ficou nos 31 pontos e ocupa a 11\u00aa coloca\u00e7\u00e3o.<\/p>\n<p>Na pr\u00f3xima rodada, o Flamengo enfrenta o Santos, s\u00e1bado, \u00e0s 16h20, no Maracan\u00e3. No mesmo dia e hor\u00e1rio, o Bahia pega o Fluminense no Man\u00e9 Garrincha. Antes de mais uma rodada do Brasileir\u00e3o, o Rubro-negro ainda encara o Am\u00e9rica-RN, quarta-feira, \u00e0s 22h, na Arena das Dunas, pela primeira partida das quartas de final da Copa do Brasil.<\/p>\n<blockquote><p>O primeiro tempo apresentou um Bahia superior ao Flamengo. Sem C\u00e1ceres, o Rubro-negro teve dificuldades na marca\u00e7\u00e3o e deu espa\u00e7os aos donos da casa. O time perdeu o zagueiro Wallace por les\u00e3o e sofreu o primeiro gol aos 17min. Ap\u00f3s pane coletiva da defesa, Railan iniciou a jogada, que passou por Henrique e chegou para Emanuel Biancucchi colocar no fundo da rede. Os cariocas melhoraram um pouco, por\u00e9m, insuficiente para tirar a vantagem do Tricolor.<\/p><\/blockquote>\n<p>O Flamengo voltou para o segundo tempo com Gabriel no lugar de Elton e a expectativa de melhorar ofensivamente. Mas a ideia do t\u00e9cnico Vanderlei Luxemburgo caiu por terra logos aos 3min. Jo\u00e3o Paulo derrubou Railan na \u00e1rea. Emanuel Biancucchi cobrou o p\u00eanalti com categoria e ampliou para o Bahia. O Rubro-negro conseguiu o seu gol aos 16min. Jo\u00e3o Paulo cruzou e Eduardo da Silva cabeceou sem chances para Marcelo Lomba.<\/p>\n<p>Os visitantes ainda tiveram duas oportunidades em cabe\u00e7adas do pr\u00f3prio Eduardo da Silva e Samir. Mas o time n\u00e3o conseguiu empatar e saiu de campo derrotado. J\u00e1 os baianos comemoraram bastante e se afastaram ainda mais da zona de rebaixamento.<\/p>\n","protected":false},"excerpt":{"rendered":"<p>O Flamengo saiu do Rio de Janeiro com o sonho de obter a sua quarta vit\u00f3ria fora de casa no Campeonato Brasileiro. Por\u00e9m, o Bahia n\u00e3o deu chances neste domingo e usou o apoio da torcida na Fonte Nova para bater os cariocas por 2 a 1 &#8211; gols de Emanuel Biancucchi (2) e Eduardo [&hellip;]<\/p>\n","protected":false},"author":2,"featured_media":23344,"comment_status":"open","ping_status":"closed","sticky":false,"template":"","format":"standard","meta":{"_acf_changed":false,"footnotes":""},"categories":[19,29],"tags":[],"class_list":["post-23343","post","type-post","status-publish","format-standard","has-post-thumbnail","hentry","category-esportes","category-futebol"],"acf":[],"yoast_head":"<!-- This site is optimized with the Yoast SEO plugin v27.2 - https:\/\/yoast.com\/product\/yoast-seo-wordpress\/ -->\n<title>Bahia vence, sai da zona da degola e barra subida do Flamengo - Notibras<\/title>\n<meta name=\"robots\" content=\"index, follow, max-snippet:-1, max-image-preview:large, max-video-preview:-1\" \/>\n<link rel=\"canonical\" href=\"https:\/\/www.notibras.com\/site\/bahia-vence-sai-da-zona-da-degola-e-barra-subida-do-flamengo\/\" \/>\n<meta property=\"og:locale\" content=\"pt_BR\" \/>\n<meta property=\"og:type\" content=\"article\" \/>\n<meta property=\"og:title\" content=\"Bahia vence, sai da zona da degola e barra subida do Flamengo - Notibras\" \/>\n<meta property=\"og:description\" content=\"O Flamengo saiu do Rio de Janeiro com o sonho de obter a sua quarta vit\u00f3ria fora de casa no Campeonato Brasileiro. Por\u00e9m, o Bahia n\u00e3o deu chances neste domingo e usou o apoio da torcida na Fonte Nova para bater os cariocas por 2 a 1 &#8211; gols de Emanuel Biancucchi (2) e Eduardo [&hellip;]\" \/>\n<meta property=\"og:url\" content=\"https:\/\/www.notibras.com\/site\/bahia-vence-sai-da-zona-da-degola-e-barra-subida-do-flamengo\/\" \/>\n<meta property=\"og:site_name\" content=\"Notibras\" \/>\n<meta property=\"article:publisher\" content=\"https:\/\/www.facebook.com\/notibras\/\" \/>\n<meta property=\"article:published_time\" content=\"2014-09-28T20:04:06+00:00\" \/>\n<meta property=\"article:modified_time\" content=\"2014-09-28T21:09:17+00:00\" \/>\n<meta property=\"og:image\" content=\"https:\/\/www.notibras.com\/site\/wp-content\/uploads\/2014\/09\/fu1.jpg\" \/>\n\t<meta property=\"og:image:width\" content=\"304\" \/>\n\t<meta property=\"og:image:height\" content=\"354\" \/>\n\t<meta property=\"og:image:type\" content=\"image\/jpeg\" \/>\n<meta name=\"author\" content=\"Reda\u00e7\u00e3o\" \/>\n<meta name=\"twitter:card\" content=\"summary_large_image\" \/>\n<meta name=\"twitter:creator\" content=\"@Notibras\" \/>\n<meta name=\"twitter:site\" content=\"@Notibras\" \/>\n<meta name=\"twitter:label1\" content=\"Escrito por\" \/>\n\t<meta name=\"twitter:data1\" content=\"Reda\u00e7\u00e3o\" \/>\n\t<meta name=\"twitter:label2\" content=\"Est. tempo de leitura\" \/>\n\t<meta name=\"twitter:data2\" content=\"2 minutos\" \/>\n<script type=\"application\/ld+json\" class=\"yoast-schema-graph\">{\"@context\":\"https:\/\/schema.org\",\"@graph\":[{\"@type\":\"Article\",\"@id\":\"https:\/\/www.notibras.com\/site\/bahia-vence-sai-da-zona-da-degola-e-barra-subida-do-flamengo\/#article\",\"isPartOf\":{\"@id\":\"https:\/\/www.notibras.com\/site\/bahia-vence-sai-da-zona-da-degola-e-barra-subida-do-flamengo\/\"},\"author\":{\"name\":\"Reda\u00e7\u00e3o\",\"@id\":\"https:\/\/www.notibras.com\/site\/#\/schema\/person\/36ab0979449956132d3e5b517ea76ac8\"},\"headline\":\"Bahia vence, sai da zona da degola e barra subida do Flamengo\",\"datePublished\":\"2014-09-28T20:04:06+00:00\",\"dateModified\":\"2014-09-28T21:09:17+00:00\",\"mainEntityOfPage\":{\"@id\":\"https:\/\/www.notibras.com\/site\/bahia-vence-sai-da-zona-da-degola-e-barra-subida-do-flamengo\/\"},\"wordCount\":365,\"commentCount\":0,\"publisher\":{\"@id\":\"https:\/\/www.notibras.com\/site\/#organization\"},\"image\":{\"@id\":\"https:\/\/www.notibras.com\/site\/bahia-vence-sai-da-zona-da-degola-e-barra-subida-do-flamengo\/#primaryimage\"},\"thumbnailUrl\":\"https:\/\/www.notibras.com\/site\/wp-content\/uploads\/2014\/09\/fu1.jpg\",\"articleSection\":[\"Esportes\",\"Futebol\"],\"inLanguage\":\"pt-BR\",\"potentialAction\":[{\"@type\":\"CommentAction\",\"name\":\"Comment\",\"target\":[\"https:\/\/www.notibras.com\/site\/bahia-vence-sai-da-zona-da-degola-e-barra-subida-do-flamengo\/#respond\"]}]},{\"@type\":\"WebPage\",\"@id\":\"https:\/\/www.notibras.com\/site\/bahia-vence-sai-da-zona-da-degola-e-barra-subida-do-flamengo\/\",\"url\":\"https:\/\/www.notibras.com\/site\/bahia-vence-sai-da-zona-da-degola-e-barra-subida-do-flamengo\/\",\"name\":\"Bahia vence, sai da zona da degola e barra subida do Flamengo - Notibras\",\"isPartOf\":{\"@id\":\"https:\/\/www.notibras.com\/site\/#website\"},\"primaryImageOfPage\":{\"@id\":\"https:\/\/www.notibras.com\/site\/bahia-vence-sai-da-zona-da-degola-e-barra-subida-do-flamengo\/#primaryimage\"},\"image\":{\"@id\":\"https:\/\/www.notibras.com\/site\/bahia-vence-sai-da-zona-da-degola-e-barra-subida-do-flamengo\/#primaryimage\"},\"thumbnailUrl\":\"https:\/\/www.notibras.com\/site\/wp-content\/uploads\/2014\/09\/fu1.jpg\",\"datePublished\":\"2014-09-28T20:04:06+00:00\",\"dateModified\":\"2014-09-28T21:09:17+00:00\",\"breadcrumb\":{\"@id\":\"https:\/\/www.notibras.com\/site\/bahia-vence-sai-da-zona-da-degola-e-barra-subida-do-flamengo\/#breadcrumb\"},\"inLanguage\":\"pt-BR\",\"potentialAction\":[{\"@type\":\"ReadAction\",\"target\":[\"https:\/\/www.notibras.com\/site\/bahia-vence-sai-da-zona-da-degola-e-barra-subida-do-flamengo\/\"]}]},{\"@type\":\"ImageObject\",\"inLanguage\":\"pt-BR\",\"@id\":\"https:\/\/www.notibras.com\/site\/bahia-vence-sai-da-zona-da-degola-e-barra-subida-do-flamengo\/#primaryimage\",\"url\":\"https:\/\/www.notibras.com\/site\/wp-content\/uploads\/2014\/09\/fu1.jpg\",\"contentUrl\":\"https:\/\/www.notibras.com\/site\/wp-content\/uploads\/2014\/09\/fu1.jpg\",\"width\":304,\"height\":354},{\"@type\":\"BreadcrumbList\",\"@id\":\"https:\/\/www.notibras.com\/site\/bahia-vence-sai-da-zona-da-degola-e-barra-subida-do-flamengo\/#breadcrumb\",\"itemListElement\":[{\"@type\":\"ListItem\",\"position\":1,\"name\":\"In\u00edcio\",\"item\":\"https:\/\/www.notibras.com\/site\/\"},{\"@type\":\"ListItem\",\"position\":2,\"name\":\"Bahia vence, sai da zona da degola e barra subida do Flamengo\"}]},{\"@type\":\"WebSite\",\"@id\":\"https:\/\/www.notibras.com\/site\/#website\",\"url\":\"https:\/\/www.notibras.com\/site\/\",\"name\":\"Notibras\",\"description\":\"Not\u00edcias de Bras\u00edlia, do Brasil e do Mundo\",\"publisher\":{\"@id\":\"https:\/\/www.notibras.com\/site\/#organization\"},\"potentialAction\":[{\"@type\":\"SearchAction\",\"target\":{\"@type\":\"EntryPoint\",\"urlTemplate\":\"https:\/\/www.notibras.com\/site\/?s={search_term_string}\"},\"query-input\":{\"@type\":\"PropertyValueSpecification\",\"valueRequired\":true,\"valueName\":\"search_term_string\"}}],\"inLanguage\":\"pt-BR\"},{\"@type\":\"Organization\",\"@id\":\"https:\/\/www.notibras.com\/site\/#organization\",\"name\":\"Grupo Notibras de Comunica\u00e7\u00e3o\",\"url\":\"https:\/\/www.notibras.com\/site\/\",\"logo\":{\"@type\":\"ImageObject\",\"inLanguage\":\"pt-BR\",\"@id\":\"https:\/\/www.notibras.com\/site\/#\/schema\/logo\/image\/\",\"url\":\"https:\/\/www.notibras.com\/site\/wp-content\/uploads\/2023\/01\/notibras23.png\",\"contentUrl\":\"https:\/\/www.notibras.com\/site\/wp-content\/uploads\/2023\/01\/notibras23.png\",\"width\":350,\"height\":87,\"caption\":\"Grupo Notibras de Comunica\u00e7\u00e3o\"},\"image\":{\"@id\":\"https:\/\/www.notibras.com\/site\/#\/schema\/logo\/image\/\"},\"sameAs\":[\"https:\/\/www.facebook.com\/notibras\/\",\"https:\/\/x.com\/Notibras\",\"https:\/\/www.instagram.com\/notibras\/\"]},{\"@type\":\"Person\",\"@id\":\"https:\/\/www.notibras.com\/site\/#\/schema\/person\/36ab0979449956132d3e5b517ea76ac8\",\"name\":\"Reda\u00e7\u00e3o\",\"image\":{\"@type\":\"ImageObject\",\"inLanguage\":\"pt-BR\",\"@id\":\"https:\/\/secure.gravatar.com\/avatar\/e0a867bdedb85fd243eadf09663511f96fc81e0720a4a42581f334ad4303aa6b?s=96&d=mm&r=g\",\"url\":\"https:\/\/secure.gravatar.com\/avatar\/e0a867bdedb85fd243eadf09663511f96fc81e0720a4a42581f334ad4303aa6b?s=96&d=mm&r=g\",\"contentUrl\":\"https:\/\/secure.gravatar.com\/avatar\/e0a867bdedb85fd243eadf09663511f96fc81e0720a4a42581f334ad4303aa6b?s=96&d=mm&r=g\",\"caption\":\"Reda\u00e7\u00e3o\"}}]}<\/script>\n<!-- \/ Yoast SEO plugin. -->","yoast_head_json":{"title":"Bahia vence, sai da zona da degola e barra subida do Flamengo - Notibras","robots":{"index":"index","follow":"follow","max-snippet":"max-snippet:-1","max-image-preview":"max-image-preview:large","max-video-preview":"max-video-preview:-1"},"canonical":"https:\/\/www.notibras.com\/site\/bahia-vence-sai-da-zona-da-degola-e-barra-subida-do-flamengo\/","og_locale":"pt_BR","og_type":"article","og_title":"Bahia vence, sai da zona da degola e barra subida do Flamengo - Notibras","og_description":"O Flamengo saiu do Rio de Janeiro com o sonho de obter a sua quarta vit\u00f3ria fora de casa no Campeonato Brasileiro. Por\u00e9m, o Bahia n\u00e3o deu chances neste domingo e usou o apoio da torcida na Fonte Nova para bater os cariocas por 2 a 1 &#8211; gols de Emanuel Biancucchi (2) e Eduardo [&hellip;]","og_url":"https:\/\/www.notibras.com\/site\/bahia-vence-sai-da-zona-da-degola-e-barra-subida-do-flamengo\/","og_site_name":"Notibras","article_publisher":"https:\/\/www.facebook.com\/notibras\/","article_published_time":"2014-09-28T20:04:06+00:00","article_modified_time":"2014-09-28T21:09:17+00:00","og_image":[{"width":304,"height":354,"url":"https:\/\/www.notibras.com\/site\/wp-content\/uploads\/2014\/09\/fu1.jpg","type":"image\/jpeg"}],"author":"Reda\u00e7\u00e3o","twitter_card":"summary_large_image","twitter_creator":"@Notibras","twitter_site":"@Notibras","twitter_misc":{"Escrito por":"Reda\u00e7\u00e3o","Est. tempo de leitura":"2 minutos"},"schema":{"@context":"https:\/\/schema.org","@graph":[{"@type":"Article","@id":"https:\/\/www.notibras.com\/site\/bahia-vence-sai-da-zona-da-degola-e-barra-subida-do-flamengo\/#article","isPartOf":{"@id":"https:\/\/www.notibras.com\/site\/bahia-vence-sai-da-zona-da-degola-e-barra-subida-do-flamengo\/"},"author":{"name":"Reda\u00e7\u00e3o","@id":"https:\/\/www.notibras.com\/site\/#\/schema\/person\/36ab0979449956132d3e5b517ea76ac8"},"headline":"Bahia vence, sai da zona da degola e barra subida do Flamengo","datePublished":"2014-09-28T20:04:06+00:00","dateModified":"2014-09-28T21:09:17+00:00","mainEntityOfPage":{"@id":"https:\/\/www.notibras.com\/site\/bahia-vence-sai-da-zona-da-degola-e-barra-subida-do-flamengo\/"},"wordCount":365,"commentCount":0,"publisher":{"@id":"https:\/\/www.notibras.com\/site\/#organization"},"image":{"@id":"https:\/\/www.notibras.com\/site\/bahia-vence-sai-da-zona-da-degola-e-barra-subida-do-flamengo\/#primaryimage"},"thumbnailUrl":"https:\/\/www.notibras.com\/site\/wp-content\/uploads\/2014\/09\/fu1.jpg","articleSection":["Esportes","Futebol"],"inLanguage":"pt-BR","potentialAction":[{"@type":"CommentAction","name":"Comment","target":["https:\/\/www.notibras.com\/site\/bahia-vence-sai-da-zona-da-degola-e-barra-subida-do-flamengo\/#respond"]}]},{"@type":"WebPage","@id":"https:\/\/www.notibras.com\/site\/bahia-vence-sai-da-zona-da-degola-e-barra-subida-do-flamengo\/","url":"https:\/\/www.notibras.com\/site\/bahia-vence-sai-da-zona-da-degola-e-barra-subida-do-flamengo\/","name":"Bahia vence, sai da zona da degola e barra subida do Flamengo - Notibras","isPartOf":{"@id":"https:\/\/www.notibras.com\/site\/#website"},"primaryImageOfPage":{"@id":"https:\/\/www.notibras.com\/site\/bahia-vence-sai-da-zona-da-degola-e-barra-subida-do-flamengo\/#primaryimage"},"image":{"@id":"https:\/\/www.notibras.com\/site\/bahia-vence-sai-da-zona-da-degola-e-barra-subida-do-flamengo\/#primaryimage"},"thumbnailUrl":"https:\/\/www.notibras.com\/site\/wp-content\/uploads\/2014\/09\/fu1.jpg","datePublished":"2014-09-28T20:04:06+00:00","dateModified":"2014-09-28T21:09:17+00:00","breadcrumb":{"@id":"https:\/\/www.notibras.com\/site\/bahia-vence-sai-da-zona-da-degola-e-barra-subida-do-flamengo\/#breadcrumb"},"inLanguage":"pt-BR","potentialAction":[{"@type":"ReadAction","target":["https:\/\/www.notibras.com\/site\/bahia-vence-sai-da-zona-da-degola-e-barra-subida-do-flamengo\/"]}]},{"@type":"ImageObject","inLanguage":"pt-BR","@id":"https:\/\/www.notibras.com\/site\/bahia-vence-sai-da-zona-da-degola-e-barra-subida-do-flamengo\/#primaryimage","url":"https:\/\/www.notibras.com\/site\/wp-content\/uploads\/2014\/09\/fu1.jpg","contentUrl":"https:\/\/www.notibras.com\/site\/wp-content\/uploads\/2014\/09\/fu1.jpg","width":304,"height":354},{"@type":"BreadcrumbList","@id":"https:\/\/www.notibras.com\/site\/bahia-vence-sai-da-zona-da-degola-e-barra-subida-do-flamengo\/#breadcrumb","itemListElement":[{"@type":"ListItem","position":1,"name":"In\u00edcio","item":"https:\/\/www.notibras.com\/site\/"},{"@type":"ListItem","position":2,"name":"Bahia vence, sai da zona da degola e barra subida do Flamengo"}]},{"@type":"WebSite","@id":"https:\/\/www.notibras.com\/site\/#website","url":"https:\/\/www.notibras.com\/site\/","name":"Notibras","description":"Not\u00edcias de Bras\u00edlia, do Brasil e do Mundo","publisher":{"@id":"https:\/\/www.notibras.com\/site\/#organization"},"potentialAction":[{"@type":"SearchAction","target":{"@type":"EntryPoint","urlTemplate":"https:\/\/www.notibras.com\/site\/?s={search_term_string}"},"query-input":{"@type":"PropertyValueSpecification","valueRequired":true,"valueName":"search_term_string"}}],"inLanguage":"pt-BR"},{"@type":"Organization","@id":"https:\/\/www.notibras.com\/site\/#organization","name":"Grupo Notibras de Comunica\u00e7\u00e3o","url":"https:\/\/www.notibras.com\/site\/","logo":{"@type":"ImageObject","inLanguage":"pt-BR","@id":"https:\/\/www.notibras.com\/site\/#\/schema\/logo\/image\/","url":"https:\/\/www.notibras.com\/site\/wp-content\/uploads\/2023\/01\/notibras23.png","contentUrl":"https:\/\/www.notibras.com\/site\/wp-content\/uploads\/2023\/01\/notibras23.png","width":350,"height":87,"caption":"Grupo Notibras de Comunica\u00e7\u00e3o"},"image":{"@id":"https:\/\/www.notibras.com\/site\/#\/schema\/logo\/image\/"},"sameAs":["https:\/\/www.facebook.com\/notibras\/","https:\/\/x.com\/Notibras","https:\/\/www.instagram.com\/notibras\/"]},{"@type":"Person","@id":"https:\/\/www.notibras.com\/site\/#\/schema\/person\/36ab0979449956132d3e5b517ea76ac8","name":"Reda\u00e7\u00e3o","image":{"@type":"ImageObject","inLanguage":"pt-BR","@id":"https:\/\/secure.gravatar.com\/avatar\/e0a867bdedb85fd243eadf09663511f96fc81e0720a4a42581f334ad4303aa6b?s=96&d=mm&r=g","url":"https:\/\/secure.gravatar.com\/avatar\/e0a867bdedb85fd243eadf09663511f96fc81e0720a4a42581f334ad4303aa6b?s=96&d=mm&r=g","contentUrl":"https:\/\/secure.gravatar.com\/avatar\/e0a867bdedb85fd243eadf09663511f96fc81e0720a4a42581f334ad4303aa6b?s=96&d=mm&r=g","caption":"Reda\u00e7\u00e3o"}}]}},"amp_enabled":true,"_links":{"self":[{"href":"https:\/\/www.notibras.com\/site\/wp-json\/wp\/v2\/posts\/23343","targetHints":{"allow":["GET"]}}],"collection":[{"href":"https:\/\/www.notibras.com\/site\/wp-json\/wp\/v2\/posts"}],"about":[{"href":"https:\/\/www.notibras.com\/site\/wp-json\/wp\/v2\/types\/post"}],"author":[{"embeddable":true,"href":"https:\/\/www.notibras.com\/site\/wp-json\/wp\/v2\/users\/2"}],"replies":[{"embeddable":true,"href":"https:\/\/www.notibras.com\/site\/wp-json\/wp\/v2\/comments?post=23343"}],"version-history":[{"count":0,"href":"https:\/\/www.notibras.com\/site\/wp-json\/wp\/v2\/posts\/23343\/revisions"}],"wp:featuredmedia":[{"embeddable":true,"href":"https:\/\/www.notibras.com\/site\/wp-json\/wp\/v2\/media\/23344"}],"wp:attachment":[{"href":"https:\/\/www.notibras.com\/site\/wp-json\/wp\/v2\/media?parent=23343"}],"wp:term":[{"taxonomy":"category","embeddable":true,"href":"https:\/\/www.notibras.com\/site\/wp-json\/wp\/v2\/categories?post=23343"},{"taxonomy":"post_tag","embeddable":true,"href":"https:\/\/www.notibras.com\/site\/wp-json\/wp\/v2\/tags?post=23343"}],"curies":[{"name":"wp","href":"https:\/\/api.w.org\/{rel}","templated":true}]}}