{"id":23346,"date":"2014-09-28T17:10:11","date_gmt":"2014-09-28T20:10:11","guid":{"rendered":"http:\/\/www.notibras.com\/site\/?p=23346"},"modified":"2014-09-28T18:12:36","modified_gmt":"2014-09-28T21:12:36","slug":"galo-vence-vitoria-com-gols-no-fim-e-se-mantem-entre-os-quatro","status":"publish","type":"post","link":"https:\/\/www.notibras.com\/site\/galo-vence-vitoria-com-gols-no-fim-e-se-mantem-entre-os-quatro\/","title":{"rendered":"Galo vence Vit\u00f3ria com gols no fim e se mant\u00e9m entre os quatro"},"content":{"rendered":"<p>Em partida dram\u00e1tica no est\u00e1dio Independ\u00eancia, com boas alternativas para os dois lados, o Atl\u00e9tico-MG fez valer mais uma vez a sua for\u00e7a diante da torcida. Com um gol de Diego Tardelli aos 40min do segundo tempo, o time mineiro derrotou o Vit\u00f3ria, por 2 a 0, neste domingo, se manteve no G-4 e chegou ao quarto triunfo seguido, sua melhor sequ\u00eancia no Brasileir\u00e3o. A equipe baiana sofreu a sexta derrota seguida atuando como visitante e permaneceu na zona de rebaixamento.<\/p>\n<p>Com a vit\u00f3ria, o Atl\u00e9tico foi a 43 pontos e reassumiu a quarta posi\u00e7\u00e3o, uma vez que havia sido ultrapassado no s\u00e1bado pelo Fluminense, que derrotou o S\u00e3o Paulo. O time mineiro confirmou a arrancada, mas ainda est\u00e1 h\u00e1 dez pontos do l\u00edder Cruzeiro. O Vit\u00f3ria permaneceu na 18\u00aa posi\u00e7\u00e3o (antepen\u00faltimo), com 24 pontos, e em situa\u00e7\u00e3o complicada na competi\u00e7\u00e3o.<\/p>\n<blockquote><p>O primeiro tempo foi marcado pelo equil\u00edbrio com chances para as duas equipes. O Atl\u00e9tico tentou se impor na partida, mas o Vit\u00f3ria n\u00e3o se intimidou e partiu para cima do time da casa. Aos 22min, Guilherme, que recebeu de Douglas Santos, finalizou rasteiro, mas a bola passou rente \u00e0 trave direita de J\u00fanior Fern\u00e1ndez. Quatro minutos depois, Vin\u00edcius fez boa jogada pela esquerda e chutou para a defesa de Victor. Aos 40min, a equipe baiana esteve muito perto de abrir o placar. Vin\u00edcius recebeu na frente, passou pelo goleiro atleticano, mas bateu para fora.<\/p><\/blockquote>\n<p>As duas equipes mantiveram o ritmo no in\u00edcio do segundo tempo. O time mineiro ficou mais pr\u00f3ximo de abrir o placar, mas desperdi\u00e7ou boas chances, como a de Tardelli, aos 10min, que finalizou de fora da \u00e1rea e J\u00fanior Fernandez defendeu sem problema. A partida ficou tensa e a torcida atleticana apreensiva com os erros do time mineiro. Aos 40min, Tardelli tabelou com Josu\u00e9 e tocou rasteiro no canto esquerdo goleiro para al\u00edvio dos torcedores. Aos 47min, Dod\u00f4 fez grande jogada e tocou para Guilherme, de cabe\u00e7a, selar a vit\u00f3ria atleticana.<\/p>\n","protected":false},"excerpt":{"rendered":"<p>Em partida dram\u00e1tica no est\u00e1dio Independ\u00eancia, com boas alternativas para os dois lados, o Atl\u00e9tico-MG fez valer mais uma vez a sua for\u00e7a diante da torcida. Com um gol de Diego Tardelli aos 40min do segundo tempo, o time mineiro derrotou o Vit\u00f3ria, por 2 a 0, neste domingo, se manteve no G-4 e chegou [&hellip;]<\/p>\n","protected":false},"author":2,"featured_media":23347,"comment_status":"open","ping_status":"closed","sticky":false,"template":"","format":"standard","meta":{"_acf_changed":false,"footnotes":""},"categories":[19,29],"tags":[],"class_list":["post-23346","post","type-post","status-publish","format-standard","has-post-thumbnail","hentry","category-esportes","category-futebol"],"acf":[],"yoast_head":"<!-- This site is optimized with the Yoast SEO plugin v27.2 - https:\/\/yoast.com\/product\/yoast-seo-wordpress\/ -->\n<title>Galo vence Vit\u00f3ria com gols no fim e se mant\u00e9m entre os quatro - Notibras<\/title>\n<meta name=\"robots\" content=\"index, follow, max-snippet:-1, max-image-preview:large, max-video-preview:-1\" \/>\n<link rel=\"canonical\" href=\"https:\/\/www.notibras.com\/site\/galo-vence-vitoria-com-gols-no-fim-e-se-mantem-entre-os-quatro\/\" \/>\n<meta property=\"og:locale\" content=\"pt_BR\" \/>\n<meta property=\"og:type\" content=\"article\" \/>\n<meta property=\"og:title\" content=\"Galo vence Vit\u00f3ria com gols no fim e se mant\u00e9m entre os quatro - Notibras\" \/>\n<meta property=\"og:description\" content=\"Em partida dram\u00e1tica no est\u00e1dio Independ\u00eancia, com boas alternativas para os dois lados, o Atl\u00e9tico-MG fez valer mais uma vez a sua for\u00e7a diante da torcida. Com um gol de Diego Tardelli aos 40min do segundo tempo, o time mineiro derrotou o Vit\u00f3ria, por 2 a 0, neste domingo, se manteve no G-4 e chegou [&hellip;]\" \/>\n<meta property=\"og:url\" content=\"https:\/\/www.notibras.com\/site\/galo-vence-vitoria-com-gols-no-fim-e-se-mantem-entre-os-quatro\/\" \/>\n<meta property=\"og:site_name\" content=\"Notibras\" \/>\n<meta property=\"article:publisher\" content=\"https:\/\/www.facebook.com\/notibras\/\" \/>\n<meta property=\"article:published_time\" content=\"2014-09-28T20:10:11+00:00\" \/>\n<meta property=\"article:modified_time\" content=\"2014-09-28T21:12:36+00:00\" \/>\n<meta property=\"og:image\" content=\"https:\/\/www.notibras.com\/site\/wp-content\/uploads\/2014\/09\/fu2.jpg\" \/>\n\t<meta property=\"og:image:width\" content=\"753\" \/>\n\t<meta property=\"og:image:height\" content=\"500\" \/>\n\t<meta property=\"og:image:type\" content=\"image\/jpeg\" \/>\n<meta name=\"author\" content=\"Reda\u00e7\u00e3o\" \/>\n<meta name=\"twitter:card\" content=\"summary_large_image\" \/>\n<meta name=\"twitter:creator\" content=\"@Notibras\" \/>\n<meta name=\"twitter:site\" content=\"@Notibras\" \/>\n<meta name=\"twitter:label1\" content=\"Escrito por\" \/>\n\t<meta name=\"twitter:data1\" content=\"Reda\u00e7\u00e3o\" \/>\n\t<meta name=\"twitter:label2\" content=\"Est. tempo de leitura\" \/>\n\t<meta name=\"twitter:data2\" content=\"2 minutos\" \/>\n<script type=\"application\/ld+json\" class=\"yoast-schema-graph\">{\"@context\":\"https:\/\/schema.org\",\"@graph\":[{\"@type\":\"Article\",\"@id\":\"https:\/\/www.notibras.com\/site\/galo-vence-vitoria-com-gols-no-fim-e-se-mantem-entre-os-quatro\/#article\",\"isPartOf\":{\"@id\":\"https:\/\/www.notibras.com\/site\/galo-vence-vitoria-com-gols-no-fim-e-se-mantem-entre-os-quatro\/\"},\"author\":{\"name\":\"Reda\u00e7\u00e3o\",\"@id\":\"https:\/\/www.notibras.com\/site\/#\/schema\/person\/36ab0979449956132d3e5b517ea76ac8\"},\"headline\":\"Galo vence Vit\u00f3ria com gols no fim e se mant\u00e9m entre os quatro\",\"datePublished\":\"2014-09-28T20:10:11+00:00\",\"dateModified\":\"2014-09-28T21:12:36+00:00\",\"mainEntityOfPage\":{\"@id\":\"https:\/\/www.notibras.com\/site\/galo-vence-vitoria-com-gols-no-fim-e-se-mantem-entre-os-quatro\/\"},\"wordCount\":370,\"commentCount\":0,\"publisher\":{\"@id\":\"https:\/\/www.notibras.com\/site\/#organization\"},\"image\":{\"@id\":\"https:\/\/www.notibras.com\/site\/galo-vence-vitoria-com-gols-no-fim-e-se-mantem-entre-os-quatro\/#primaryimage\"},\"thumbnailUrl\":\"https:\/\/www.notibras.com\/site\/wp-content\/uploads\/2014\/09\/fu2.jpg\",\"articleSection\":[\"Esportes\",\"Futebol\"],\"inLanguage\":\"pt-BR\",\"potentialAction\":[{\"@type\":\"CommentAction\",\"name\":\"Comment\",\"target\":[\"https:\/\/www.notibras.com\/site\/galo-vence-vitoria-com-gols-no-fim-e-se-mantem-entre-os-quatro\/#respond\"]}]},{\"@type\":\"WebPage\",\"@id\":\"https:\/\/www.notibras.com\/site\/galo-vence-vitoria-com-gols-no-fim-e-se-mantem-entre-os-quatro\/\",\"url\":\"https:\/\/www.notibras.com\/site\/galo-vence-vitoria-com-gols-no-fim-e-se-mantem-entre-os-quatro\/\",\"name\":\"Galo vence Vit\u00f3ria com gols no fim e se mant\u00e9m entre os quatro - Notibras\",\"isPartOf\":{\"@id\":\"https:\/\/www.notibras.com\/site\/#website\"},\"primaryImageOfPage\":{\"@id\":\"https:\/\/www.notibras.com\/site\/galo-vence-vitoria-com-gols-no-fim-e-se-mantem-entre-os-quatro\/#primaryimage\"},\"image\":{\"@id\":\"https:\/\/www.notibras.com\/site\/galo-vence-vitoria-com-gols-no-fim-e-se-mantem-entre-os-quatro\/#primaryimage\"},\"thumbnailUrl\":\"https:\/\/www.notibras.com\/site\/wp-content\/uploads\/2014\/09\/fu2.jpg\",\"datePublished\":\"2014-09-28T20:10:11+00:00\",\"dateModified\":\"2014-09-28T21:12:36+00:00\",\"breadcrumb\":{\"@id\":\"https:\/\/www.notibras.com\/site\/galo-vence-vitoria-com-gols-no-fim-e-se-mantem-entre-os-quatro\/#breadcrumb\"},\"inLanguage\":\"pt-BR\",\"potentialAction\":[{\"@type\":\"ReadAction\",\"target\":[\"https:\/\/www.notibras.com\/site\/galo-vence-vitoria-com-gols-no-fim-e-se-mantem-entre-os-quatro\/\"]}]},{\"@type\":\"ImageObject\",\"inLanguage\":\"pt-BR\",\"@id\":\"https:\/\/www.notibras.com\/site\/galo-vence-vitoria-com-gols-no-fim-e-se-mantem-entre-os-quatro\/#primaryimage\",\"url\":\"https:\/\/www.notibras.com\/site\/wp-content\/uploads\/2014\/09\/fu2.jpg\",\"contentUrl\":\"https:\/\/www.notibras.com\/site\/wp-content\/uploads\/2014\/09\/fu2.jpg\",\"width\":753,\"height\":500},{\"@type\":\"BreadcrumbList\",\"@id\":\"https:\/\/www.notibras.com\/site\/galo-vence-vitoria-com-gols-no-fim-e-se-mantem-entre-os-quatro\/#breadcrumb\",\"itemListElement\":[{\"@type\":\"ListItem\",\"position\":1,\"name\":\"In\u00edcio\",\"item\":\"https:\/\/www.notibras.com\/site\/\"},{\"@type\":\"ListItem\",\"position\":2,\"name\":\"Galo vence Vit\u00f3ria com gols no fim e se mant\u00e9m entre os quatro\"}]},{\"@type\":\"WebSite\",\"@id\":\"https:\/\/www.notibras.com\/site\/#website\",\"url\":\"https:\/\/www.notibras.com\/site\/\",\"name\":\"Notibras\",\"description\":\"Not\u00edcias de Bras\u00edlia, do Brasil e do Mundo\",\"publisher\":{\"@id\":\"https:\/\/www.notibras.com\/site\/#organization\"},\"potentialAction\":[{\"@type\":\"SearchAction\",\"target\":{\"@type\":\"EntryPoint\",\"urlTemplate\":\"https:\/\/www.notibras.com\/site\/?s={search_term_string}\"},\"query-input\":{\"@type\":\"PropertyValueSpecification\",\"valueRequired\":true,\"valueName\":\"search_term_string\"}}],\"inLanguage\":\"pt-BR\"},{\"@type\":\"Organization\",\"@id\":\"https:\/\/www.notibras.com\/site\/#organization\",\"name\":\"Grupo Notibras de Comunica\u00e7\u00e3o\",\"url\":\"https:\/\/www.notibras.com\/site\/\",\"logo\":{\"@type\":\"ImageObject\",\"inLanguage\":\"pt-BR\",\"@id\":\"https:\/\/www.notibras.com\/site\/#\/schema\/logo\/image\/\",\"url\":\"https:\/\/www.notibras.com\/site\/wp-content\/uploads\/2023\/01\/notibras23.png\",\"contentUrl\":\"https:\/\/www.notibras.com\/site\/wp-content\/uploads\/2023\/01\/notibras23.png\",\"width\":350,\"height\":87,\"caption\":\"Grupo Notibras de Comunica\u00e7\u00e3o\"},\"image\":{\"@id\":\"https:\/\/www.notibras.com\/site\/#\/schema\/logo\/image\/\"},\"sameAs\":[\"https:\/\/www.facebook.com\/notibras\/\",\"https:\/\/x.com\/Notibras\",\"https:\/\/www.instagram.com\/notibras\/\"]},{\"@type\":\"Person\",\"@id\":\"https:\/\/www.notibras.com\/site\/#\/schema\/person\/36ab0979449956132d3e5b517ea76ac8\",\"name\":\"Reda\u00e7\u00e3o\",\"image\":{\"@type\":\"ImageObject\",\"inLanguage\":\"pt-BR\",\"@id\":\"https:\/\/secure.gravatar.com\/avatar\/e0a867bdedb85fd243eadf09663511f96fc81e0720a4a42581f334ad4303aa6b?s=96&d=mm&r=g\",\"url\":\"https:\/\/secure.gravatar.com\/avatar\/e0a867bdedb85fd243eadf09663511f96fc81e0720a4a42581f334ad4303aa6b?s=96&d=mm&r=g\",\"contentUrl\":\"https:\/\/secure.gravatar.com\/avatar\/e0a867bdedb85fd243eadf09663511f96fc81e0720a4a42581f334ad4303aa6b?s=96&d=mm&r=g\",\"caption\":\"Reda\u00e7\u00e3o\"}}]}<\/script>\n<!-- \/ Yoast SEO plugin. -->","yoast_head_json":{"title":"Galo vence Vit\u00f3ria com gols no fim e se mant\u00e9m entre os quatro - Notibras","robots":{"index":"index","follow":"follow","max-snippet":"max-snippet:-1","max-image-preview":"max-image-preview:large","max-video-preview":"max-video-preview:-1"},"canonical":"https:\/\/www.notibras.com\/site\/galo-vence-vitoria-com-gols-no-fim-e-se-mantem-entre-os-quatro\/","og_locale":"pt_BR","og_type":"article","og_title":"Galo vence Vit\u00f3ria com gols no fim e se mant\u00e9m entre os quatro - Notibras","og_description":"Em partida dram\u00e1tica no est\u00e1dio Independ\u00eancia, com boas alternativas para os dois lados, o Atl\u00e9tico-MG fez valer mais uma vez a sua for\u00e7a diante da torcida. Com um gol de Diego Tardelli aos 40min do segundo tempo, o time mineiro derrotou o Vit\u00f3ria, por 2 a 0, neste domingo, se manteve no G-4 e chegou [&hellip;]","og_url":"https:\/\/www.notibras.com\/site\/galo-vence-vitoria-com-gols-no-fim-e-se-mantem-entre-os-quatro\/","og_site_name":"Notibras","article_publisher":"https:\/\/www.facebook.com\/notibras\/","article_published_time":"2014-09-28T20:10:11+00:00","article_modified_time":"2014-09-28T21:12:36+00:00","og_image":[{"width":753,"height":500,"url":"https:\/\/www.notibras.com\/site\/wp-content\/uploads\/2014\/09\/fu2.jpg","type":"image\/jpeg"}],"author":"Reda\u00e7\u00e3o","twitter_card":"summary_large_image","twitter_creator":"@Notibras","twitter_site":"@Notibras","twitter_misc":{"Escrito por":"Reda\u00e7\u00e3o","Est. tempo de leitura":"2 minutos"},"schema":{"@context":"https:\/\/schema.org","@graph":[{"@type":"Article","@id":"https:\/\/www.notibras.com\/site\/galo-vence-vitoria-com-gols-no-fim-e-se-mantem-entre-os-quatro\/#article","isPartOf":{"@id":"https:\/\/www.notibras.com\/site\/galo-vence-vitoria-com-gols-no-fim-e-se-mantem-entre-os-quatro\/"},"author":{"name":"Reda\u00e7\u00e3o","@id":"https:\/\/www.notibras.com\/site\/#\/schema\/person\/36ab0979449956132d3e5b517ea76ac8"},"headline":"Galo vence Vit\u00f3ria com gols no fim e se mant\u00e9m entre os quatro","datePublished":"2014-09-28T20:10:11+00:00","dateModified":"2014-09-28T21:12:36+00:00","mainEntityOfPage":{"@id":"https:\/\/www.notibras.com\/site\/galo-vence-vitoria-com-gols-no-fim-e-se-mantem-entre-os-quatro\/"},"wordCount":370,"commentCount":0,"publisher":{"@id":"https:\/\/www.notibras.com\/site\/#organization"},"image":{"@id":"https:\/\/www.notibras.com\/site\/galo-vence-vitoria-com-gols-no-fim-e-se-mantem-entre-os-quatro\/#primaryimage"},"thumbnailUrl":"https:\/\/www.notibras.com\/site\/wp-content\/uploads\/2014\/09\/fu2.jpg","articleSection":["Esportes","Futebol"],"inLanguage":"pt-BR","potentialAction":[{"@type":"CommentAction","name":"Comment","target":["https:\/\/www.notibras.com\/site\/galo-vence-vitoria-com-gols-no-fim-e-se-mantem-entre-os-quatro\/#respond"]}]},{"@type":"WebPage","@id":"https:\/\/www.notibras.com\/site\/galo-vence-vitoria-com-gols-no-fim-e-se-mantem-entre-os-quatro\/","url":"https:\/\/www.notibras.com\/site\/galo-vence-vitoria-com-gols-no-fim-e-se-mantem-entre-os-quatro\/","name":"Galo vence Vit\u00f3ria com gols no fim e se mant\u00e9m entre os quatro - Notibras","isPartOf":{"@id":"https:\/\/www.notibras.com\/site\/#website"},"primaryImageOfPage":{"@id":"https:\/\/www.notibras.com\/site\/galo-vence-vitoria-com-gols-no-fim-e-se-mantem-entre-os-quatro\/#primaryimage"},"image":{"@id":"https:\/\/www.notibras.com\/site\/galo-vence-vitoria-com-gols-no-fim-e-se-mantem-entre-os-quatro\/#primaryimage"},"thumbnailUrl":"https:\/\/www.notibras.com\/site\/wp-content\/uploads\/2014\/09\/fu2.jpg","datePublished":"2014-09-28T20:10:11+00:00","dateModified":"2014-09-28T21:12:36+00:00","breadcrumb":{"@id":"https:\/\/www.notibras.com\/site\/galo-vence-vitoria-com-gols-no-fim-e-se-mantem-entre-os-quatro\/#breadcrumb"},"inLanguage":"pt-BR","potentialAction":[{"@type":"ReadAction","target":["https:\/\/www.notibras.com\/site\/galo-vence-vitoria-com-gols-no-fim-e-se-mantem-entre-os-quatro\/"]}]},{"@type":"ImageObject","inLanguage":"pt-BR","@id":"https:\/\/www.notibras.com\/site\/galo-vence-vitoria-com-gols-no-fim-e-se-mantem-entre-os-quatro\/#primaryimage","url":"https:\/\/www.notibras.com\/site\/wp-content\/uploads\/2014\/09\/fu2.jpg","contentUrl":"https:\/\/www.notibras.com\/site\/wp-content\/uploads\/2014\/09\/fu2.jpg","width":753,"height":500},{"@type":"BreadcrumbList","@id":"https:\/\/www.notibras.com\/site\/galo-vence-vitoria-com-gols-no-fim-e-se-mantem-entre-os-quatro\/#breadcrumb","itemListElement":[{"@type":"ListItem","position":1,"name":"In\u00edcio","item":"https:\/\/www.notibras.com\/site\/"},{"@type":"ListItem","position":2,"name":"Galo vence Vit\u00f3ria com gols no fim e se mant\u00e9m entre os quatro"}]},{"@type":"WebSite","@id":"https:\/\/www.notibras.com\/site\/#website","url":"https:\/\/www.notibras.com\/site\/","name":"Notibras","description":"Not\u00edcias de Bras\u00edlia, do Brasil e do Mundo","publisher":{"@id":"https:\/\/www.notibras.com\/site\/#organization"},"potentialAction":[{"@type":"SearchAction","target":{"@type":"EntryPoint","urlTemplate":"https:\/\/www.notibras.com\/site\/?s={search_term_string}"},"query-input":{"@type":"PropertyValueSpecification","valueRequired":true,"valueName":"search_term_string"}}],"inLanguage":"pt-BR"},{"@type":"Organization","@id":"https:\/\/www.notibras.com\/site\/#organization","name":"Grupo Notibras de Comunica\u00e7\u00e3o","url":"https:\/\/www.notibras.com\/site\/","logo":{"@type":"ImageObject","inLanguage":"pt-BR","@id":"https:\/\/www.notibras.com\/site\/#\/schema\/logo\/image\/","url":"https:\/\/www.notibras.com\/site\/wp-content\/uploads\/2023\/01\/notibras23.png","contentUrl":"https:\/\/www.notibras.com\/site\/wp-content\/uploads\/2023\/01\/notibras23.png","width":350,"height":87,"caption":"Grupo Notibras de Comunica\u00e7\u00e3o"},"image":{"@id":"https:\/\/www.notibras.com\/site\/#\/schema\/logo\/image\/"},"sameAs":["https:\/\/www.facebook.com\/notibras\/","https:\/\/x.com\/Notibras","https:\/\/www.instagram.com\/notibras\/"]},{"@type":"Person","@id":"https:\/\/www.notibras.com\/site\/#\/schema\/person\/36ab0979449956132d3e5b517ea76ac8","name":"Reda\u00e7\u00e3o","image":{"@type":"ImageObject","inLanguage":"pt-BR","@id":"https:\/\/secure.gravatar.com\/avatar\/e0a867bdedb85fd243eadf09663511f96fc81e0720a4a42581f334ad4303aa6b?s=96&d=mm&r=g","url":"https:\/\/secure.gravatar.com\/avatar\/e0a867bdedb85fd243eadf09663511f96fc81e0720a4a42581f334ad4303aa6b?s=96&d=mm&r=g","contentUrl":"https:\/\/secure.gravatar.com\/avatar\/e0a867bdedb85fd243eadf09663511f96fc81e0720a4a42581f334ad4303aa6b?s=96&d=mm&r=g","caption":"Reda\u00e7\u00e3o"}}]}},"amp_enabled":true,"_links":{"self":[{"href":"https:\/\/www.notibras.com\/site\/wp-json\/wp\/v2\/posts\/23346","targetHints":{"allow":["GET"]}}],"collection":[{"href":"https:\/\/www.notibras.com\/site\/wp-json\/wp\/v2\/posts"}],"about":[{"href":"https:\/\/www.notibras.com\/site\/wp-json\/wp\/v2\/types\/post"}],"author":[{"embeddable":true,"href":"https:\/\/www.notibras.com\/site\/wp-json\/wp\/v2\/users\/2"}],"replies":[{"embeddable":true,"href":"https:\/\/www.notibras.com\/site\/wp-json\/wp\/v2\/comments?post=23346"}],"version-history":[{"count":0,"href":"https:\/\/www.notibras.com\/site\/wp-json\/wp\/v2\/posts\/23346\/revisions"}],"wp:featuredmedia":[{"embeddable":true,"href":"https:\/\/www.notibras.com\/site\/wp-json\/wp\/v2\/media\/23347"}],"wp:attachment":[{"href":"https:\/\/www.notibras.com\/site\/wp-json\/wp\/v2\/media?parent=23346"}],"wp:term":[{"taxonomy":"category","embeddable":true,"href":"https:\/\/www.notibras.com\/site\/wp-json\/wp\/v2\/categories?post=23346"},{"taxonomy":"post_tag","embeddable":true,"href":"https:\/\/www.notibras.com\/site\/wp-json\/wp\/v2\/tags?post=23346"}],"curies":[{"name":"wp","href":"https:\/\/api.w.org\/{rel}","templated":true}]}}