{"id":23358,"date":"2014-09-28T20:59:30","date_gmt":"2014-09-28T23:59:30","guid":{"rendered":"http:\/\/www.notibras.com\/site\/?p=23358"},"modified":"2014-09-28T20:59:30","modified_gmt":"2014-09-28T23:59:30","slug":"palmeiras-ensaia-reacao-mas-perde-de-virada-em-cinco-minutos","status":"publish","type":"post","link":"https:\/\/www.notibras.com\/site\/palmeiras-ensaia-reacao-mas-perde-de-virada-em-cinco-minutos\/","title":{"rendered":"Palmeiras ensaia rea\u00e7\u00e3o mas perde de virada em cinco minutos"},"content":{"rendered":"<p>Em cinco minutos, o Palmeiras foi do c\u00e9u ao inferno na noite deste domingo, no Orlando Scarpelli. O alviverde levava vantagem no placar diante do Figueirense no trecho final do jogo, mas levou dois gols de Clayton \u2013 aos 31 e 32 do segundo tempo &#8211; e outro de Marc\u00e3o &#8211; aos 35 .<\/p>\n<p>O &#8220;apag\u00e3o&#8221; custou caro e com a derrota por 3 a 1 o time segue na zona de rebaixamento. Cristaldo fez o gol palmeirense no primeiro tempo.<\/p>\n<div>O resultado tamb\u00e9m tem como culpado Valdivia. O gol que o chileno perdeu, ao sequer arriscar a finaliza\u00e7\u00e3o e fazer passe errado, foi impressionante. Na ocasi\u00e3o, o alviverde vencia por 1 a 0 aos 22 minutos do segundo tempo. O Palmeiras fica na 17\u00aa coloca\u00e7\u00e3o, com 25 pontos. E o Figureirense vai ao d\u00e9cimo lugar, com 32.<\/div>\n<div><\/div>\n<div>Na pr\u00f3xima rodada, o Palmeiras encara a Chapecoense, quinta, \u00e0s 19h30, no Pacaembu. J\u00e1 o Figueirense enfrenta o Goi\u00e1s, no Serra Dourada, s\u00e1bado, \u00e0s 18h30.<\/div>\n<div><\/div>\n<div>Frio e chuva deixaram o come\u00e7o do jogo extremamente lento. As equipes carregavam a bola sem enfrentarem grandes marca\u00e7\u00f5es e pouco conseguiam criar.<\/div>\n<div><\/div>\n<div>A medida que os espa\u00e7os foram aparecendo, o problema passou a ser as limita\u00e7\u00f5es t\u00e9cnicas dos times. Foram muitos erros de passe que deixaram o n\u00edvel da primeira etapa baixo.<\/div>\n<div><\/div>\n<div>Em um dos poucos lances de lucidez ofensiva, Diogo fez boa jogada pela esquerda e cruzou para tr\u00e1s. Henrique deixou passar e Cristaldo chutou de primeira para o fundo do gol aos 34 minutos.<\/div>\n<div><\/div>\n<div>O jogo mudou bastante no segundo tempo, com o Figueirense indo \u00e0 frente e deixando muitos espa\u00e7os para o Palmeiras.<\/div>\n<div><\/div>\n<div>A marca\u00e7\u00e3o forte palmeirense funcionou por boa parte da etapa. No entanto, os cinco minutos da virada do Figueirense foram um pr\u00eamio pela ousadia do time que se lan\u00e7ou todo ao ataque.<\/div>\n","protected":false},"excerpt":{"rendered":"<p>Em cinco minutos, o Palmeiras foi do c\u00e9u ao inferno na noite deste domingo, no Orlando Scarpelli. O alviverde levava vantagem no placar diante do Figueirense no trecho final do jogo, mas levou dois gols de Clayton \u2013 aos 31 e 32 do segundo tempo &#8211; e outro de Marc\u00e3o &#8211; aos 35 . O [&hellip;]<\/p>\n","protected":false},"author":2,"featured_media":23359,"comment_status":"open","ping_status":"closed","sticky":false,"template":"","format":"standard","meta":{"_acf_changed":false,"footnotes":""},"categories":[19,29],"tags":[],"class_list":["post-23358","post","type-post","status-publish","format-standard","has-post-thumbnail","hentry","category-esportes","category-futebol"],"acf":[],"yoast_head":"<!-- This site is optimized with the Yoast SEO plugin v27.2 - https:\/\/yoast.com\/product\/yoast-seo-wordpress\/ -->\n<title>Palmeiras ensaia rea\u00e7\u00e3o mas perde de virada em cinco minutos - Notibras<\/title>\n<meta name=\"robots\" content=\"index, follow, max-snippet:-1, max-image-preview:large, max-video-preview:-1\" \/>\n<link rel=\"canonical\" href=\"https:\/\/www.notibras.com\/site\/palmeiras-ensaia-reacao-mas-perde-de-virada-em-cinco-minutos\/\" \/>\n<meta property=\"og:locale\" content=\"pt_BR\" \/>\n<meta property=\"og:type\" content=\"article\" \/>\n<meta property=\"og:title\" content=\"Palmeiras ensaia rea\u00e7\u00e3o mas perde de virada em cinco minutos - Notibras\" \/>\n<meta property=\"og:description\" content=\"Em cinco minutos, o Palmeiras foi do c\u00e9u ao inferno na noite deste domingo, no Orlando Scarpelli. O alviverde levava vantagem no placar diante do Figueirense no trecho final do jogo, mas levou dois gols de Clayton \u2013 aos 31 e 32 do segundo tempo &#8211; e outro de Marc\u00e3o &#8211; aos 35 . O [&hellip;]\" \/>\n<meta property=\"og:url\" content=\"https:\/\/www.notibras.com\/site\/palmeiras-ensaia-reacao-mas-perde-de-virada-em-cinco-minutos\/\" \/>\n<meta property=\"og:site_name\" content=\"Notibras\" \/>\n<meta property=\"article:publisher\" content=\"https:\/\/www.facebook.com\/notibras\/\" \/>\n<meta property=\"article:published_time\" content=\"2014-09-28T23:59:30+00:00\" \/>\n<meta property=\"og:image\" content=\"https:\/\/www.notibras.com\/site\/wp-content\/uploads\/2014\/09\/fu3.jpg\" \/>\n\t<meta property=\"og:image:width\" content=\"900\" \/>\n\t<meta property=\"og:image:height\" content=\"599\" \/>\n\t<meta property=\"og:image:type\" content=\"image\/jpeg\" \/>\n<meta name=\"author\" content=\"Reda\u00e7\u00e3o\" \/>\n<meta name=\"twitter:card\" content=\"summary_large_image\" \/>\n<meta name=\"twitter:creator\" content=\"@Notibras\" \/>\n<meta name=\"twitter:site\" content=\"@Notibras\" \/>\n<meta name=\"twitter:label1\" content=\"Escrito por\" \/>\n\t<meta name=\"twitter:data1\" content=\"Reda\u00e7\u00e3o\" \/>\n\t<meta name=\"twitter:label2\" content=\"Est. tempo de leitura\" \/>\n\t<meta name=\"twitter:data2\" content=\"2 minutos\" \/>\n<script type=\"application\/ld+json\" class=\"yoast-schema-graph\">{\"@context\":\"https:\/\/schema.org\",\"@graph\":[{\"@type\":\"Article\",\"@id\":\"https:\/\/www.notibras.com\/site\/palmeiras-ensaia-reacao-mas-perde-de-virada-em-cinco-minutos\/#article\",\"isPartOf\":{\"@id\":\"https:\/\/www.notibras.com\/site\/palmeiras-ensaia-reacao-mas-perde-de-virada-em-cinco-minutos\/\"},\"author\":{\"name\":\"Reda\u00e7\u00e3o\",\"@id\":\"https:\/\/www.notibras.com\/site\/#\/schema\/person\/36ab0979449956132d3e5b517ea76ac8\"},\"headline\":\"Palmeiras ensaia rea\u00e7\u00e3o mas perde de virada em cinco minutos\",\"datePublished\":\"2014-09-28T23:59:30+00:00\",\"mainEntityOfPage\":{\"@id\":\"https:\/\/www.notibras.com\/site\/palmeiras-ensaia-reacao-mas-perde-de-virada-em-cinco-minutos\/\"},\"wordCount\":320,\"commentCount\":0,\"publisher\":{\"@id\":\"https:\/\/www.notibras.com\/site\/#organization\"},\"image\":{\"@id\":\"https:\/\/www.notibras.com\/site\/palmeiras-ensaia-reacao-mas-perde-de-virada-em-cinco-minutos\/#primaryimage\"},\"thumbnailUrl\":\"https:\/\/www.notibras.com\/site\/wp-content\/uploads\/2014\/09\/fu3.jpg\",\"articleSection\":[\"Esportes\",\"Futebol\"],\"inLanguage\":\"pt-BR\",\"potentialAction\":[{\"@type\":\"CommentAction\",\"name\":\"Comment\",\"target\":[\"https:\/\/www.notibras.com\/site\/palmeiras-ensaia-reacao-mas-perde-de-virada-em-cinco-minutos\/#respond\"]}]},{\"@type\":\"WebPage\",\"@id\":\"https:\/\/www.notibras.com\/site\/palmeiras-ensaia-reacao-mas-perde-de-virada-em-cinco-minutos\/\",\"url\":\"https:\/\/www.notibras.com\/site\/palmeiras-ensaia-reacao-mas-perde-de-virada-em-cinco-minutos\/\",\"name\":\"Palmeiras ensaia rea\u00e7\u00e3o mas perde de virada em cinco minutos - Notibras\",\"isPartOf\":{\"@id\":\"https:\/\/www.notibras.com\/site\/#website\"},\"primaryImageOfPage\":{\"@id\":\"https:\/\/www.notibras.com\/site\/palmeiras-ensaia-reacao-mas-perde-de-virada-em-cinco-minutos\/#primaryimage\"},\"image\":{\"@id\":\"https:\/\/www.notibras.com\/site\/palmeiras-ensaia-reacao-mas-perde-de-virada-em-cinco-minutos\/#primaryimage\"},\"thumbnailUrl\":\"https:\/\/www.notibras.com\/site\/wp-content\/uploads\/2014\/09\/fu3.jpg\",\"datePublished\":\"2014-09-28T23:59:30+00:00\",\"breadcrumb\":{\"@id\":\"https:\/\/www.notibras.com\/site\/palmeiras-ensaia-reacao-mas-perde-de-virada-em-cinco-minutos\/#breadcrumb\"},\"inLanguage\":\"pt-BR\",\"potentialAction\":[{\"@type\":\"ReadAction\",\"target\":[\"https:\/\/www.notibras.com\/site\/palmeiras-ensaia-reacao-mas-perde-de-virada-em-cinco-minutos\/\"]}]},{\"@type\":\"ImageObject\",\"inLanguage\":\"pt-BR\",\"@id\":\"https:\/\/www.notibras.com\/site\/palmeiras-ensaia-reacao-mas-perde-de-virada-em-cinco-minutos\/#primaryimage\",\"url\":\"https:\/\/www.notibras.com\/site\/wp-content\/uploads\/2014\/09\/fu3.jpg\",\"contentUrl\":\"https:\/\/www.notibras.com\/site\/wp-content\/uploads\/2014\/09\/fu3.jpg\",\"width\":900,\"height\":599},{\"@type\":\"BreadcrumbList\",\"@id\":\"https:\/\/www.notibras.com\/site\/palmeiras-ensaia-reacao-mas-perde-de-virada-em-cinco-minutos\/#breadcrumb\",\"itemListElement\":[{\"@type\":\"ListItem\",\"position\":1,\"name\":\"In\u00edcio\",\"item\":\"https:\/\/www.notibras.com\/site\/\"},{\"@type\":\"ListItem\",\"position\":2,\"name\":\"Palmeiras ensaia rea\u00e7\u00e3o mas perde de virada em cinco minutos\"}]},{\"@type\":\"WebSite\",\"@id\":\"https:\/\/www.notibras.com\/site\/#website\",\"url\":\"https:\/\/www.notibras.com\/site\/\",\"name\":\"Notibras\",\"description\":\"Not\u00edcias de Bras\u00edlia, do Brasil e do Mundo\",\"publisher\":{\"@id\":\"https:\/\/www.notibras.com\/site\/#organization\"},\"potentialAction\":[{\"@type\":\"SearchAction\",\"target\":{\"@type\":\"EntryPoint\",\"urlTemplate\":\"https:\/\/www.notibras.com\/site\/?s={search_term_string}\"},\"query-input\":{\"@type\":\"PropertyValueSpecification\",\"valueRequired\":true,\"valueName\":\"search_term_string\"}}],\"inLanguage\":\"pt-BR\"},{\"@type\":\"Organization\",\"@id\":\"https:\/\/www.notibras.com\/site\/#organization\",\"name\":\"Grupo Notibras de Comunica\u00e7\u00e3o\",\"url\":\"https:\/\/www.notibras.com\/site\/\",\"logo\":{\"@type\":\"ImageObject\",\"inLanguage\":\"pt-BR\",\"@id\":\"https:\/\/www.notibras.com\/site\/#\/schema\/logo\/image\/\",\"url\":\"https:\/\/www.notibras.com\/site\/wp-content\/uploads\/2023\/01\/notibras23.png\",\"contentUrl\":\"https:\/\/www.notibras.com\/site\/wp-content\/uploads\/2023\/01\/notibras23.png\",\"width\":350,\"height\":87,\"caption\":\"Grupo Notibras de Comunica\u00e7\u00e3o\"},\"image\":{\"@id\":\"https:\/\/www.notibras.com\/site\/#\/schema\/logo\/image\/\"},\"sameAs\":[\"https:\/\/www.facebook.com\/notibras\/\",\"https:\/\/x.com\/Notibras\",\"https:\/\/www.instagram.com\/notibras\/\"]},{\"@type\":\"Person\",\"@id\":\"https:\/\/www.notibras.com\/site\/#\/schema\/person\/36ab0979449956132d3e5b517ea76ac8\",\"name\":\"Reda\u00e7\u00e3o\",\"image\":{\"@type\":\"ImageObject\",\"inLanguage\":\"pt-BR\",\"@id\":\"https:\/\/secure.gravatar.com\/avatar\/e0a867bdedb85fd243eadf09663511f96fc81e0720a4a42581f334ad4303aa6b?s=96&d=mm&r=g\",\"url\":\"https:\/\/secure.gravatar.com\/avatar\/e0a867bdedb85fd243eadf09663511f96fc81e0720a4a42581f334ad4303aa6b?s=96&d=mm&r=g\",\"contentUrl\":\"https:\/\/secure.gravatar.com\/avatar\/e0a867bdedb85fd243eadf09663511f96fc81e0720a4a42581f334ad4303aa6b?s=96&d=mm&r=g\",\"caption\":\"Reda\u00e7\u00e3o\"}}]}<\/script>\n<!-- \/ Yoast SEO plugin. -->","yoast_head_json":{"title":"Palmeiras ensaia rea\u00e7\u00e3o mas perde de virada em cinco minutos - Notibras","robots":{"index":"index","follow":"follow","max-snippet":"max-snippet:-1","max-image-preview":"max-image-preview:large","max-video-preview":"max-video-preview:-1"},"canonical":"https:\/\/www.notibras.com\/site\/palmeiras-ensaia-reacao-mas-perde-de-virada-em-cinco-minutos\/","og_locale":"pt_BR","og_type":"article","og_title":"Palmeiras ensaia rea\u00e7\u00e3o mas perde de virada em cinco minutos - Notibras","og_description":"Em cinco minutos, o Palmeiras foi do c\u00e9u ao inferno na noite deste domingo, no Orlando Scarpelli. O alviverde levava vantagem no placar diante do Figueirense no trecho final do jogo, mas levou dois gols de Clayton \u2013 aos 31 e 32 do segundo tempo &#8211; e outro de Marc\u00e3o &#8211; aos 35 . O [&hellip;]","og_url":"https:\/\/www.notibras.com\/site\/palmeiras-ensaia-reacao-mas-perde-de-virada-em-cinco-minutos\/","og_site_name":"Notibras","article_publisher":"https:\/\/www.facebook.com\/notibras\/","article_published_time":"2014-09-28T23:59:30+00:00","og_image":[{"width":900,"height":599,"url":"https:\/\/www.notibras.com\/site\/wp-content\/uploads\/2014\/09\/fu3.jpg","type":"image\/jpeg"}],"author":"Reda\u00e7\u00e3o","twitter_card":"summary_large_image","twitter_creator":"@Notibras","twitter_site":"@Notibras","twitter_misc":{"Escrito por":"Reda\u00e7\u00e3o","Est. tempo de leitura":"2 minutos"},"schema":{"@context":"https:\/\/schema.org","@graph":[{"@type":"Article","@id":"https:\/\/www.notibras.com\/site\/palmeiras-ensaia-reacao-mas-perde-de-virada-em-cinco-minutos\/#article","isPartOf":{"@id":"https:\/\/www.notibras.com\/site\/palmeiras-ensaia-reacao-mas-perde-de-virada-em-cinco-minutos\/"},"author":{"name":"Reda\u00e7\u00e3o","@id":"https:\/\/www.notibras.com\/site\/#\/schema\/person\/36ab0979449956132d3e5b517ea76ac8"},"headline":"Palmeiras ensaia rea\u00e7\u00e3o mas perde de virada em cinco minutos","datePublished":"2014-09-28T23:59:30+00:00","mainEntityOfPage":{"@id":"https:\/\/www.notibras.com\/site\/palmeiras-ensaia-reacao-mas-perde-de-virada-em-cinco-minutos\/"},"wordCount":320,"commentCount":0,"publisher":{"@id":"https:\/\/www.notibras.com\/site\/#organization"},"image":{"@id":"https:\/\/www.notibras.com\/site\/palmeiras-ensaia-reacao-mas-perde-de-virada-em-cinco-minutos\/#primaryimage"},"thumbnailUrl":"https:\/\/www.notibras.com\/site\/wp-content\/uploads\/2014\/09\/fu3.jpg","articleSection":["Esportes","Futebol"],"inLanguage":"pt-BR","potentialAction":[{"@type":"CommentAction","name":"Comment","target":["https:\/\/www.notibras.com\/site\/palmeiras-ensaia-reacao-mas-perde-de-virada-em-cinco-minutos\/#respond"]}]},{"@type":"WebPage","@id":"https:\/\/www.notibras.com\/site\/palmeiras-ensaia-reacao-mas-perde-de-virada-em-cinco-minutos\/","url":"https:\/\/www.notibras.com\/site\/palmeiras-ensaia-reacao-mas-perde-de-virada-em-cinco-minutos\/","name":"Palmeiras ensaia rea\u00e7\u00e3o mas perde de virada em cinco minutos - Notibras","isPartOf":{"@id":"https:\/\/www.notibras.com\/site\/#website"},"primaryImageOfPage":{"@id":"https:\/\/www.notibras.com\/site\/palmeiras-ensaia-reacao-mas-perde-de-virada-em-cinco-minutos\/#primaryimage"},"image":{"@id":"https:\/\/www.notibras.com\/site\/palmeiras-ensaia-reacao-mas-perde-de-virada-em-cinco-minutos\/#primaryimage"},"thumbnailUrl":"https:\/\/www.notibras.com\/site\/wp-content\/uploads\/2014\/09\/fu3.jpg","datePublished":"2014-09-28T23:59:30+00:00","breadcrumb":{"@id":"https:\/\/www.notibras.com\/site\/palmeiras-ensaia-reacao-mas-perde-de-virada-em-cinco-minutos\/#breadcrumb"},"inLanguage":"pt-BR","potentialAction":[{"@type":"ReadAction","target":["https:\/\/www.notibras.com\/site\/palmeiras-ensaia-reacao-mas-perde-de-virada-em-cinco-minutos\/"]}]},{"@type":"ImageObject","inLanguage":"pt-BR","@id":"https:\/\/www.notibras.com\/site\/palmeiras-ensaia-reacao-mas-perde-de-virada-em-cinco-minutos\/#primaryimage","url":"https:\/\/www.notibras.com\/site\/wp-content\/uploads\/2014\/09\/fu3.jpg","contentUrl":"https:\/\/www.notibras.com\/site\/wp-content\/uploads\/2014\/09\/fu3.jpg","width":900,"height":599},{"@type":"BreadcrumbList","@id":"https:\/\/www.notibras.com\/site\/palmeiras-ensaia-reacao-mas-perde-de-virada-em-cinco-minutos\/#breadcrumb","itemListElement":[{"@type":"ListItem","position":1,"name":"In\u00edcio","item":"https:\/\/www.notibras.com\/site\/"},{"@type":"ListItem","position":2,"name":"Palmeiras ensaia rea\u00e7\u00e3o mas perde de virada em cinco minutos"}]},{"@type":"WebSite","@id":"https:\/\/www.notibras.com\/site\/#website","url":"https:\/\/www.notibras.com\/site\/","name":"Notibras","description":"Not\u00edcias de Bras\u00edlia, do Brasil e do Mundo","publisher":{"@id":"https:\/\/www.notibras.com\/site\/#organization"},"potentialAction":[{"@type":"SearchAction","target":{"@type":"EntryPoint","urlTemplate":"https:\/\/www.notibras.com\/site\/?s={search_term_string}"},"query-input":{"@type":"PropertyValueSpecification","valueRequired":true,"valueName":"search_term_string"}}],"inLanguage":"pt-BR"},{"@type":"Organization","@id":"https:\/\/www.notibras.com\/site\/#organization","name":"Grupo Notibras de Comunica\u00e7\u00e3o","url":"https:\/\/www.notibras.com\/site\/","logo":{"@type":"ImageObject","inLanguage":"pt-BR","@id":"https:\/\/www.notibras.com\/site\/#\/schema\/logo\/image\/","url":"https:\/\/www.notibras.com\/site\/wp-content\/uploads\/2023\/01\/notibras23.png","contentUrl":"https:\/\/www.notibras.com\/site\/wp-content\/uploads\/2023\/01\/notibras23.png","width":350,"height":87,"caption":"Grupo Notibras de Comunica\u00e7\u00e3o"},"image":{"@id":"https:\/\/www.notibras.com\/site\/#\/schema\/logo\/image\/"},"sameAs":["https:\/\/www.facebook.com\/notibras\/","https:\/\/x.com\/Notibras","https:\/\/www.instagram.com\/notibras\/"]},{"@type":"Person","@id":"https:\/\/www.notibras.com\/site\/#\/schema\/person\/36ab0979449956132d3e5b517ea76ac8","name":"Reda\u00e7\u00e3o","image":{"@type":"ImageObject","inLanguage":"pt-BR","@id":"https:\/\/secure.gravatar.com\/avatar\/e0a867bdedb85fd243eadf09663511f96fc81e0720a4a42581f334ad4303aa6b?s=96&d=mm&r=g","url":"https:\/\/secure.gravatar.com\/avatar\/e0a867bdedb85fd243eadf09663511f96fc81e0720a4a42581f334ad4303aa6b?s=96&d=mm&r=g","contentUrl":"https:\/\/secure.gravatar.com\/avatar\/e0a867bdedb85fd243eadf09663511f96fc81e0720a4a42581f334ad4303aa6b?s=96&d=mm&r=g","caption":"Reda\u00e7\u00e3o"}}]}},"amp_enabled":true,"_links":{"self":[{"href":"https:\/\/www.notibras.com\/site\/wp-json\/wp\/v2\/posts\/23358","targetHints":{"allow":["GET"]}}],"collection":[{"href":"https:\/\/www.notibras.com\/site\/wp-json\/wp\/v2\/posts"}],"about":[{"href":"https:\/\/www.notibras.com\/site\/wp-json\/wp\/v2\/types\/post"}],"author":[{"embeddable":true,"href":"https:\/\/www.notibras.com\/site\/wp-json\/wp\/v2\/users\/2"}],"replies":[{"embeddable":true,"href":"https:\/\/www.notibras.com\/site\/wp-json\/wp\/v2\/comments?post=23358"}],"version-history":[{"count":0,"href":"https:\/\/www.notibras.com\/site\/wp-json\/wp\/v2\/posts\/23358\/revisions"}],"wp:featuredmedia":[{"embeddable":true,"href":"https:\/\/www.notibras.com\/site\/wp-json\/wp\/v2\/media\/23359"}],"wp:attachment":[{"href":"https:\/\/www.notibras.com\/site\/wp-json\/wp\/v2\/media?parent=23358"}],"wp:term":[{"taxonomy":"category","embeddable":true,"href":"https:\/\/www.notibras.com\/site\/wp-json\/wp\/v2\/categories?post=23358"},{"taxonomy":"post_tag","embeddable":true,"href":"https:\/\/www.notibras.com\/site\/wp-json\/wp\/v2\/tags?post=23358"}],"curies":[{"name":"wp","href":"https:\/\/api.w.org\/{rel}","templated":true}]}}