{"id":23377,"date":"2014-09-28T20:06:57","date_gmt":"2014-09-28T23:06:57","guid":{"rendered":"http:\/\/www.notibras.com\/site\/?p=23377"},"modified":"2014-09-28T22:09:17","modified_gmt":"2014-09-29T01:09:17","slug":"jofran-ataca-e-promete-ter-antidoto-contra-velhas-e-novas-doencas","status":"publish","type":"post","link":"https:\/\/www.notibras.com\/site\/jofran-ataca-e-promete-ter-antidoto-contra-velhas-e-novas-doencas\/","title":{"rendered":"Jofran ataca e garante ter ant\u00eddoto contra velhas e novas doen\u00e7as"},"content":{"rendered":"<p>Candidato do PR ao Pal\u00e1cio do Buriti, o m\u00e9dico Jofran Frejat est\u00e1 mostrando na campanha que tem rem\u00e9dio para os males que assolam a capital da Rep\u00fablica. Homem de partido, de ideologia firme, resolveu partir para o ataque. E fez circular uma pe\u00e7a promocional onde diz que Agnelo e Rollemberg s\u00e3o farinha do mesmo saco. \u00c9 mais uma arma leg\u00edtima para tentar chegar ao segundo turno.<\/p>\n","protected":false},"excerpt":{"rendered":"<p>Candidato do PR ao Pal\u00e1cio do Buriti, o m\u00e9dico Jofran Frejat est\u00e1 mostrando na campanha que tem rem\u00e9dio para os males que assolam a capital da Rep\u00fablica. Homem de partido, de ideologia firme, resolveu partir para o ataque. E fez circular uma pe\u00e7a promocional onde diz que Agnelo e Rollemberg s\u00e3o farinha do mesmo saco. [&hellip;]<\/p>\n","protected":false},"author":2,"featured_media":23378,"comment_status":"open","ping_status":"closed","sticky":false,"template":"","format":"standard","meta":{"_acf_changed":false,"footnotes":""},"categories":[26],"tags":[],"class_list":["post-23377","post","type-post","status-publish","format-standard","has-post-thumbnail","hentry","category-eleicoes-2022"],"acf":[],"_links":{"self":[{"href":"https:\/\/www.notibras.com\/site\/wp-json\/wp\/v2\/posts\/23377","targetHints":{"allow":["GET"]}}],"collection":[{"href":"https:\/\/www.notibras.com\/site\/wp-json\/wp\/v2\/posts"}],"about":[{"href":"https:\/\/www.notibras.com\/site\/wp-json\/wp\/v2\/types\/post"}],"author":[{"embeddable":true,"href":"https:\/\/www.notibras.com\/site\/wp-json\/wp\/v2\/users\/2"}],"replies":[{"embeddable":true,"href":"https:\/\/www.notibras.com\/site\/wp-json\/wp\/v2\/comments?post=23377"}],"version-history":[{"count":0,"href":"https:\/\/www.notibras.com\/site\/wp-json\/wp\/v2\/posts\/23377\/revisions"}],"wp:featuredmedia":[{"embeddable":true,"href":"https:\/\/www.notibras.com\/site\/wp-json\/wp\/v2\/media\/23378"}],"wp:attachment":[{"href":"https:\/\/www.notibras.com\/site\/wp-json\/wp\/v2\/media?parent=23377"}],"wp:term":[{"taxonomy":"category","embeddable":true,"href":"https:\/\/www.notibras.com\/site\/wp-json\/wp\/v2\/categories?post=23377"},{"taxonomy":"post_tag","embeddable":true,"href":"https:\/\/www.notibras.com\/site\/wp-json\/wp\/v2\/tags?post=23377"}],"curies":[{"name":"wp","href":"https:\/\/api.w.org\/{rel}","templated":true}]}}