{"id":23392,"date":"2014-09-29T13:33:13","date_gmt":"2014-09-29T16:33:13","guid":{"rendered":"http:\/\/www.notibras.com\/site\/?p=23392"},"modified":"2014-09-30T14:11:25","modified_gmt":"2014-09-30T17:11:25","slug":"no-pos-eleicao-relacao-entre-brasil-e-africa-nao-deve-mudar-muito","status":"publish","type":"post","link":"https:\/\/www.notibras.com\/site\/no-pos-eleicao-relacao-entre-brasil-e-africa-nao-deve-mudar-muito\/","title":{"rendered":"No p\u00f3s-elei\u00e7\u00e3o, rela\u00e7\u00e3o entre Brasil e \u00c1frica n\u00e3o deve mudar"},"content":{"rendered":"<div id=\"ctl00_ctl00_cpAB_cp1_cbcContentBreak\">\n<div class=\"zoomMe\">\n<p>O resultado das elei\u00e7\u00f5es presidenciais deste ano no Brasil, seja ele qual for, n\u00e3o deve alterar de forma significativa as rela\u00e7\u00f5es entre o pa\u00eds e o continente africano. A opini\u00e3o \u00e9 do analista em \u00c1frica, Altair Maia.<\/p>\n<p>Uma eventual continuidade do Governo da petista Dilma Rousseff ou a vit\u00f3ria de Marina Silva (PSB), as duas candidatas que lideram as pesquisas de inten\u00e7\u00f5es de voto, n\u00e3o deve impulsionar o com\u00e9rcio entre o Brasil e os pa\u00edses africanos, como afirma o consultor internacional, autor de livros na \u00e1rea.<\/p>\n<p>&#8220;Eu creio que, com Dilma ou com Marina, n\u00f3s ter\u00edamos uma continuidade do mesmo. Uma continuidade da estagna\u00e7\u00e3o do com\u00e9rcio entre os dois pa\u00edses. Acredito que, com o candidato A\u00e9cio Neves (PSDB), possa acontecer alguma modifica\u00e7\u00e3o disso, pelo menos, na quest\u00e3o do transporte que \u00e9 o maior empecilho que n\u00f3s temos. Isso poderia promover um grande desenvolvimento do com\u00e9rcio com o continente africano&#8221;, afirma Maia.<\/p>\n<p>Os programas de governo dos candidatos \u00e0 presid\u00eancia falam de forma superficial em \u201catualizar os mecanismos de coopera\u00e7\u00e3o\u201d com a \u00c1frica ou \u201cpromover maior aproxima\u00e7\u00e3o\u201d, com o continente, como cita o documento de diretrizes para um eventual novo mandato da presidente Dilma Rousseff.<\/p>\n<p>Para Altair Maia, a promessa, no entanto, de maior aproxima\u00e7\u00e3o do Governo da petista n\u00e3o pode ser vista automaticamente como avan\u00e7o, j\u00e1 que o movimento que o Brasil tem feito, nos \u00faltimos anos, em dire\u00e7\u00e3o ao continente n\u00e3o significou necessariamente vantagens reais para os dois lados.<\/p>\n<blockquote><p>\u00a0&#8220;A aproxima\u00e7\u00e3o houve no sentido diplom\u00e1tico, de alinhamento de discursos. Isso realmente houve. N\u00f3s sa\u00edmos de 18 embaixadas brasileiras na \u00c1frica para um total de 33 embaixadas hoje. Diplomaticamente n\u00f3s estamos muito mais pr\u00f3ximos. Agora, comercialmente estamos muito distante e nos distanciando&#8221;, disse o especialista, para quem hoje o com\u00e9rcio total da \u00c1frica atinge quase 1,4 trilh\u00e3o de d\u00f3lares. Para Altair Maia \u201co Brasil participa com 3% disso, \u00e9 muito pouco para a rela\u00e7\u00e3o que temos com a \u00c1frica, a quest\u00e3o cultural, social e sangu\u00ednea&#8221;.<\/p><\/blockquote>\n<p>O analista critica fortemente o atual modelo de rela\u00e7\u00e3o que o Brasil tem com os africanos. &#8220;O Brasil perdoou quase um bilh\u00e3o de d\u00f3lares em d\u00edvidas dos pa\u00edses africanos. Perdoar d\u00edvida n\u00e3o \u00e9 solu\u00e7\u00e3o. Seria muito mais l\u00f3gico que se vendesse essas d\u00edvidas dos pa\u00edses africanos para empres\u00e1rios brasileiros interessados em investir na \u00c1frica. Esses empres\u00e1rios iriam utilizar o cr\u00e9dito junto aos pa\u00edses no pagamento de tributos, terrenos&#8221;, prop\u00f5e.<\/p>\n<p>&#8220;Seria um aproveitamento de ambos os lados. O n\u00edvel de industrializa\u00e7\u00e3o na \u00c1frica \u00e9 muito baixo. Ent\u00e3o, qualquer empresa brasileira que se instale em algum pa\u00eds africano estaria levando desenvolvimento, melhorias nas condi\u00e7\u00f5es de vida, gerando empregos&#8221;, continua.<\/p>\n<p>Altair Maia \u00e9 ainda mais duro, quando descreve como observa hoje o olhar do Governo brasileiro para os povos africanos.\u00a0 &#8220;\u00c9 que o Brasil considera a \u00c1frica &#8216;uns coitadinhos&#8217;. E n\u00e3o s\u00e3o coitadinhos. A \u00c1frica n\u00e3o quer ajuda da forma que ela vem sendo feita. A \u00c1frica quer participar da corrida, da globaliza\u00e7\u00e3o. N\u00e3o interessa se v\u00e3o chegar por \u00faltimo. O que os africanos querem \u00e9 participar, \u00e9 parceria, &#8221; conclui aquele especialista.<\/p>\n<p><strong><span class=\"\">Maria Cl\u00e1udia Santos<\/span>, Voa da Am\u00e9rica<\/strong><\/p>\n<\/div>\n<\/div>\n","protected":false},"excerpt":{"rendered":"<p>O resultado das elei\u00e7\u00f5es presidenciais deste ano no Brasil, seja ele qual for, n\u00e3o deve alterar de forma significativa as rela\u00e7\u00f5es entre o pa\u00eds e o continente africano. A opini\u00e3o \u00e9 do analista em \u00c1frica, Altair Maia. Uma eventual continuidade do Governo da petista Dilma Rousseff ou a vit\u00f3ria de Marina Silva (PSB), as duas [&hellip;]<\/p>\n","protected":false},"author":2,"featured_media":23395,"comment_status":"open","ping_status":"closed","sticky":false,"template":"","format":"standard","meta":{"_acf_changed":false,"footnotes":""},"categories":[25],"tags":[],"class_list":["post-23392","post","type-post","status-publish","format-standard","has-post-thumbnail","hentry","category-opina-ai"],"acf":[],"yoast_head":"<!-- This site is optimized with the Yoast SEO plugin v27.5 - https:\/\/yoast.com\/product\/yoast-seo-wordpress\/ -->\n<title>No p\u00f3s-elei\u00e7\u00e3o, rela\u00e7\u00e3o entre Brasil e \u00c1frica n\u00e3o deve mudar  - Notibras<\/title>\n<meta name=\"robots\" content=\"index, follow, max-snippet:-1, max-image-preview:large, max-video-preview:-1\" \/>\n<link rel=\"canonical\" href=\"https:\/\/www.notibras.com\/site\/no-pos-eleicao-relacao-entre-brasil-e-africa-nao-deve-mudar-muito\/\" \/>\n<meta property=\"og:locale\" content=\"pt_BR\" \/>\n<meta property=\"og:type\" content=\"article\" \/>\n<meta property=\"og:title\" content=\"No p\u00f3s-elei\u00e7\u00e3o, rela\u00e7\u00e3o entre Brasil e \u00c1frica n\u00e3o deve mudar  - Notibras\" \/>\n<meta property=\"og:description\" content=\"O resultado das elei\u00e7\u00f5es presidenciais deste ano no Brasil, seja ele qual for, n\u00e3o deve alterar de forma significativa as rela\u00e7\u00f5es entre o pa\u00eds e o continente africano. A opini\u00e3o \u00e9 do analista em \u00c1frica, Altair Maia. Uma eventual continuidade do Governo da petista Dilma Rousseff ou a vit\u00f3ria de Marina Silva (PSB), as duas [&hellip;]\" \/>\n<meta property=\"og:url\" content=\"https:\/\/www.notibras.com\/site\/no-pos-eleicao-relacao-entre-brasil-e-africa-nao-deve-mudar-muito\/\" \/>\n<meta property=\"og:site_name\" content=\"Notibras\" \/>\n<meta property=\"article:publisher\" content=\"https:\/\/www.facebook.com\/notibras\/\" \/>\n<meta property=\"article:published_time\" content=\"2014-09-29T16:33:13+00:00\" \/>\n<meta property=\"article:modified_time\" content=\"2014-09-30T17:11:25+00:00\" \/>\n<meta property=\"og:image\" content=\"https:\/\/www.notibras.com\/site\/wp-content\/uploads\/2014\/09\/Mapa-do-Continente-Africano.jpg\" \/>\n\t<meta property=\"og:image:width\" content=\"327\" \/>\n\t<meta property=\"og:image:height\" content=\"327\" \/>\n\t<meta property=\"og:image:type\" content=\"image\/jpeg\" \/>\n<meta name=\"author\" content=\"Reda\u00e7\u00e3o\" \/>\n<meta name=\"twitter:card\" content=\"summary_large_image\" \/>\n<meta name=\"twitter:creator\" content=\"@Notibras\" \/>\n<meta name=\"twitter:site\" content=\"@Notibras\" \/>\n<meta name=\"twitter:label1\" content=\"Escrito por\" \/>\n\t<meta name=\"twitter:data1\" content=\"Reda\u00e7\u00e3o\" \/>\n\t<meta name=\"twitter:label2\" content=\"Est. tempo de leitura\" \/>\n\t<meta name=\"twitter:data2\" content=\"3 minutos\" \/>\n<script type=\"application\/ld+json\" class=\"yoast-schema-graph\">{\"@context\":\"https:\\\/\\\/schema.org\",\"@graph\":[{\"@type\":\"Article\",\"@id\":\"https:\\\/\\\/www.notibras.com\\\/site\\\/no-pos-eleicao-relacao-entre-brasil-e-africa-nao-deve-mudar-muito\\\/#article\",\"isPartOf\":{\"@id\":\"https:\\\/\\\/www.notibras.com\\\/site\\\/no-pos-eleicao-relacao-entre-brasil-e-africa-nao-deve-mudar-muito\\\/\"},\"author\":{\"name\":\"Reda\u00e7\u00e3o\",\"@id\":\"https:\\\/\\\/www.notibras.com\\\/site\\\/#\\\/schema\\\/person\\\/36ab0979449956132d3e5b517ea76ac8\"},\"headline\":\"No p\u00f3s-elei\u00e7\u00e3o, rela\u00e7\u00e3o entre Brasil e \u00c1frica n\u00e3o deve mudar\",\"datePublished\":\"2014-09-29T16:33:13+00:00\",\"dateModified\":\"2014-09-30T17:11:25+00:00\",\"mainEntityOfPage\":{\"@id\":\"https:\\\/\\\/www.notibras.com\\\/site\\\/no-pos-eleicao-relacao-entre-brasil-e-africa-nao-deve-mudar-muito\\\/\"},\"wordCount\":579,\"commentCount\":0,\"publisher\":{\"@id\":\"https:\\\/\\\/www.notibras.com\\\/site\\\/#organization\"},\"image\":{\"@id\":\"https:\\\/\\\/www.notibras.com\\\/site\\\/no-pos-eleicao-relacao-entre-brasil-e-africa-nao-deve-mudar-muito\\\/#primaryimage\"},\"thumbnailUrl\":\"https:\\\/\\\/www.notibras.com\\\/site\\\/wp-content\\\/uploads\\\/2014\\\/09\\\/Mapa-do-Continente-Africano.jpg\",\"articleSection\":[\"Opina a\u00ed\"],\"inLanguage\":\"pt-BR\",\"potentialAction\":[{\"@type\":\"CommentAction\",\"name\":\"Comment\",\"target\":[\"https:\\\/\\\/www.notibras.com\\\/site\\\/no-pos-eleicao-relacao-entre-brasil-e-africa-nao-deve-mudar-muito\\\/#respond\"]}]},{\"@type\":\"WebPage\",\"@id\":\"https:\\\/\\\/www.notibras.com\\\/site\\\/no-pos-eleicao-relacao-entre-brasil-e-africa-nao-deve-mudar-muito\\\/\",\"url\":\"https:\\\/\\\/www.notibras.com\\\/site\\\/no-pos-eleicao-relacao-entre-brasil-e-africa-nao-deve-mudar-muito\\\/\",\"name\":\"No p\u00f3s-elei\u00e7\u00e3o, rela\u00e7\u00e3o entre Brasil e \u00c1frica n\u00e3o deve mudar - Notibras\",\"isPartOf\":{\"@id\":\"https:\\\/\\\/www.notibras.com\\\/site\\\/#website\"},\"primaryImageOfPage\":{\"@id\":\"https:\\\/\\\/www.notibras.com\\\/site\\\/no-pos-eleicao-relacao-entre-brasil-e-africa-nao-deve-mudar-muito\\\/#primaryimage\"},\"image\":{\"@id\":\"https:\\\/\\\/www.notibras.com\\\/site\\\/no-pos-eleicao-relacao-entre-brasil-e-africa-nao-deve-mudar-muito\\\/#primaryimage\"},\"thumbnailUrl\":\"https:\\\/\\\/www.notibras.com\\\/site\\\/wp-content\\\/uploads\\\/2014\\\/09\\\/Mapa-do-Continente-Africano.jpg\",\"datePublished\":\"2014-09-29T16:33:13+00:00\",\"dateModified\":\"2014-09-30T17:11:25+00:00\",\"breadcrumb\":{\"@id\":\"https:\\\/\\\/www.notibras.com\\\/site\\\/no-pos-eleicao-relacao-entre-brasil-e-africa-nao-deve-mudar-muito\\\/#breadcrumb\"},\"inLanguage\":\"pt-BR\",\"potentialAction\":[{\"@type\":\"ReadAction\",\"target\":[\"https:\\\/\\\/www.notibras.com\\\/site\\\/no-pos-eleicao-relacao-entre-brasil-e-africa-nao-deve-mudar-muito\\\/\"]}]},{\"@type\":\"ImageObject\",\"inLanguage\":\"pt-BR\",\"@id\":\"https:\\\/\\\/www.notibras.com\\\/site\\\/no-pos-eleicao-relacao-entre-brasil-e-africa-nao-deve-mudar-muito\\\/#primaryimage\",\"url\":\"https:\\\/\\\/www.notibras.com\\\/site\\\/wp-content\\\/uploads\\\/2014\\\/09\\\/Mapa-do-Continente-Africano.jpg\",\"contentUrl\":\"https:\\\/\\\/www.notibras.com\\\/site\\\/wp-content\\\/uploads\\\/2014\\\/09\\\/Mapa-do-Continente-Africano.jpg\",\"width\":327,\"height\":327},{\"@type\":\"BreadcrumbList\",\"@id\":\"https:\\\/\\\/www.notibras.com\\\/site\\\/no-pos-eleicao-relacao-entre-brasil-e-africa-nao-deve-mudar-muito\\\/#breadcrumb\",\"itemListElement\":[{\"@type\":\"ListItem\",\"position\":1,\"name\":\"In\u00edcio\",\"item\":\"https:\\\/\\\/www.notibras.com\\\/site\\\/\"},{\"@type\":\"ListItem\",\"position\":2,\"name\":\"No p\u00f3s-elei\u00e7\u00e3o, rela\u00e7\u00e3o entre Brasil e \u00c1frica n\u00e3o deve mudar\"}]},{\"@type\":\"WebSite\",\"@id\":\"https:\\\/\\\/www.notibras.com\\\/site\\\/#website\",\"url\":\"https:\\\/\\\/www.notibras.com\\\/site\\\/\",\"name\":\"Notibras\",\"description\":\"Not\u00edcias de Bras\u00edlia, do Brasil e do Mundo\",\"publisher\":{\"@id\":\"https:\\\/\\\/www.notibras.com\\\/site\\\/#organization\"},\"potentialAction\":[{\"@type\":\"SearchAction\",\"target\":{\"@type\":\"EntryPoint\",\"urlTemplate\":\"https:\\\/\\\/www.notibras.com\\\/site\\\/?s={search_term_string}\"},\"query-input\":{\"@type\":\"PropertyValueSpecification\",\"valueRequired\":true,\"valueName\":\"search_term_string\"}}],\"inLanguage\":\"pt-BR\"},{\"@type\":\"Organization\",\"@id\":\"https:\\\/\\\/www.notibras.com\\\/site\\\/#organization\",\"name\":\"Grupo Notibras de Comunica\u00e7\u00e3o\",\"url\":\"https:\\\/\\\/www.notibras.com\\\/site\\\/\",\"logo\":{\"@type\":\"ImageObject\",\"inLanguage\":\"pt-BR\",\"@id\":\"https:\\\/\\\/www.notibras.com\\\/site\\\/#\\\/schema\\\/logo\\\/image\\\/\",\"url\":\"https:\\\/\\\/www.notibras.com\\\/site\\\/wp-content\\\/uploads\\\/2023\\\/01\\\/notibras23.png\",\"contentUrl\":\"https:\\\/\\\/www.notibras.com\\\/site\\\/wp-content\\\/uploads\\\/2023\\\/01\\\/notibras23.png\",\"width\":350,\"height\":87,\"caption\":\"Grupo Notibras de Comunica\u00e7\u00e3o\"},\"image\":{\"@id\":\"https:\\\/\\\/www.notibras.com\\\/site\\\/#\\\/schema\\\/logo\\\/image\\\/\"},\"sameAs\":[\"https:\\\/\\\/www.facebook.com\\\/notibras\\\/\",\"https:\\\/\\\/x.com\\\/Notibras\",\"https:\\\/\\\/www.instagram.com\\\/notibras\\\/\"]},{\"@type\":\"Person\",\"@id\":\"https:\\\/\\\/www.notibras.com\\\/site\\\/#\\\/schema\\\/person\\\/36ab0979449956132d3e5b517ea76ac8\",\"name\":\"Reda\u00e7\u00e3o\",\"image\":{\"@type\":\"ImageObject\",\"inLanguage\":\"pt-BR\",\"@id\":\"https:\\\/\\\/secure.gravatar.com\\\/avatar\\\/e0a867bdedb85fd243eadf09663511f96fc81e0720a4a42581f334ad4303aa6b?s=96&d=mm&r=g\",\"url\":\"https:\\\/\\\/secure.gravatar.com\\\/avatar\\\/e0a867bdedb85fd243eadf09663511f96fc81e0720a4a42581f334ad4303aa6b?s=96&d=mm&r=g\",\"contentUrl\":\"https:\\\/\\\/secure.gravatar.com\\\/avatar\\\/e0a867bdedb85fd243eadf09663511f96fc81e0720a4a42581f334ad4303aa6b?s=96&d=mm&r=g\",\"caption\":\"Reda\u00e7\u00e3o\"}}]}<\/script>\n<!-- \/ Yoast SEO plugin. -->","yoast_head_json":{"title":"No p\u00f3s-elei\u00e7\u00e3o, rela\u00e7\u00e3o entre Brasil e \u00c1frica n\u00e3o deve mudar  - Notibras","robots":{"index":"index","follow":"follow","max-snippet":"max-snippet:-1","max-image-preview":"max-image-preview:large","max-video-preview":"max-video-preview:-1"},"canonical":"https:\/\/www.notibras.com\/site\/no-pos-eleicao-relacao-entre-brasil-e-africa-nao-deve-mudar-muito\/","og_locale":"pt_BR","og_type":"article","og_title":"No p\u00f3s-elei\u00e7\u00e3o, rela\u00e7\u00e3o entre Brasil e \u00c1frica n\u00e3o deve mudar  - Notibras","og_description":"O resultado das elei\u00e7\u00f5es presidenciais deste ano no Brasil, seja ele qual for, n\u00e3o deve alterar de forma significativa as rela\u00e7\u00f5es entre o pa\u00eds e o continente africano. A opini\u00e3o \u00e9 do analista em \u00c1frica, Altair Maia. Uma eventual continuidade do Governo da petista Dilma Rousseff ou a vit\u00f3ria de Marina Silva (PSB), as duas [&hellip;]","og_url":"https:\/\/www.notibras.com\/site\/no-pos-eleicao-relacao-entre-brasil-e-africa-nao-deve-mudar-muito\/","og_site_name":"Notibras","article_publisher":"https:\/\/www.facebook.com\/notibras\/","article_published_time":"2014-09-29T16:33:13+00:00","article_modified_time":"2014-09-30T17:11:25+00:00","og_image":[{"width":327,"height":327,"url":"https:\/\/www.notibras.com\/site\/wp-content\/uploads\/2014\/09\/Mapa-do-Continente-Africano.jpg","type":"image\/jpeg"}],"author":"Reda\u00e7\u00e3o","twitter_card":"summary_large_image","twitter_creator":"@Notibras","twitter_site":"@Notibras","twitter_misc":{"Escrito por":"Reda\u00e7\u00e3o","Est. tempo de leitura":"3 minutos"},"schema":{"@context":"https:\/\/schema.org","@graph":[{"@type":"Article","@id":"https:\/\/www.notibras.com\/site\/no-pos-eleicao-relacao-entre-brasil-e-africa-nao-deve-mudar-muito\/#article","isPartOf":{"@id":"https:\/\/www.notibras.com\/site\/no-pos-eleicao-relacao-entre-brasil-e-africa-nao-deve-mudar-muito\/"},"author":{"name":"Reda\u00e7\u00e3o","@id":"https:\/\/www.notibras.com\/site\/#\/schema\/person\/36ab0979449956132d3e5b517ea76ac8"},"headline":"No p\u00f3s-elei\u00e7\u00e3o, rela\u00e7\u00e3o entre Brasil e \u00c1frica n\u00e3o deve mudar","datePublished":"2014-09-29T16:33:13+00:00","dateModified":"2014-09-30T17:11:25+00:00","mainEntityOfPage":{"@id":"https:\/\/www.notibras.com\/site\/no-pos-eleicao-relacao-entre-brasil-e-africa-nao-deve-mudar-muito\/"},"wordCount":579,"commentCount":0,"publisher":{"@id":"https:\/\/www.notibras.com\/site\/#organization"},"image":{"@id":"https:\/\/www.notibras.com\/site\/no-pos-eleicao-relacao-entre-brasil-e-africa-nao-deve-mudar-muito\/#primaryimage"},"thumbnailUrl":"https:\/\/www.notibras.com\/site\/wp-content\/uploads\/2014\/09\/Mapa-do-Continente-Africano.jpg","articleSection":["Opina a\u00ed"],"inLanguage":"pt-BR","potentialAction":[{"@type":"CommentAction","name":"Comment","target":["https:\/\/www.notibras.com\/site\/no-pos-eleicao-relacao-entre-brasil-e-africa-nao-deve-mudar-muito\/#respond"]}]},{"@type":"WebPage","@id":"https:\/\/www.notibras.com\/site\/no-pos-eleicao-relacao-entre-brasil-e-africa-nao-deve-mudar-muito\/","url":"https:\/\/www.notibras.com\/site\/no-pos-eleicao-relacao-entre-brasil-e-africa-nao-deve-mudar-muito\/","name":"No p\u00f3s-elei\u00e7\u00e3o, rela\u00e7\u00e3o entre Brasil e \u00c1frica n\u00e3o deve mudar - Notibras","isPartOf":{"@id":"https:\/\/www.notibras.com\/site\/#website"},"primaryImageOfPage":{"@id":"https:\/\/www.notibras.com\/site\/no-pos-eleicao-relacao-entre-brasil-e-africa-nao-deve-mudar-muito\/#primaryimage"},"image":{"@id":"https:\/\/www.notibras.com\/site\/no-pos-eleicao-relacao-entre-brasil-e-africa-nao-deve-mudar-muito\/#primaryimage"},"thumbnailUrl":"https:\/\/www.notibras.com\/site\/wp-content\/uploads\/2014\/09\/Mapa-do-Continente-Africano.jpg","datePublished":"2014-09-29T16:33:13+00:00","dateModified":"2014-09-30T17:11:25+00:00","breadcrumb":{"@id":"https:\/\/www.notibras.com\/site\/no-pos-eleicao-relacao-entre-brasil-e-africa-nao-deve-mudar-muito\/#breadcrumb"},"inLanguage":"pt-BR","potentialAction":[{"@type":"ReadAction","target":["https:\/\/www.notibras.com\/site\/no-pos-eleicao-relacao-entre-brasil-e-africa-nao-deve-mudar-muito\/"]}]},{"@type":"ImageObject","inLanguage":"pt-BR","@id":"https:\/\/www.notibras.com\/site\/no-pos-eleicao-relacao-entre-brasil-e-africa-nao-deve-mudar-muito\/#primaryimage","url":"https:\/\/www.notibras.com\/site\/wp-content\/uploads\/2014\/09\/Mapa-do-Continente-Africano.jpg","contentUrl":"https:\/\/www.notibras.com\/site\/wp-content\/uploads\/2014\/09\/Mapa-do-Continente-Africano.jpg","width":327,"height":327},{"@type":"BreadcrumbList","@id":"https:\/\/www.notibras.com\/site\/no-pos-eleicao-relacao-entre-brasil-e-africa-nao-deve-mudar-muito\/#breadcrumb","itemListElement":[{"@type":"ListItem","position":1,"name":"In\u00edcio","item":"https:\/\/www.notibras.com\/site\/"},{"@type":"ListItem","position":2,"name":"No p\u00f3s-elei\u00e7\u00e3o, rela\u00e7\u00e3o entre Brasil e \u00c1frica n\u00e3o deve mudar"}]},{"@type":"WebSite","@id":"https:\/\/www.notibras.com\/site\/#website","url":"https:\/\/www.notibras.com\/site\/","name":"Notibras","description":"Not\u00edcias de Bras\u00edlia, do Brasil e do Mundo","publisher":{"@id":"https:\/\/www.notibras.com\/site\/#organization"},"potentialAction":[{"@type":"SearchAction","target":{"@type":"EntryPoint","urlTemplate":"https:\/\/www.notibras.com\/site\/?s={search_term_string}"},"query-input":{"@type":"PropertyValueSpecification","valueRequired":true,"valueName":"search_term_string"}}],"inLanguage":"pt-BR"},{"@type":"Organization","@id":"https:\/\/www.notibras.com\/site\/#organization","name":"Grupo Notibras de Comunica\u00e7\u00e3o","url":"https:\/\/www.notibras.com\/site\/","logo":{"@type":"ImageObject","inLanguage":"pt-BR","@id":"https:\/\/www.notibras.com\/site\/#\/schema\/logo\/image\/","url":"https:\/\/www.notibras.com\/site\/wp-content\/uploads\/2023\/01\/notibras23.png","contentUrl":"https:\/\/www.notibras.com\/site\/wp-content\/uploads\/2023\/01\/notibras23.png","width":350,"height":87,"caption":"Grupo Notibras de Comunica\u00e7\u00e3o"},"image":{"@id":"https:\/\/www.notibras.com\/site\/#\/schema\/logo\/image\/"},"sameAs":["https:\/\/www.facebook.com\/notibras\/","https:\/\/x.com\/Notibras","https:\/\/www.instagram.com\/notibras\/"]},{"@type":"Person","@id":"https:\/\/www.notibras.com\/site\/#\/schema\/person\/36ab0979449956132d3e5b517ea76ac8","name":"Reda\u00e7\u00e3o","image":{"@type":"ImageObject","inLanguage":"pt-BR","@id":"https:\/\/secure.gravatar.com\/avatar\/e0a867bdedb85fd243eadf09663511f96fc81e0720a4a42581f334ad4303aa6b?s=96&d=mm&r=g","url":"https:\/\/secure.gravatar.com\/avatar\/e0a867bdedb85fd243eadf09663511f96fc81e0720a4a42581f334ad4303aa6b?s=96&d=mm&r=g","contentUrl":"https:\/\/secure.gravatar.com\/avatar\/e0a867bdedb85fd243eadf09663511f96fc81e0720a4a42581f334ad4303aa6b?s=96&d=mm&r=g","caption":"Reda\u00e7\u00e3o"}}]}},"amp_enabled":true,"_links":{"self":[{"href":"https:\/\/www.notibras.com\/site\/wp-json\/wp\/v2\/posts\/23392","targetHints":{"allow":["GET"]}}],"collection":[{"href":"https:\/\/www.notibras.com\/site\/wp-json\/wp\/v2\/posts"}],"about":[{"href":"https:\/\/www.notibras.com\/site\/wp-json\/wp\/v2\/types\/post"}],"author":[{"embeddable":true,"href":"https:\/\/www.notibras.com\/site\/wp-json\/wp\/v2\/users\/2"}],"replies":[{"embeddable":true,"href":"https:\/\/www.notibras.com\/site\/wp-json\/wp\/v2\/comments?post=23392"}],"version-history":[{"count":0,"href":"https:\/\/www.notibras.com\/site\/wp-json\/wp\/v2\/posts\/23392\/revisions"}],"wp:featuredmedia":[{"embeddable":true,"href":"https:\/\/www.notibras.com\/site\/wp-json\/wp\/v2\/media\/23395"}],"wp:attachment":[{"href":"https:\/\/www.notibras.com\/site\/wp-json\/wp\/v2\/media?parent=23392"}],"wp:term":[{"taxonomy":"category","embeddable":true,"href":"https:\/\/www.notibras.com\/site\/wp-json\/wp\/v2\/categories?post=23392"},{"taxonomy":"post_tag","embeddable":true,"href":"https:\/\/www.notibras.com\/site\/wp-json\/wp\/v2\/tags?post=23392"}],"curies":[{"name":"wp","href":"https:\/\/api.w.org\/{rel}","templated":true}]}}