{"id":23483,"date":"2014-09-29T23:19:32","date_gmt":"2014-09-30T02:19:32","guid":{"rendered":"http:\/\/www.notibras.com\/site\/?p=23483"},"modified":"2014-09-30T14:20:34","modified_gmt":"2014-09-30T17:20:34","slug":"fantasma-de-menina-sem-olhos-volta-a-aterrorizar-reino-unido-apos-30-anos","status":"publish","type":"post","link":"https:\/\/www.notibras.com\/site\/fantasma-de-menina-sem-olhos-volta-a-aterrorizar-reino-unido-apos-30-anos\/","title":{"rendered":"Fantasma de menina sem olhos volta a aterrorizar Reino Unido"},"content":{"rendered":"<p>O investigador paranormal Lee Brickley deu in\u00edcio \u00e0 investiga\u00e7\u00e3o do espectro de uma crian\u00e7a que n\u00e3o tem olhos em Cannock Chase, em Staffordshire, Inglaterra, ap\u00f3s relatos de que o fantasma teria regressado 30 anos ap\u00f3s sua ultima apari\u00e7\u00e3o, segundo o Daily Mirror e o Huffington Post.<\/p>\n<p>De acordo com as \u00faltimas descri\u00e7\u00f5es feitas da menina, as \u00f3rbitas dos seus olhos s\u00e3o negros como minas de carv\u00e3o, exatamente como foram detalhados na d\u00e9cada de 1980.<\/p>\n<p>Brickley, autor de v\u00e1rios livros sobre a tem\u00e1tica paranormal, recebeu o \u00faltimo relato h\u00e1 duas semanas. Nele, um homem contou que estava caminhando com a esposa e o c\u00e3o em Cannock Chase quando ouviu a risada de uma menina. Foi ent\u00e3o que uma garotinha que n\u00e3o tinha olhos apareceu na frente do casal. Sua cabe\u00e7a estava inclinada para o lado, como se ela tivesse sido enforcada. A crian\u00e7a ficou parada diante deles por cerca de cinco minutos at\u00e9 desaparecer entre as \u00e1vores.<\/p>\n<blockquote><p>Uma mulher que usou o pseud\u00f4nimo Kelly para narrar sua experi\u00eancia disse que seu encontro com a menina aconteceu em julho de 2013. Kelly tamb\u00e9m estava caminhando com a filha em Birches Valley quando as duas ouviram os gritos de uma crian\u00e7a. A dupla correu em dire\u00e7\u00e3o ao barulho e quando parou para recuperar o f\u00f4lego se deparou com o fantasma, uma menina de mais ou menos 10 anos, com as m\u00e3os deitadas sobre os olhos. Kelly perguntava se a crian\u00e7a estava bem quando foi surpreendida por seus olhos negros e fundos. Ela deu um pulo e pegou a filha no colo. Quando olhou novamente na dire\u00e7\u00e3o da assombra\u00e7\u00e3o, o espectro havia ido embora.<\/p><\/blockquote>\n<p>Em entrevista ao jornal Huffington Post, o investigador Brickley contou que a menina com os olhos negros &#8220;parece ser algum tipo de dem\u00f4nio&#8221;. &#8220;Embora possa parecer um encontro espectral padr\u00e3o, quase todos os relatos apontam a crian\u00e7a levando as pessoas para situa\u00e7\u00f5es potencialmente perigosas&#8221;, explica.<\/p>\n<p>O f\u00f3rum de fic\u00e7\u00e3o online &#8220;Creepypasta Wiki&#8221; tamb\u00e9m faz refer\u00eancias a vis\u00f5es de crian\u00e7as sem olhos tidas por pessoas ao longo de toda a bacia da Am\u00e9rica do Norte. &#8220;Aqueles que relatam encontros com essas crian\u00e7as sempre afirmam que elas eram de alguma forma sobrenaturais e extremamente perigosas, embora n\u00e3o pudessem explicar o porqu\u00ea&#8221;.<\/p>\n<p>Cannock Chase tem uma longa hist\u00f3ria de acontecimentos misteriosos, incluindo vis\u00f5es de uma criatura semelhante a um lobisomem e e outra similar a um porco. Testemunhas lembram de um corpo humano em roupas esfarrapadas, um rosto distorcido, um focinho inconfundivel e de um guincho estridente que podia ser ouvido a quil\u00f4metros de dist\u00e2ncia.<\/p>\n","protected":false},"excerpt":{"rendered":"<p>O investigador paranormal Lee Brickley deu in\u00edcio \u00e0 investiga\u00e7\u00e3o do espectro de uma crian\u00e7a que n\u00e3o tem olhos em Cannock Chase, em Staffordshire, Inglaterra, ap\u00f3s relatos de que o fantasma teria regressado 30 anos ap\u00f3s sua ultima apari\u00e7\u00e3o, segundo o Daily Mirror e o Huffington Post. De acordo com as \u00faltimas descri\u00e7\u00f5es feitas da menina, [&hellip;]<\/p>\n","protected":false},"author":2,"featured_media":23506,"comment_status":"open","ping_status":"closed","sticky":false,"template":"","format":"standard","meta":{"_acf_changed":false,"footnotes":""},"categories":[17],"tags":[],"class_list":["post-23483","post","type-post","status-publish","format-standard","has-post-thumbnail","hentry","category-mundo"],"acf":[],"yoast_head":"<!-- This site is optimized with the Yoast SEO plugin v27.5 - https:\/\/yoast.com\/product\/yoast-seo-wordpress\/ -->\n<title>Fantasma de menina sem olhos volta a aterrorizar Reino Unido - Notibras<\/title>\n<meta name=\"robots\" content=\"index, follow, max-snippet:-1, max-image-preview:large, max-video-preview:-1\" \/>\n<link rel=\"canonical\" href=\"https:\/\/www.notibras.com\/site\/fantasma-de-menina-sem-olhos-volta-a-aterrorizar-reino-unido-apos-30-anos\/\" \/>\n<meta property=\"og:locale\" content=\"pt_BR\" \/>\n<meta property=\"og:type\" content=\"article\" \/>\n<meta property=\"og:title\" content=\"Fantasma de menina sem olhos volta a aterrorizar Reino Unido - Notibras\" \/>\n<meta property=\"og:description\" content=\"O investigador paranormal Lee Brickley deu in\u00edcio \u00e0 investiga\u00e7\u00e3o do espectro de uma crian\u00e7a que n\u00e3o tem olhos em Cannock Chase, em Staffordshire, Inglaterra, ap\u00f3s relatos de que o fantasma teria regressado 30 anos ap\u00f3s sua ultima apari\u00e7\u00e3o, segundo o Daily Mirror e o Huffington Post. De acordo com as \u00faltimas descri\u00e7\u00f5es feitas da menina, [&hellip;]\" \/>\n<meta property=\"og:url\" content=\"https:\/\/www.notibras.com\/site\/fantasma-de-menina-sem-olhos-volta-a-aterrorizar-reino-unido-apos-30-anos\/\" \/>\n<meta property=\"og:site_name\" content=\"Notibras\" \/>\n<meta property=\"article:publisher\" content=\"https:\/\/www.facebook.com\/notibras\/\" \/>\n<meta property=\"article:published_time\" content=\"2014-09-30T02:19:32+00:00\" \/>\n<meta property=\"article:modified_time\" content=\"2014-09-30T17:20:34+00:00\" \/>\n<meta property=\"og:image\" content=\"https:\/\/www.notibras.com\/site\/wp-content\/uploads\/2014\/09\/Sem-t\u00edtulo-14.jpg\" \/>\n\t<meta property=\"og:image:width\" content=\"480\" \/>\n\t<meta property=\"og:image:height\" content=\"492\" \/>\n\t<meta property=\"og:image:type\" content=\"image\/jpeg\" \/>\n<meta name=\"author\" content=\"Reda\u00e7\u00e3o\" \/>\n<meta name=\"twitter:card\" content=\"summary_large_image\" \/>\n<meta name=\"twitter:creator\" content=\"@Notibras\" \/>\n<meta name=\"twitter:site\" content=\"@Notibras\" \/>\n<meta name=\"twitter:label1\" content=\"Escrito por\" \/>\n\t<meta name=\"twitter:data1\" content=\"Reda\u00e7\u00e3o\" \/>\n\t<meta name=\"twitter:label2\" content=\"Est. tempo de leitura\" \/>\n\t<meta name=\"twitter:data2\" content=\"2 minutos\" \/>\n<script type=\"application\/ld+json\" class=\"yoast-schema-graph\">{\"@context\":\"https:\\\/\\\/schema.org\",\"@graph\":[{\"@type\":\"Article\",\"@id\":\"https:\\\/\\\/www.notibras.com\\\/site\\\/fantasma-de-menina-sem-olhos-volta-a-aterrorizar-reino-unido-apos-30-anos\\\/#article\",\"isPartOf\":{\"@id\":\"https:\\\/\\\/www.notibras.com\\\/site\\\/fantasma-de-menina-sem-olhos-volta-a-aterrorizar-reino-unido-apos-30-anos\\\/\"},\"author\":{\"name\":\"Reda\u00e7\u00e3o\",\"@id\":\"https:\\\/\\\/www.notibras.com\\\/site\\\/#\\\/schema\\\/person\\\/36ab0979449956132d3e5b517ea76ac8\"},\"headline\":\"Fantasma de menina sem olhos volta a aterrorizar Reino Unido\",\"datePublished\":\"2014-09-30T02:19:32+00:00\",\"dateModified\":\"2014-09-30T17:20:34+00:00\",\"mainEntityOfPage\":{\"@id\":\"https:\\\/\\\/www.notibras.com\\\/site\\\/fantasma-de-menina-sem-olhos-volta-a-aterrorizar-reino-unido-apos-30-anos\\\/\"},\"wordCount\":472,\"commentCount\":0,\"publisher\":{\"@id\":\"https:\\\/\\\/www.notibras.com\\\/site\\\/#organization\"},\"image\":{\"@id\":\"https:\\\/\\\/www.notibras.com\\\/site\\\/fantasma-de-menina-sem-olhos-volta-a-aterrorizar-reino-unido-apos-30-anos\\\/#primaryimage\"},\"thumbnailUrl\":\"https:\\\/\\\/www.notibras.com\\\/site\\\/wp-content\\\/uploads\\\/2014\\\/09\\\/Sem-t\u00edtulo-14.jpg\",\"articleSection\":[\"Mundo\"],\"inLanguage\":\"pt-BR\",\"potentialAction\":[{\"@type\":\"CommentAction\",\"name\":\"Comment\",\"target\":[\"https:\\\/\\\/www.notibras.com\\\/site\\\/fantasma-de-menina-sem-olhos-volta-a-aterrorizar-reino-unido-apos-30-anos\\\/#respond\"]}]},{\"@type\":\"WebPage\",\"@id\":\"https:\\\/\\\/www.notibras.com\\\/site\\\/fantasma-de-menina-sem-olhos-volta-a-aterrorizar-reino-unido-apos-30-anos\\\/\",\"url\":\"https:\\\/\\\/www.notibras.com\\\/site\\\/fantasma-de-menina-sem-olhos-volta-a-aterrorizar-reino-unido-apos-30-anos\\\/\",\"name\":\"Fantasma de menina sem olhos volta a aterrorizar Reino Unido - Notibras\",\"isPartOf\":{\"@id\":\"https:\\\/\\\/www.notibras.com\\\/site\\\/#website\"},\"primaryImageOfPage\":{\"@id\":\"https:\\\/\\\/www.notibras.com\\\/site\\\/fantasma-de-menina-sem-olhos-volta-a-aterrorizar-reino-unido-apos-30-anos\\\/#primaryimage\"},\"image\":{\"@id\":\"https:\\\/\\\/www.notibras.com\\\/site\\\/fantasma-de-menina-sem-olhos-volta-a-aterrorizar-reino-unido-apos-30-anos\\\/#primaryimage\"},\"thumbnailUrl\":\"https:\\\/\\\/www.notibras.com\\\/site\\\/wp-content\\\/uploads\\\/2014\\\/09\\\/Sem-t\u00edtulo-14.jpg\",\"datePublished\":\"2014-09-30T02:19:32+00:00\",\"dateModified\":\"2014-09-30T17:20:34+00:00\",\"breadcrumb\":{\"@id\":\"https:\\\/\\\/www.notibras.com\\\/site\\\/fantasma-de-menina-sem-olhos-volta-a-aterrorizar-reino-unido-apos-30-anos\\\/#breadcrumb\"},\"inLanguage\":\"pt-BR\",\"potentialAction\":[{\"@type\":\"ReadAction\",\"target\":[\"https:\\\/\\\/www.notibras.com\\\/site\\\/fantasma-de-menina-sem-olhos-volta-a-aterrorizar-reino-unido-apos-30-anos\\\/\"]}]},{\"@type\":\"ImageObject\",\"inLanguage\":\"pt-BR\",\"@id\":\"https:\\\/\\\/www.notibras.com\\\/site\\\/fantasma-de-menina-sem-olhos-volta-a-aterrorizar-reino-unido-apos-30-anos\\\/#primaryimage\",\"url\":\"https:\\\/\\\/www.notibras.com\\\/site\\\/wp-content\\\/uploads\\\/2014\\\/09\\\/Sem-t\u00edtulo-14.jpg\",\"contentUrl\":\"https:\\\/\\\/www.notibras.com\\\/site\\\/wp-content\\\/uploads\\\/2014\\\/09\\\/Sem-t\u00edtulo-14.jpg\",\"width\":480,\"height\":492},{\"@type\":\"BreadcrumbList\",\"@id\":\"https:\\\/\\\/www.notibras.com\\\/site\\\/fantasma-de-menina-sem-olhos-volta-a-aterrorizar-reino-unido-apos-30-anos\\\/#breadcrumb\",\"itemListElement\":[{\"@type\":\"ListItem\",\"position\":1,\"name\":\"In\u00edcio\",\"item\":\"https:\\\/\\\/www.notibras.com\\\/site\\\/\"},{\"@type\":\"ListItem\",\"position\":2,\"name\":\"Fantasma de menina sem olhos volta a aterrorizar Reino Unido\"}]},{\"@type\":\"WebSite\",\"@id\":\"https:\\\/\\\/www.notibras.com\\\/site\\\/#website\",\"url\":\"https:\\\/\\\/www.notibras.com\\\/site\\\/\",\"name\":\"Notibras\",\"description\":\"Not\u00edcias de Bras\u00edlia, do Brasil e do Mundo\",\"publisher\":{\"@id\":\"https:\\\/\\\/www.notibras.com\\\/site\\\/#organization\"},\"potentialAction\":[{\"@type\":\"SearchAction\",\"target\":{\"@type\":\"EntryPoint\",\"urlTemplate\":\"https:\\\/\\\/www.notibras.com\\\/site\\\/?s={search_term_string}\"},\"query-input\":{\"@type\":\"PropertyValueSpecification\",\"valueRequired\":true,\"valueName\":\"search_term_string\"}}],\"inLanguage\":\"pt-BR\"},{\"@type\":\"Organization\",\"@id\":\"https:\\\/\\\/www.notibras.com\\\/site\\\/#organization\",\"name\":\"Grupo Notibras de Comunica\u00e7\u00e3o\",\"url\":\"https:\\\/\\\/www.notibras.com\\\/site\\\/\",\"logo\":{\"@type\":\"ImageObject\",\"inLanguage\":\"pt-BR\",\"@id\":\"https:\\\/\\\/www.notibras.com\\\/site\\\/#\\\/schema\\\/logo\\\/image\\\/\",\"url\":\"https:\\\/\\\/www.notibras.com\\\/site\\\/wp-content\\\/uploads\\\/2023\\\/01\\\/notibras23.png\",\"contentUrl\":\"https:\\\/\\\/www.notibras.com\\\/site\\\/wp-content\\\/uploads\\\/2023\\\/01\\\/notibras23.png\",\"width\":350,\"height\":87,\"caption\":\"Grupo Notibras de Comunica\u00e7\u00e3o\"},\"image\":{\"@id\":\"https:\\\/\\\/www.notibras.com\\\/site\\\/#\\\/schema\\\/logo\\\/image\\\/\"},\"sameAs\":[\"https:\\\/\\\/www.facebook.com\\\/notibras\\\/\",\"https:\\\/\\\/x.com\\\/Notibras\",\"https:\\\/\\\/www.instagram.com\\\/notibras\\\/\"]},{\"@type\":\"Person\",\"@id\":\"https:\\\/\\\/www.notibras.com\\\/site\\\/#\\\/schema\\\/person\\\/36ab0979449956132d3e5b517ea76ac8\",\"name\":\"Reda\u00e7\u00e3o\",\"image\":{\"@type\":\"ImageObject\",\"inLanguage\":\"pt-BR\",\"@id\":\"https:\\\/\\\/secure.gravatar.com\\\/avatar\\\/e0a867bdedb85fd243eadf09663511f96fc81e0720a4a42581f334ad4303aa6b?s=96&d=mm&r=g\",\"url\":\"https:\\\/\\\/secure.gravatar.com\\\/avatar\\\/e0a867bdedb85fd243eadf09663511f96fc81e0720a4a42581f334ad4303aa6b?s=96&d=mm&r=g\",\"contentUrl\":\"https:\\\/\\\/secure.gravatar.com\\\/avatar\\\/e0a867bdedb85fd243eadf09663511f96fc81e0720a4a42581f334ad4303aa6b?s=96&d=mm&r=g\",\"caption\":\"Reda\u00e7\u00e3o\"}}]}<\/script>\n<!-- \/ Yoast SEO plugin. -->","yoast_head_json":{"title":"Fantasma de menina sem olhos volta a aterrorizar Reino Unido - Notibras","robots":{"index":"index","follow":"follow","max-snippet":"max-snippet:-1","max-image-preview":"max-image-preview:large","max-video-preview":"max-video-preview:-1"},"canonical":"https:\/\/www.notibras.com\/site\/fantasma-de-menina-sem-olhos-volta-a-aterrorizar-reino-unido-apos-30-anos\/","og_locale":"pt_BR","og_type":"article","og_title":"Fantasma de menina sem olhos volta a aterrorizar Reino Unido - Notibras","og_description":"O investigador paranormal Lee Brickley deu in\u00edcio \u00e0 investiga\u00e7\u00e3o do espectro de uma crian\u00e7a que n\u00e3o tem olhos em Cannock Chase, em Staffordshire, Inglaterra, ap\u00f3s relatos de que o fantasma teria regressado 30 anos ap\u00f3s sua ultima apari\u00e7\u00e3o, segundo o Daily Mirror e o Huffington Post. De acordo com as \u00faltimas descri\u00e7\u00f5es feitas da menina, [&hellip;]","og_url":"https:\/\/www.notibras.com\/site\/fantasma-de-menina-sem-olhos-volta-a-aterrorizar-reino-unido-apos-30-anos\/","og_site_name":"Notibras","article_publisher":"https:\/\/www.facebook.com\/notibras\/","article_published_time":"2014-09-30T02:19:32+00:00","article_modified_time":"2014-09-30T17:20:34+00:00","og_image":[{"width":480,"height":492,"url":"https:\/\/www.notibras.com\/site\/wp-content\/uploads\/2014\/09\/Sem-t\u00edtulo-14.jpg","type":"image\/jpeg"}],"author":"Reda\u00e7\u00e3o","twitter_card":"summary_large_image","twitter_creator":"@Notibras","twitter_site":"@Notibras","twitter_misc":{"Escrito por":"Reda\u00e7\u00e3o","Est. tempo de leitura":"2 minutos"},"schema":{"@context":"https:\/\/schema.org","@graph":[{"@type":"Article","@id":"https:\/\/www.notibras.com\/site\/fantasma-de-menina-sem-olhos-volta-a-aterrorizar-reino-unido-apos-30-anos\/#article","isPartOf":{"@id":"https:\/\/www.notibras.com\/site\/fantasma-de-menina-sem-olhos-volta-a-aterrorizar-reino-unido-apos-30-anos\/"},"author":{"name":"Reda\u00e7\u00e3o","@id":"https:\/\/www.notibras.com\/site\/#\/schema\/person\/36ab0979449956132d3e5b517ea76ac8"},"headline":"Fantasma de menina sem olhos volta a aterrorizar Reino Unido","datePublished":"2014-09-30T02:19:32+00:00","dateModified":"2014-09-30T17:20:34+00:00","mainEntityOfPage":{"@id":"https:\/\/www.notibras.com\/site\/fantasma-de-menina-sem-olhos-volta-a-aterrorizar-reino-unido-apos-30-anos\/"},"wordCount":472,"commentCount":0,"publisher":{"@id":"https:\/\/www.notibras.com\/site\/#organization"},"image":{"@id":"https:\/\/www.notibras.com\/site\/fantasma-de-menina-sem-olhos-volta-a-aterrorizar-reino-unido-apos-30-anos\/#primaryimage"},"thumbnailUrl":"https:\/\/www.notibras.com\/site\/wp-content\/uploads\/2014\/09\/Sem-t\u00edtulo-14.jpg","articleSection":["Mundo"],"inLanguage":"pt-BR","potentialAction":[{"@type":"CommentAction","name":"Comment","target":["https:\/\/www.notibras.com\/site\/fantasma-de-menina-sem-olhos-volta-a-aterrorizar-reino-unido-apos-30-anos\/#respond"]}]},{"@type":"WebPage","@id":"https:\/\/www.notibras.com\/site\/fantasma-de-menina-sem-olhos-volta-a-aterrorizar-reino-unido-apos-30-anos\/","url":"https:\/\/www.notibras.com\/site\/fantasma-de-menina-sem-olhos-volta-a-aterrorizar-reino-unido-apos-30-anos\/","name":"Fantasma de menina sem olhos volta a aterrorizar Reino Unido - Notibras","isPartOf":{"@id":"https:\/\/www.notibras.com\/site\/#website"},"primaryImageOfPage":{"@id":"https:\/\/www.notibras.com\/site\/fantasma-de-menina-sem-olhos-volta-a-aterrorizar-reino-unido-apos-30-anos\/#primaryimage"},"image":{"@id":"https:\/\/www.notibras.com\/site\/fantasma-de-menina-sem-olhos-volta-a-aterrorizar-reino-unido-apos-30-anos\/#primaryimage"},"thumbnailUrl":"https:\/\/www.notibras.com\/site\/wp-content\/uploads\/2014\/09\/Sem-t\u00edtulo-14.jpg","datePublished":"2014-09-30T02:19:32+00:00","dateModified":"2014-09-30T17:20:34+00:00","breadcrumb":{"@id":"https:\/\/www.notibras.com\/site\/fantasma-de-menina-sem-olhos-volta-a-aterrorizar-reino-unido-apos-30-anos\/#breadcrumb"},"inLanguage":"pt-BR","potentialAction":[{"@type":"ReadAction","target":["https:\/\/www.notibras.com\/site\/fantasma-de-menina-sem-olhos-volta-a-aterrorizar-reino-unido-apos-30-anos\/"]}]},{"@type":"ImageObject","inLanguage":"pt-BR","@id":"https:\/\/www.notibras.com\/site\/fantasma-de-menina-sem-olhos-volta-a-aterrorizar-reino-unido-apos-30-anos\/#primaryimage","url":"https:\/\/www.notibras.com\/site\/wp-content\/uploads\/2014\/09\/Sem-t\u00edtulo-14.jpg","contentUrl":"https:\/\/www.notibras.com\/site\/wp-content\/uploads\/2014\/09\/Sem-t\u00edtulo-14.jpg","width":480,"height":492},{"@type":"BreadcrumbList","@id":"https:\/\/www.notibras.com\/site\/fantasma-de-menina-sem-olhos-volta-a-aterrorizar-reino-unido-apos-30-anos\/#breadcrumb","itemListElement":[{"@type":"ListItem","position":1,"name":"In\u00edcio","item":"https:\/\/www.notibras.com\/site\/"},{"@type":"ListItem","position":2,"name":"Fantasma de menina sem olhos volta a aterrorizar Reino Unido"}]},{"@type":"WebSite","@id":"https:\/\/www.notibras.com\/site\/#website","url":"https:\/\/www.notibras.com\/site\/","name":"Notibras","description":"Not\u00edcias de Bras\u00edlia, do Brasil e do Mundo","publisher":{"@id":"https:\/\/www.notibras.com\/site\/#organization"},"potentialAction":[{"@type":"SearchAction","target":{"@type":"EntryPoint","urlTemplate":"https:\/\/www.notibras.com\/site\/?s={search_term_string}"},"query-input":{"@type":"PropertyValueSpecification","valueRequired":true,"valueName":"search_term_string"}}],"inLanguage":"pt-BR"},{"@type":"Organization","@id":"https:\/\/www.notibras.com\/site\/#organization","name":"Grupo Notibras de Comunica\u00e7\u00e3o","url":"https:\/\/www.notibras.com\/site\/","logo":{"@type":"ImageObject","inLanguage":"pt-BR","@id":"https:\/\/www.notibras.com\/site\/#\/schema\/logo\/image\/","url":"https:\/\/www.notibras.com\/site\/wp-content\/uploads\/2023\/01\/notibras23.png","contentUrl":"https:\/\/www.notibras.com\/site\/wp-content\/uploads\/2023\/01\/notibras23.png","width":350,"height":87,"caption":"Grupo Notibras de Comunica\u00e7\u00e3o"},"image":{"@id":"https:\/\/www.notibras.com\/site\/#\/schema\/logo\/image\/"},"sameAs":["https:\/\/www.facebook.com\/notibras\/","https:\/\/x.com\/Notibras","https:\/\/www.instagram.com\/notibras\/"]},{"@type":"Person","@id":"https:\/\/www.notibras.com\/site\/#\/schema\/person\/36ab0979449956132d3e5b517ea76ac8","name":"Reda\u00e7\u00e3o","image":{"@type":"ImageObject","inLanguage":"pt-BR","@id":"https:\/\/secure.gravatar.com\/avatar\/e0a867bdedb85fd243eadf09663511f96fc81e0720a4a42581f334ad4303aa6b?s=96&d=mm&r=g","url":"https:\/\/secure.gravatar.com\/avatar\/e0a867bdedb85fd243eadf09663511f96fc81e0720a4a42581f334ad4303aa6b?s=96&d=mm&r=g","contentUrl":"https:\/\/secure.gravatar.com\/avatar\/e0a867bdedb85fd243eadf09663511f96fc81e0720a4a42581f334ad4303aa6b?s=96&d=mm&r=g","caption":"Reda\u00e7\u00e3o"}}]}},"amp_enabled":true,"_links":{"self":[{"href":"https:\/\/www.notibras.com\/site\/wp-json\/wp\/v2\/posts\/23483","targetHints":{"allow":["GET"]}}],"collection":[{"href":"https:\/\/www.notibras.com\/site\/wp-json\/wp\/v2\/posts"}],"about":[{"href":"https:\/\/www.notibras.com\/site\/wp-json\/wp\/v2\/types\/post"}],"author":[{"embeddable":true,"href":"https:\/\/www.notibras.com\/site\/wp-json\/wp\/v2\/users\/2"}],"replies":[{"embeddable":true,"href":"https:\/\/www.notibras.com\/site\/wp-json\/wp\/v2\/comments?post=23483"}],"version-history":[{"count":0,"href":"https:\/\/www.notibras.com\/site\/wp-json\/wp\/v2\/posts\/23483\/revisions"}],"wp:featuredmedia":[{"embeddable":true,"href":"https:\/\/www.notibras.com\/site\/wp-json\/wp\/v2\/media\/23506"}],"wp:attachment":[{"href":"https:\/\/www.notibras.com\/site\/wp-json\/wp\/v2\/media?parent=23483"}],"wp:term":[{"taxonomy":"category","embeddable":true,"href":"https:\/\/www.notibras.com\/site\/wp-json\/wp\/v2\/categories?post=23483"},{"taxonomy":"post_tag","embeddable":true,"href":"https:\/\/www.notibras.com\/site\/wp-json\/wp\/v2\/tags?post=23483"}],"curies":[{"name":"wp","href":"https:\/\/api.w.org\/{rel}","templated":true}]}}