{"id":23538,"date":"2014-09-30T14:08:03","date_gmt":"2014-09-30T17:08:03","guid":{"rendered":"http:\/\/www.notibras.com\/site\/?p=23538"},"modified":"2014-09-30T14:09:40","modified_gmt":"2014-09-30T17:09:40","slug":"com-dilma-marina-ou-aecio-no-comando-so-resta-ao-povo-rezar","status":"publish","type":"post","link":"https:\/\/www.notibras.com\/site\/com-dilma-marina-ou-aecio-no-comando-so-resta-ao-povo-rezar\/","title":{"rendered":"Com Dilma, Marina ou A\u00e9cio no comando, s\u00f3 resta ao povo rezar"},"content":{"rendered":"<p>Os candidatos que se apresentam em oposi\u00e7\u00e3o \u00e0 atual presidente, com chances &#8211; tanto Marina, como A\u00e9cio \u2013 dizem-se defensores da\u00a0 \u201cliberaliza\u00e7\u00e3o\u201d da economia brasileira.<\/p>\n<p>Na verdade,\u00a0 adotam ostensivamente o projeto pr\u00f3-imperial, como\u00a0 decorre n\u00e3o s\u00f3 de seus \u201cprogramas\u201d, mas tamb\u00e9m de suas trajet\u00f3rias e de quem os financia; do apoio da grande m\u00eddia, instrumento\u00a0 tradicional dos concentradores econ\u00f4micos transnacionais e locais;\u00a0\u00a0 dos\u00a0 formuladores de suas pol\u00edticas econ\u00f4micas, ligad\u00edssimos \u00e0 oligarquia financeira angloamericana.<\/p>\n<p>A atual presidente, tal como Lula, tampouco significa a perspectiva de que o Brasil reverta a lament\u00e1vel condi\u00e7\u00e3o a que tem descido desde o golpe de 1954, quando se institucionalizou a depend\u00eancia financeira e tecnol\u00f3gica, atrav\u00e9s da desnacionaliza\u00e7\u00e3o da ind\u00fastria e dos demais setores da economia.<\/p>\n<p>Os governos do PT consolidaram esse processo, acelerado por mandat\u00e1rios radicalmente servis ao imp\u00e9rio angloamericano, como Collor e FHC, investidos na presid\u00eancia por meio de golpes eleitorais em 1989, 1994 e 1998.<\/p>\n<p>Os petistas diferiram deles, principalmente ao: a) reduzir um pouco as taxas de juros,o que n\u00e3o evitou a d\u00edvida p\u00fablica crescesse, nem a conta anual dela, a qual consome 40% das receitas p\u00fablicas;\u00a0 b) aumentar o valor real do sal\u00e1rio m\u00ednimo e ampliar as pol\u00edticas sociais; c) elevar substancialmente a oferta de cr\u00e9dito, atrav\u00e9s dos bancos p\u00fablicos, e os investimentos em infra-estrutura, cujos resultados n\u00e3o t\u00eam sido proporcionais ao volume de dinheiro provido a baixo custo.<\/p>\n<p>Tais empr\u00e9stimos t\u00eam feito acentuar a concentra\u00e7\u00e3o\u00a0 e a desnacionaliza\u00e7\u00e3o, pois favorecem as grandes empreiteiras, grupos concentradores, sobre tudo, transnacionais. O mesmo efeito resulta das \u201cparcerias p\u00fablico-privadas (PPPs), em que o Estado banca o capital, assume o risco, e os parceiros privados obt\u00eam lucro garantido.<\/p>\n<p>Isso decorre das reformas desestruturadoras\u00a0 impostas pelo imp\u00e9rio angloamericano, aceleradas\u00a0 desde 1990, em fun\u00e7\u00e3o das privatiza\u00e7\u00f5es\u00a0 e da\u00a0 deteriora\u00e7\u00e3o da administra\u00e7\u00e3o p\u00fablica.<\/p>\n<p>Esta adveio de: a) a coloca\u00e7\u00e3o dos setores-chave da economia sob o comando das ag\u00eancias reguladoras, infiltradas por \u201ct\u00e9cnicos\u201d ligados \u00e0s transnacionais estrangeiras; b) \u00f3bices inseridos na legisla\u00e7\u00e3o, como a lei de licita\u00e7\u00f5es e as restri\u00e7\u00f5es ambientais para tolher o desenvolvimento; c) queda de qualidade dos quadros da administra\u00e7\u00e3o; d) temores desses quadros de assumir responsabilidades, sob a mira do Minist\u00e9rio P\u00fablico, influenciado por ONGs financiadas pela oligarquia financeira estrangeira, e em face do\u00a0 TCU, sobre o qual agem essas e outras for\u00e7as contr\u00e1rias aos interesses nacionais.<\/p>\n<p>Nesse contexto, o PIB ainda cresce, devido, em grande parte, \u00e0 produ\u00e7\u00e3o e \u00e0 exporta\u00e7\u00e3o intensivas de recursos naturais. Mas o pesado d\u00e9ficit\u00a0 que se vem acumulando nas transa\u00e7\u00f5es correntes com o exterior, denuncia as terr\u00edveis defici\u00eancias estruturais da economia brasileira.<\/p>\n<p>Entre essas, o gap (hiato) tecnol\u00f3gico que a distancia das economias dos pa\u00edses que n\u00e3o entregaram suas empresas ao controle de transnacionais estrangeiras,\u00a0\u00a0 como at\u00e9 a pequena Coreia.<\/p>\n<p>Esse hiato j\u00e1 era muito grande, nos anos 80, e s\u00f3 fez aumentar desde ent\u00e3o, dado que a entrega do mercado brasileiro \u00e0s transnacionais,\u00a0 iniciada em 1955, continuou acelerando-se,\u00a0 e\u00a0 tecnologia s\u00f3 se desenvolve onde h\u00e1 empresas nacionais competindo no mercado interno e, depois, passando a exportar bens de elevado valor agregado.<\/p>\n<p>Al\u00e9m disso, o Brasil \u00e9 sugado pelo\u00a0 endividamento, numa intensidade inacredit\u00e1vel, mormente a partir da crise da d\u00edvida externa de 1982, que n\u00e3o foi negociada soberanamente. Ao contr\u00e1rio, os governos submeteram-se ao \u201csistema financeiro internacional\u201d nessa e em posteriores crises.<\/p>\n<p>Isso levou a colossais pagamentos\u00a0 em 1989 e 1990,\u00a0 logo ap\u00f3s a Constitui\u00e7\u00e3o de 1988, na qual foi acrescido ao art. 166, \u00a7 3\u00ba, inciso II, por meio de fraude, dispositivo\u00a0 que privilegia as despesas do \u201cservi\u00e7o da d\u00edvida\u201d e facilita a aprova\u00e7\u00e3o dessas despesas em montantes absurdos.<\/p>\n<p>Atualizado monetariamente, o servi\u00e7o da d\u00edvida custou\u00a0 R$ 1,8 trilh\u00e3o em 1989\/1990, quantia cuja m\u00e9dia anual equivale a17% do atual PIB e a incr\u00edveis 34% do PIB de ent\u00e3o. De 1991 a 1994, a m\u00e9dia, embora ca\u00edsse muito, ainda foi excessiva, cerca de 11% do PIB.<\/p>\n<p>De 1982 a 1988 o Tesouro acumulou verbas, em moeda nacional, muito maiores do que poderia, sem enorme preju\u00edzo para os investimentos p\u00fablicos, visando a cumprir o determinado nas pseudonegocia\u00e7\u00f5es com os banqueiros\u00a0 para o servi\u00e7o de d\u00edvidas n\u00e3o auditadas, inclusive as do setor privado, assumidas pela Uni\u00e3o, e infladas por taxas de juros e numerosas taxas banc\u00e1rias inaceit\u00e1veis.<\/p>\n<p>Esse perverso processo, incluiu a entrada de d\u00f3lares no Pa\u00eds (facilmente criados, do nada, pelos bancos da oligarquia mundial), a fim de\u00a0\u00a0 retornarem\u00a0 para eles, atrav\u00e9s dos pagamentos da d\u00edvida p\u00fablica, para os quais as verbas amealhadas em moeda nacional, para esse fim, puderam ser\u00a0 convertidas em d\u00f3lares.<\/p>\n<p>Com efeito, mesmo refreando\u00a0 os investimentos, desde 1982,\u00a0 o Pa\u00eds n\u00e3o obtinha moeda estrangeira, sem depender dos bancos \u201ccredores\u201d, porquanto n\u00e3o teve, em toda a\u00a0 d\u00e9cada dos anos 80, saldos positivos nas transa\u00e7\u00f5es correntes com o exterior.<\/p>\n<p>Nos anos 80, o governo militar havia institu\u00eddo a Lei da Inform\u00e1tica e deu continuidade a projetos tecnol\u00f3gicos na esfera estatal, limitados, por\u00e9m, pelas dificuldades or\u00e7ament\u00e1rias condicionadas pela forma\u00e7\u00e3o dos super\u00e1vits prim\u00e1rios.<\/p>\n<p>Na transi\u00e7\u00e3o, Sarney s\u00f3 resistiu \u00e0s press\u00f5es dos banqueiros e demais concentradores nos primeiros meses, e, ao entrar em cena a pseudo-democratiza\u00e7\u00e3o, foi eliminado\u00a0 o que restava de medidas pr\u00f3-ind\u00fastria nacional.<br \/>\nDe fato, adicionando mais danos aos danos resultantes do empobrecimento do Pa\u00eds atrav\u00e9s do servi\u00e7o da d\u00edvida e das transfer\u00eancias de ganhos das transnacionais, vieram, a partir de 1991, as liquida\u00e7\u00f5es de empresas estatais e a privatiza\u00e7\u00e3o em massa, sob o rid\u00edculo pretexto de que a desestatiza\u00e7\u00e3o proporcionaria recursos para pagamentos da d\u00edvida.<\/p>\n<p>Em 1988, a\u00a0 Constitui\u00e7\u00e3o &#8211;\u00a0 sob influ\u00eancias pecuni\u00e1rias e midi\u00e1ticas nada sens\u00edveis aos interesses nacionais\u00a0 &#8211; nasceu desfavor\u00e1vel, ao desenvolvimento do Pa\u00eds,\u00a0\u00a0 haja vista, entre outros, o art. 164, que tira do Tesouro o poder de emitir moeda, e o coloca \u00e0 merc\u00ea dos banqueiros, e recepcionando a famigerada Lei 4.595, de dezembro de 1964.<\/p>\n<p>O quadro tornou-se ainda mais desolador com as emendas constitucionais promovidas por Collor e por FHC, destruidoras de qualquer pretens\u00e3o \u00e0 independ\u00eancia nacional.\u00a0 Entre essas, a que suprimiu a distin\u00e7\u00e3o entre empresas de capital nacional e de capital estrangeiro (a CF j\u00e1 considerava brasileira qualquer empresa constitu\u00edda no Brasil de acordo com as leis brasileiras).<\/p>\n<p>Nada disso foi revertido.\u00a0 Assim, sob as atuais estruturas do Estado e do setor privado, mesmo havendo cr\u00e9dito\u00a0 p\u00fablico consider\u00e1vel, a juros access\u00edveis, o grosso dele n\u00e3o \u00e9\u00a0 aproveitado para investimentos produtivos.<br \/>\nMesmo quando o \u00e9, isso n\u00e3o traz proveito para a economia nacional,\u00a0 porquanto\u00a0 esses investimentos fazem intensificar a concentra\u00e7\u00e3o da economia, realizados que s\u00e3o por um setor privado desnacionalizado e concentrado, cujos lucros s\u00e3o carreados, na maior parte, para o exterior.<\/p>\n<p>Tudo prejudica os investimentos, especialmente os de empresas m\u00e9dias e pequenas: a taxa de c\u00e2mbio supervalorizada\u00a0 e o capital de giro\u00a0 caro, consequ\u00eancias do desequil\u00edbrio cr\u00f4nico nas transa\u00e7\u00f5es correntes com o exterior e da atra\u00e7\u00e3o de d\u00f3lares para cobrir esse d\u00e9ficit, conducente a\u00a0 altas taxas de juros internas.<\/p>\n<p>Al\u00e9m disso: absurdas tarifas da energia, resultado do pavoroso modelo de gest\u00e3o do setor, \u201corientado\u201d por um conceito fajuto de \u201cmercado; a lastim\u00e1vel estrutura de transportes, formada para propiciar mais lucros \u00e0s montadoras estrangeiras de ve\u00edculos (at\u00e9 as estradas esburacadas contribuem para isso); impostos elevados, para a receita ser gasta com a d\u00edvida p\u00fablica.<\/p>\n<p>Se se quer desenvolvimento, o caminho n\u00e3o \u00e9 continuar dando isen\u00e7\u00f5es e subs\u00eddios \u00e0s transnacionais, nem oferecer-lhes cr\u00e9dito p\u00fablico a baixos juros.<\/p>\n<p>O\u00a0 Pa\u00eds necessita, com urg\u00eancia, de mudan\u00e7a estrutural, dotando o Estado de poder e de meios para promover o desenvolvimento e viabilizar empresas de capital\u00a0 nacional em condi\u00e7\u00f5es de competir em produ\u00e7\u00f5es\u00a0 intensivas de tecnologia e com elevado\u00a0 valor agregado.<\/p>\n<p>Tudo isso s\u00f3 \u00e9 poss\u00edvel, se o sistema pol\u00edtico for alterado, e as elei\u00e7\u00f5es n\u00e3o continuarem \u00e0 merc\u00ea dos concentradores financeiros e\u00a0 dos\u00a0 carteis transnacionais, nem da m\u00eddia a servi\u00e7o deles.<\/p>\n<p>Em suma,\u00a0 se ficarmos pensando s\u00f3 nas elei\u00e7\u00f5es, as coisas agravar-se-\u00e3o, com Dilma e mais ainda com A\u00e9cio, e muito mais com Marina, ligad\u00edssima ao imp\u00e9rio.<\/p>\n<p><strong>Adriano Benayon<\/strong><\/p>\n","protected":false},"excerpt":{"rendered":"<p>Os candidatos que se apresentam em oposi\u00e7\u00e3o \u00e0 atual presidente, com chances &#8211; tanto Marina, como A\u00e9cio \u2013 dizem-se defensores da\u00a0 \u201cliberaliza\u00e7\u00e3o\u201d da economia brasileira. Na verdade,\u00a0 adotam ostensivamente o projeto pr\u00f3-imperial, como\u00a0 decorre n\u00e3o s\u00f3 de seus \u201cprogramas\u201d, mas tamb\u00e9m de suas trajet\u00f3rias e de quem os financia; do apoio da grande m\u00eddia, instrumento\u00a0 [&hellip;]<\/p>\n","protected":false},"author":2,"featured_media":23541,"comment_status":"open","ping_status":"closed","sticky":false,"template":"","format":"standard","meta":{"_acf_changed":false,"footnotes":""},"categories":[25],"tags":[],"class_list":["post-23538","post","type-post","status-publish","format-standard","has-post-thumbnail","hentry","category-opina-ai"],"acf":[],"yoast_head":"<!-- This site is optimized with the Yoast SEO plugin v27.5 - https:\/\/yoast.com\/product\/yoast-seo-wordpress\/ -->\n<title>Com Dilma, Marina ou A\u00e9cio no comando, s\u00f3 resta ao povo rezar - Notibras<\/title>\n<meta name=\"robots\" content=\"index, follow, max-snippet:-1, max-image-preview:large, max-video-preview:-1\" \/>\n<link rel=\"canonical\" href=\"https:\/\/www.notibras.com\/site\/com-dilma-marina-ou-aecio-no-comando-so-resta-ao-povo-rezar\/\" \/>\n<meta property=\"og:locale\" content=\"pt_BR\" \/>\n<meta property=\"og:type\" content=\"article\" \/>\n<meta property=\"og:title\" content=\"Com Dilma, Marina ou A\u00e9cio no comando, s\u00f3 resta ao povo rezar - Notibras\" \/>\n<meta property=\"og:description\" content=\"Os candidatos que se apresentam em oposi\u00e7\u00e3o \u00e0 atual presidente, com chances &#8211; tanto Marina, como A\u00e9cio \u2013 dizem-se defensores da\u00a0 \u201cliberaliza\u00e7\u00e3o\u201d da economia brasileira. Na verdade,\u00a0 adotam ostensivamente o projeto pr\u00f3-imperial, como\u00a0 decorre n\u00e3o s\u00f3 de seus \u201cprogramas\u201d, mas tamb\u00e9m de suas trajet\u00f3rias e de quem os financia; do apoio da grande m\u00eddia, instrumento\u00a0 [&hellip;]\" \/>\n<meta property=\"og:url\" content=\"https:\/\/www.notibras.com\/site\/com-dilma-marina-ou-aecio-no-comando-so-resta-ao-povo-rezar\/\" \/>\n<meta property=\"og:site_name\" content=\"Notibras\" \/>\n<meta property=\"article:publisher\" content=\"https:\/\/www.facebook.com\/notibras\/\" \/>\n<meta property=\"article:published_time\" content=\"2014-09-30T17:08:03+00:00\" \/>\n<meta property=\"article:modified_time\" content=\"2014-09-30T17:09:40+00:00\" \/>\n<meta property=\"og:image\" content=\"https:\/\/www.notibras.com\/site\/wp-content\/uploads\/2014\/09\/op1.jpg\" \/>\n\t<meta property=\"og:image:width\" content=\"1600\" \/>\n\t<meta property=\"og:image:height\" content=\"1063\" \/>\n\t<meta property=\"og:image:type\" content=\"image\/jpeg\" \/>\n<meta name=\"author\" content=\"Reda\u00e7\u00e3o\" \/>\n<meta name=\"twitter:card\" content=\"summary_large_image\" \/>\n<meta name=\"twitter:creator\" content=\"@Notibras\" \/>\n<meta name=\"twitter:site\" content=\"@Notibras\" \/>\n<meta name=\"twitter:label1\" content=\"Escrito por\" \/>\n\t<meta name=\"twitter:data1\" content=\"Reda\u00e7\u00e3o\" \/>\n\t<meta name=\"twitter:label2\" content=\"Est. tempo de leitura\" \/>\n\t<meta name=\"twitter:data2\" content=\"7 minutos\" \/>\n<script type=\"application\/ld+json\" class=\"yoast-schema-graph\">{\"@context\":\"https:\\\/\\\/schema.org\",\"@graph\":[{\"@type\":\"Article\",\"@id\":\"https:\\\/\\\/www.notibras.com\\\/site\\\/com-dilma-marina-ou-aecio-no-comando-so-resta-ao-povo-rezar\\\/#article\",\"isPartOf\":{\"@id\":\"https:\\\/\\\/www.notibras.com\\\/site\\\/com-dilma-marina-ou-aecio-no-comando-so-resta-ao-povo-rezar\\\/\"},\"author\":{\"name\":\"Reda\u00e7\u00e3o\",\"@id\":\"https:\\\/\\\/www.notibras.com\\\/site\\\/#\\\/schema\\\/person\\\/36ab0979449956132d3e5b517ea76ac8\"},\"headline\":\"Com Dilma, Marina ou A\u00e9cio no comando, s\u00f3 resta ao povo rezar\",\"datePublished\":\"2014-09-30T17:08:03+00:00\",\"dateModified\":\"2014-09-30T17:09:40+00:00\",\"mainEntityOfPage\":{\"@id\":\"https:\\\/\\\/www.notibras.com\\\/site\\\/com-dilma-marina-ou-aecio-no-comando-so-resta-ao-povo-rezar\\\/\"},\"wordCount\":1457,\"commentCount\":0,\"publisher\":{\"@id\":\"https:\\\/\\\/www.notibras.com\\\/site\\\/#organization\"},\"image\":{\"@id\":\"https:\\\/\\\/www.notibras.com\\\/site\\\/com-dilma-marina-ou-aecio-no-comando-so-resta-ao-povo-rezar\\\/#primaryimage\"},\"thumbnailUrl\":\"https:\\\/\\\/www.notibras.com\\\/site\\\/wp-content\\\/uploads\\\/2014\\\/09\\\/op1.jpg\",\"articleSection\":[\"Opina a\u00ed\"],\"inLanguage\":\"pt-BR\",\"potentialAction\":[{\"@type\":\"CommentAction\",\"name\":\"Comment\",\"target\":[\"https:\\\/\\\/www.notibras.com\\\/site\\\/com-dilma-marina-ou-aecio-no-comando-so-resta-ao-povo-rezar\\\/#respond\"]}]},{\"@type\":\"WebPage\",\"@id\":\"https:\\\/\\\/www.notibras.com\\\/site\\\/com-dilma-marina-ou-aecio-no-comando-so-resta-ao-povo-rezar\\\/\",\"url\":\"https:\\\/\\\/www.notibras.com\\\/site\\\/com-dilma-marina-ou-aecio-no-comando-so-resta-ao-povo-rezar\\\/\",\"name\":\"Com Dilma, Marina ou A\u00e9cio no comando, s\u00f3 resta ao povo rezar - Notibras\",\"isPartOf\":{\"@id\":\"https:\\\/\\\/www.notibras.com\\\/site\\\/#website\"},\"primaryImageOfPage\":{\"@id\":\"https:\\\/\\\/www.notibras.com\\\/site\\\/com-dilma-marina-ou-aecio-no-comando-so-resta-ao-povo-rezar\\\/#primaryimage\"},\"image\":{\"@id\":\"https:\\\/\\\/www.notibras.com\\\/site\\\/com-dilma-marina-ou-aecio-no-comando-so-resta-ao-povo-rezar\\\/#primaryimage\"},\"thumbnailUrl\":\"https:\\\/\\\/www.notibras.com\\\/site\\\/wp-content\\\/uploads\\\/2014\\\/09\\\/op1.jpg\",\"datePublished\":\"2014-09-30T17:08:03+00:00\",\"dateModified\":\"2014-09-30T17:09:40+00:00\",\"breadcrumb\":{\"@id\":\"https:\\\/\\\/www.notibras.com\\\/site\\\/com-dilma-marina-ou-aecio-no-comando-so-resta-ao-povo-rezar\\\/#breadcrumb\"},\"inLanguage\":\"pt-BR\",\"potentialAction\":[{\"@type\":\"ReadAction\",\"target\":[\"https:\\\/\\\/www.notibras.com\\\/site\\\/com-dilma-marina-ou-aecio-no-comando-so-resta-ao-povo-rezar\\\/\"]}]},{\"@type\":\"ImageObject\",\"inLanguage\":\"pt-BR\",\"@id\":\"https:\\\/\\\/www.notibras.com\\\/site\\\/com-dilma-marina-ou-aecio-no-comando-so-resta-ao-povo-rezar\\\/#primaryimage\",\"url\":\"https:\\\/\\\/www.notibras.com\\\/site\\\/wp-content\\\/uploads\\\/2014\\\/09\\\/op1.jpg\",\"contentUrl\":\"https:\\\/\\\/www.notibras.com\\\/site\\\/wp-content\\\/uploads\\\/2014\\\/09\\\/op1.jpg\",\"width\":1600,\"height\":1063},{\"@type\":\"BreadcrumbList\",\"@id\":\"https:\\\/\\\/www.notibras.com\\\/site\\\/com-dilma-marina-ou-aecio-no-comando-so-resta-ao-povo-rezar\\\/#breadcrumb\",\"itemListElement\":[{\"@type\":\"ListItem\",\"position\":1,\"name\":\"In\u00edcio\",\"item\":\"https:\\\/\\\/www.notibras.com\\\/site\\\/\"},{\"@type\":\"ListItem\",\"position\":2,\"name\":\"Com Dilma, Marina ou A\u00e9cio no comando, s\u00f3 resta ao povo rezar\"}]},{\"@type\":\"WebSite\",\"@id\":\"https:\\\/\\\/www.notibras.com\\\/site\\\/#website\",\"url\":\"https:\\\/\\\/www.notibras.com\\\/site\\\/\",\"name\":\"Notibras\",\"description\":\"Not\u00edcias de Bras\u00edlia, do Brasil e do Mundo\",\"publisher\":{\"@id\":\"https:\\\/\\\/www.notibras.com\\\/site\\\/#organization\"},\"potentialAction\":[{\"@type\":\"SearchAction\",\"target\":{\"@type\":\"EntryPoint\",\"urlTemplate\":\"https:\\\/\\\/www.notibras.com\\\/site\\\/?s={search_term_string}\"},\"query-input\":{\"@type\":\"PropertyValueSpecification\",\"valueRequired\":true,\"valueName\":\"search_term_string\"}}],\"inLanguage\":\"pt-BR\"},{\"@type\":\"Organization\",\"@id\":\"https:\\\/\\\/www.notibras.com\\\/site\\\/#organization\",\"name\":\"Grupo Notibras de Comunica\u00e7\u00e3o\",\"url\":\"https:\\\/\\\/www.notibras.com\\\/site\\\/\",\"logo\":{\"@type\":\"ImageObject\",\"inLanguage\":\"pt-BR\",\"@id\":\"https:\\\/\\\/www.notibras.com\\\/site\\\/#\\\/schema\\\/logo\\\/image\\\/\",\"url\":\"https:\\\/\\\/www.notibras.com\\\/site\\\/wp-content\\\/uploads\\\/2023\\\/01\\\/notibras23.png\",\"contentUrl\":\"https:\\\/\\\/www.notibras.com\\\/site\\\/wp-content\\\/uploads\\\/2023\\\/01\\\/notibras23.png\",\"width\":350,\"height\":87,\"caption\":\"Grupo Notibras de Comunica\u00e7\u00e3o\"},\"image\":{\"@id\":\"https:\\\/\\\/www.notibras.com\\\/site\\\/#\\\/schema\\\/logo\\\/image\\\/\"},\"sameAs\":[\"https:\\\/\\\/www.facebook.com\\\/notibras\\\/\",\"https:\\\/\\\/x.com\\\/Notibras\",\"https:\\\/\\\/www.instagram.com\\\/notibras\\\/\"]},{\"@type\":\"Person\",\"@id\":\"https:\\\/\\\/www.notibras.com\\\/site\\\/#\\\/schema\\\/person\\\/36ab0979449956132d3e5b517ea76ac8\",\"name\":\"Reda\u00e7\u00e3o\",\"image\":{\"@type\":\"ImageObject\",\"inLanguage\":\"pt-BR\",\"@id\":\"https:\\\/\\\/secure.gravatar.com\\\/avatar\\\/e0a867bdedb85fd243eadf09663511f96fc81e0720a4a42581f334ad4303aa6b?s=96&d=mm&r=g\",\"url\":\"https:\\\/\\\/secure.gravatar.com\\\/avatar\\\/e0a867bdedb85fd243eadf09663511f96fc81e0720a4a42581f334ad4303aa6b?s=96&d=mm&r=g\",\"contentUrl\":\"https:\\\/\\\/secure.gravatar.com\\\/avatar\\\/e0a867bdedb85fd243eadf09663511f96fc81e0720a4a42581f334ad4303aa6b?s=96&d=mm&r=g\",\"caption\":\"Reda\u00e7\u00e3o\"}}]}<\/script>\n<!-- \/ Yoast SEO plugin. -->","yoast_head_json":{"title":"Com Dilma, Marina ou A\u00e9cio no comando, s\u00f3 resta ao povo rezar - Notibras","robots":{"index":"index","follow":"follow","max-snippet":"max-snippet:-1","max-image-preview":"max-image-preview:large","max-video-preview":"max-video-preview:-1"},"canonical":"https:\/\/www.notibras.com\/site\/com-dilma-marina-ou-aecio-no-comando-so-resta-ao-povo-rezar\/","og_locale":"pt_BR","og_type":"article","og_title":"Com Dilma, Marina ou A\u00e9cio no comando, s\u00f3 resta ao povo rezar - Notibras","og_description":"Os candidatos que se apresentam em oposi\u00e7\u00e3o \u00e0 atual presidente, com chances &#8211; tanto Marina, como A\u00e9cio \u2013 dizem-se defensores da\u00a0 \u201cliberaliza\u00e7\u00e3o\u201d da economia brasileira. Na verdade,\u00a0 adotam ostensivamente o projeto pr\u00f3-imperial, como\u00a0 decorre n\u00e3o s\u00f3 de seus \u201cprogramas\u201d, mas tamb\u00e9m de suas trajet\u00f3rias e de quem os financia; do apoio da grande m\u00eddia, instrumento\u00a0 [&hellip;]","og_url":"https:\/\/www.notibras.com\/site\/com-dilma-marina-ou-aecio-no-comando-so-resta-ao-povo-rezar\/","og_site_name":"Notibras","article_publisher":"https:\/\/www.facebook.com\/notibras\/","article_published_time":"2014-09-30T17:08:03+00:00","article_modified_time":"2014-09-30T17:09:40+00:00","og_image":[{"width":1600,"height":1063,"url":"https:\/\/www.notibras.com\/site\/wp-content\/uploads\/2014\/09\/op1.jpg","type":"image\/jpeg"}],"author":"Reda\u00e7\u00e3o","twitter_card":"summary_large_image","twitter_creator":"@Notibras","twitter_site":"@Notibras","twitter_misc":{"Escrito por":"Reda\u00e7\u00e3o","Est. tempo de leitura":"7 minutos"},"schema":{"@context":"https:\/\/schema.org","@graph":[{"@type":"Article","@id":"https:\/\/www.notibras.com\/site\/com-dilma-marina-ou-aecio-no-comando-so-resta-ao-povo-rezar\/#article","isPartOf":{"@id":"https:\/\/www.notibras.com\/site\/com-dilma-marina-ou-aecio-no-comando-so-resta-ao-povo-rezar\/"},"author":{"name":"Reda\u00e7\u00e3o","@id":"https:\/\/www.notibras.com\/site\/#\/schema\/person\/36ab0979449956132d3e5b517ea76ac8"},"headline":"Com Dilma, Marina ou A\u00e9cio no comando, s\u00f3 resta ao povo rezar","datePublished":"2014-09-30T17:08:03+00:00","dateModified":"2014-09-30T17:09:40+00:00","mainEntityOfPage":{"@id":"https:\/\/www.notibras.com\/site\/com-dilma-marina-ou-aecio-no-comando-so-resta-ao-povo-rezar\/"},"wordCount":1457,"commentCount":0,"publisher":{"@id":"https:\/\/www.notibras.com\/site\/#organization"},"image":{"@id":"https:\/\/www.notibras.com\/site\/com-dilma-marina-ou-aecio-no-comando-so-resta-ao-povo-rezar\/#primaryimage"},"thumbnailUrl":"https:\/\/www.notibras.com\/site\/wp-content\/uploads\/2014\/09\/op1.jpg","articleSection":["Opina a\u00ed"],"inLanguage":"pt-BR","potentialAction":[{"@type":"CommentAction","name":"Comment","target":["https:\/\/www.notibras.com\/site\/com-dilma-marina-ou-aecio-no-comando-so-resta-ao-povo-rezar\/#respond"]}]},{"@type":"WebPage","@id":"https:\/\/www.notibras.com\/site\/com-dilma-marina-ou-aecio-no-comando-so-resta-ao-povo-rezar\/","url":"https:\/\/www.notibras.com\/site\/com-dilma-marina-ou-aecio-no-comando-so-resta-ao-povo-rezar\/","name":"Com Dilma, Marina ou A\u00e9cio no comando, s\u00f3 resta ao povo rezar - Notibras","isPartOf":{"@id":"https:\/\/www.notibras.com\/site\/#website"},"primaryImageOfPage":{"@id":"https:\/\/www.notibras.com\/site\/com-dilma-marina-ou-aecio-no-comando-so-resta-ao-povo-rezar\/#primaryimage"},"image":{"@id":"https:\/\/www.notibras.com\/site\/com-dilma-marina-ou-aecio-no-comando-so-resta-ao-povo-rezar\/#primaryimage"},"thumbnailUrl":"https:\/\/www.notibras.com\/site\/wp-content\/uploads\/2014\/09\/op1.jpg","datePublished":"2014-09-30T17:08:03+00:00","dateModified":"2014-09-30T17:09:40+00:00","breadcrumb":{"@id":"https:\/\/www.notibras.com\/site\/com-dilma-marina-ou-aecio-no-comando-so-resta-ao-povo-rezar\/#breadcrumb"},"inLanguage":"pt-BR","potentialAction":[{"@type":"ReadAction","target":["https:\/\/www.notibras.com\/site\/com-dilma-marina-ou-aecio-no-comando-so-resta-ao-povo-rezar\/"]}]},{"@type":"ImageObject","inLanguage":"pt-BR","@id":"https:\/\/www.notibras.com\/site\/com-dilma-marina-ou-aecio-no-comando-so-resta-ao-povo-rezar\/#primaryimage","url":"https:\/\/www.notibras.com\/site\/wp-content\/uploads\/2014\/09\/op1.jpg","contentUrl":"https:\/\/www.notibras.com\/site\/wp-content\/uploads\/2014\/09\/op1.jpg","width":1600,"height":1063},{"@type":"BreadcrumbList","@id":"https:\/\/www.notibras.com\/site\/com-dilma-marina-ou-aecio-no-comando-so-resta-ao-povo-rezar\/#breadcrumb","itemListElement":[{"@type":"ListItem","position":1,"name":"In\u00edcio","item":"https:\/\/www.notibras.com\/site\/"},{"@type":"ListItem","position":2,"name":"Com Dilma, Marina ou A\u00e9cio no comando, s\u00f3 resta ao povo rezar"}]},{"@type":"WebSite","@id":"https:\/\/www.notibras.com\/site\/#website","url":"https:\/\/www.notibras.com\/site\/","name":"Notibras","description":"Not\u00edcias de Bras\u00edlia, do Brasil e do Mundo","publisher":{"@id":"https:\/\/www.notibras.com\/site\/#organization"},"potentialAction":[{"@type":"SearchAction","target":{"@type":"EntryPoint","urlTemplate":"https:\/\/www.notibras.com\/site\/?s={search_term_string}"},"query-input":{"@type":"PropertyValueSpecification","valueRequired":true,"valueName":"search_term_string"}}],"inLanguage":"pt-BR"},{"@type":"Organization","@id":"https:\/\/www.notibras.com\/site\/#organization","name":"Grupo Notibras de Comunica\u00e7\u00e3o","url":"https:\/\/www.notibras.com\/site\/","logo":{"@type":"ImageObject","inLanguage":"pt-BR","@id":"https:\/\/www.notibras.com\/site\/#\/schema\/logo\/image\/","url":"https:\/\/www.notibras.com\/site\/wp-content\/uploads\/2023\/01\/notibras23.png","contentUrl":"https:\/\/www.notibras.com\/site\/wp-content\/uploads\/2023\/01\/notibras23.png","width":350,"height":87,"caption":"Grupo Notibras de Comunica\u00e7\u00e3o"},"image":{"@id":"https:\/\/www.notibras.com\/site\/#\/schema\/logo\/image\/"},"sameAs":["https:\/\/www.facebook.com\/notibras\/","https:\/\/x.com\/Notibras","https:\/\/www.instagram.com\/notibras\/"]},{"@type":"Person","@id":"https:\/\/www.notibras.com\/site\/#\/schema\/person\/36ab0979449956132d3e5b517ea76ac8","name":"Reda\u00e7\u00e3o","image":{"@type":"ImageObject","inLanguage":"pt-BR","@id":"https:\/\/secure.gravatar.com\/avatar\/e0a867bdedb85fd243eadf09663511f96fc81e0720a4a42581f334ad4303aa6b?s=96&d=mm&r=g","url":"https:\/\/secure.gravatar.com\/avatar\/e0a867bdedb85fd243eadf09663511f96fc81e0720a4a42581f334ad4303aa6b?s=96&d=mm&r=g","contentUrl":"https:\/\/secure.gravatar.com\/avatar\/e0a867bdedb85fd243eadf09663511f96fc81e0720a4a42581f334ad4303aa6b?s=96&d=mm&r=g","caption":"Reda\u00e7\u00e3o"}}]}},"amp_enabled":true,"_links":{"self":[{"href":"https:\/\/www.notibras.com\/site\/wp-json\/wp\/v2\/posts\/23538","targetHints":{"allow":["GET"]}}],"collection":[{"href":"https:\/\/www.notibras.com\/site\/wp-json\/wp\/v2\/posts"}],"about":[{"href":"https:\/\/www.notibras.com\/site\/wp-json\/wp\/v2\/types\/post"}],"author":[{"embeddable":true,"href":"https:\/\/www.notibras.com\/site\/wp-json\/wp\/v2\/users\/2"}],"replies":[{"embeddable":true,"href":"https:\/\/www.notibras.com\/site\/wp-json\/wp\/v2\/comments?post=23538"}],"version-history":[{"count":0,"href":"https:\/\/www.notibras.com\/site\/wp-json\/wp\/v2\/posts\/23538\/revisions"}],"wp:featuredmedia":[{"embeddable":true,"href":"https:\/\/www.notibras.com\/site\/wp-json\/wp\/v2\/media\/23541"}],"wp:attachment":[{"href":"https:\/\/www.notibras.com\/site\/wp-json\/wp\/v2\/media?parent=23538"}],"wp:term":[{"taxonomy":"category","embeddable":true,"href":"https:\/\/www.notibras.com\/site\/wp-json\/wp\/v2\/categories?post=23538"},{"taxonomy":"post_tag","embeddable":true,"href":"https:\/\/www.notibras.com\/site\/wp-json\/wp\/v2\/tags?post=23538"}],"curies":[{"name":"wp","href":"https:\/\/api.w.org\/{rel}","templated":true}]}}