{"id":23627,"date":"2014-09-30T20:24:34","date_gmt":"2014-09-30T23:24:34","guid":{"rendered":"http:\/\/www.notibras.com\/site\/?p=23627"},"modified":"2014-09-30T23:26:07","modified_gmt":"2014-10-01T02:26:07","slug":"portuguesa-empata-mais-uma-e-segue-em-situacao-delicada","status":"publish","type":"post","link":"https:\/\/www.notibras.com\/site\/portuguesa-empata-mais-uma-e-segue-em-situacao-delicada\/","title":{"rendered":"Portuguesa empata mais uma e segue em situa\u00e7\u00e3o delicada"},"content":{"rendered":"<p class=\"text\">V\u00e1gner Benazzi segue sem vencer no comando da Portuguesa, mas ao menos garantiu o empate fora de casa nesta ter\u00e7a-feira. Em S\u00e3o Lu\u00eds, no Est\u00e1dio Castel\u00e3o, o time do Canind\u00e9 voltou a ter dificuldades para criar no campo de ataque, segurou o Sampaio Corr\u00eaa\u00a0e garantiu empate por 0 a 0 fora de casa.<\/p>\n<blockquote>\n<p class=\"text\">Com mais um empate, a Portuguesa segue em situa\u00e7\u00e3o muito delicada:\u00a0soma apenas 21 pontos, na 18\u00aa coloca\u00e7\u00e3o. Neste momento, o time do Canind\u00e9 est\u00e1 a seis pontos de sair da zona de rebaixamento, podendo fechar a rodada com oito de desvantagem. O Sampaio, por sua vez, ocupa a o s\u00e9timo lugar, com 41.<\/p>\n<\/blockquote>\n<p class=\"text\">Na pr\u00f3xima rodada, a Portuguesa tem mais um jogo complicado. Na ter\u00e7a-feira, recebe o Vasco da Gama, no est\u00e1dio do Canind\u00e9. O Sampaio, por sua vez, mais distante do grupo dos quatro melhores colocados, entra em campo no mesmo dia, contra o embalado Cear\u00e1, no Castel\u00e3o.<\/p>\n","protected":false},"excerpt":{"rendered":"<p>V\u00e1gner Benazzi segue sem vencer no comando da Portuguesa, mas ao menos garantiu o empate fora de casa nesta ter\u00e7a-feira. Em S\u00e3o Lu\u00eds, no Est\u00e1dio Castel\u00e3o, o time do Canind\u00e9 voltou a ter dificuldades para criar no campo de ataque, segurou o Sampaio Corr\u00eaa\u00a0e garantiu empate por 0 a 0 fora de casa. Com mais [&hellip;]<\/p>\n","protected":false},"author":2,"featured_media":23628,"comment_status":"open","ping_status":"closed","sticky":false,"template":"","format":"standard","meta":{"_acf_changed":false,"footnotes":""},"categories":[19,29],"tags":[],"class_list":["post-23627","post","type-post","status-publish","format-standard","has-post-thumbnail","hentry","category-esportes","category-futebol"],"acf":[],"yoast_head":"<!-- This site is optimized with the Yoast SEO plugin v27.2 - https:\/\/yoast.com\/product\/yoast-seo-wordpress\/ -->\n<title>Portuguesa empata mais uma e segue em situa\u00e7\u00e3o delicada - Notibras<\/title>\n<meta name=\"robots\" content=\"index, follow, max-snippet:-1, max-image-preview:large, max-video-preview:-1\" \/>\n<link rel=\"canonical\" href=\"https:\/\/www.notibras.com\/site\/portuguesa-empata-mais-uma-e-segue-em-situacao-delicada\/\" \/>\n<meta property=\"og:locale\" content=\"pt_BR\" \/>\n<meta property=\"og:type\" content=\"article\" \/>\n<meta property=\"og:title\" content=\"Portuguesa empata mais uma e segue em situa\u00e7\u00e3o delicada - Notibras\" \/>\n<meta property=\"og:description\" content=\"V\u00e1gner Benazzi segue sem vencer no comando da Portuguesa, mas ao menos garantiu o empate fora de casa nesta ter\u00e7a-feira. Em S\u00e3o Lu\u00eds, no Est\u00e1dio Castel\u00e3o, o time do Canind\u00e9 voltou a ter dificuldades para criar no campo de ataque, segurou o Sampaio Corr\u00eaa\u00a0e garantiu empate por 0 a 0 fora de casa. Com mais [&hellip;]\" \/>\n<meta property=\"og:url\" content=\"https:\/\/www.notibras.com\/site\/portuguesa-empata-mais-uma-e-segue-em-situacao-delicada\/\" \/>\n<meta property=\"og:site_name\" content=\"Notibras\" \/>\n<meta property=\"article:publisher\" content=\"https:\/\/www.facebook.com\/notibras\/\" \/>\n<meta property=\"article:published_time\" content=\"2014-09-30T23:24:34+00:00\" \/>\n<meta property=\"article:modified_time\" content=\"2014-10-01T02:26:07+00:00\" \/>\n<meta property=\"og:image\" content=\"https:\/\/www.notibras.com\/site\/wp-content\/uploads\/2014\/09\/o-matic-4088626010.jpg\" \/>\n\t<meta property=\"og:image:width\" content=\"610\" \/>\n\t<meta property=\"og:image:height\" content=\"357\" \/>\n\t<meta property=\"og:image:type\" content=\"image\/jpeg\" \/>\n<meta name=\"author\" content=\"Reda\u00e7\u00e3o\" \/>\n<meta name=\"twitter:card\" content=\"summary_large_image\" \/>\n<meta name=\"twitter:creator\" content=\"@Notibras\" \/>\n<meta name=\"twitter:site\" content=\"@Notibras\" \/>\n<meta name=\"twitter:label1\" content=\"Escrito por\" \/>\n\t<meta name=\"twitter:data1\" content=\"Reda\u00e7\u00e3o\" \/>\n\t<meta name=\"twitter:label2\" content=\"Est. tempo de leitura\" \/>\n\t<meta name=\"twitter:data2\" content=\"1 minuto\" \/>\n<script type=\"application\/ld+json\" class=\"yoast-schema-graph\">{\"@context\":\"https:\/\/schema.org\",\"@graph\":[{\"@type\":\"Article\",\"@id\":\"https:\/\/www.notibras.com\/site\/portuguesa-empata-mais-uma-e-segue-em-situacao-delicada\/#article\",\"isPartOf\":{\"@id\":\"https:\/\/www.notibras.com\/site\/portuguesa-empata-mais-uma-e-segue-em-situacao-delicada\/\"},\"author\":{\"name\":\"Reda\u00e7\u00e3o\",\"@id\":\"https:\/\/www.notibras.com\/site\/#\/schema\/person\/36ab0979449956132d3e5b517ea76ac8\"},\"headline\":\"Portuguesa empata mais uma e segue em situa\u00e7\u00e3o delicada\",\"datePublished\":\"2014-09-30T23:24:34+00:00\",\"dateModified\":\"2014-10-01T02:26:07+00:00\",\"mainEntityOfPage\":{\"@id\":\"https:\/\/www.notibras.com\/site\/portuguesa-empata-mais-uma-e-segue-em-situacao-delicada\/\"},\"wordCount\":173,\"commentCount\":0,\"publisher\":{\"@id\":\"https:\/\/www.notibras.com\/site\/#organization\"},\"image\":{\"@id\":\"https:\/\/www.notibras.com\/site\/portuguesa-empata-mais-uma-e-segue-em-situacao-delicada\/#primaryimage\"},\"thumbnailUrl\":\"https:\/\/www.notibras.com\/site\/wp-content\/uploads\/2014\/09\/o-matic-4088626010.jpg\",\"articleSection\":[\"Esportes\",\"Futebol\"],\"inLanguage\":\"pt-BR\",\"potentialAction\":[{\"@type\":\"CommentAction\",\"name\":\"Comment\",\"target\":[\"https:\/\/www.notibras.com\/site\/portuguesa-empata-mais-uma-e-segue-em-situacao-delicada\/#respond\"]}]},{\"@type\":\"WebPage\",\"@id\":\"https:\/\/www.notibras.com\/site\/portuguesa-empata-mais-uma-e-segue-em-situacao-delicada\/\",\"url\":\"https:\/\/www.notibras.com\/site\/portuguesa-empata-mais-uma-e-segue-em-situacao-delicada\/\",\"name\":\"Portuguesa empata mais uma e segue em situa\u00e7\u00e3o delicada - Notibras\",\"isPartOf\":{\"@id\":\"https:\/\/www.notibras.com\/site\/#website\"},\"primaryImageOfPage\":{\"@id\":\"https:\/\/www.notibras.com\/site\/portuguesa-empata-mais-uma-e-segue-em-situacao-delicada\/#primaryimage\"},\"image\":{\"@id\":\"https:\/\/www.notibras.com\/site\/portuguesa-empata-mais-uma-e-segue-em-situacao-delicada\/#primaryimage\"},\"thumbnailUrl\":\"https:\/\/www.notibras.com\/site\/wp-content\/uploads\/2014\/09\/o-matic-4088626010.jpg\",\"datePublished\":\"2014-09-30T23:24:34+00:00\",\"dateModified\":\"2014-10-01T02:26:07+00:00\",\"breadcrumb\":{\"@id\":\"https:\/\/www.notibras.com\/site\/portuguesa-empata-mais-uma-e-segue-em-situacao-delicada\/#breadcrumb\"},\"inLanguage\":\"pt-BR\",\"potentialAction\":[{\"@type\":\"ReadAction\",\"target\":[\"https:\/\/www.notibras.com\/site\/portuguesa-empata-mais-uma-e-segue-em-situacao-delicada\/\"]}]},{\"@type\":\"ImageObject\",\"inLanguage\":\"pt-BR\",\"@id\":\"https:\/\/www.notibras.com\/site\/portuguesa-empata-mais-uma-e-segue-em-situacao-delicada\/#primaryimage\",\"url\":\"https:\/\/www.notibras.com\/site\/wp-content\/uploads\/2014\/09\/o-matic-4088626010.jpg\",\"contentUrl\":\"https:\/\/www.notibras.com\/site\/wp-content\/uploads\/2014\/09\/o-matic-4088626010.jpg\",\"width\":610,\"height\":357},{\"@type\":\"BreadcrumbList\",\"@id\":\"https:\/\/www.notibras.com\/site\/portuguesa-empata-mais-uma-e-segue-em-situacao-delicada\/#breadcrumb\",\"itemListElement\":[{\"@type\":\"ListItem\",\"position\":1,\"name\":\"In\u00edcio\",\"item\":\"https:\/\/www.notibras.com\/site\/\"},{\"@type\":\"ListItem\",\"position\":2,\"name\":\"Portuguesa empata mais uma e segue em situa\u00e7\u00e3o delicada\"}]},{\"@type\":\"WebSite\",\"@id\":\"https:\/\/www.notibras.com\/site\/#website\",\"url\":\"https:\/\/www.notibras.com\/site\/\",\"name\":\"Notibras\",\"description\":\"Not\u00edcias de Bras\u00edlia, do Brasil e do Mundo\",\"publisher\":{\"@id\":\"https:\/\/www.notibras.com\/site\/#organization\"},\"potentialAction\":[{\"@type\":\"SearchAction\",\"target\":{\"@type\":\"EntryPoint\",\"urlTemplate\":\"https:\/\/www.notibras.com\/site\/?s={search_term_string}\"},\"query-input\":{\"@type\":\"PropertyValueSpecification\",\"valueRequired\":true,\"valueName\":\"search_term_string\"}}],\"inLanguage\":\"pt-BR\"},{\"@type\":\"Organization\",\"@id\":\"https:\/\/www.notibras.com\/site\/#organization\",\"name\":\"Grupo Notibras de Comunica\u00e7\u00e3o\",\"url\":\"https:\/\/www.notibras.com\/site\/\",\"logo\":{\"@type\":\"ImageObject\",\"inLanguage\":\"pt-BR\",\"@id\":\"https:\/\/www.notibras.com\/site\/#\/schema\/logo\/image\/\",\"url\":\"https:\/\/www.notibras.com\/site\/wp-content\/uploads\/2023\/01\/notibras23.png\",\"contentUrl\":\"https:\/\/www.notibras.com\/site\/wp-content\/uploads\/2023\/01\/notibras23.png\",\"width\":350,\"height\":87,\"caption\":\"Grupo Notibras de Comunica\u00e7\u00e3o\"},\"image\":{\"@id\":\"https:\/\/www.notibras.com\/site\/#\/schema\/logo\/image\/\"},\"sameAs\":[\"https:\/\/www.facebook.com\/notibras\/\",\"https:\/\/x.com\/Notibras\",\"https:\/\/www.instagram.com\/notibras\/\"]},{\"@type\":\"Person\",\"@id\":\"https:\/\/www.notibras.com\/site\/#\/schema\/person\/36ab0979449956132d3e5b517ea76ac8\",\"name\":\"Reda\u00e7\u00e3o\",\"image\":{\"@type\":\"ImageObject\",\"inLanguage\":\"pt-BR\",\"@id\":\"https:\/\/secure.gravatar.com\/avatar\/e0a867bdedb85fd243eadf09663511f96fc81e0720a4a42581f334ad4303aa6b?s=96&d=mm&r=g\",\"url\":\"https:\/\/secure.gravatar.com\/avatar\/e0a867bdedb85fd243eadf09663511f96fc81e0720a4a42581f334ad4303aa6b?s=96&d=mm&r=g\",\"contentUrl\":\"https:\/\/secure.gravatar.com\/avatar\/e0a867bdedb85fd243eadf09663511f96fc81e0720a4a42581f334ad4303aa6b?s=96&d=mm&r=g\",\"caption\":\"Reda\u00e7\u00e3o\"}}]}<\/script>\n<!-- \/ Yoast SEO plugin. -->","yoast_head_json":{"title":"Portuguesa empata mais uma e segue em situa\u00e7\u00e3o delicada - Notibras","robots":{"index":"index","follow":"follow","max-snippet":"max-snippet:-1","max-image-preview":"max-image-preview:large","max-video-preview":"max-video-preview:-1"},"canonical":"https:\/\/www.notibras.com\/site\/portuguesa-empata-mais-uma-e-segue-em-situacao-delicada\/","og_locale":"pt_BR","og_type":"article","og_title":"Portuguesa empata mais uma e segue em situa\u00e7\u00e3o delicada - Notibras","og_description":"V\u00e1gner Benazzi segue sem vencer no comando da Portuguesa, mas ao menos garantiu o empate fora de casa nesta ter\u00e7a-feira. Em S\u00e3o Lu\u00eds, no Est\u00e1dio Castel\u00e3o, o time do Canind\u00e9 voltou a ter dificuldades para criar no campo de ataque, segurou o Sampaio Corr\u00eaa\u00a0e garantiu empate por 0 a 0 fora de casa. Com mais [&hellip;]","og_url":"https:\/\/www.notibras.com\/site\/portuguesa-empata-mais-uma-e-segue-em-situacao-delicada\/","og_site_name":"Notibras","article_publisher":"https:\/\/www.facebook.com\/notibras\/","article_published_time":"2014-09-30T23:24:34+00:00","article_modified_time":"2014-10-01T02:26:07+00:00","og_image":[{"width":610,"height":357,"url":"https:\/\/www.notibras.com\/site\/wp-content\/uploads\/2014\/09\/o-matic-4088626010.jpg","type":"image\/jpeg"}],"author":"Reda\u00e7\u00e3o","twitter_card":"summary_large_image","twitter_creator":"@Notibras","twitter_site":"@Notibras","twitter_misc":{"Escrito por":"Reda\u00e7\u00e3o","Est. tempo de leitura":"1 minuto"},"schema":{"@context":"https:\/\/schema.org","@graph":[{"@type":"Article","@id":"https:\/\/www.notibras.com\/site\/portuguesa-empata-mais-uma-e-segue-em-situacao-delicada\/#article","isPartOf":{"@id":"https:\/\/www.notibras.com\/site\/portuguesa-empata-mais-uma-e-segue-em-situacao-delicada\/"},"author":{"name":"Reda\u00e7\u00e3o","@id":"https:\/\/www.notibras.com\/site\/#\/schema\/person\/36ab0979449956132d3e5b517ea76ac8"},"headline":"Portuguesa empata mais uma e segue em situa\u00e7\u00e3o delicada","datePublished":"2014-09-30T23:24:34+00:00","dateModified":"2014-10-01T02:26:07+00:00","mainEntityOfPage":{"@id":"https:\/\/www.notibras.com\/site\/portuguesa-empata-mais-uma-e-segue-em-situacao-delicada\/"},"wordCount":173,"commentCount":0,"publisher":{"@id":"https:\/\/www.notibras.com\/site\/#organization"},"image":{"@id":"https:\/\/www.notibras.com\/site\/portuguesa-empata-mais-uma-e-segue-em-situacao-delicada\/#primaryimage"},"thumbnailUrl":"https:\/\/www.notibras.com\/site\/wp-content\/uploads\/2014\/09\/o-matic-4088626010.jpg","articleSection":["Esportes","Futebol"],"inLanguage":"pt-BR","potentialAction":[{"@type":"CommentAction","name":"Comment","target":["https:\/\/www.notibras.com\/site\/portuguesa-empata-mais-uma-e-segue-em-situacao-delicada\/#respond"]}]},{"@type":"WebPage","@id":"https:\/\/www.notibras.com\/site\/portuguesa-empata-mais-uma-e-segue-em-situacao-delicada\/","url":"https:\/\/www.notibras.com\/site\/portuguesa-empata-mais-uma-e-segue-em-situacao-delicada\/","name":"Portuguesa empata mais uma e segue em situa\u00e7\u00e3o delicada - Notibras","isPartOf":{"@id":"https:\/\/www.notibras.com\/site\/#website"},"primaryImageOfPage":{"@id":"https:\/\/www.notibras.com\/site\/portuguesa-empata-mais-uma-e-segue-em-situacao-delicada\/#primaryimage"},"image":{"@id":"https:\/\/www.notibras.com\/site\/portuguesa-empata-mais-uma-e-segue-em-situacao-delicada\/#primaryimage"},"thumbnailUrl":"https:\/\/www.notibras.com\/site\/wp-content\/uploads\/2014\/09\/o-matic-4088626010.jpg","datePublished":"2014-09-30T23:24:34+00:00","dateModified":"2014-10-01T02:26:07+00:00","breadcrumb":{"@id":"https:\/\/www.notibras.com\/site\/portuguesa-empata-mais-uma-e-segue-em-situacao-delicada\/#breadcrumb"},"inLanguage":"pt-BR","potentialAction":[{"@type":"ReadAction","target":["https:\/\/www.notibras.com\/site\/portuguesa-empata-mais-uma-e-segue-em-situacao-delicada\/"]}]},{"@type":"ImageObject","inLanguage":"pt-BR","@id":"https:\/\/www.notibras.com\/site\/portuguesa-empata-mais-uma-e-segue-em-situacao-delicada\/#primaryimage","url":"https:\/\/www.notibras.com\/site\/wp-content\/uploads\/2014\/09\/o-matic-4088626010.jpg","contentUrl":"https:\/\/www.notibras.com\/site\/wp-content\/uploads\/2014\/09\/o-matic-4088626010.jpg","width":610,"height":357},{"@type":"BreadcrumbList","@id":"https:\/\/www.notibras.com\/site\/portuguesa-empata-mais-uma-e-segue-em-situacao-delicada\/#breadcrumb","itemListElement":[{"@type":"ListItem","position":1,"name":"In\u00edcio","item":"https:\/\/www.notibras.com\/site\/"},{"@type":"ListItem","position":2,"name":"Portuguesa empata mais uma e segue em situa\u00e7\u00e3o delicada"}]},{"@type":"WebSite","@id":"https:\/\/www.notibras.com\/site\/#website","url":"https:\/\/www.notibras.com\/site\/","name":"Notibras","description":"Not\u00edcias de Bras\u00edlia, do Brasil e do Mundo","publisher":{"@id":"https:\/\/www.notibras.com\/site\/#organization"},"potentialAction":[{"@type":"SearchAction","target":{"@type":"EntryPoint","urlTemplate":"https:\/\/www.notibras.com\/site\/?s={search_term_string}"},"query-input":{"@type":"PropertyValueSpecification","valueRequired":true,"valueName":"search_term_string"}}],"inLanguage":"pt-BR"},{"@type":"Organization","@id":"https:\/\/www.notibras.com\/site\/#organization","name":"Grupo Notibras de Comunica\u00e7\u00e3o","url":"https:\/\/www.notibras.com\/site\/","logo":{"@type":"ImageObject","inLanguage":"pt-BR","@id":"https:\/\/www.notibras.com\/site\/#\/schema\/logo\/image\/","url":"https:\/\/www.notibras.com\/site\/wp-content\/uploads\/2023\/01\/notibras23.png","contentUrl":"https:\/\/www.notibras.com\/site\/wp-content\/uploads\/2023\/01\/notibras23.png","width":350,"height":87,"caption":"Grupo Notibras de Comunica\u00e7\u00e3o"},"image":{"@id":"https:\/\/www.notibras.com\/site\/#\/schema\/logo\/image\/"},"sameAs":["https:\/\/www.facebook.com\/notibras\/","https:\/\/x.com\/Notibras","https:\/\/www.instagram.com\/notibras\/"]},{"@type":"Person","@id":"https:\/\/www.notibras.com\/site\/#\/schema\/person\/36ab0979449956132d3e5b517ea76ac8","name":"Reda\u00e7\u00e3o","image":{"@type":"ImageObject","inLanguage":"pt-BR","@id":"https:\/\/secure.gravatar.com\/avatar\/e0a867bdedb85fd243eadf09663511f96fc81e0720a4a42581f334ad4303aa6b?s=96&d=mm&r=g","url":"https:\/\/secure.gravatar.com\/avatar\/e0a867bdedb85fd243eadf09663511f96fc81e0720a4a42581f334ad4303aa6b?s=96&d=mm&r=g","contentUrl":"https:\/\/secure.gravatar.com\/avatar\/e0a867bdedb85fd243eadf09663511f96fc81e0720a4a42581f334ad4303aa6b?s=96&d=mm&r=g","caption":"Reda\u00e7\u00e3o"}}]}},"amp_enabled":true,"_links":{"self":[{"href":"https:\/\/www.notibras.com\/site\/wp-json\/wp\/v2\/posts\/23627","targetHints":{"allow":["GET"]}}],"collection":[{"href":"https:\/\/www.notibras.com\/site\/wp-json\/wp\/v2\/posts"}],"about":[{"href":"https:\/\/www.notibras.com\/site\/wp-json\/wp\/v2\/types\/post"}],"author":[{"embeddable":true,"href":"https:\/\/www.notibras.com\/site\/wp-json\/wp\/v2\/users\/2"}],"replies":[{"embeddable":true,"href":"https:\/\/www.notibras.com\/site\/wp-json\/wp\/v2\/comments?post=23627"}],"version-history":[{"count":0,"href":"https:\/\/www.notibras.com\/site\/wp-json\/wp\/v2\/posts\/23627\/revisions"}],"wp:featuredmedia":[{"embeddable":true,"href":"https:\/\/www.notibras.com\/site\/wp-json\/wp\/v2\/media\/23628"}],"wp:attachment":[{"href":"https:\/\/www.notibras.com\/site\/wp-json\/wp\/v2\/media?parent=23627"}],"wp:term":[{"taxonomy":"category","embeddable":true,"href":"https:\/\/www.notibras.com\/site\/wp-json\/wp\/v2\/categories?post=23627"},{"taxonomy":"post_tag","embeddable":true,"href":"https:\/\/www.notibras.com\/site\/wp-json\/wp\/v2\/tags?post=23627"}],"curies":[{"name":"wp","href":"https:\/\/api.w.org\/{rel}","templated":true}]}}