{"id":23630,"date":"2014-09-30T21:29:27","date_gmt":"2014-10-01T00:29:27","guid":{"rendered":"http:\/\/www.notibras.com\/site\/?p=23630"},"modified":"2014-09-30T23:31:41","modified_gmt":"2014-10-01T02:31:41","slug":"icasa-atropela-luverdense-e-vira-a-noite-fora-da-zona-da-degola","status":"publish","type":"post","link":"https:\/\/www.notibras.com\/site\/icasa-atropela-luverdense-e-vira-a-noite-fora-da-zona-da-degola\/","title":{"rendered":"Icasa atropela Luverdense e vira a noite fora da zona da degola"},"content":{"rendered":"<p class=\"text\">Na noite desta ter\u00e7a-feira, atuando em Juazeiro do Norte-CE, o Icasa correspondeu \u00e0s expectativas de seus torcedores e deixou, ainda que provisoriamente, a zona de rebaixamento da S\u00e9rie B. No Est\u00e1dio Mauro Sampaio, o popular Romeir\u00e3o, o Verd\u00e3o do Cariri aproveitou a m\u00e1 fase do Luverdense e triunfou por 1 a 0. O gol da vit\u00f3ria mandante, em partida v\u00e1lida pela 27\u00aa rodada, foi anotado por \u00c9rik, aos 26 minutos do segundo tempo.<\/p>\n<p class=\"text\">Com o resultado, os comandados de Vladimir de Jesus chegaram aos 27 pontos e ultrapassaram o Am\u00e9rica-RN (que ainda atua nesta fase, contra o Joinville, em Natal-RN), impondo o Alvirrubro como novo integrante da degola.<\/p>\n<blockquote>\n<p class=\"text\">Por sua vez, o Verd\u00e3o do Norte, sem vencer h\u00e1 quatro embates, segue estacionado nas 34 unidades, figurando em classifica\u00e7\u00e3o intermedi\u00e1ria e enxergando o grupo dos quatro primeiros colocados cada vez mais distante.<\/p>\n<\/blockquote>\n<p class=\"text\">O pr\u00f3ximo compromisso dos cearenses ocorre no dia 7 de outubro, ter\u00e7a-feira, \u00e0s 19h30 (de Bras\u00edlia), diante do Atl\u00e9tico-GO, no Serra Dourada. J\u00e1 o LEC, no mesmo dia, mas \u00e0s 21h50, desafia o Alvirrubro potiguar, em seus dom\u00ednios.<\/p>\n","protected":false},"excerpt":{"rendered":"<p>Na noite desta ter\u00e7a-feira, atuando em Juazeiro do Norte-CE, o Icasa correspondeu \u00e0s expectativas de seus torcedores e deixou, ainda que provisoriamente, a zona de rebaixamento da S\u00e9rie B. No Est\u00e1dio Mauro Sampaio, o popular Romeir\u00e3o, o Verd\u00e3o do Cariri aproveitou a m\u00e1 fase do Luverdense e triunfou por 1 a 0. O gol da [&hellip;]<\/p>\n","protected":false},"author":2,"featured_media":23631,"comment_status":"open","ping_status":"closed","sticky":false,"template":"","format":"standard","meta":{"_acf_changed":false,"footnotes":""},"categories":[19,29],"tags":[],"class_list":["post-23630","post","type-post","status-publish","format-standard","has-post-thumbnail","hentry","category-esportes","category-futebol"],"acf":[],"yoast_head":"<!-- This site is optimized with the Yoast SEO plugin v27.2 - https:\/\/yoast.com\/product\/yoast-seo-wordpress\/ -->\n<title>Icasa atropela Luverdense e vira a noite fora da zona da degola - Notibras<\/title>\n<meta name=\"robots\" content=\"index, follow, max-snippet:-1, max-image-preview:large, max-video-preview:-1\" \/>\n<link rel=\"canonical\" href=\"https:\/\/www.notibras.com\/site\/icasa-atropela-luverdense-e-vira-a-noite-fora-da-zona-da-degola\/\" \/>\n<meta property=\"og:locale\" content=\"pt_BR\" \/>\n<meta property=\"og:type\" content=\"article\" \/>\n<meta property=\"og:title\" content=\"Icasa atropela Luverdense e vira a noite fora da zona da degola - Notibras\" \/>\n<meta property=\"og:description\" content=\"Na noite desta ter\u00e7a-feira, atuando em Juazeiro do Norte-CE, o Icasa correspondeu \u00e0s expectativas de seus torcedores e deixou, ainda que provisoriamente, a zona de rebaixamento da S\u00e9rie B. No Est\u00e1dio Mauro Sampaio, o popular Romeir\u00e3o, o Verd\u00e3o do Cariri aproveitou a m\u00e1 fase do Luverdense e triunfou por 1 a 0. O gol da [&hellip;]\" \/>\n<meta property=\"og:url\" content=\"https:\/\/www.notibras.com\/site\/icasa-atropela-luverdense-e-vira-a-noite-fora-da-zona-da-degola\/\" \/>\n<meta property=\"og:site_name\" content=\"Notibras\" \/>\n<meta property=\"article:publisher\" content=\"https:\/\/www.facebook.com\/notibras\/\" \/>\n<meta property=\"article:published_time\" content=\"2014-10-01T00:29:27+00:00\" \/>\n<meta property=\"article:modified_time\" content=\"2014-10-01T02:31:41+00:00\" \/>\n<meta property=\"og:image\" content=\"https:\/\/www.notibras.com\/site\/wp-content\/uploads\/2014\/09\/ica.jpg\" \/>\n\t<meta property=\"og:image:width\" content=\"700\" \/>\n\t<meta property=\"og:image:height\" content=\"467\" \/>\n\t<meta property=\"og:image:type\" content=\"image\/jpeg\" \/>\n<meta name=\"author\" content=\"Reda\u00e7\u00e3o\" \/>\n<meta name=\"twitter:card\" content=\"summary_large_image\" \/>\n<meta name=\"twitter:creator\" content=\"@Notibras\" \/>\n<meta name=\"twitter:site\" content=\"@Notibras\" \/>\n<meta name=\"twitter:label1\" content=\"Escrito por\" \/>\n\t<meta name=\"twitter:data1\" content=\"Reda\u00e7\u00e3o\" \/>\n\t<meta name=\"twitter:label2\" content=\"Est. tempo de leitura\" \/>\n\t<meta name=\"twitter:data2\" content=\"1 minuto\" \/>\n<script type=\"application\/ld+json\" class=\"yoast-schema-graph\">{\"@context\":\"https:\/\/schema.org\",\"@graph\":[{\"@type\":\"Article\",\"@id\":\"https:\/\/www.notibras.com\/site\/icasa-atropela-luverdense-e-vira-a-noite-fora-da-zona-da-degola\/#article\",\"isPartOf\":{\"@id\":\"https:\/\/www.notibras.com\/site\/icasa-atropela-luverdense-e-vira-a-noite-fora-da-zona-da-degola\/\"},\"author\":{\"name\":\"Reda\u00e7\u00e3o\",\"@id\":\"https:\/\/www.notibras.com\/site\/#\/schema\/person\/36ab0979449956132d3e5b517ea76ac8\"},\"headline\":\"Icasa atropela Luverdense e vira a noite fora da zona da degola\",\"datePublished\":\"2014-10-01T00:29:27+00:00\",\"dateModified\":\"2014-10-01T02:31:41+00:00\",\"mainEntityOfPage\":{\"@id\":\"https:\/\/www.notibras.com\/site\/icasa-atropela-luverdense-e-vira-a-noite-fora-da-zona-da-degola\/\"},\"wordCount\":200,\"commentCount\":0,\"publisher\":{\"@id\":\"https:\/\/www.notibras.com\/site\/#organization\"},\"image\":{\"@id\":\"https:\/\/www.notibras.com\/site\/icasa-atropela-luverdense-e-vira-a-noite-fora-da-zona-da-degola\/#primaryimage\"},\"thumbnailUrl\":\"https:\/\/www.notibras.com\/site\/wp-content\/uploads\/2014\/09\/ica.jpg\",\"articleSection\":[\"Esportes\",\"Futebol\"],\"inLanguage\":\"pt-BR\",\"potentialAction\":[{\"@type\":\"CommentAction\",\"name\":\"Comment\",\"target\":[\"https:\/\/www.notibras.com\/site\/icasa-atropela-luverdense-e-vira-a-noite-fora-da-zona-da-degola\/#respond\"]}]},{\"@type\":\"WebPage\",\"@id\":\"https:\/\/www.notibras.com\/site\/icasa-atropela-luverdense-e-vira-a-noite-fora-da-zona-da-degola\/\",\"url\":\"https:\/\/www.notibras.com\/site\/icasa-atropela-luverdense-e-vira-a-noite-fora-da-zona-da-degola\/\",\"name\":\"Icasa atropela Luverdense e vira a noite fora da zona da degola - Notibras\",\"isPartOf\":{\"@id\":\"https:\/\/www.notibras.com\/site\/#website\"},\"primaryImageOfPage\":{\"@id\":\"https:\/\/www.notibras.com\/site\/icasa-atropela-luverdense-e-vira-a-noite-fora-da-zona-da-degola\/#primaryimage\"},\"image\":{\"@id\":\"https:\/\/www.notibras.com\/site\/icasa-atropela-luverdense-e-vira-a-noite-fora-da-zona-da-degola\/#primaryimage\"},\"thumbnailUrl\":\"https:\/\/www.notibras.com\/site\/wp-content\/uploads\/2014\/09\/ica.jpg\",\"datePublished\":\"2014-10-01T00:29:27+00:00\",\"dateModified\":\"2014-10-01T02:31:41+00:00\",\"breadcrumb\":{\"@id\":\"https:\/\/www.notibras.com\/site\/icasa-atropela-luverdense-e-vira-a-noite-fora-da-zona-da-degola\/#breadcrumb\"},\"inLanguage\":\"pt-BR\",\"potentialAction\":[{\"@type\":\"ReadAction\",\"target\":[\"https:\/\/www.notibras.com\/site\/icasa-atropela-luverdense-e-vira-a-noite-fora-da-zona-da-degola\/\"]}]},{\"@type\":\"ImageObject\",\"inLanguage\":\"pt-BR\",\"@id\":\"https:\/\/www.notibras.com\/site\/icasa-atropela-luverdense-e-vira-a-noite-fora-da-zona-da-degola\/#primaryimage\",\"url\":\"https:\/\/www.notibras.com\/site\/wp-content\/uploads\/2014\/09\/ica.jpg\",\"contentUrl\":\"https:\/\/www.notibras.com\/site\/wp-content\/uploads\/2014\/09\/ica.jpg\",\"width\":700,\"height\":467},{\"@type\":\"BreadcrumbList\",\"@id\":\"https:\/\/www.notibras.com\/site\/icasa-atropela-luverdense-e-vira-a-noite-fora-da-zona-da-degola\/#breadcrumb\",\"itemListElement\":[{\"@type\":\"ListItem\",\"position\":1,\"name\":\"In\u00edcio\",\"item\":\"https:\/\/www.notibras.com\/site\/\"},{\"@type\":\"ListItem\",\"position\":2,\"name\":\"Icasa atropela Luverdense e vira a noite fora da zona da degola\"}]},{\"@type\":\"WebSite\",\"@id\":\"https:\/\/www.notibras.com\/site\/#website\",\"url\":\"https:\/\/www.notibras.com\/site\/\",\"name\":\"Notibras\",\"description\":\"Not\u00edcias de Bras\u00edlia, do Brasil e do Mundo\",\"publisher\":{\"@id\":\"https:\/\/www.notibras.com\/site\/#organization\"},\"potentialAction\":[{\"@type\":\"SearchAction\",\"target\":{\"@type\":\"EntryPoint\",\"urlTemplate\":\"https:\/\/www.notibras.com\/site\/?s={search_term_string}\"},\"query-input\":{\"@type\":\"PropertyValueSpecification\",\"valueRequired\":true,\"valueName\":\"search_term_string\"}}],\"inLanguage\":\"pt-BR\"},{\"@type\":\"Organization\",\"@id\":\"https:\/\/www.notibras.com\/site\/#organization\",\"name\":\"Grupo Notibras de Comunica\u00e7\u00e3o\",\"url\":\"https:\/\/www.notibras.com\/site\/\",\"logo\":{\"@type\":\"ImageObject\",\"inLanguage\":\"pt-BR\",\"@id\":\"https:\/\/www.notibras.com\/site\/#\/schema\/logo\/image\/\",\"url\":\"https:\/\/www.notibras.com\/site\/wp-content\/uploads\/2023\/01\/notibras23.png\",\"contentUrl\":\"https:\/\/www.notibras.com\/site\/wp-content\/uploads\/2023\/01\/notibras23.png\",\"width\":350,\"height\":87,\"caption\":\"Grupo Notibras de Comunica\u00e7\u00e3o\"},\"image\":{\"@id\":\"https:\/\/www.notibras.com\/site\/#\/schema\/logo\/image\/\"},\"sameAs\":[\"https:\/\/www.facebook.com\/notibras\/\",\"https:\/\/x.com\/Notibras\",\"https:\/\/www.instagram.com\/notibras\/\"]},{\"@type\":\"Person\",\"@id\":\"https:\/\/www.notibras.com\/site\/#\/schema\/person\/36ab0979449956132d3e5b517ea76ac8\",\"name\":\"Reda\u00e7\u00e3o\",\"image\":{\"@type\":\"ImageObject\",\"inLanguage\":\"pt-BR\",\"@id\":\"https:\/\/secure.gravatar.com\/avatar\/e0a867bdedb85fd243eadf09663511f96fc81e0720a4a42581f334ad4303aa6b?s=96&d=mm&r=g\",\"url\":\"https:\/\/secure.gravatar.com\/avatar\/e0a867bdedb85fd243eadf09663511f96fc81e0720a4a42581f334ad4303aa6b?s=96&d=mm&r=g\",\"contentUrl\":\"https:\/\/secure.gravatar.com\/avatar\/e0a867bdedb85fd243eadf09663511f96fc81e0720a4a42581f334ad4303aa6b?s=96&d=mm&r=g\",\"caption\":\"Reda\u00e7\u00e3o\"}}]}<\/script>\n<!-- \/ Yoast SEO plugin. -->","yoast_head_json":{"title":"Icasa atropela Luverdense e vira a noite fora da zona da degola - Notibras","robots":{"index":"index","follow":"follow","max-snippet":"max-snippet:-1","max-image-preview":"max-image-preview:large","max-video-preview":"max-video-preview:-1"},"canonical":"https:\/\/www.notibras.com\/site\/icasa-atropela-luverdense-e-vira-a-noite-fora-da-zona-da-degola\/","og_locale":"pt_BR","og_type":"article","og_title":"Icasa atropela Luverdense e vira a noite fora da zona da degola - Notibras","og_description":"Na noite desta ter\u00e7a-feira, atuando em Juazeiro do Norte-CE, o Icasa correspondeu \u00e0s expectativas de seus torcedores e deixou, ainda que provisoriamente, a zona de rebaixamento da S\u00e9rie B. No Est\u00e1dio Mauro Sampaio, o popular Romeir\u00e3o, o Verd\u00e3o do Cariri aproveitou a m\u00e1 fase do Luverdense e triunfou por 1 a 0. O gol da [&hellip;]","og_url":"https:\/\/www.notibras.com\/site\/icasa-atropela-luverdense-e-vira-a-noite-fora-da-zona-da-degola\/","og_site_name":"Notibras","article_publisher":"https:\/\/www.facebook.com\/notibras\/","article_published_time":"2014-10-01T00:29:27+00:00","article_modified_time":"2014-10-01T02:31:41+00:00","og_image":[{"width":700,"height":467,"url":"https:\/\/www.notibras.com\/site\/wp-content\/uploads\/2014\/09\/ica.jpg","type":"image\/jpeg"}],"author":"Reda\u00e7\u00e3o","twitter_card":"summary_large_image","twitter_creator":"@Notibras","twitter_site":"@Notibras","twitter_misc":{"Escrito por":"Reda\u00e7\u00e3o","Est. tempo de leitura":"1 minuto"},"schema":{"@context":"https:\/\/schema.org","@graph":[{"@type":"Article","@id":"https:\/\/www.notibras.com\/site\/icasa-atropela-luverdense-e-vira-a-noite-fora-da-zona-da-degola\/#article","isPartOf":{"@id":"https:\/\/www.notibras.com\/site\/icasa-atropela-luverdense-e-vira-a-noite-fora-da-zona-da-degola\/"},"author":{"name":"Reda\u00e7\u00e3o","@id":"https:\/\/www.notibras.com\/site\/#\/schema\/person\/36ab0979449956132d3e5b517ea76ac8"},"headline":"Icasa atropela Luverdense e vira a noite fora da zona da degola","datePublished":"2014-10-01T00:29:27+00:00","dateModified":"2014-10-01T02:31:41+00:00","mainEntityOfPage":{"@id":"https:\/\/www.notibras.com\/site\/icasa-atropela-luverdense-e-vira-a-noite-fora-da-zona-da-degola\/"},"wordCount":200,"commentCount":0,"publisher":{"@id":"https:\/\/www.notibras.com\/site\/#organization"},"image":{"@id":"https:\/\/www.notibras.com\/site\/icasa-atropela-luverdense-e-vira-a-noite-fora-da-zona-da-degola\/#primaryimage"},"thumbnailUrl":"https:\/\/www.notibras.com\/site\/wp-content\/uploads\/2014\/09\/ica.jpg","articleSection":["Esportes","Futebol"],"inLanguage":"pt-BR","potentialAction":[{"@type":"CommentAction","name":"Comment","target":["https:\/\/www.notibras.com\/site\/icasa-atropela-luverdense-e-vira-a-noite-fora-da-zona-da-degola\/#respond"]}]},{"@type":"WebPage","@id":"https:\/\/www.notibras.com\/site\/icasa-atropela-luverdense-e-vira-a-noite-fora-da-zona-da-degola\/","url":"https:\/\/www.notibras.com\/site\/icasa-atropela-luverdense-e-vira-a-noite-fora-da-zona-da-degola\/","name":"Icasa atropela Luverdense e vira a noite fora da zona da degola - Notibras","isPartOf":{"@id":"https:\/\/www.notibras.com\/site\/#website"},"primaryImageOfPage":{"@id":"https:\/\/www.notibras.com\/site\/icasa-atropela-luverdense-e-vira-a-noite-fora-da-zona-da-degola\/#primaryimage"},"image":{"@id":"https:\/\/www.notibras.com\/site\/icasa-atropela-luverdense-e-vira-a-noite-fora-da-zona-da-degola\/#primaryimage"},"thumbnailUrl":"https:\/\/www.notibras.com\/site\/wp-content\/uploads\/2014\/09\/ica.jpg","datePublished":"2014-10-01T00:29:27+00:00","dateModified":"2014-10-01T02:31:41+00:00","breadcrumb":{"@id":"https:\/\/www.notibras.com\/site\/icasa-atropela-luverdense-e-vira-a-noite-fora-da-zona-da-degola\/#breadcrumb"},"inLanguage":"pt-BR","potentialAction":[{"@type":"ReadAction","target":["https:\/\/www.notibras.com\/site\/icasa-atropela-luverdense-e-vira-a-noite-fora-da-zona-da-degola\/"]}]},{"@type":"ImageObject","inLanguage":"pt-BR","@id":"https:\/\/www.notibras.com\/site\/icasa-atropela-luverdense-e-vira-a-noite-fora-da-zona-da-degola\/#primaryimage","url":"https:\/\/www.notibras.com\/site\/wp-content\/uploads\/2014\/09\/ica.jpg","contentUrl":"https:\/\/www.notibras.com\/site\/wp-content\/uploads\/2014\/09\/ica.jpg","width":700,"height":467},{"@type":"BreadcrumbList","@id":"https:\/\/www.notibras.com\/site\/icasa-atropela-luverdense-e-vira-a-noite-fora-da-zona-da-degola\/#breadcrumb","itemListElement":[{"@type":"ListItem","position":1,"name":"In\u00edcio","item":"https:\/\/www.notibras.com\/site\/"},{"@type":"ListItem","position":2,"name":"Icasa atropela Luverdense e vira a noite fora da zona da degola"}]},{"@type":"WebSite","@id":"https:\/\/www.notibras.com\/site\/#website","url":"https:\/\/www.notibras.com\/site\/","name":"Notibras","description":"Not\u00edcias de Bras\u00edlia, do Brasil e do Mundo","publisher":{"@id":"https:\/\/www.notibras.com\/site\/#organization"},"potentialAction":[{"@type":"SearchAction","target":{"@type":"EntryPoint","urlTemplate":"https:\/\/www.notibras.com\/site\/?s={search_term_string}"},"query-input":{"@type":"PropertyValueSpecification","valueRequired":true,"valueName":"search_term_string"}}],"inLanguage":"pt-BR"},{"@type":"Organization","@id":"https:\/\/www.notibras.com\/site\/#organization","name":"Grupo Notibras de Comunica\u00e7\u00e3o","url":"https:\/\/www.notibras.com\/site\/","logo":{"@type":"ImageObject","inLanguage":"pt-BR","@id":"https:\/\/www.notibras.com\/site\/#\/schema\/logo\/image\/","url":"https:\/\/www.notibras.com\/site\/wp-content\/uploads\/2023\/01\/notibras23.png","contentUrl":"https:\/\/www.notibras.com\/site\/wp-content\/uploads\/2023\/01\/notibras23.png","width":350,"height":87,"caption":"Grupo Notibras de Comunica\u00e7\u00e3o"},"image":{"@id":"https:\/\/www.notibras.com\/site\/#\/schema\/logo\/image\/"},"sameAs":["https:\/\/www.facebook.com\/notibras\/","https:\/\/x.com\/Notibras","https:\/\/www.instagram.com\/notibras\/"]},{"@type":"Person","@id":"https:\/\/www.notibras.com\/site\/#\/schema\/person\/36ab0979449956132d3e5b517ea76ac8","name":"Reda\u00e7\u00e3o","image":{"@type":"ImageObject","inLanguage":"pt-BR","@id":"https:\/\/secure.gravatar.com\/avatar\/e0a867bdedb85fd243eadf09663511f96fc81e0720a4a42581f334ad4303aa6b?s=96&d=mm&r=g","url":"https:\/\/secure.gravatar.com\/avatar\/e0a867bdedb85fd243eadf09663511f96fc81e0720a4a42581f334ad4303aa6b?s=96&d=mm&r=g","contentUrl":"https:\/\/secure.gravatar.com\/avatar\/e0a867bdedb85fd243eadf09663511f96fc81e0720a4a42581f334ad4303aa6b?s=96&d=mm&r=g","caption":"Reda\u00e7\u00e3o"}}]}},"amp_enabled":true,"_links":{"self":[{"href":"https:\/\/www.notibras.com\/site\/wp-json\/wp\/v2\/posts\/23630","targetHints":{"allow":["GET"]}}],"collection":[{"href":"https:\/\/www.notibras.com\/site\/wp-json\/wp\/v2\/posts"}],"about":[{"href":"https:\/\/www.notibras.com\/site\/wp-json\/wp\/v2\/types\/post"}],"author":[{"embeddable":true,"href":"https:\/\/www.notibras.com\/site\/wp-json\/wp\/v2\/users\/2"}],"replies":[{"embeddable":true,"href":"https:\/\/www.notibras.com\/site\/wp-json\/wp\/v2\/comments?post=23630"}],"version-history":[{"count":0,"href":"https:\/\/www.notibras.com\/site\/wp-json\/wp\/v2\/posts\/23630\/revisions"}],"wp:featuredmedia":[{"embeddable":true,"href":"https:\/\/www.notibras.com\/site\/wp-json\/wp\/v2\/media\/23631"}],"wp:attachment":[{"href":"https:\/\/www.notibras.com\/site\/wp-json\/wp\/v2\/media?parent=23630"}],"wp:term":[{"taxonomy":"category","embeddable":true,"href":"https:\/\/www.notibras.com\/site\/wp-json\/wp\/v2\/categories?post=23630"},{"taxonomy":"post_tag","embeddable":true,"href":"https:\/\/www.notibras.com\/site\/wp-json\/wp\/v2\/tags?post=23630"}],"curies":[{"name":"wp","href":"https:\/\/api.w.org\/{rel}","templated":true}]}}