{"id":236718,"date":"2020-07-22T08:26:26","date_gmt":"2020-07-22T11:26:26","guid":{"rendered":"https:\/\/www.notibras.com\/site\/?p=236718"},"modified":"2020-07-22T10:18:08","modified_gmt":"2020-07-22T13:18:08","slug":"ira-promete-olho-por-olho-na-morte-de-soleimani","status":"publish","type":"post","link":"https:\/\/www.notibras.com\/site\/ira-promete-olho-por-olho-na-morte-de-soleimani\/","title":{"rendered":"Ir\u00e3 promete olho por olho na morte de Soleimani"},"content":{"rendered":"<p>O Ir\u00e3 dar\u00e1 um golpe rec\u00edproco contra os Estados Unidos (EUA) pela morte do comandante da Guarda Revolucion\u00e1ria Qassem Soleimani, disse o l\u00edder supremo do Ir\u00e3, o aiatol\u00e1 Ali Khamenei, na ter\u00e7a-feira (21). Ele se reuniu com o primeiro-ministro do Iraque, Mustafa al-Kadhimi, segundo o site oficial do l\u00edder iraniano na internet.<\/p>\n<p>Em 3 de janeiro deste ano, um ataque de drones dos EUA no Iraque matou Soleimani, l\u00edder da For\u00e7a Quds da Guarda Revolucion\u00e1ria. Washington acusou Soleimani de planejar ataques de mil\u00edcias alinhadas ao Ir\u00e3 contra for\u00e7as norte-americanas na regi\u00e3o.<\/p>\n<p>Execu\u00e7\u00e3o<br \/>\nNa \u00faltima segunda-feira (20), o iraniano Mahmoud Mousavi-Majd, condenado por espionagem para as ag\u00eancias de intelig\u00eancia dos Estados Unidos (EUA) e de Israel, foi executado, de acordo com a ag\u00eancia oficial de not\u00edcias do Ir\u00e3, Irib.<\/p>\n<p>No m\u00eas passado, o Poder Judici\u00e1rio afirmou que Mahmoud Mousavi-Majd, que foi preso em 2018, tinha espionado o ex-chefe da Guarda Revolucion\u00e1ria Qassem Soleimani, acrescentando, no entanto, que o caso n\u00e3o estava relacionado ao assassinato de Soleimani no in\u00edcio deste ano.<\/p>\n","protected":false},"excerpt":{"rendered":"<p>O Ir\u00e3 dar\u00e1 um golpe rec\u00edproco contra os Estados Unidos (EUA) pela morte do comandante da Guarda Revolucion\u00e1ria Qassem Soleimani, disse o l\u00edder supremo do Ir\u00e3, o aiatol\u00e1 Ali Khamenei, na ter\u00e7a-feira (21). Ele se reuniu com o primeiro-ministro do Iraque, Mustafa al-Kadhimi, segundo o site oficial do l\u00edder iraniano na internet. Em 3 de [&hellip;]<\/p>\n","protected":false},"author":2,"featured_media":236719,"comment_status":"closed","ping_status":"closed","sticky":false,"template":"","format":"standard","meta":{"_acf_changed":false,"footnotes":""},"categories":[17],"tags":[],"class_list":["post-236718","post","type-post","status-publish","format-standard","has-post-thumbnail","hentry","category-mundo"],"acf":[],"yoast_head":"<!-- This site is optimized with the Yoast SEO plugin v27.2 - https:\/\/yoast.com\/product\/yoast-seo-wordpress\/ -->\n<title>Ir\u00e3 promete olho por olho na morte de Soleimani - Notibras<\/title>\n<meta name=\"robots\" content=\"index, follow, max-snippet:-1, max-image-preview:large, max-video-preview:-1\" \/>\n<link rel=\"canonical\" href=\"https:\/\/www.notibras.com\/site\/ira-promete-olho-por-olho-na-morte-de-soleimani\/\" \/>\n<meta property=\"og:locale\" content=\"pt_BR\" \/>\n<meta property=\"og:type\" content=\"article\" \/>\n<meta property=\"og:title\" content=\"Ir\u00e3 promete olho por olho na morte de Soleimani - Notibras\" \/>\n<meta property=\"og:description\" content=\"O Ir\u00e3 dar\u00e1 um golpe rec\u00edproco contra os Estados Unidos (EUA) pela morte do comandante da Guarda Revolucion\u00e1ria Qassem Soleimani, disse o l\u00edder supremo do Ir\u00e3, o aiatol\u00e1 Ali Khamenei, na ter\u00e7a-feira (21). Ele se reuniu com o primeiro-ministro do Iraque, Mustafa al-Kadhimi, segundo o site oficial do l\u00edder iraniano na internet. Em 3 de [&hellip;]\" \/>\n<meta property=\"og:url\" content=\"https:\/\/www.notibras.com\/site\/ira-promete-olho-por-olho-na-morte-de-soleimani\/\" \/>\n<meta property=\"og:site_name\" content=\"Notibras\" \/>\n<meta property=\"article:publisher\" content=\"https:\/\/www.facebook.com\/notibras\/\" \/>\n<meta property=\"article:published_time\" content=\"2020-07-22T11:26:26+00:00\" \/>\n<meta property=\"article:modified_time\" content=\"2020-07-22T13:18:08+00:00\" \/>\n<meta property=\"og:image\" content=\"https:\/\/www.notibras.com\/site\/wp-content\/uploads\/2020\/07\/2020-03-20t113404z_1_lynxmpeg2j0yo_rtroptp_3_iran-khamenei-speech.jpg\" \/>\n\t<meta property=\"og:image:width\" content=\"1170\" \/>\n\t<meta property=\"og:image:height\" content=\"700\" \/>\n\t<meta property=\"og:image:type\" content=\"image\/jpeg\" \/>\n<meta name=\"author\" content=\"Reda\u00e7\u00e3o\" \/>\n<meta name=\"twitter:card\" content=\"summary_large_image\" \/>\n<meta name=\"twitter:creator\" content=\"@Notibras\" \/>\n<meta name=\"twitter:site\" content=\"@Notibras\" \/>\n<meta name=\"twitter:label1\" content=\"Escrito por\" \/>\n\t<meta name=\"twitter:data1\" content=\"Reda\u00e7\u00e3o\" \/>\n\t<meta name=\"twitter:label2\" content=\"Est. tempo de leitura\" \/>\n\t<meta name=\"twitter:data2\" content=\"1 minuto\" \/>\n<script type=\"application\/ld+json\" class=\"yoast-schema-graph\">{\"@context\":\"https:\/\/schema.org\",\"@graph\":[{\"@type\":\"Article\",\"@id\":\"https:\/\/www.notibras.com\/site\/ira-promete-olho-por-olho-na-morte-de-soleimani\/#article\",\"isPartOf\":{\"@id\":\"https:\/\/www.notibras.com\/site\/ira-promete-olho-por-olho-na-morte-de-soleimani\/\"},\"author\":{\"name\":\"Reda\u00e7\u00e3o\",\"@id\":\"https:\/\/www.notibras.com\/site\/#\/schema\/person\/36ab0979449956132d3e5b517ea76ac8\"},\"headline\":\"Ir\u00e3 promete olho por olho na morte de Soleimani\",\"datePublished\":\"2020-07-22T11:26:26+00:00\",\"dateModified\":\"2020-07-22T13:18:08+00:00\",\"mainEntityOfPage\":{\"@id\":\"https:\/\/www.notibras.com\/site\/ira-promete-olho-por-olho-na-morte-de-soleimani\/\"},\"wordCount\":195,\"publisher\":{\"@id\":\"https:\/\/www.notibras.com\/site\/#organization\"},\"image\":{\"@id\":\"https:\/\/www.notibras.com\/site\/ira-promete-olho-por-olho-na-morte-de-soleimani\/#primaryimage\"},\"thumbnailUrl\":\"https:\/\/www.notibras.com\/site\/wp-content\/uploads\/2020\/07\/2020-03-20t113404z_1_lynxmpeg2j0yo_rtroptp_3_iran-khamenei-speech.jpg\",\"articleSection\":[\"Mundo\"],\"inLanguage\":\"pt-BR\"},{\"@type\":\"WebPage\",\"@id\":\"https:\/\/www.notibras.com\/site\/ira-promete-olho-por-olho-na-morte-de-soleimani\/\",\"url\":\"https:\/\/www.notibras.com\/site\/ira-promete-olho-por-olho-na-morte-de-soleimani\/\",\"name\":\"Ir\u00e3 promete olho por olho na morte de Soleimani - Notibras\",\"isPartOf\":{\"@id\":\"https:\/\/www.notibras.com\/site\/#website\"},\"primaryImageOfPage\":{\"@id\":\"https:\/\/www.notibras.com\/site\/ira-promete-olho-por-olho-na-morte-de-soleimani\/#primaryimage\"},\"image\":{\"@id\":\"https:\/\/www.notibras.com\/site\/ira-promete-olho-por-olho-na-morte-de-soleimani\/#primaryimage\"},\"thumbnailUrl\":\"https:\/\/www.notibras.com\/site\/wp-content\/uploads\/2020\/07\/2020-03-20t113404z_1_lynxmpeg2j0yo_rtroptp_3_iran-khamenei-speech.jpg\",\"datePublished\":\"2020-07-22T11:26:26+00:00\",\"dateModified\":\"2020-07-22T13:18:08+00:00\",\"breadcrumb\":{\"@id\":\"https:\/\/www.notibras.com\/site\/ira-promete-olho-por-olho-na-morte-de-soleimani\/#breadcrumb\"},\"inLanguage\":\"pt-BR\",\"potentialAction\":[{\"@type\":\"ReadAction\",\"target\":[\"https:\/\/www.notibras.com\/site\/ira-promete-olho-por-olho-na-morte-de-soleimani\/\"]}]},{\"@type\":\"ImageObject\",\"inLanguage\":\"pt-BR\",\"@id\":\"https:\/\/www.notibras.com\/site\/ira-promete-olho-por-olho-na-morte-de-soleimani\/#primaryimage\",\"url\":\"https:\/\/www.notibras.com\/site\/wp-content\/uploads\/2020\/07\/2020-03-20t113404z_1_lynxmpeg2j0yo_rtroptp_3_iran-khamenei-speech.jpg\",\"contentUrl\":\"https:\/\/www.notibras.com\/site\/wp-content\/uploads\/2020\/07\/2020-03-20t113404z_1_lynxmpeg2j0yo_rtroptp_3_iran-khamenei-speech.jpg\",\"width\":1170,\"height\":700},{\"@type\":\"BreadcrumbList\",\"@id\":\"https:\/\/www.notibras.com\/site\/ira-promete-olho-por-olho-na-morte-de-soleimani\/#breadcrumb\",\"itemListElement\":[{\"@type\":\"ListItem\",\"position\":1,\"name\":\"In\u00edcio\",\"item\":\"https:\/\/www.notibras.com\/site\/\"},{\"@type\":\"ListItem\",\"position\":2,\"name\":\"Ir\u00e3 promete olho por olho na morte de Soleimani\"}]},{\"@type\":\"WebSite\",\"@id\":\"https:\/\/www.notibras.com\/site\/#website\",\"url\":\"https:\/\/www.notibras.com\/site\/\",\"name\":\"Notibras\",\"description\":\"Not\u00edcias de Bras\u00edlia, do Brasil e do Mundo\",\"publisher\":{\"@id\":\"https:\/\/www.notibras.com\/site\/#organization\"},\"potentialAction\":[{\"@type\":\"SearchAction\",\"target\":{\"@type\":\"EntryPoint\",\"urlTemplate\":\"https:\/\/www.notibras.com\/site\/?s={search_term_string}\"},\"query-input\":{\"@type\":\"PropertyValueSpecification\",\"valueRequired\":true,\"valueName\":\"search_term_string\"}}],\"inLanguage\":\"pt-BR\"},{\"@type\":\"Organization\",\"@id\":\"https:\/\/www.notibras.com\/site\/#organization\",\"name\":\"Grupo Notibras de Comunica\u00e7\u00e3o\",\"url\":\"https:\/\/www.notibras.com\/site\/\",\"logo\":{\"@type\":\"ImageObject\",\"inLanguage\":\"pt-BR\",\"@id\":\"https:\/\/www.notibras.com\/site\/#\/schema\/logo\/image\/\",\"url\":\"https:\/\/www.notibras.com\/site\/wp-content\/uploads\/2023\/01\/notibras23.png\",\"contentUrl\":\"https:\/\/www.notibras.com\/site\/wp-content\/uploads\/2023\/01\/notibras23.png\",\"width\":350,\"height\":87,\"caption\":\"Grupo Notibras de Comunica\u00e7\u00e3o\"},\"image\":{\"@id\":\"https:\/\/www.notibras.com\/site\/#\/schema\/logo\/image\/\"},\"sameAs\":[\"https:\/\/www.facebook.com\/notibras\/\",\"https:\/\/x.com\/Notibras\",\"https:\/\/www.instagram.com\/notibras\/\"]},{\"@type\":\"Person\",\"@id\":\"https:\/\/www.notibras.com\/site\/#\/schema\/person\/36ab0979449956132d3e5b517ea76ac8\",\"name\":\"Reda\u00e7\u00e3o\",\"image\":{\"@type\":\"ImageObject\",\"inLanguage\":\"pt-BR\",\"@id\":\"https:\/\/secure.gravatar.com\/avatar\/e0a867bdedb85fd243eadf09663511f96fc81e0720a4a42581f334ad4303aa6b?s=96&d=mm&r=g\",\"url\":\"https:\/\/secure.gravatar.com\/avatar\/e0a867bdedb85fd243eadf09663511f96fc81e0720a4a42581f334ad4303aa6b?s=96&d=mm&r=g\",\"contentUrl\":\"https:\/\/secure.gravatar.com\/avatar\/e0a867bdedb85fd243eadf09663511f96fc81e0720a4a42581f334ad4303aa6b?s=96&d=mm&r=g\",\"caption\":\"Reda\u00e7\u00e3o\"}}]}<\/script>\n<!-- \/ Yoast SEO plugin. -->","yoast_head_json":{"title":"Ir\u00e3 promete olho por olho na morte de Soleimani - Notibras","robots":{"index":"index","follow":"follow","max-snippet":"max-snippet:-1","max-image-preview":"max-image-preview:large","max-video-preview":"max-video-preview:-1"},"canonical":"https:\/\/www.notibras.com\/site\/ira-promete-olho-por-olho-na-morte-de-soleimani\/","og_locale":"pt_BR","og_type":"article","og_title":"Ir\u00e3 promete olho por olho na morte de Soleimani - Notibras","og_description":"O Ir\u00e3 dar\u00e1 um golpe rec\u00edproco contra os Estados Unidos (EUA) pela morte do comandante da Guarda Revolucion\u00e1ria Qassem Soleimani, disse o l\u00edder supremo do Ir\u00e3, o aiatol\u00e1 Ali Khamenei, na ter\u00e7a-feira (21). Ele se reuniu com o primeiro-ministro do Iraque, Mustafa al-Kadhimi, segundo o site oficial do l\u00edder iraniano na internet. Em 3 de [&hellip;]","og_url":"https:\/\/www.notibras.com\/site\/ira-promete-olho-por-olho-na-morte-de-soleimani\/","og_site_name":"Notibras","article_publisher":"https:\/\/www.facebook.com\/notibras\/","article_published_time":"2020-07-22T11:26:26+00:00","article_modified_time":"2020-07-22T13:18:08+00:00","og_image":[{"width":1170,"height":700,"url":"https:\/\/www.notibras.com\/site\/wp-content\/uploads\/2020\/07\/2020-03-20t113404z_1_lynxmpeg2j0yo_rtroptp_3_iran-khamenei-speech.jpg","type":"image\/jpeg"}],"author":"Reda\u00e7\u00e3o","twitter_card":"summary_large_image","twitter_creator":"@Notibras","twitter_site":"@Notibras","twitter_misc":{"Escrito por":"Reda\u00e7\u00e3o","Est. tempo de leitura":"1 minuto"},"schema":{"@context":"https:\/\/schema.org","@graph":[{"@type":"Article","@id":"https:\/\/www.notibras.com\/site\/ira-promete-olho-por-olho-na-morte-de-soleimani\/#article","isPartOf":{"@id":"https:\/\/www.notibras.com\/site\/ira-promete-olho-por-olho-na-morte-de-soleimani\/"},"author":{"name":"Reda\u00e7\u00e3o","@id":"https:\/\/www.notibras.com\/site\/#\/schema\/person\/36ab0979449956132d3e5b517ea76ac8"},"headline":"Ir\u00e3 promete olho por olho na morte de Soleimani","datePublished":"2020-07-22T11:26:26+00:00","dateModified":"2020-07-22T13:18:08+00:00","mainEntityOfPage":{"@id":"https:\/\/www.notibras.com\/site\/ira-promete-olho-por-olho-na-morte-de-soleimani\/"},"wordCount":195,"publisher":{"@id":"https:\/\/www.notibras.com\/site\/#organization"},"image":{"@id":"https:\/\/www.notibras.com\/site\/ira-promete-olho-por-olho-na-morte-de-soleimani\/#primaryimage"},"thumbnailUrl":"https:\/\/www.notibras.com\/site\/wp-content\/uploads\/2020\/07\/2020-03-20t113404z_1_lynxmpeg2j0yo_rtroptp_3_iran-khamenei-speech.jpg","articleSection":["Mundo"],"inLanguage":"pt-BR"},{"@type":"WebPage","@id":"https:\/\/www.notibras.com\/site\/ira-promete-olho-por-olho-na-morte-de-soleimani\/","url":"https:\/\/www.notibras.com\/site\/ira-promete-olho-por-olho-na-morte-de-soleimani\/","name":"Ir\u00e3 promete olho por olho na morte de Soleimani - Notibras","isPartOf":{"@id":"https:\/\/www.notibras.com\/site\/#website"},"primaryImageOfPage":{"@id":"https:\/\/www.notibras.com\/site\/ira-promete-olho-por-olho-na-morte-de-soleimani\/#primaryimage"},"image":{"@id":"https:\/\/www.notibras.com\/site\/ira-promete-olho-por-olho-na-morte-de-soleimani\/#primaryimage"},"thumbnailUrl":"https:\/\/www.notibras.com\/site\/wp-content\/uploads\/2020\/07\/2020-03-20t113404z_1_lynxmpeg2j0yo_rtroptp_3_iran-khamenei-speech.jpg","datePublished":"2020-07-22T11:26:26+00:00","dateModified":"2020-07-22T13:18:08+00:00","breadcrumb":{"@id":"https:\/\/www.notibras.com\/site\/ira-promete-olho-por-olho-na-morte-de-soleimani\/#breadcrumb"},"inLanguage":"pt-BR","potentialAction":[{"@type":"ReadAction","target":["https:\/\/www.notibras.com\/site\/ira-promete-olho-por-olho-na-morte-de-soleimani\/"]}]},{"@type":"ImageObject","inLanguage":"pt-BR","@id":"https:\/\/www.notibras.com\/site\/ira-promete-olho-por-olho-na-morte-de-soleimani\/#primaryimage","url":"https:\/\/www.notibras.com\/site\/wp-content\/uploads\/2020\/07\/2020-03-20t113404z_1_lynxmpeg2j0yo_rtroptp_3_iran-khamenei-speech.jpg","contentUrl":"https:\/\/www.notibras.com\/site\/wp-content\/uploads\/2020\/07\/2020-03-20t113404z_1_lynxmpeg2j0yo_rtroptp_3_iran-khamenei-speech.jpg","width":1170,"height":700},{"@type":"BreadcrumbList","@id":"https:\/\/www.notibras.com\/site\/ira-promete-olho-por-olho-na-morte-de-soleimani\/#breadcrumb","itemListElement":[{"@type":"ListItem","position":1,"name":"In\u00edcio","item":"https:\/\/www.notibras.com\/site\/"},{"@type":"ListItem","position":2,"name":"Ir\u00e3 promete olho por olho na morte de Soleimani"}]},{"@type":"WebSite","@id":"https:\/\/www.notibras.com\/site\/#website","url":"https:\/\/www.notibras.com\/site\/","name":"Notibras","description":"Not\u00edcias de Bras\u00edlia, do Brasil e do Mundo","publisher":{"@id":"https:\/\/www.notibras.com\/site\/#organization"},"potentialAction":[{"@type":"SearchAction","target":{"@type":"EntryPoint","urlTemplate":"https:\/\/www.notibras.com\/site\/?s={search_term_string}"},"query-input":{"@type":"PropertyValueSpecification","valueRequired":true,"valueName":"search_term_string"}}],"inLanguage":"pt-BR"},{"@type":"Organization","@id":"https:\/\/www.notibras.com\/site\/#organization","name":"Grupo Notibras de Comunica\u00e7\u00e3o","url":"https:\/\/www.notibras.com\/site\/","logo":{"@type":"ImageObject","inLanguage":"pt-BR","@id":"https:\/\/www.notibras.com\/site\/#\/schema\/logo\/image\/","url":"https:\/\/www.notibras.com\/site\/wp-content\/uploads\/2023\/01\/notibras23.png","contentUrl":"https:\/\/www.notibras.com\/site\/wp-content\/uploads\/2023\/01\/notibras23.png","width":350,"height":87,"caption":"Grupo Notibras de Comunica\u00e7\u00e3o"},"image":{"@id":"https:\/\/www.notibras.com\/site\/#\/schema\/logo\/image\/"},"sameAs":["https:\/\/www.facebook.com\/notibras\/","https:\/\/x.com\/Notibras","https:\/\/www.instagram.com\/notibras\/"]},{"@type":"Person","@id":"https:\/\/www.notibras.com\/site\/#\/schema\/person\/36ab0979449956132d3e5b517ea76ac8","name":"Reda\u00e7\u00e3o","image":{"@type":"ImageObject","inLanguage":"pt-BR","@id":"https:\/\/secure.gravatar.com\/avatar\/e0a867bdedb85fd243eadf09663511f96fc81e0720a4a42581f334ad4303aa6b?s=96&d=mm&r=g","url":"https:\/\/secure.gravatar.com\/avatar\/e0a867bdedb85fd243eadf09663511f96fc81e0720a4a42581f334ad4303aa6b?s=96&d=mm&r=g","contentUrl":"https:\/\/secure.gravatar.com\/avatar\/e0a867bdedb85fd243eadf09663511f96fc81e0720a4a42581f334ad4303aa6b?s=96&d=mm&r=g","caption":"Reda\u00e7\u00e3o"}}]}},"amp_enabled":true,"_links":{"self":[{"href":"https:\/\/www.notibras.com\/site\/wp-json\/wp\/v2\/posts\/236718","targetHints":{"allow":["GET"]}}],"collection":[{"href":"https:\/\/www.notibras.com\/site\/wp-json\/wp\/v2\/posts"}],"about":[{"href":"https:\/\/www.notibras.com\/site\/wp-json\/wp\/v2\/types\/post"}],"author":[{"embeddable":true,"href":"https:\/\/www.notibras.com\/site\/wp-json\/wp\/v2\/users\/2"}],"replies":[{"embeddable":true,"href":"https:\/\/www.notibras.com\/site\/wp-json\/wp\/v2\/comments?post=236718"}],"version-history":[{"count":1,"href":"https:\/\/www.notibras.com\/site\/wp-json\/wp\/v2\/posts\/236718\/revisions"}],"predecessor-version":[{"id":236720,"href":"https:\/\/www.notibras.com\/site\/wp-json\/wp\/v2\/posts\/236718\/revisions\/236720"}],"wp:featuredmedia":[{"embeddable":true,"href":"https:\/\/www.notibras.com\/site\/wp-json\/wp\/v2\/media\/236719"}],"wp:attachment":[{"href":"https:\/\/www.notibras.com\/site\/wp-json\/wp\/v2\/media?parent=236718"}],"wp:term":[{"taxonomy":"category","embeddable":true,"href":"https:\/\/www.notibras.com\/site\/wp-json\/wp\/v2\/categories?post=236718"},{"taxonomy":"post_tag","embeddable":true,"href":"https:\/\/www.notibras.com\/site\/wp-json\/wp\/v2\/tags?post=236718"}],"curies":[{"name":"wp","href":"https:\/\/api.w.org\/{rel}","templated":true}]}}