{"id":237034,"date":"2020-07-26T00:50:23","date_gmt":"2020-07-26T03:50:23","guid":{"rendered":"https:\/\/www.notibras.com\/site\/?p=237034"},"modified":"2020-07-26T07:52:27","modified_gmt":"2020-07-26T10:52:27","slug":"milicia-negra-usa-fuzis-em-protesto-contra-racismo","status":"publish","type":"post","link":"https:\/\/www.notibras.com\/site\/milicia-negra-usa-fuzis-em-protesto-contra-racismo\/","title":{"rendered":"Mil\u00edcia negra usa fuzis em protesto contra racismo"},"content":{"rendered":"<p>Um grupo de manifestantes negros fortemente armados fez um ato neste s\u00e1bado (25) em Lousiville, no estado americano do Kentucky, para cobrar justi\u00e7a para Breonna Taylor, t\u00e9cnica de medicina negra de 26 anos morta em mar\u00e7o por policiais que invadiram seu apartamento.<\/p>\n<p>Dezenas de pessoas vestidas com uniformes paramilitares, portando fuzis e espingardas semiautom\u00e1ticas, caminharam at\u00e9 um cruzamento onde a pol\u00edcia os separou de um grupo menor de manifestantes contr\u00e1rios. Segundo os policiais, tr\u00eas pessoas do movimento negro ficaram feridas depois que uma arma foi acidentalmente descarregada.<\/p>\n<p>A mil\u00edcia negra se chama NFAC, iniciais de \u201cNot fucking around coalition\u201d. O l\u00edder do grupo, John \u201cGrandmaster Jay\u201d Johnson, exige que as autoridades acelerem o ritmo das investiga\u00e7\u00f5es sobre a morte de Taylor e que sejam mais transparentes.<\/p>\n<p>&#8220;Se voc\u00eas n\u00e3o falam nada, pensamos que n\u00e3o est\u00e3o fazendo nada&#8221;, disse Johnson em um discurso, segundo o \u201cLouisville Courier Journal\u201d.<\/p>\n<p>Um policial envolvido na morte foi demitido pela pol\u00edcia de Louisville em junho. Dois outros oficiais foram colocados em fun\u00e7\u00f5es administrativas. Nenhuma acusa\u00e7\u00e3o contra os tr\u00eas foi apresentada.<\/p>\n<p>As morte de Taylor e George Floyd, que foi sufocado por um policial branco em Minneapolis, no estado de Minnesota, transformaram-se em s\u00edmbolos dos protestos contra a viol\u00eancia policial e o racismo que tomaram conta dos Estados Unidos desde maio.<\/p>\n<p>A NFAC chamou a aten\u00e7\u00e3o pela primeira vez em 4 de julho, quando se reuniu no Stone Mountain Park, perto de Atlanta, na Ge\u00f3rgia, para exigir a remo\u00e7\u00e3o da gigantesca escultura de rocha confederada que os ativistas dos direitos civis consideram um monumento ao racismo.<\/p>\n","protected":false},"excerpt":{"rendered":"<p>Um grupo de manifestantes negros fortemente armados fez um ato neste s\u00e1bado (25) em Lousiville, no estado americano do Kentucky, para cobrar justi\u00e7a para Breonna Taylor, t\u00e9cnica de medicina negra de 26 anos morta em mar\u00e7o por policiais que invadiram seu apartamento. Dezenas de pessoas vestidas com uniformes paramilitares, portando fuzis e espingardas semiautom\u00e1ticas, caminharam [&hellip;]<\/p>\n","protected":false},"author":2,"featured_media":237035,"comment_status":"closed","ping_status":"closed","sticky":false,"template":"","format":"standard","meta":{"_acf_changed":false,"footnotes":""},"categories":[17],"tags":[],"class_list":["post-237034","post","type-post","status-publish","format-standard","has-post-thumbnail","hentry","category-mundo"],"acf":[],"yoast_head":"<!-- This site is optimized with the Yoast SEO plugin v27.2 - https:\/\/yoast.com\/product\/yoast-seo-wordpress\/ -->\n<title>Mil\u00edcia negra usa fuzis em protesto contra racismo - Notibras<\/title>\n<meta name=\"robots\" content=\"index, follow, max-snippet:-1, max-image-preview:large, max-video-preview:-1\" \/>\n<link rel=\"canonical\" href=\"https:\/\/www.notibras.com\/site\/milicia-negra-usa-fuzis-em-protesto-contra-racismo\/\" \/>\n<meta property=\"og:locale\" content=\"pt_BR\" \/>\n<meta property=\"og:type\" content=\"article\" \/>\n<meta property=\"og:title\" content=\"Mil\u00edcia negra usa fuzis em protesto contra racismo - Notibras\" \/>\n<meta property=\"og:description\" content=\"Um grupo de manifestantes negros fortemente armados fez um ato neste s\u00e1bado (25) em Lousiville, no estado americano do Kentucky, para cobrar justi\u00e7a para Breonna Taylor, t\u00e9cnica de medicina negra de 26 anos morta em mar\u00e7o por policiais que invadiram seu apartamento. Dezenas de pessoas vestidas com uniformes paramilitares, portando fuzis e espingardas semiautom\u00e1ticas, caminharam [&hellip;]\" \/>\n<meta property=\"og:url\" content=\"https:\/\/www.notibras.com\/site\/milicia-negra-usa-fuzis-em-protesto-contra-racismo\/\" \/>\n<meta property=\"og:site_name\" content=\"Notibras\" \/>\n<meta property=\"article:publisher\" content=\"https:\/\/www.facebook.com\/notibras\/\" \/>\n<meta property=\"article:published_time\" content=\"2020-07-26T03:50:23+00:00\" \/>\n<meta property=\"article:modified_time\" content=\"2020-07-26T10:52:27+00:00\" \/>\n<meta property=\"og:image\" content=\"https:\/\/www.notibras.com\/site\/wp-content\/uploads\/2020\/07\/ap20207758185274.jpg\" \/>\n\t<meta property=\"og:image:width\" content=\"1008\" \/>\n\t<meta property=\"og:image:height\" content=\"672\" \/>\n\t<meta property=\"og:image:type\" content=\"image\/jpeg\" \/>\n<meta name=\"author\" content=\"Reda\u00e7\u00e3o\" \/>\n<meta name=\"twitter:card\" content=\"summary_large_image\" \/>\n<meta name=\"twitter:creator\" content=\"@Notibras\" \/>\n<meta name=\"twitter:site\" content=\"@Notibras\" \/>\n<meta name=\"twitter:label1\" content=\"Escrito por\" \/>\n\t<meta name=\"twitter:data1\" content=\"Reda\u00e7\u00e3o\" \/>\n\t<meta name=\"twitter:label2\" content=\"Est. tempo de leitura\" \/>\n\t<meta name=\"twitter:data2\" content=\"1 minuto\" \/>\n<script type=\"application\/ld+json\" class=\"yoast-schema-graph\">{\"@context\":\"https:\/\/schema.org\",\"@graph\":[{\"@type\":\"Article\",\"@id\":\"https:\/\/www.notibras.com\/site\/milicia-negra-usa-fuzis-em-protesto-contra-racismo\/#article\",\"isPartOf\":{\"@id\":\"https:\/\/www.notibras.com\/site\/milicia-negra-usa-fuzis-em-protesto-contra-racismo\/\"},\"author\":{\"name\":\"Reda\u00e7\u00e3o\",\"@id\":\"https:\/\/www.notibras.com\/site\/#\/schema\/person\/36ab0979449956132d3e5b517ea76ac8\"},\"headline\":\"Mil\u00edcia negra usa fuzis em protesto contra racismo\",\"datePublished\":\"2020-07-26T03:50:23+00:00\",\"dateModified\":\"2020-07-26T10:52:27+00:00\",\"mainEntityOfPage\":{\"@id\":\"https:\/\/www.notibras.com\/site\/milicia-negra-usa-fuzis-em-protesto-contra-racismo\/\"},\"wordCount\":290,\"publisher\":{\"@id\":\"https:\/\/www.notibras.com\/site\/#organization\"},\"image\":{\"@id\":\"https:\/\/www.notibras.com\/site\/milicia-negra-usa-fuzis-em-protesto-contra-racismo\/#primaryimage\"},\"thumbnailUrl\":\"https:\/\/www.notibras.com\/site\/wp-content\/uploads\/2020\/07\/ap20207758185274.jpg\",\"articleSection\":[\"Mundo\"],\"inLanguage\":\"pt-BR\"},{\"@type\":\"WebPage\",\"@id\":\"https:\/\/www.notibras.com\/site\/milicia-negra-usa-fuzis-em-protesto-contra-racismo\/\",\"url\":\"https:\/\/www.notibras.com\/site\/milicia-negra-usa-fuzis-em-protesto-contra-racismo\/\",\"name\":\"Mil\u00edcia negra usa fuzis em protesto contra racismo - Notibras\",\"isPartOf\":{\"@id\":\"https:\/\/www.notibras.com\/site\/#website\"},\"primaryImageOfPage\":{\"@id\":\"https:\/\/www.notibras.com\/site\/milicia-negra-usa-fuzis-em-protesto-contra-racismo\/#primaryimage\"},\"image\":{\"@id\":\"https:\/\/www.notibras.com\/site\/milicia-negra-usa-fuzis-em-protesto-contra-racismo\/#primaryimage\"},\"thumbnailUrl\":\"https:\/\/www.notibras.com\/site\/wp-content\/uploads\/2020\/07\/ap20207758185274.jpg\",\"datePublished\":\"2020-07-26T03:50:23+00:00\",\"dateModified\":\"2020-07-26T10:52:27+00:00\",\"breadcrumb\":{\"@id\":\"https:\/\/www.notibras.com\/site\/milicia-negra-usa-fuzis-em-protesto-contra-racismo\/#breadcrumb\"},\"inLanguage\":\"pt-BR\",\"potentialAction\":[{\"@type\":\"ReadAction\",\"target\":[\"https:\/\/www.notibras.com\/site\/milicia-negra-usa-fuzis-em-protesto-contra-racismo\/\"]}]},{\"@type\":\"ImageObject\",\"inLanguage\":\"pt-BR\",\"@id\":\"https:\/\/www.notibras.com\/site\/milicia-negra-usa-fuzis-em-protesto-contra-racismo\/#primaryimage\",\"url\":\"https:\/\/www.notibras.com\/site\/wp-content\/uploads\/2020\/07\/ap20207758185274.jpg\",\"contentUrl\":\"https:\/\/www.notibras.com\/site\/wp-content\/uploads\/2020\/07\/ap20207758185274.jpg\",\"width\":1008,\"height\":672},{\"@type\":\"BreadcrumbList\",\"@id\":\"https:\/\/www.notibras.com\/site\/milicia-negra-usa-fuzis-em-protesto-contra-racismo\/#breadcrumb\",\"itemListElement\":[{\"@type\":\"ListItem\",\"position\":1,\"name\":\"In\u00edcio\",\"item\":\"https:\/\/www.notibras.com\/site\/\"},{\"@type\":\"ListItem\",\"position\":2,\"name\":\"Mil\u00edcia negra usa fuzis em protesto contra racismo\"}]},{\"@type\":\"WebSite\",\"@id\":\"https:\/\/www.notibras.com\/site\/#website\",\"url\":\"https:\/\/www.notibras.com\/site\/\",\"name\":\"Notibras\",\"description\":\"Not\u00edcias de Bras\u00edlia, do Brasil e do Mundo\",\"publisher\":{\"@id\":\"https:\/\/www.notibras.com\/site\/#organization\"},\"potentialAction\":[{\"@type\":\"SearchAction\",\"target\":{\"@type\":\"EntryPoint\",\"urlTemplate\":\"https:\/\/www.notibras.com\/site\/?s={search_term_string}\"},\"query-input\":{\"@type\":\"PropertyValueSpecification\",\"valueRequired\":true,\"valueName\":\"search_term_string\"}}],\"inLanguage\":\"pt-BR\"},{\"@type\":\"Organization\",\"@id\":\"https:\/\/www.notibras.com\/site\/#organization\",\"name\":\"Grupo Notibras de Comunica\u00e7\u00e3o\",\"url\":\"https:\/\/www.notibras.com\/site\/\",\"logo\":{\"@type\":\"ImageObject\",\"inLanguage\":\"pt-BR\",\"@id\":\"https:\/\/www.notibras.com\/site\/#\/schema\/logo\/image\/\",\"url\":\"https:\/\/www.notibras.com\/site\/wp-content\/uploads\/2023\/01\/notibras23.png\",\"contentUrl\":\"https:\/\/www.notibras.com\/site\/wp-content\/uploads\/2023\/01\/notibras23.png\",\"width\":350,\"height\":87,\"caption\":\"Grupo Notibras de Comunica\u00e7\u00e3o\"},\"image\":{\"@id\":\"https:\/\/www.notibras.com\/site\/#\/schema\/logo\/image\/\"},\"sameAs\":[\"https:\/\/www.facebook.com\/notibras\/\",\"https:\/\/x.com\/Notibras\",\"https:\/\/www.instagram.com\/notibras\/\"]},{\"@type\":\"Person\",\"@id\":\"https:\/\/www.notibras.com\/site\/#\/schema\/person\/36ab0979449956132d3e5b517ea76ac8\",\"name\":\"Reda\u00e7\u00e3o\",\"image\":{\"@type\":\"ImageObject\",\"inLanguage\":\"pt-BR\",\"@id\":\"https:\/\/secure.gravatar.com\/avatar\/e0a867bdedb85fd243eadf09663511f96fc81e0720a4a42581f334ad4303aa6b?s=96&d=mm&r=g\",\"url\":\"https:\/\/secure.gravatar.com\/avatar\/e0a867bdedb85fd243eadf09663511f96fc81e0720a4a42581f334ad4303aa6b?s=96&d=mm&r=g\",\"contentUrl\":\"https:\/\/secure.gravatar.com\/avatar\/e0a867bdedb85fd243eadf09663511f96fc81e0720a4a42581f334ad4303aa6b?s=96&d=mm&r=g\",\"caption\":\"Reda\u00e7\u00e3o\"}}]}<\/script>\n<!-- \/ Yoast SEO plugin. -->","yoast_head_json":{"title":"Mil\u00edcia negra usa fuzis em protesto contra racismo - Notibras","robots":{"index":"index","follow":"follow","max-snippet":"max-snippet:-1","max-image-preview":"max-image-preview:large","max-video-preview":"max-video-preview:-1"},"canonical":"https:\/\/www.notibras.com\/site\/milicia-negra-usa-fuzis-em-protesto-contra-racismo\/","og_locale":"pt_BR","og_type":"article","og_title":"Mil\u00edcia negra usa fuzis em protesto contra racismo - Notibras","og_description":"Um grupo de manifestantes negros fortemente armados fez um ato neste s\u00e1bado (25) em Lousiville, no estado americano do Kentucky, para cobrar justi\u00e7a para Breonna Taylor, t\u00e9cnica de medicina negra de 26 anos morta em mar\u00e7o por policiais que invadiram seu apartamento. Dezenas de pessoas vestidas com uniformes paramilitares, portando fuzis e espingardas semiautom\u00e1ticas, caminharam [&hellip;]","og_url":"https:\/\/www.notibras.com\/site\/milicia-negra-usa-fuzis-em-protesto-contra-racismo\/","og_site_name":"Notibras","article_publisher":"https:\/\/www.facebook.com\/notibras\/","article_published_time":"2020-07-26T03:50:23+00:00","article_modified_time":"2020-07-26T10:52:27+00:00","og_image":[{"width":1008,"height":672,"url":"https:\/\/www.notibras.com\/site\/wp-content\/uploads\/2020\/07\/ap20207758185274.jpg","type":"image\/jpeg"}],"author":"Reda\u00e7\u00e3o","twitter_card":"summary_large_image","twitter_creator":"@Notibras","twitter_site":"@Notibras","twitter_misc":{"Escrito por":"Reda\u00e7\u00e3o","Est. tempo de leitura":"1 minuto"},"schema":{"@context":"https:\/\/schema.org","@graph":[{"@type":"Article","@id":"https:\/\/www.notibras.com\/site\/milicia-negra-usa-fuzis-em-protesto-contra-racismo\/#article","isPartOf":{"@id":"https:\/\/www.notibras.com\/site\/milicia-negra-usa-fuzis-em-protesto-contra-racismo\/"},"author":{"name":"Reda\u00e7\u00e3o","@id":"https:\/\/www.notibras.com\/site\/#\/schema\/person\/36ab0979449956132d3e5b517ea76ac8"},"headline":"Mil\u00edcia negra usa fuzis em protesto contra racismo","datePublished":"2020-07-26T03:50:23+00:00","dateModified":"2020-07-26T10:52:27+00:00","mainEntityOfPage":{"@id":"https:\/\/www.notibras.com\/site\/milicia-negra-usa-fuzis-em-protesto-contra-racismo\/"},"wordCount":290,"publisher":{"@id":"https:\/\/www.notibras.com\/site\/#organization"},"image":{"@id":"https:\/\/www.notibras.com\/site\/milicia-negra-usa-fuzis-em-protesto-contra-racismo\/#primaryimage"},"thumbnailUrl":"https:\/\/www.notibras.com\/site\/wp-content\/uploads\/2020\/07\/ap20207758185274.jpg","articleSection":["Mundo"],"inLanguage":"pt-BR"},{"@type":"WebPage","@id":"https:\/\/www.notibras.com\/site\/milicia-negra-usa-fuzis-em-protesto-contra-racismo\/","url":"https:\/\/www.notibras.com\/site\/milicia-negra-usa-fuzis-em-protesto-contra-racismo\/","name":"Mil\u00edcia negra usa fuzis em protesto contra racismo - Notibras","isPartOf":{"@id":"https:\/\/www.notibras.com\/site\/#website"},"primaryImageOfPage":{"@id":"https:\/\/www.notibras.com\/site\/milicia-negra-usa-fuzis-em-protesto-contra-racismo\/#primaryimage"},"image":{"@id":"https:\/\/www.notibras.com\/site\/milicia-negra-usa-fuzis-em-protesto-contra-racismo\/#primaryimage"},"thumbnailUrl":"https:\/\/www.notibras.com\/site\/wp-content\/uploads\/2020\/07\/ap20207758185274.jpg","datePublished":"2020-07-26T03:50:23+00:00","dateModified":"2020-07-26T10:52:27+00:00","breadcrumb":{"@id":"https:\/\/www.notibras.com\/site\/milicia-negra-usa-fuzis-em-protesto-contra-racismo\/#breadcrumb"},"inLanguage":"pt-BR","potentialAction":[{"@type":"ReadAction","target":["https:\/\/www.notibras.com\/site\/milicia-negra-usa-fuzis-em-protesto-contra-racismo\/"]}]},{"@type":"ImageObject","inLanguage":"pt-BR","@id":"https:\/\/www.notibras.com\/site\/milicia-negra-usa-fuzis-em-protesto-contra-racismo\/#primaryimage","url":"https:\/\/www.notibras.com\/site\/wp-content\/uploads\/2020\/07\/ap20207758185274.jpg","contentUrl":"https:\/\/www.notibras.com\/site\/wp-content\/uploads\/2020\/07\/ap20207758185274.jpg","width":1008,"height":672},{"@type":"BreadcrumbList","@id":"https:\/\/www.notibras.com\/site\/milicia-negra-usa-fuzis-em-protesto-contra-racismo\/#breadcrumb","itemListElement":[{"@type":"ListItem","position":1,"name":"In\u00edcio","item":"https:\/\/www.notibras.com\/site\/"},{"@type":"ListItem","position":2,"name":"Mil\u00edcia negra usa fuzis em protesto contra racismo"}]},{"@type":"WebSite","@id":"https:\/\/www.notibras.com\/site\/#website","url":"https:\/\/www.notibras.com\/site\/","name":"Notibras","description":"Not\u00edcias de Bras\u00edlia, do Brasil e do Mundo","publisher":{"@id":"https:\/\/www.notibras.com\/site\/#organization"},"potentialAction":[{"@type":"SearchAction","target":{"@type":"EntryPoint","urlTemplate":"https:\/\/www.notibras.com\/site\/?s={search_term_string}"},"query-input":{"@type":"PropertyValueSpecification","valueRequired":true,"valueName":"search_term_string"}}],"inLanguage":"pt-BR"},{"@type":"Organization","@id":"https:\/\/www.notibras.com\/site\/#organization","name":"Grupo Notibras de Comunica\u00e7\u00e3o","url":"https:\/\/www.notibras.com\/site\/","logo":{"@type":"ImageObject","inLanguage":"pt-BR","@id":"https:\/\/www.notibras.com\/site\/#\/schema\/logo\/image\/","url":"https:\/\/www.notibras.com\/site\/wp-content\/uploads\/2023\/01\/notibras23.png","contentUrl":"https:\/\/www.notibras.com\/site\/wp-content\/uploads\/2023\/01\/notibras23.png","width":350,"height":87,"caption":"Grupo Notibras de Comunica\u00e7\u00e3o"},"image":{"@id":"https:\/\/www.notibras.com\/site\/#\/schema\/logo\/image\/"},"sameAs":["https:\/\/www.facebook.com\/notibras\/","https:\/\/x.com\/Notibras","https:\/\/www.instagram.com\/notibras\/"]},{"@type":"Person","@id":"https:\/\/www.notibras.com\/site\/#\/schema\/person\/36ab0979449956132d3e5b517ea76ac8","name":"Reda\u00e7\u00e3o","image":{"@type":"ImageObject","inLanguage":"pt-BR","@id":"https:\/\/secure.gravatar.com\/avatar\/e0a867bdedb85fd243eadf09663511f96fc81e0720a4a42581f334ad4303aa6b?s=96&d=mm&r=g","url":"https:\/\/secure.gravatar.com\/avatar\/e0a867bdedb85fd243eadf09663511f96fc81e0720a4a42581f334ad4303aa6b?s=96&d=mm&r=g","contentUrl":"https:\/\/secure.gravatar.com\/avatar\/e0a867bdedb85fd243eadf09663511f96fc81e0720a4a42581f334ad4303aa6b?s=96&d=mm&r=g","caption":"Reda\u00e7\u00e3o"}}]}},"amp_enabled":true,"_links":{"self":[{"href":"https:\/\/www.notibras.com\/site\/wp-json\/wp\/v2\/posts\/237034","targetHints":{"allow":["GET"]}}],"collection":[{"href":"https:\/\/www.notibras.com\/site\/wp-json\/wp\/v2\/posts"}],"about":[{"href":"https:\/\/www.notibras.com\/site\/wp-json\/wp\/v2\/types\/post"}],"author":[{"embeddable":true,"href":"https:\/\/www.notibras.com\/site\/wp-json\/wp\/v2\/users\/2"}],"replies":[{"embeddable":true,"href":"https:\/\/www.notibras.com\/site\/wp-json\/wp\/v2\/comments?post=237034"}],"version-history":[{"count":1,"href":"https:\/\/www.notibras.com\/site\/wp-json\/wp\/v2\/posts\/237034\/revisions"}],"predecessor-version":[{"id":237036,"href":"https:\/\/www.notibras.com\/site\/wp-json\/wp\/v2\/posts\/237034\/revisions\/237036"}],"wp:featuredmedia":[{"embeddable":true,"href":"https:\/\/www.notibras.com\/site\/wp-json\/wp\/v2\/media\/237035"}],"wp:attachment":[{"href":"https:\/\/www.notibras.com\/site\/wp-json\/wp\/v2\/media?parent=237034"}],"wp:term":[{"taxonomy":"category","embeddable":true,"href":"https:\/\/www.notibras.com\/site\/wp-json\/wp\/v2\/categories?post=237034"},{"taxonomy":"post_tag","embeddable":true,"href":"https:\/\/www.notibras.com\/site\/wp-json\/wp\/v2\/tags?post=237034"}],"curies":[{"name":"wp","href":"https:\/\/api.w.org\/{rel}","templated":true}]}}