{"id":23718,"date":"2014-10-02T15:51:29","date_gmt":"2014-10-02T18:51:29","guid":{"rendered":"http:\/\/www.notibras.com\/site\/?p=23718"},"modified":"2014-10-02T15:51:29","modified_gmt":"2014-10-02T18:51:29","slug":"domingo-5-de-outubro-festa-da-democracia-invade-as-urnas","status":"publish","type":"post","link":"https:\/\/www.notibras.com\/site\/domingo-5-de-outubro-festa-da-democracia-invade-as-urnas\/","title":{"rendered":"Domingo, 5 de Outubro. Festa da democracia invade as urnas"},"content":{"rendered":"<p>Domingo, 5 de outubro, \u00e9 dia de elei\u00e7\u00f5es em todo o Brasil, com as vota\u00e7\u00f5es indo das 8 \u00e0s 17 horas. Estamos diante do ponto mais alto da nossa democracia.<\/p>\n<p>S\u00e3o 142.822.046 brasileiros aptos para a escolha dos nossos pr\u00f3ximos presidente da Rep\u00fablica, governadores das 27 unidades da Federa\u00e7\u00e3o, 27 senadores ( um de cada estado), 513 deputados federais e 1.246 deputados\u00a0 estaduais. Esses cargos est\u00e3o sendo disputados por 22.752 candidatos.<\/p>\n<p>Essa montanha de votos ser\u00e1 depositada em 425 mil sess\u00f5es eleitorais espalhadas\u00a0 pelos 5.561 munic\u00edpios do pa\u00eds. O voto \u00e9 obrigat\u00f3rio para todos os brasileiros, sendo facultativo por\u00e9m para analfabetos, para quem tiver mais que 70 anos e para jovens entre 16 e 17 anos. A ordem\u00a0 de vota\u00e7\u00e3o \u00e9 deputado estadual, deputado federal, senador, governador e presidente.<\/p>\n<p>J\u00e1 no final da noite do domingo ficaremos sabendo o resultado das vota\u00e7\u00f5es, o que demonstra ser o Brasil o pa\u00eds que realiza e apura as elei\u00e7\u00f5es\u00a0 com mais rapidez em todo o mundo.<\/p>\n<p>Do total do eleitorado brasileiro, 23.381.756 utilizar\u00e3o o sistema biom\u00e9trico, em que o voto s\u00f3 \u00e9 poss\u00edvel com a identifica\u00e7\u00e3o digital. O sistema identifica as impress\u00f5es digitais de cada um, o que, para o Tribunal Superior Eleitoral, afasta a possibilidade de fraudes. O objetivo do TSE \u00e9 estender o sistema para todo eleitorado brasileiro at\u00e9 2018.<\/p>\n<p>No 1\u00b0 turno, 84.418 pessoas dever\u00e3o votar em tr\u00e2nsito, de acordo com o TSE. O voto em tr\u00e2nsito permite ao eleitor que est\u00e1 fora de domicilio eleitoral votar para presidente da Rep\u00fablica em outro cart\u00f3rio.<\/p>\n<p>Ainda de acordo com o TSE, 354.184 brasileiros est\u00e3o aptos a votar no exterior. Eles est\u00e3o distribu\u00eddos entre 89 pa\u00edses.<\/p>\n<p>Nesta semana derradeira da campanha eleitoral, os tr\u00eas principais candidatos \u00e0 Presid\u00eancia da Rep\u00fablica \u2013Dilma, Marina e A\u00e9cio \u2013depositaram suas apostas nos principais col\u00e9gios de votos do pa\u00eds \u2013S\u00e3o Paulo, Minas Gerais e Rio de Janeiro. Nesta regi\u00e3o Sudeste est\u00e3o concentrados 62\u00a0 milh\u00f5es de votos, ou seja, 43% dos eleitores brasileiros . O n\u00edvel desta cruzada foi bem baixo, nada de defesa de programas de governo. Predominam acusa\u00e7\u00f5es den\u00fancias, mentiras e fofocas. Agora a palavra final caber\u00e1 amanh\u00e3 ao eleitorado brasileiro.<\/p>\n<p>As pesquisas eleitorais asseguram que na corrida presidencial, neste primeiro turno, n\u00e3o haver\u00e1 vencedor, ficando a decis\u00e3o final para o segundo turno \u2013j\u00e1 marcado para o \u00faltimo domingo deste outubro (26).<\/p>\n<p>A candidata do PT \u00e0 reelei\u00e7\u00e3o, Dilma Rousseff, est\u00e1 estabilizada na lideran\u00e7a das pesquisas. Vai aguardar com tranquilidade a indica\u00e7\u00e3o do eleitorado para a disputa do 2\u00b0 turno. Marina Silva (PSB), que despontava como candidata certa \u00e0 nova vota\u00e7\u00e3o, no decorrer desta semana, sofreu uma queda nas inten\u00e7\u00f5es de votos, ao mesmo tempo que o tucano A\u00e9cio Neves\u00a0 subiu nas pesquisas. A decis\u00e3o final entre ambos vai acontecer neste final de campanha.<\/p>\n<p>Nas simula\u00e7\u00f5es do segundo turno, Dilma leva uma pequena vantagem sobre Marina Silva e\u00a0 vantagem mais folgada sobre A\u00e9cio Neves.<\/p>\n<p>Como o segundo turno \u00e9 uma nova elei\u00e7\u00e3o, tudo pode acontecer. Sabe \u2013se, por\u00e9m, que essa disputa ser\u00e1 acirrada.<\/p>\n<p>Portanto, o Brasil continuar\u00e1 vivendo o clima eleitoral por mais 20 dias, j\u00e1 que a partir da pr\u00f3xima ter\u00e7a \u2013feira, os candidatos poder\u00e3o sair \u00e0s ruas em busca de votos.. O tempo de televis\u00e3o e r\u00e1dio disponibilizado pela Justi\u00e7a Eleitoral para cada um deles ser\u00e1 de dez minutos di\u00e1rios, bem como ser\u00e1 igual o n\u00famero de inser\u00e7\u00f5es veiculadas ao longo da programa\u00e7\u00e3o normal das emissoras.<\/p>\n<p>Segundo levantamento da Arko Advice, dos cientistas\u00a0 pol\u00edticos Murilo Arag\u00e3o e Cristiano Noronha, a situa\u00e7\u00e3o das elei\u00e7\u00f5es para governadores nas 27 unidades da Federa\u00e7\u00e3o \u00e9 a seguinte: O PMDB \u00e9 o favorito em Alagoas (Renan Filho), no Amazonas (Eduardo Braga), no Espirito Santo (Paulo Hartung), no Rio de Janeiro (Luiz Fernando Pez\u00e3o), no\u00a0 Rio Grande do Norte (Henrique Alves), em Sergipe (Jackson Barreto) e no Tocantins (Marcelo Miranda).<\/p>\n<p>Os candidatos do PSDB despontam em Goi\u00e1s (Marconi Perillo), na Para\u00edba (C\u00e1ssio Cunha Lima), no Paran\u00e1 (Beto Richa), em Rond\u00f4nia (Expedito J\u00fanior) e em S\u00e3o Paulo (Geraldo Alckmin).<\/p>\n<p>O PT lidera no Acre (Ti\u00e3o Viana), em Mato Grosso do Sul (Delc\u00eddio Amaral),\u00a0 em Minas Gerais (Fernando Pimentel) e no Piau\u00ed (Wellington Dias).<\/p>\n<p>O PSB aparece em Pernambuco (Paulo C\u00e2mara); o PDT, no Amap\u00e1 (Waldez G\u00f3ez) e em Mato Grosso (Pedro Taques), e o PP, no Rio Grande do Sul (Ana Am\u00e9lia Lemos) e em Roraima (Neudo Campos).<\/p>\n<p>O DEM\u00a0 \u00e9 favorito\u00a0 na Bahia (Paulo Souto); o PCdoB, no Maranh\u00e3o (Fl\u00e1vio Dino), e o PSD, em Santa Catarina (Raimundo Colombo).<\/p>\n<p>H\u00e1 disputas\u00a0 acirradas entre o PMDB e o PT no Cear\u00e1 (Eunicio Oliveira x Camilo Santana), entre o PMDB\u00a0 e o PSDB no Par\u00e1 (Helder Barbalho x Sim\u00e3o Janene).<\/p>\n<p>No Distrito Federal, tr\u00eas candidatos t\u00eam chances de chegar ao segundo Turno: Rodrigo Rollemberg (PSB), Agnelo Queiroz (PT) e Jofran Frejat (PR).<\/p>\n<p>Pelas pesquisas Datafolha e Ibope, a elei\u00e7\u00e3o para senador j\u00e1 est\u00e1 definida em 21 estados e no Distrito Federal. As d\u00favidas est\u00e3o nos Estados da Bahia, Roraima, Rio Grande do Sul, Rio Grande do Norte e Santa Catarina.<\/p>\n<p>J\u00e1 s\u00e3o considerados senadores eleitos: Jos\u00e9 Serra (SP-PSDB), Antonio Anast\u00e1sia (MG-PSDB), Rose de Freitas (ES-PMDB), Rom\u00e1rio ( RJ-PSB), Alvaro Dias (PR-PSDB), Omar Aziz (AM-PSD),\u00a0 Paulo Rocha ( PA-PT), K\u00e1tia Abreu (TO-PMDB), Acir Gurgacz ( RO-PDT), Gilvan Borges (AP-PMDB), Gladson Carmeli (AC-PP), Reguffe (DF-PDT), Ronaldo Caiado (60-DEM) Simone Tebet (MS-PMDB), Wellington Fagundes (MT-PR), Jo\u00e3o Paulo\u00a0 ( PE-PT), Tasso Jereissati ( CE-PSDB), Fernando Collor (AL-PTB) Roberto Rocha (MA-PSB), Wilson Martins (PI-PSB), Jos\u00e9 Maranh\u00e3o (PB-PMDB), Maria do Carmo (SE-DEM).<\/p>\n<p><strong>Cl\u00e1udio Coletti<\/strong><\/p>\n","protected":false},"excerpt":{"rendered":"<p>Domingo, 5 de outubro, \u00e9 dia de elei\u00e7\u00f5es em todo o Brasil, com as vota\u00e7\u00f5es indo das 8 \u00e0s 17 horas. Estamos diante do ponto mais alto da nossa democracia. S\u00e3o 142.822.046 brasileiros aptos para a escolha dos nossos pr\u00f3ximos presidente da Rep\u00fablica, governadores das 27 unidades da Federa\u00e7\u00e3o, 27 senadores ( um de cada [&hellip;]<\/p>\n","protected":false},"author":2,"featured_media":23719,"comment_status":"open","ping_status":"closed","sticky":false,"template":"","format":"standard","meta":{"_acf_changed":false,"footnotes":""},"categories":[25],"tags":[],"class_list":["post-23718","post","type-post","status-publish","format-standard","has-post-thumbnail","hentry","category-opina-ai"],"acf":[],"yoast_head":"<!-- This site is optimized with the Yoast SEO plugin v27.5 - https:\/\/yoast.com\/product\/yoast-seo-wordpress\/ -->\n<title>Domingo, 5 de Outubro. Festa da democracia invade as urnas - Notibras<\/title>\n<meta name=\"robots\" content=\"index, follow, max-snippet:-1, max-image-preview:large, max-video-preview:-1\" \/>\n<link rel=\"canonical\" href=\"https:\/\/www.notibras.com\/site\/domingo-5-de-outubro-festa-da-democracia-invade-as-urnas\/\" \/>\n<meta property=\"og:locale\" content=\"pt_BR\" \/>\n<meta property=\"og:type\" content=\"article\" \/>\n<meta property=\"og:title\" content=\"Domingo, 5 de Outubro. Festa da democracia invade as urnas - Notibras\" \/>\n<meta property=\"og:description\" content=\"Domingo, 5 de outubro, \u00e9 dia de elei\u00e7\u00f5es em todo o Brasil, com as vota\u00e7\u00f5es indo das 8 \u00e0s 17 horas. Estamos diante do ponto mais alto da nossa democracia. S\u00e3o 142.822.046 brasileiros aptos para a escolha dos nossos pr\u00f3ximos presidente da Rep\u00fablica, governadores das 27 unidades da Federa\u00e7\u00e3o, 27 senadores ( um de cada [&hellip;]\" \/>\n<meta property=\"og:url\" content=\"https:\/\/www.notibras.com\/site\/domingo-5-de-outubro-festa-da-democracia-invade-as-urnas\/\" \/>\n<meta property=\"og:site_name\" content=\"Notibras\" \/>\n<meta property=\"article:publisher\" content=\"https:\/\/www.facebook.com\/notibras\/\" \/>\n<meta property=\"article:published_time\" content=\"2014-10-02T18:51:29+00:00\" \/>\n<meta property=\"og:image\" content=\"https:\/\/www.notibras.com\/site\/wp-content\/uploads\/2014\/10\/op.jpg\" \/>\n\t<meta property=\"og:image:width\" content=\"480\" \/>\n\t<meta property=\"og:image:height\" content=\"360\" \/>\n\t<meta property=\"og:image:type\" content=\"image\/jpeg\" \/>\n<meta name=\"author\" content=\"Reda\u00e7\u00e3o\" \/>\n<meta name=\"twitter:card\" content=\"summary_large_image\" \/>\n<meta name=\"twitter:creator\" content=\"@Notibras\" \/>\n<meta name=\"twitter:site\" content=\"@Notibras\" \/>\n<meta name=\"twitter:label1\" content=\"Escrito por\" \/>\n\t<meta name=\"twitter:data1\" content=\"Reda\u00e7\u00e3o\" \/>\n\t<meta name=\"twitter:label2\" content=\"Est. tempo de leitura\" \/>\n\t<meta name=\"twitter:data2\" content=\"5 minutos\" \/>\n<script type=\"application\/ld+json\" class=\"yoast-schema-graph\">{\"@context\":\"https:\\\/\\\/schema.org\",\"@graph\":[{\"@type\":\"Article\",\"@id\":\"https:\\\/\\\/www.notibras.com\\\/site\\\/domingo-5-de-outubro-festa-da-democracia-invade-as-urnas\\\/#article\",\"isPartOf\":{\"@id\":\"https:\\\/\\\/www.notibras.com\\\/site\\\/domingo-5-de-outubro-festa-da-democracia-invade-as-urnas\\\/\"},\"author\":{\"name\":\"Reda\u00e7\u00e3o\",\"@id\":\"https:\\\/\\\/www.notibras.com\\\/site\\\/#\\\/schema\\\/person\\\/36ab0979449956132d3e5b517ea76ac8\"},\"headline\":\"Domingo, 5 de Outubro. Festa da democracia invade as urnas\",\"datePublished\":\"2014-10-02T18:51:29+00:00\",\"mainEntityOfPage\":{\"@id\":\"https:\\\/\\\/www.notibras.com\\\/site\\\/domingo-5-de-outubro-festa-da-democracia-invade-as-urnas\\\/\"},\"wordCount\":967,\"commentCount\":0,\"publisher\":{\"@id\":\"https:\\\/\\\/www.notibras.com\\\/site\\\/#organization\"},\"image\":{\"@id\":\"https:\\\/\\\/www.notibras.com\\\/site\\\/domingo-5-de-outubro-festa-da-democracia-invade-as-urnas\\\/#primaryimage\"},\"thumbnailUrl\":\"https:\\\/\\\/www.notibras.com\\\/site\\\/wp-content\\\/uploads\\\/2014\\\/10\\\/op.jpg\",\"articleSection\":[\"Opina a\u00ed\"],\"inLanguage\":\"pt-BR\",\"potentialAction\":[{\"@type\":\"CommentAction\",\"name\":\"Comment\",\"target\":[\"https:\\\/\\\/www.notibras.com\\\/site\\\/domingo-5-de-outubro-festa-da-democracia-invade-as-urnas\\\/#respond\"]}]},{\"@type\":\"WebPage\",\"@id\":\"https:\\\/\\\/www.notibras.com\\\/site\\\/domingo-5-de-outubro-festa-da-democracia-invade-as-urnas\\\/\",\"url\":\"https:\\\/\\\/www.notibras.com\\\/site\\\/domingo-5-de-outubro-festa-da-democracia-invade-as-urnas\\\/\",\"name\":\"Domingo, 5 de Outubro. Festa da democracia invade as urnas - Notibras\",\"isPartOf\":{\"@id\":\"https:\\\/\\\/www.notibras.com\\\/site\\\/#website\"},\"primaryImageOfPage\":{\"@id\":\"https:\\\/\\\/www.notibras.com\\\/site\\\/domingo-5-de-outubro-festa-da-democracia-invade-as-urnas\\\/#primaryimage\"},\"image\":{\"@id\":\"https:\\\/\\\/www.notibras.com\\\/site\\\/domingo-5-de-outubro-festa-da-democracia-invade-as-urnas\\\/#primaryimage\"},\"thumbnailUrl\":\"https:\\\/\\\/www.notibras.com\\\/site\\\/wp-content\\\/uploads\\\/2014\\\/10\\\/op.jpg\",\"datePublished\":\"2014-10-02T18:51:29+00:00\",\"breadcrumb\":{\"@id\":\"https:\\\/\\\/www.notibras.com\\\/site\\\/domingo-5-de-outubro-festa-da-democracia-invade-as-urnas\\\/#breadcrumb\"},\"inLanguage\":\"pt-BR\",\"potentialAction\":[{\"@type\":\"ReadAction\",\"target\":[\"https:\\\/\\\/www.notibras.com\\\/site\\\/domingo-5-de-outubro-festa-da-democracia-invade-as-urnas\\\/\"]}]},{\"@type\":\"ImageObject\",\"inLanguage\":\"pt-BR\",\"@id\":\"https:\\\/\\\/www.notibras.com\\\/site\\\/domingo-5-de-outubro-festa-da-democracia-invade-as-urnas\\\/#primaryimage\",\"url\":\"https:\\\/\\\/www.notibras.com\\\/site\\\/wp-content\\\/uploads\\\/2014\\\/10\\\/op.jpg\",\"contentUrl\":\"https:\\\/\\\/www.notibras.com\\\/site\\\/wp-content\\\/uploads\\\/2014\\\/10\\\/op.jpg\",\"width\":480,\"height\":360},{\"@type\":\"BreadcrumbList\",\"@id\":\"https:\\\/\\\/www.notibras.com\\\/site\\\/domingo-5-de-outubro-festa-da-democracia-invade-as-urnas\\\/#breadcrumb\",\"itemListElement\":[{\"@type\":\"ListItem\",\"position\":1,\"name\":\"In\u00edcio\",\"item\":\"https:\\\/\\\/www.notibras.com\\\/site\\\/\"},{\"@type\":\"ListItem\",\"position\":2,\"name\":\"Domingo, 5 de Outubro. Festa da democracia invade as urnas\"}]},{\"@type\":\"WebSite\",\"@id\":\"https:\\\/\\\/www.notibras.com\\\/site\\\/#website\",\"url\":\"https:\\\/\\\/www.notibras.com\\\/site\\\/\",\"name\":\"Notibras\",\"description\":\"Not\u00edcias de Bras\u00edlia, do Brasil e do Mundo\",\"publisher\":{\"@id\":\"https:\\\/\\\/www.notibras.com\\\/site\\\/#organization\"},\"potentialAction\":[{\"@type\":\"SearchAction\",\"target\":{\"@type\":\"EntryPoint\",\"urlTemplate\":\"https:\\\/\\\/www.notibras.com\\\/site\\\/?s={search_term_string}\"},\"query-input\":{\"@type\":\"PropertyValueSpecification\",\"valueRequired\":true,\"valueName\":\"search_term_string\"}}],\"inLanguage\":\"pt-BR\"},{\"@type\":\"Organization\",\"@id\":\"https:\\\/\\\/www.notibras.com\\\/site\\\/#organization\",\"name\":\"Grupo Notibras de Comunica\u00e7\u00e3o\",\"url\":\"https:\\\/\\\/www.notibras.com\\\/site\\\/\",\"logo\":{\"@type\":\"ImageObject\",\"inLanguage\":\"pt-BR\",\"@id\":\"https:\\\/\\\/www.notibras.com\\\/site\\\/#\\\/schema\\\/logo\\\/image\\\/\",\"url\":\"https:\\\/\\\/www.notibras.com\\\/site\\\/wp-content\\\/uploads\\\/2023\\\/01\\\/notibras23.png\",\"contentUrl\":\"https:\\\/\\\/www.notibras.com\\\/site\\\/wp-content\\\/uploads\\\/2023\\\/01\\\/notibras23.png\",\"width\":350,\"height\":87,\"caption\":\"Grupo Notibras de Comunica\u00e7\u00e3o\"},\"image\":{\"@id\":\"https:\\\/\\\/www.notibras.com\\\/site\\\/#\\\/schema\\\/logo\\\/image\\\/\"},\"sameAs\":[\"https:\\\/\\\/www.facebook.com\\\/notibras\\\/\",\"https:\\\/\\\/x.com\\\/Notibras\",\"https:\\\/\\\/www.instagram.com\\\/notibras\\\/\"]},{\"@type\":\"Person\",\"@id\":\"https:\\\/\\\/www.notibras.com\\\/site\\\/#\\\/schema\\\/person\\\/36ab0979449956132d3e5b517ea76ac8\",\"name\":\"Reda\u00e7\u00e3o\",\"image\":{\"@type\":\"ImageObject\",\"inLanguage\":\"pt-BR\",\"@id\":\"https:\\\/\\\/secure.gravatar.com\\\/avatar\\\/e0a867bdedb85fd243eadf09663511f96fc81e0720a4a42581f334ad4303aa6b?s=96&d=mm&r=g\",\"url\":\"https:\\\/\\\/secure.gravatar.com\\\/avatar\\\/e0a867bdedb85fd243eadf09663511f96fc81e0720a4a42581f334ad4303aa6b?s=96&d=mm&r=g\",\"contentUrl\":\"https:\\\/\\\/secure.gravatar.com\\\/avatar\\\/e0a867bdedb85fd243eadf09663511f96fc81e0720a4a42581f334ad4303aa6b?s=96&d=mm&r=g\",\"caption\":\"Reda\u00e7\u00e3o\"}}]}<\/script>\n<!-- \/ Yoast SEO plugin. -->","yoast_head_json":{"title":"Domingo, 5 de Outubro. Festa da democracia invade as urnas - Notibras","robots":{"index":"index","follow":"follow","max-snippet":"max-snippet:-1","max-image-preview":"max-image-preview:large","max-video-preview":"max-video-preview:-1"},"canonical":"https:\/\/www.notibras.com\/site\/domingo-5-de-outubro-festa-da-democracia-invade-as-urnas\/","og_locale":"pt_BR","og_type":"article","og_title":"Domingo, 5 de Outubro. Festa da democracia invade as urnas - Notibras","og_description":"Domingo, 5 de outubro, \u00e9 dia de elei\u00e7\u00f5es em todo o Brasil, com as vota\u00e7\u00f5es indo das 8 \u00e0s 17 horas. Estamos diante do ponto mais alto da nossa democracia. S\u00e3o 142.822.046 brasileiros aptos para a escolha dos nossos pr\u00f3ximos presidente da Rep\u00fablica, governadores das 27 unidades da Federa\u00e7\u00e3o, 27 senadores ( um de cada [&hellip;]","og_url":"https:\/\/www.notibras.com\/site\/domingo-5-de-outubro-festa-da-democracia-invade-as-urnas\/","og_site_name":"Notibras","article_publisher":"https:\/\/www.facebook.com\/notibras\/","article_published_time":"2014-10-02T18:51:29+00:00","og_image":[{"width":480,"height":360,"url":"https:\/\/www.notibras.com\/site\/wp-content\/uploads\/2014\/10\/op.jpg","type":"image\/jpeg"}],"author":"Reda\u00e7\u00e3o","twitter_card":"summary_large_image","twitter_creator":"@Notibras","twitter_site":"@Notibras","twitter_misc":{"Escrito por":"Reda\u00e7\u00e3o","Est. tempo de leitura":"5 minutos"},"schema":{"@context":"https:\/\/schema.org","@graph":[{"@type":"Article","@id":"https:\/\/www.notibras.com\/site\/domingo-5-de-outubro-festa-da-democracia-invade-as-urnas\/#article","isPartOf":{"@id":"https:\/\/www.notibras.com\/site\/domingo-5-de-outubro-festa-da-democracia-invade-as-urnas\/"},"author":{"name":"Reda\u00e7\u00e3o","@id":"https:\/\/www.notibras.com\/site\/#\/schema\/person\/36ab0979449956132d3e5b517ea76ac8"},"headline":"Domingo, 5 de Outubro. Festa da democracia invade as urnas","datePublished":"2014-10-02T18:51:29+00:00","mainEntityOfPage":{"@id":"https:\/\/www.notibras.com\/site\/domingo-5-de-outubro-festa-da-democracia-invade-as-urnas\/"},"wordCount":967,"commentCount":0,"publisher":{"@id":"https:\/\/www.notibras.com\/site\/#organization"},"image":{"@id":"https:\/\/www.notibras.com\/site\/domingo-5-de-outubro-festa-da-democracia-invade-as-urnas\/#primaryimage"},"thumbnailUrl":"https:\/\/www.notibras.com\/site\/wp-content\/uploads\/2014\/10\/op.jpg","articleSection":["Opina a\u00ed"],"inLanguage":"pt-BR","potentialAction":[{"@type":"CommentAction","name":"Comment","target":["https:\/\/www.notibras.com\/site\/domingo-5-de-outubro-festa-da-democracia-invade-as-urnas\/#respond"]}]},{"@type":"WebPage","@id":"https:\/\/www.notibras.com\/site\/domingo-5-de-outubro-festa-da-democracia-invade-as-urnas\/","url":"https:\/\/www.notibras.com\/site\/domingo-5-de-outubro-festa-da-democracia-invade-as-urnas\/","name":"Domingo, 5 de Outubro. Festa da democracia invade as urnas - Notibras","isPartOf":{"@id":"https:\/\/www.notibras.com\/site\/#website"},"primaryImageOfPage":{"@id":"https:\/\/www.notibras.com\/site\/domingo-5-de-outubro-festa-da-democracia-invade-as-urnas\/#primaryimage"},"image":{"@id":"https:\/\/www.notibras.com\/site\/domingo-5-de-outubro-festa-da-democracia-invade-as-urnas\/#primaryimage"},"thumbnailUrl":"https:\/\/www.notibras.com\/site\/wp-content\/uploads\/2014\/10\/op.jpg","datePublished":"2014-10-02T18:51:29+00:00","breadcrumb":{"@id":"https:\/\/www.notibras.com\/site\/domingo-5-de-outubro-festa-da-democracia-invade-as-urnas\/#breadcrumb"},"inLanguage":"pt-BR","potentialAction":[{"@type":"ReadAction","target":["https:\/\/www.notibras.com\/site\/domingo-5-de-outubro-festa-da-democracia-invade-as-urnas\/"]}]},{"@type":"ImageObject","inLanguage":"pt-BR","@id":"https:\/\/www.notibras.com\/site\/domingo-5-de-outubro-festa-da-democracia-invade-as-urnas\/#primaryimage","url":"https:\/\/www.notibras.com\/site\/wp-content\/uploads\/2014\/10\/op.jpg","contentUrl":"https:\/\/www.notibras.com\/site\/wp-content\/uploads\/2014\/10\/op.jpg","width":480,"height":360},{"@type":"BreadcrumbList","@id":"https:\/\/www.notibras.com\/site\/domingo-5-de-outubro-festa-da-democracia-invade-as-urnas\/#breadcrumb","itemListElement":[{"@type":"ListItem","position":1,"name":"In\u00edcio","item":"https:\/\/www.notibras.com\/site\/"},{"@type":"ListItem","position":2,"name":"Domingo, 5 de Outubro. Festa da democracia invade as urnas"}]},{"@type":"WebSite","@id":"https:\/\/www.notibras.com\/site\/#website","url":"https:\/\/www.notibras.com\/site\/","name":"Notibras","description":"Not\u00edcias de Bras\u00edlia, do Brasil e do Mundo","publisher":{"@id":"https:\/\/www.notibras.com\/site\/#organization"},"potentialAction":[{"@type":"SearchAction","target":{"@type":"EntryPoint","urlTemplate":"https:\/\/www.notibras.com\/site\/?s={search_term_string}"},"query-input":{"@type":"PropertyValueSpecification","valueRequired":true,"valueName":"search_term_string"}}],"inLanguage":"pt-BR"},{"@type":"Organization","@id":"https:\/\/www.notibras.com\/site\/#organization","name":"Grupo Notibras de Comunica\u00e7\u00e3o","url":"https:\/\/www.notibras.com\/site\/","logo":{"@type":"ImageObject","inLanguage":"pt-BR","@id":"https:\/\/www.notibras.com\/site\/#\/schema\/logo\/image\/","url":"https:\/\/www.notibras.com\/site\/wp-content\/uploads\/2023\/01\/notibras23.png","contentUrl":"https:\/\/www.notibras.com\/site\/wp-content\/uploads\/2023\/01\/notibras23.png","width":350,"height":87,"caption":"Grupo Notibras de Comunica\u00e7\u00e3o"},"image":{"@id":"https:\/\/www.notibras.com\/site\/#\/schema\/logo\/image\/"},"sameAs":["https:\/\/www.facebook.com\/notibras\/","https:\/\/x.com\/Notibras","https:\/\/www.instagram.com\/notibras\/"]},{"@type":"Person","@id":"https:\/\/www.notibras.com\/site\/#\/schema\/person\/36ab0979449956132d3e5b517ea76ac8","name":"Reda\u00e7\u00e3o","image":{"@type":"ImageObject","inLanguage":"pt-BR","@id":"https:\/\/secure.gravatar.com\/avatar\/e0a867bdedb85fd243eadf09663511f96fc81e0720a4a42581f334ad4303aa6b?s=96&d=mm&r=g","url":"https:\/\/secure.gravatar.com\/avatar\/e0a867bdedb85fd243eadf09663511f96fc81e0720a4a42581f334ad4303aa6b?s=96&d=mm&r=g","contentUrl":"https:\/\/secure.gravatar.com\/avatar\/e0a867bdedb85fd243eadf09663511f96fc81e0720a4a42581f334ad4303aa6b?s=96&d=mm&r=g","caption":"Reda\u00e7\u00e3o"}}]}},"amp_enabled":true,"_links":{"self":[{"href":"https:\/\/www.notibras.com\/site\/wp-json\/wp\/v2\/posts\/23718","targetHints":{"allow":["GET"]}}],"collection":[{"href":"https:\/\/www.notibras.com\/site\/wp-json\/wp\/v2\/posts"}],"about":[{"href":"https:\/\/www.notibras.com\/site\/wp-json\/wp\/v2\/types\/post"}],"author":[{"embeddable":true,"href":"https:\/\/www.notibras.com\/site\/wp-json\/wp\/v2\/users\/2"}],"replies":[{"embeddable":true,"href":"https:\/\/www.notibras.com\/site\/wp-json\/wp\/v2\/comments?post=23718"}],"version-history":[{"count":0,"href":"https:\/\/www.notibras.com\/site\/wp-json\/wp\/v2\/posts\/23718\/revisions"}],"wp:featuredmedia":[{"embeddable":true,"href":"https:\/\/www.notibras.com\/site\/wp-json\/wp\/v2\/media\/23719"}],"wp:attachment":[{"href":"https:\/\/www.notibras.com\/site\/wp-json\/wp\/v2\/media?parent=23718"}],"wp:term":[{"taxonomy":"category","embeddable":true,"href":"https:\/\/www.notibras.com\/site\/wp-json\/wp\/v2\/categories?post=23718"},{"taxonomy":"post_tag","embeddable":true,"href":"https:\/\/www.notibras.com\/site\/wp-json\/wp\/v2\/tags?post=23718"}],"curies":[{"name":"wp","href":"https:\/\/api.w.org\/{rel}","templated":true}]}}