{"id":23728,"date":"2014-10-02T16:56:24","date_gmt":"2014-10-02T19:56:24","guid":{"rendered":"http:\/\/www.notibras.com\/site\/?p=23728"},"modified":"2014-10-03T07:55:47","modified_gmt":"2014-10-03T10:55:47","slug":"operacao-shaolin-deve-tirar-agnelo-do-palacio-do-buriti-e-colocar-governador-em-uma-cela-da-papuda","status":"publish","type":"post","link":"https:\/\/www.notibras.com\/site\/operacao-shaolin-deve-tirar-agnelo-do-palacio-do-buriti-e-colocar-governador-em-uma-cela-da-papuda\/","title":{"rendered":"Opera\u00e7\u00e3o Shaolin deve tirar Agnelo do Buriti e colocar na Papuda"},"content":{"rendered":"<p>Agnelo Queiroz (PT) est\u00e1 politicamente morto. O longo vel\u00f3rio se encerra neste domingo, 5 de outubro. O sepultamento ser\u00e1 logo ap\u00f3s a abertura das urnas que mostrar\u00e3o os candidatos Rodrigo Rollemberg (PSB) e Jofran Frejat (PR) no segundo turno da elei\u00e7\u00e3o que definir\u00e1 o pr\u00f3ximo ocupante do Pal\u00e1cio do Buriti.<\/p>\n<p>Foi assim, com um per\u00edodo curto e o emprego de algumas poucas dezenas de palavras, que um pr\u00f3cer petista definiu o fim da carreira do governador do Distrito Federal, ap\u00f3s analisar v\u00eddeo postado no blog do jornalista Mino Pedrosa. Na imagem e no \u00e1udio, revela\u00e7\u00f5es bomb\u00e1sticas de Miguel Santos Souza, o operador de Agnelo no Minist\u00e9rio do Esporte.<\/p>\n<p>R\u00e9u (e testemunha) no processo que levou \u00e0 demiss\u00e3o de Orlando Silva, sucessor de Agnelo na Esplanada dos Minist\u00e9rios, Miguel, em depoimento \u00e0 Pol\u00edcia Civil nas investiga\u00e7\u00f5es da Opera\u00e7\u00e3o Shaolin, mostra o caminho do desvio de recursos p\u00fablicos para beneficiar Agnelo Queiroz e um restrito grupo de auxiliares pr\u00f3ximos.<\/p>\n<blockquote><p>Em uma outra grava\u00e7\u00e3o, supostamente feita por determina\u00e7\u00e3o do delegado aposentado Laerte Bessa, o \u2018homem-bomba\u2019 da Opera\u00e7\u00e3o Segundo Tempo revela ter sido assediado por pessoas ligadas a Agnelo Queiroz, que lhe ofereceram at\u00e9 6 milh\u00f5es de reais em troca do sil\u00eancio. Para depor, Miguel, que teria recusado o dinheiro do PT, pediu dinheiro suficiente para sair de Bras\u00edlia por temer ser assassinado.<\/p><\/blockquote>\n<p>As grava\u00e7\u00f5es com Miguel Santos Souza, segundo Mino Pedrosa, foram anexadas ao processo contra Agnelo Queiroz que tramita no Superior Tribunal de Justi\u00e7a. Embora do mesmo partido do governador, o informante que prev\u00ea a morte pol\u00edtica de Agnelo avalia que a senten\u00e7a condenat\u00f3ria deve sair antes mesmo do fim do mandato, no dia 31 de dezembro. A confirmar-se a senten\u00e7a, o gabinete no Pal\u00e1cio do Buriti ser\u00e1 trocado por uma cela na Papuda.<\/p>\n<p><strong>Felipe Meirelles<\/strong><\/p>\n","protected":false},"excerpt":{"rendered":"<p>Agnelo Queiroz (PT) est\u00e1 politicamente morto. O longo vel\u00f3rio se encerra neste domingo, 5 de outubro. O sepultamento ser\u00e1 logo ap\u00f3s a abertura das urnas que mostrar\u00e3o os candidatos Rodrigo Rollemberg (PSB) e Jofran Frejat (PR) no segundo turno da elei\u00e7\u00e3o que definir\u00e1 o pr\u00f3ximo ocupante do Pal\u00e1cio do Buriti. Foi assim, com um per\u00edodo [&hellip;]<\/p>\n","protected":false},"author":2,"featured_media":23729,"comment_status":"open","ping_status":"closed","sticky":false,"template":"","format":"standard","meta":{"_acf_changed":false,"footnotes":""},"categories":[33],"tags":[],"class_list":["post-23728","post","type-post","status-publish","format-standard","has-post-thumbnail","hentry","category-eleicoes-2014"],"acf":[],"yoast_head":"<!-- This site is optimized with the Yoast SEO plugin v27.5 - https:\/\/yoast.com\/product\/yoast-seo-wordpress\/ -->\n<title>Opera\u00e7\u00e3o Shaolin deve tirar Agnelo do Buriti e colocar na Papuda - Notibras<\/title>\n<meta name=\"robots\" content=\"index, follow, max-snippet:-1, max-image-preview:large, max-video-preview:-1\" \/>\n<link rel=\"canonical\" href=\"https:\/\/www.notibras.com\/site\/operacao-shaolin-deve-tirar-agnelo-do-palacio-do-buriti-e-colocar-governador-em-uma-cela-da-papuda\/\" \/>\n<meta property=\"og:locale\" content=\"pt_BR\" \/>\n<meta property=\"og:type\" content=\"article\" \/>\n<meta property=\"og:title\" content=\"Opera\u00e7\u00e3o Shaolin deve tirar Agnelo do Buriti e colocar na Papuda - Notibras\" \/>\n<meta property=\"og:description\" content=\"Agnelo Queiroz (PT) est\u00e1 politicamente morto. O longo vel\u00f3rio se encerra neste domingo, 5 de outubro. O sepultamento ser\u00e1 logo ap\u00f3s a abertura das urnas que mostrar\u00e3o os candidatos Rodrigo Rollemberg (PSB) e Jofran Frejat (PR) no segundo turno da elei\u00e7\u00e3o que definir\u00e1 o pr\u00f3ximo ocupante do Pal\u00e1cio do Buriti. Foi assim, com um per\u00edodo [&hellip;]\" \/>\n<meta property=\"og:url\" content=\"https:\/\/www.notibras.com\/site\/operacao-shaolin-deve-tirar-agnelo-do-palacio-do-buriti-e-colocar-governador-em-uma-cela-da-papuda\/\" \/>\n<meta property=\"og:site_name\" content=\"Notibras\" \/>\n<meta property=\"article:publisher\" content=\"https:\/\/www.facebook.com\/notibras\/\" \/>\n<meta property=\"article:published_time\" content=\"2014-10-02T19:56:24+00:00\" \/>\n<meta property=\"article:modified_time\" content=\"2014-10-03T10:55:47+00:00\" \/>\n<meta property=\"og:image\" content=\"https:\/\/www.notibras.com\/site\/wp-content\/uploads\/2014\/10\/hqdefault.jpg\" \/>\n\t<meta property=\"og:image:width\" content=\"480\" \/>\n\t<meta property=\"og:image:height\" content=\"360\" \/>\n\t<meta property=\"og:image:type\" content=\"image\/jpeg\" \/>\n<meta name=\"author\" content=\"Reda\u00e7\u00e3o\" \/>\n<meta name=\"twitter:card\" content=\"summary_large_image\" \/>\n<meta name=\"twitter:creator\" content=\"@Notibras\" \/>\n<meta name=\"twitter:site\" content=\"@Notibras\" \/>\n<meta name=\"twitter:label1\" content=\"Escrito por\" \/>\n\t<meta name=\"twitter:data1\" content=\"Reda\u00e7\u00e3o\" \/>\n\t<meta name=\"twitter:label2\" content=\"Est. tempo de leitura\" \/>\n\t<meta name=\"twitter:data2\" content=\"2 minutos\" \/>\n<script type=\"application\/ld+json\" class=\"yoast-schema-graph\">{\"@context\":\"https:\\\/\\\/schema.org\",\"@graph\":[{\"@type\":\"Article\",\"@id\":\"https:\\\/\\\/www.notibras.com\\\/site\\\/operacao-shaolin-deve-tirar-agnelo-do-palacio-do-buriti-e-colocar-governador-em-uma-cela-da-papuda\\\/#article\",\"isPartOf\":{\"@id\":\"https:\\\/\\\/www.notibras.com\\\/site\\\/operacao-shaolin-deve-tirar-agnelo-do-palacio-do-buriti-e-colocar-governador-em-uma-cela-da-papuda\\\/\"},\"author\":{\"name\":\"Reda\u00e7\u00e3o\",\"@id\":\"https:\\\/\\\/www.notibras.com\\\/site\\\/#\\\/schema\\\/person\\\/36ab0979449956132d3e5b517ea76ac8\"},\"headline\":\"Opera\u00e7\u00e3o Shaolin deve tirar Agnelo do Buriti e colocar na Papuda\",\"datePublished\":\"2014-10-02T19:56:24+00:00\",\"dateModified\":\"2014-10-03T10:55:47+00:00\",\"mainEntityOfPage\":{\"@id\":\"https:\\\/\\\/www.notibras.com\\\/site\\\/operacao-shaolin-deve-tirar-agnelo-do-palacio-do-buriti-e-colocar-governador-em-uma-cela-da-papuda\\\/\"},\"wordCount\":335,\"commentCount\":0,\"publisher\":{\"@id\":\"https:\\\/\\\/www.notibras.com\\\/site\\\/#organization\"},\"image\":{\"@id\":\"https:\\\/\\\/www.notibras.com\\\/site\\\/operacao-shaolin-deve-tirar-agnelo-do-palacio-do-buriti-e-colocar-governador-em-uma-cela-da-papuda\\\/#primaryimage\"},\"thumbnailUrl\":\"https:\\\/\\\/www.notibras.com\\\/site\\\/wp-content\\\/uploads\\\/2014\\\/10\\\/hqdefault.jpg\",\"articleSection\":[\"Elei\u00e7\u00f5es 2014\"],\"inLanguage\":\"pt-BR\",\"potentialAction\":[{\"@type\":\"CommentAction\",\"name\":\"Comment\",\"target\":[\"https:\\\/\\\/www.notibras.com\\\/site\\\/operacao-shaolin-deve-tirar-agnelo-do-palacio-do-buriti-e-colocar-governador-em-uma-cela-da-papuda\\\/#respond\"]}]},{\"@type\":\"WebPage\",\"@id\":\"https:\\\/\\\/www.notibras.com\\\/site\\\/operacao-shaolin-deve-tirar-agnelo-do-palacio-do-buriti-e-colocar-governador-em-uma-cela-da-papuda\\\/\",\"url\":\"https:\\\/\\\/www.notibras.com\\\/site\\\/operacao-shaolin-deve-tirar-agnelo-do-palacio-do-buriti-e-colocar-governador-em-uma-cela-da-papuda\\\/\",\"name\":\"Opera\u00e7\u00e3o Shaolin deve tirar Agnelo do Buriti e colocar na Papuda - Notibras\",\"isPartOf\":{\"@id\":\"https:\\\/\\\/www.notibras.com\\\/site\\\/#website\"},\"primaryImageOfPage\":{\"@id\":\"https:\\\/\\\/www.notibras.com\\\/site\\\/operacao-shaolin-deve-tirar-agnelo-do-palacio-do-buriti-e-colocar-governador-em-uma-cela-da-papuda\\\/#primaryimage\"},\"image\":{\"@id\":\"https:\\\/\\\/www.notibras.com\\\/site\\\/operacao-shaolin-deve-tirar-agnelo-do-palacio-do-buriti-e-colocar-governador-em-uma-cela-da-papuda\\\/#primaryimage\"},\"thumbnailUrl\":\"https:\\\/\\\/www.notibras.com\\\/site\\\/wp-content\\\/uploads\\\/2014\\\/10\\\/hqdefault.jpg\",\"datePublished\":\"2014-10-02T19:56:24+00:00\",\"dateModified\":\"2014-10-03T10:55:47+00:00\",\"breadcrumb\":{\"@id\":\"https:\\\/\\\/www.notibras.com\\\/site\\\/operacao-shaolin-deve-tirar-agnelo-do-palacio-do-buriti-e-colocar-governador-em-uma-cela-da-papuda\\\/#breadcrumb\"},\"inLanguage\":\"pt-BR\",\"potentialAction\":[{\"@type\":\"ReadAction\",\"target\":[\"https:\\\/\\\/www.notibras.com\\\/site\\\/operacao-shaolin-deve-tirar-agnelo-do-palacio-do-buriti-e-colocar-governador-em-uma-cela-da-papuda\\\/\"]}]},{\"@type\":\"ImageObject\",\"inLanguage\":\"pt-BR\",\"@id\":\"https:\\\/\\\/www.notibras.com\\\/site\\\/operacao-shaolin-deve-tirar-agnelo-do-palacio-do-buriti-e-colocar-governador-em-uma-cela-da-papuda\\\/#primaryimage\",\"url\":\"https:\\\/\\\/www.notibras.com\\\/site\\\/wp-content\\\/uploads\\\/2014\\\/10\\\/hqdefault.jpg\",\"contentUrl\":\"https:\\\/\\\/www.notibras.com\\\/site\\\/wp-content\\\/uploads\\\/2014\\\/10\\\/hqdefault.jpg\",\"width\":480,\"height\":360},{\"@type\":\"BreadcrumbList\",\"@id\":\"https:\\\/\\\/www.notibras.com\\\/site\\\/operacao-shaolin-deve-tirar-agnelo-do-palacio-do-buriti-e-colocar-governador-em-uma-cela-da-papuda\\\/#breadcrumb\",\"itemListElement\":[{\"@type\":\"ListItem\",\"position\":1,\"name\":\"In\u00edcio\",\"item\":\"https:\\\/\\\/www.notibras.com\\\/site\\\/\"},{\"@type\":\"ListItem\",\"position\":2,\"name\":\"Opera\u00e7\u00e3o Shaolin deve tirar Agnelo do Buriti e colocar na Papuda\"}]},{\"@type\":\"WebSite\",\"@id\":\"https:\\\/\\\/www.notibras.com\\\/site\\\/#website\",\"url\":\"https:\\\/\\\/www.notibras.com\\\/site\\\/\",\"name\":\"Notibras\",\"description\":\"Not\u00edcias de Bras\u00edlia, do Brasil e do Mundo\",\"publisher\":{\"@id\":\"https:\\\/\\\/www.notibras.com\\\/site\\\/#organization\"},\"potentialAction\":[{\"@type\":\"SearchAction\",\"target\":{\"@type\":\"EntryPoint\",\"urlTemplate\":\"https:\\\/\\\/www.notibras.com\\\/site\\\/?s={search_term_string}\"},\"query-input\":{\"@type\":\"PropertyValueSpecification\",\"valueRequired\":true,\"valueName\":\"search_term_string\"}}],\"inLanguage\":\"pt-BR\"},{\"@type\":\"Organization\",\"@id\":\"https:\\\/\\\/www.notibras.com\\\/site\\\/#organization\",\"name\":\"Grupo Notibras de Comunica\u00e7\u00e3o\",\"url\":\"https:\\\/\\\/www.notibras.com\\\/site\\\/\",\"logo\":{\"@type\":\"ImageObject\",\"inLanguage\":\"pt-BR\",\"@id\":\"https:\\\/\\\/www.notibras.com\\\/site\\\/#\\\/schema\\\/logo\\\/image\\\/\",\"url\":\"https:\\\/\\\/www.notibras.com\\\/site\\\/wp-content\\\/uploads\\\/2023\\\/01\\\/notibras23.png\",\"contentUrl\":\"https:\\\/\\\/www.notibras.com\\\/site\\\/wp-content\\\/uploads\\\/2023\\\/01\\\/notibras23.png\",\"width\":350,\"height\":87,\"caption\":\"Grupo Notibras de Comunica\u00e7\u00e3o\"},\"image\":{\"@id\":\"https:\\\/\\\/www.notibras.com\\\/site\\\/#\\\/schema\\\/logo\\\/image\\\/\"},\"sameAs\":[\"https:\\\/\\\/www.facebook.com\\\/notibras\\\/\",\"https:\\\/\\\/x.com\\\/Notibras\",\"https:\\\/\\\/www.instagram.com\\\/notibras\\\/\"]},{\"@type\":\"Person\",\"@id\":\"https:\\\/\\\/www.notibras.com\\\/site\\\/#\\\/schema\\\/person\\\/36ab0979449956132d3e5b517ea76ac8\",\"name\":\"Reda\u00e7\u00e3o\",\"image\":{\"@type\":\"ImageObject\",\"inLanguage\":\"pt-BR\",\"@id\":\"https:\\\/\\\/secure.gravatar.com\\\/avatar\\\/e0a867bdedb85fd243eadf09663511f96fc81e0720a4a42581f334ad4303aa6b?s=96&d=mm&r=g\",\"url\":\"https:\\\/\\\/secure.gravatar.com\\\/avatar\\\/e0a867bdedb85fd243eadf09663511f96fc81e0720a4a42581f334ad4303aa6b?s=96&d=mm&r=g\",\"contentUrl\":\"https:\\\/\\\/secure.gravatar.com\\\/avatar\\\/e0a867bdedb85fd243eadf09663511f96fc81e0720a4a42581f334ad4303aa6b?s=96&d=mm&r=g\",\"caption\":\"Reda\u00e7\u00e3o\"}}]}<\/script>\n<!-- \/ Yoast SEO plugin. -->","yoast_head_json":{"title":"Opera\u00e7\u00e3o Shaolin deve tirar Agnelo do Buriti e colocar na Papuda - Notibras","robots":{"index":"index","follow":"follow","max-snippet":"max-snippet:-1","max-image-preview":"max-image-preview:large","max-video-preview":"max-video-preview:-1"},"canonical":"https:\/\/www.notibras.com\/site\/operacao-shaolin-deve-tirar-agnelo-do-palacio-do-buriti-e-colocar-governador-em-uma-cela-da-papuda\/","og_locale":"pt_BR","og_type":"article","og_title":"Opera\u00e7\u00e3o Shaolin deve tirar Agnelo do Buriti e colocar na Papuda - Notibras","og_description":"Agnelo Queiroz (PT) est\u00e1 politicamente morto. O longo vel\u00f3rio se encerra neste domingo, 5 de outubro. O sepultamento ser\u00e1 logo ap\u00f3s a abertura das urnas que mostrar\u00e3o os candidatos Rodrigo Rollemberg (PSB) e Jofran Frejat (PR) no segundo turno da elei\u00e7\u00e3o que definir\u00e1 o pr\u00f3ximo ocupante do Pal\u00e1cio do Buriti. Foi assim, com um per\u00edodo [&hellip;]","og_url":"https:\/\/www.notibras.com\/site\/operacao-shaolin-deve-tirar-agnelo-do-palacio-do-buriti-e-colocar-governador-em-uma-cela-da-papuda\/","og_site_name":"Notibras","article_publisher":"https:\/\/www.facebook.com\/notibras\/","article_published_time":"2014-10-02T19:56:24+00:00","article_modified_time":"2014-10-03T10:55:47+00:00","og_image":[{"width":480,"height":360,"url":"https:\/\/www.notibras.com\/site\/wp-content\/uploads\/2014\/10\/hqdefault.jpg","type":"image\/jpeg"}],"author":"Reda\u00e7\u00e3o","twitter_card":"summary_large_image","twitter_creator":"@Notibras","twitter_site":"@Notibras","twitter_misc":{"Escrito por":"Reda\u00e7\u00e3o","Est. tempo de leitura":"2 minutos"},"schema":{"@context":"https:\/\/schema.org","@graph":[{"@type":"Article","@id":"https:\/\/www.notibras.com\/site\/operacao-shaolin-deve-tirar-agnelo-do-palacio-do-buriti-e-colocar-governador-em-uma-cela-da-papuda\/#article","isPartOf":{"@id":"https:\/\/www.notibras.com\/site\/operacao-shaolin-deve-tirar-agnelo-do-palacio-do-buriti-e-colocar-governador-em-uma-cela-da-papuda\/"},"author":{"name":"Reda\u00e7\u00e3o","@id":"https:\/\/www.notibras.com\/site\/#\/schema\/person\/36ab0979449956132d3e5b517ea76ac8"},"headline":"Opera\u00e7\u00e3o Shaolin deve tirar Agnelo do Buriti e colocar na Papuda","datePublished":"2014-10-02T19:56:24+00:00","dateModified":"2014-10-03T10:55:47+00:00","mainEntityOfPage":{"@id":"https:\/\/www.notibras.com\/site\/operacao-shaolin-deve-tirar-agnelo-do-palacio-do-buriti-e-colocar-governador-em-uma-cela-da-papuda\/"},"wordCount":335,"commentCount":0,"publisher":{"@id":"https:\/\/www.notibras.com\/site\/#organization"},"image":{"@id":"https:\/\/www.notibras.com\/site\/operacao-shaolin-deve-tirar-agnelo-do-palacio-do-buriti-e-colocar-governador-em-uma-cela-da-papuda\/#primaryimage"},"thumbnailUrl":"https:\/\/www.notibras.com\/site\/wp-content\/uploads\/2014\/10\/hqdefault.jpg","articleSection":["Elei\u00e7\u00f5es 2014"],"inLanguage":"pt-BR","potentialAction":[{"@type":"CommentAction","name":"Comment","target":["https:\/\/www.notibras.com\/site\/operacao-shaolin-deve-tirar-agnelo-do-palacio-do-buriti-e-colocar-governador-em-uma-cela-da-papuda\/#respond"]}]},{"@type":"WebPage","@id":"https:\/\/www.notibras.com\/site\/operacao-shaolin-deve-tirar-agnelo-do-palacio-do-buriti-e-colocar-governador-em-uma-cela-da-papuda\/","url":"https:\/\/www.notibras.com\/site\/operacao-shaolin-deve-tirar-agnelo-do-palacio-do-buriti-e-colocar-governador-em-uma-cela-da-papuda\/","name":"Opera\u00e7\u00e3o Shaolin deve tirar Agnelo do Buriti e colocar na Papuda - Notibras","isPartOf":{"@id":"https:\/\/www.notibras.com\/site\/#website"},"primaryImageOfPage":{"@id":"https:\/\/www.notibras.com\/site\/operacao-shaolin-deve-tirar-agnelo-do-palacio-do-buriti-e-colocar-governador-em-uma-cela-da-papuda\/#primaryimage"},"image":{"@id":"https:\/\/www.notibras.com\/site\/operacao-shaolin-deve-tirar-agnelo-do-palacio-do-buriti-e-colocar-governador-em-uma-cela-da-papuda\/#primaryimage"},"thumbnailUrl":"https:\/\/www.notibras.com\/site\/wp-content\/uploads\/2014\/10\/hqdefault.jpg","datePublished":"2014-10-02T19:56:24+00:00","dateModified":"2014-10-03T10:55:47+00:00","breadcrumb":{"@id":"https:\/\/www.notibras.com\/site\/operacao-shaolin-deve-tirar-agnelo-do-palacio-do-buriti-e-colocar-governador-em-uma-cela-da-papuda\/#breadcrumb"},"inLanguage":"pt-BR","potentialAction":[{"@type":"ReadAction","target":["https:\/\/www.notibras.com\/site\/operacao-shaolin-deve-tirar-agnelo-do-palacio-do-buriti-e-colocar-governador-em-uma-cela-da-papuda\/"]}]},{"@type":"ImageObject","inLanguage":"pt-BR","@id":"https:\/\/www.notibras.com\/site\/operacao-shaolin-deve-tirar-agnelo-do-palacio-do-buriti-e-colocar-governador-em-uma-cela-da-papuda\/#primaryimage","url":"https:\/\/www.notibras.com\/site\/wp-content\/uploads\/2014\/10\/hqdefault.jpg","contentUrl":"https:\/\/www.notibras.com\/site\/wp-content\/uploads\/2014\/10\/hqdefault.jpg","width":480,"height":360},{"@type":"BreadcrumbList","@id":"https:\/\/www.notibras.com\/site\/operacao-shaolin-deve-tirar-agnelo-do-palacio-do-buriti-e-colocar-governador-em-uma-cela-da-papuda\/#breadcrumb","itemListElement":[{"@type":"ListItem","position":1,"name":"In\u00edcio","item":"https:\/\/www.notibras.com\/site\/"},{"@type":"ListItem","position":2,"name":"Opera\u00e7\u00e3o Shaolin deve tirar Agnelo do Buriti e colocar na Papuda"}]},{"@type":"WebSite","@id":"https:\/\/www.notibras.com\/site\/#website","url":"https:\/\/www.notibras.com\/site\/","name":"Notibras","description":"Not\u00edcias de Bras\u00edlia, do Brasil e do Mundo","publisher":{"@id":"https:\/\/www.notibras.com\/site\/#organization"},"potentialAction":[{"@type":"SearchAction","target":{"@type":"EntryPoint","urlTemplate":"https:\/\/www.notibras.com\/site\/?s={search_term_string}"},"query-input":{"@type":"PropertyValueSpecification","valueRequired":true,"valueName":"search_term_string"}}],"inLanguage":"pt-BR"},{"@type":"Organization","@id":"https:\/\/www.notibras.com\/site\/#organization","name":"Grupo Notibras de Comunica\u00e7\u00e3o","url":"https:\/\/www.notibras.com\/site\/","logo":{"@type":"ImageObject","inLanguage":"pt-BR","@id":"https:\/\/www.notibras.com\/site\/#\/schema\/logo\/image\/","url":"https:\/\/www.notibras.com\/site\/wp-content\/uploads\/2023\/01\/notibras23.png","contentUrl":"https:\/\/www.notibras.com\/site\/wp-content\/uploads\/2023\/01\/notibras23.png","width":350,"height":87,"caption":"Grupo Notibras de Comunica\u00e7\u00e3o"},"image":{"@id":"https:\/\/www.notibras.com\/site\/#\/schema\/logo\/image\/"},"sameAs":["https:\/\/www.facebook.com\/notibras\/","https:\/\/x.com\/Notibras","https:\/\/www.instagram.com\/notibras\/"]},{"@type":"Person","@id":"https:\/\/www.notibras.com\/site\/#\/schema\/person\/36ab0979449956132d3e5b517ea76ac8","name":"Reda\u00e7\u00e3o","image":{"@type":"ImageObject","inLanguage":"pt-BR","@id":"https:\/\/secure.gravatar.com\/avatar\/e0a867bdedb85fd243eadf09663511f96fc81e0720a4a42581f334ad4303aa6b?s=96&d=mm&r=g","url":"https:\/\/secure.gravatar.com\/avatar\/e0a867bdedb85fd243eadf09663511f96fc81e0720a4a42581f334ad4303aa6b?s=96&d=mm&r=g","contentUrl":"https:\/\/secure.gravatar.com\/avatar\/e0a867bdedb85fd243eadf09663511f96fc81e0720a4a42581f334ad4303aa6b?s=96&d=mm&r=g","caption":"Reda\u00e7\u00e3o"}}]}},"amp_enabled":true,"_links":{"self":[{"href":"https:\/\/www.notibras.com\/site\/wp-json\/wp\/v2\/posts\/23728","targetHints":{"allow":["GET"]}}],"collection":[{"href":"https:\/\/www.notibras.com\/site\/wp-json\/wp\/v2\/posts"}],"about":[{"href":"https:\/\/www.notibras.com\/site\/wp-json\/wp\/v2\/types\/post"}],"author":[{"embeddable":true,"href":"https:\/\/www.notibras.com\/site\/wp-json\/wp\/v2\/users\/2"}],"replies":[{"embeddable":true,"href":"https:\/\/www.notibras.com\/site\/wp-json\/wp\/v2\/comments?post=23728"}],"version-history":[{"count":0,"href":"https:\/\/www.notibras.com\/site\/wp-json\/wp\/v2\/posts\/23728\/revisions"}],"wp:featuredmedia":[{"embeddable":true,"href":"https:\/\/www.notibras.com\/site\/wp-json\/wp\/v2\/media\/23729"}],"wp:attachment":[{"href":"https:\/\/www.notibras.com\/site\/wp-json\/wp\/v2\/media?parent=23728"}],"wp:term":[{"taxonomy":"category","embeddable":true,"href":"https:\/\/www.notibras.com\/site\/wp-json\/wp\/v2\/categories?post=23728"},{"taxonomy":"post_tag","embeddable":true,"href":"https:\/\/www.notibras.com\/site\/wp-json\/wp\/v2\/tags?post=23728"}],"curies":[{"name":"wp","href":"https:\/\/api.w.org\/{rel}","templated":true}]}}