{"id":23760,"date":"2014-10-02T18:31:31","date_gmt":"2014-10-02T21:31:31","guid":{"rendered":"http:\/\/www.notibras.com\/site\/?p=23760"},"modified":"2014-10-04T15:58:59","modified_gmt":"2014-10-04T18:58:59","slug":"brasileiro-vai-ganhar-aumento-da-gasolina-como-presente-de-natal","status":"publish","type":"post","link":"https:\/\/www.notibras.com\/site\/brasileiro-vai-ganhar-aumento-da-gasolina-como-presente-de-natal\/","title":{"rendered":"Brasileiro ter\u00e1 aumento da gasolina de presente no Natal"},"content":{"rendered":"<p>A gasolina vai ficar mais cara ainda este ano, afirmou o ministro da Fazenda, Guido Mantega, segundo o G1.\u00a0 Mantega, que tamb\u00e9m \u00e9 presidente do Conselho de Administra\u00e7\u00e3o da Petrobras, disse tamb\u00e9m que o governo decidiu &#8220;sacrificar&#8221; o chamado &#8220;super\u00e1vit prim\u00e1rio&#8221; \u2013 que \u00e9 a economia feita para pagar juros da d\u00edvida p\u00fablica \u2013 em prol de gastos com investimentos, sa\u00fade e educa\u00e7\u00e3o.<\/p>\n<blockquote><p>&#8220;Quem resolve o pre\u00e7o da gasolina \u00e9 a Petrobras. Temos uma certa regularidade. Nos \u00faltimos anos, sempre teve aumento. Um ou dois. \u00c9 um setor privilegiado. A maioria dos segmentos teve reajuste de pre\u00e7os uma vez por ano, e n\u00e3o duas vezes por ano. Ano passado [a gasolina] teve dois aumentos. Ent\u00e3o, esse ano n\u00e3o ser\u00e1 diferente. Vai ter aumento. Ano passado teve aumento em novembro. Quando houver a decis\u00e3o, haver\u00e1 um aumento. N\u00e3o cabe a mim decidir isso&#8221;, disse Mantega.<\/p><\/blockquote>\n<p>No ano passado, houve dois reajustes nos pre\u00e7os da gasolina. O primeiro aconteceu em janeiro, quando a Petrobras reajustou o diesel em 5,4% e a gasolina, em 6,6%. O \u00faltimo reajuste aconteceu no fim de novembro de 2013 \u2013 momento no qual a Petrobras anunciou que os pre\u00e7os da gasolina e do diesel foram reajustados nas refinarias, sendo que a alta foi de 4% para a gasolina e de 8% para o diesel.<\/p>\n","protected":false},"excerpt":{"rendered":"<p>A gasolina vai ficar mais cara ainda este ano, afirmou o ministro da Fazenda, Guido Mantega, segundo o G1.\u00a0 Mantega, que tamb\u00e9m \u00e9 presidente do Conselho de Administra\u00e7\u00e3o da Petrobras, disse tamb\u00e9m que o governo decidiu &#8220;sacrificar&#8221; o chamado &#8220;super\u00e1vit prim\u00e1rio&#8221; \u2013 que \u00e9 a economia feita para pagar juros da d\u00edvida p\u00fablica \u2013 em [&hellip;]<\/p>\n","protected":false},"author":2,"featured_media":23761,"comment_status":"open","ping_status":"closed","sticky":false,"template":"","format":"standard","meta":{"_acf_changed":false,"footnotes":""},"categories":[16],"tags":[],"class_list":["post-23760","post","type-post","status-publish","format-standard","has-post-thumbnail","hentry","category-brasil"],"acf":[],"_links":{"self":[{"href":"https:\/\/www.notibras.com\/site\/wp-json\/wp\/v2\/posts\/23760","targetHints":{"allow":["GET"]}}],"collection":[{"href":"https:\/\/www.notibras.com\/site\/wp-json\/wp\/v2\/posts"}],"about":[{"href":"https:\/\/www.notibras.com\/site\/wp-json\/wp\/v2\/types\/post"}],"author":[{"embeddable":true,"href":"https:\/\/www.notibras.com\/site\/wp-json\/wp\/v2\/users\/2"}],"replies":[{"embeddable":true,"href":"https:\/\/www.notibras.com\/site\/wp-json\/wp\/v2\/comments?post=23760"}],"version-history":[{"count":0,"href":"https:\/\/www.notibras.com\/site\/wp-json\/wp\/v2\/posts\/23760\/revisions"}],"wp:featuredmedia":[{"embeddable":true,"href":"https:\/\/www.notibras.com\/site\/wp-json\/wp\/v2\/media\/23761"}],"wp:attachment":[{"href":"https:\/\/www.notibras.com\/site\/wp-json\/wp\/v2\/media?parent=23760"}],"wp:term":[{"taxonomy":"category","embeddable":true,"href":"https:\/\/www.notibras.com\/site\/wp-json\/wp\/v2\/categories?post=23760"},{"taxonomy":"post_tag","embeddable":true,"href":"https:\/\/www.notibras.com\/site\/wp-json\/wp\/v2\/tags?post=23760"}],"curies":[{"name":"wp","href":"https:\/\/api.w.org\/{rel}","templated":true}]}}