{"id":23814,"date":"2014-10-03T06:58:14","date_gmt":"2014-10-03T09:58:14","guid":{"rendered":"http:\/\/www.notibras.com\/site\/?p=23814"},"modified":"2014-10-03T06:58:14","modified_gmt":"2014-10-03T09:58:14","slug":"agnelo-arranja-dindim-para-fazer-barulho-na-boca-de-urna","status":"publish","type":"post","link":"https:\/\/www.notibras.com\/site\/agnelo-arranja-dindim-para-fazer-barulho-na-boca-de-urna\/","title":{"rendered":"Agnelo arranja dindim para fazer barulho na boca de urna"},"content":{"rendered":"<p>Via estranha, essa que marca a acirrada disputa eleitoral em Bras\u00edlia. A caminho da UTI, respirando por aparelhos, o PT abre o caixa na hora da extrema-un\u00e7\u00e3o e contrata milhares de cabos eleitorais para fazer boca-de-urna no domingo. Pagamento cash, apesar de os bancos estarem em greve.\u00a0 Suspeita-se da torta origem do dinheiro, como as pernas de Man\u00e9 Garrincha. Para quem vai vestir a m\u00e1scara (mas n\u00e3o necessariamente a camisa) h\u00e1 promessas de uma cadeira no Centro Administrativo que se ergue a toque de caixa em Taguatinga.<\/p>\n","protected":false},"excerpt":{"rendered":"<p>Via estranha, essa que marca a acirrada disputa eleitoral em Bras\u00edlia. A caminho da UTI, respirando por aparelhos, o PT abre o caixa na hora da extrema-un\u00e7\u00e3o e contrata milhares de cabos eleitorais para fazer boca-de-urna no domingo. Pagamento cash, apesar de os bancos estarem em greve.\u00a0 Suspeita-se da torta origem do dinheiro, como as [&hellip;]<\/p>\n","protected":false},"author":2,"featured_media":23815,"comment_status":"open","ping_status":"closed","sticky":false,"template":"","format":"standard","meta":{"_acf_changed":false,"footnotes":""},"categories":[26],"tags":[],"class_list":["post-23814","post","type-post","status-publish","format-standard","has-post-thumbnail","hentry","category-eleicoes-2022"],"acf":[],"yoast_head":"<!-- This site is optimized with the Yoast SEO plugin v27.2 - https:\/\/yoast.com\/product\/yoast-seo-wordpress\/ -->\n<title>Agnelo arranja dindim para fazer barulho na boca de urna - Notibras<\/title>\n<meta name=\"robots\" content=\"index, follow, max-snippet:-1, max-image-preview:large, max-video-preview:-1\" \/>\n<link rel=\"canonical\" href=\"https:\/\/www.notibras.com\/site\/agnelo-arranja-dindim-para-fazer-barulho-na-boca-de-urna\/\" \/>\n<meta property=\"og:locale\" content=\"pt_BR\" \/>\n<meta property=\"og:type\" content=\"article\" \/>\n<meta property=\"og:title\" content=\"Agnelo arranja dindim para fazer barulho na boca de urna - Notibras\" \/>\n<meta property=\"og:description\" content=\"Via estranha, essa que marca a acirrada disputa eleitoral em Bras\u00edlia. A caminho da UTI, respirando por aparelhos, o PT abre o caixa na hora da extrema-un\u00e7\u00e3o e contrata milhares de cabos eleitorais para fazer boca-de-urna no domingo. Pagamento cash, apesar de os bancos estarem em greve.\u00a0 Suspeita-se da torta origem do dinheiro, como as [&hellip;]\" \/>\n<meta property=\"og:url\" content=\"https:\/\/www.notibras.com\/site\/agnelo-arranja-dindim-para-fazer-barulho-na-boca-de-urna\/\" \/>\n<meta property=\"og:site_name\" content=\"Notibras\" \/>\n<meta property=\"article:publisher\" content=\"https:\/\/www.facebook.com\/notibras\/\" \/>\n<meta property=\"article:published_time\" content=\"2014-10-03T09:58:14+00:00\" \/>\n<meta property=\"og:image\" content=\"https:\/\/www.notibras.com\/site\/wp-content\/uploads\/2014\/10\/28out2012-flagrante-de-boca-de-urna-nos-arredores-da-secao-eleitoral-na-qual-votou-o-candidato-rodrigo-neves-pt-1351448169668_956x500.jpg\" \/>\n\t<meta property=\"og:image:width\" content=\"956\" \/>\n\t<meta property=\"og:image:height\" content=\"500\" \/>\n\t<meta property=\"og:image:type\" content=\"image\/jpeg\" \/>\n<meta name=\"author\" content=\"Reda\u00e7\u00e3o\" \/>\n<meta name=\"twitter:card\" content=\"summary_large_image\" \/>\n<meta name=\"twitter:creator\" content=\"@Notibras\" \/>\n<meta name=\"twitter:site\" content=\"@Notibras\" \/>\n<meta name=\"twitter:label1\" content=\"Escrito por\" \/>\n\t<meta name=\"twitter:data1\" content=\"Reda\u00e7\u00e3o\" \/>\n<script type=\"application\/ld+json\" class=\"yoast-schema-graph\">{\"@context\":\"https:\/\/schema.org\",\"@graph\":[{\"@type\":\"Article\",\"@id\":\"https:\/\/www.notibras.com\/site\/agnelo-arranja-dindim-para-fazer-barulho-na-boca-de-urna\/#article\",\"isPartOf\":{\"@id\":\"https:\/\/www.notibras.com\/site\/agnelo-arranja-dindim-para-fazer-barulho-na-boca-de-urna\/\"},\"author\":{\"name\":\"Reda\u00e7\u00e3o\",\"@id\":\"https:\/\/www.notibras.com\/site\/#\/schema\/person\/36ab0979449956132d3e5b517ea76ac8\"},\"headline\":\"Agnelo arranja dindim para fazer barulho na boca de urna\",\"datePublished\":\"2014-10-03T09:58:14+00:00\",\"mainEntityOfPage\":{\"@id\":\"https:\/\/www.notibras.com\/site\/agnelo-arranja-dindim-para-fazer-barulho-na-boca-de-urna\/\"},\"wordCount\":101,\"commentCount\":0,\"publisher\":{\"@id\":\"https:\/\/www.notibras.com\/site\/#organization\"},\"image\":{\"@id\":\"https:\/\/www.notibras.com\/site\/agnelo-arranja-dindim-para-fazer-barulho-na-boca-de-urna\/#primaryimage\"},\"thumbnailUrl\":\"https:\/\/www.notibras.com\/site\/wp-content\/uploads\/2014\/10\/28out2012-flagrante-de-boca-de-urna-nos-arredores-da-secao-eleitoral-na-qual-votou-o-candidato-rodrigo-neves-pt-1351448169668_956x500.jpg\",\"articleSection\":[\"Elei\u00e7\u00f5es 2022\"],\"inLanguage\":\"pt-BR\",\"potentialAction\":[{\"@type\":\"CommentAction\",\"name\":\"Comment\",\"target\":[\"https:\/\/www.notibras.com\/site\/agnelo-arranja-dindim-para-fazer-barulho-na-boca-de-urna\/#respond\"]}]},{\"@type\":\"WebPage\",\"@id\":\"https:\/\/www.notibras.com\/site\/agnelo-arranja-dindim-para-fazer-barulho-na-boca-de-urna\/\",\"url\":\"https:\/\/www.notibras.com\/site\/agnelo-arranja-dindim-para-fazer-barulho-na-boca-de-urna\/\",\"name\":\"Agnelo arranja dindim para fazer barulho na boca de urna - Notibras\",\"isPartOf\":{\"@id\":\"https:\/\/www.notibras.com\/site\/#website\"},\"primaryImageOfPage\":{\"@id\":\"https:\/\/www.notibras.com\/site\/agnelo-arranja-dindim-para-fazer-barulho-na-boca-de-urna\/#primaryimage\"},\"image\":{\"@id\":\"https:\/\/www.notibras.com\/site\/agnelo-arranja-dindim-para-fazer-barulho-na-boca-de-urna\/#primaryimage\"},\"thumbnailUrl\":\"https:\/\/www.notibras.com\/site\/wp-content\/uploads\/2014\/10\/28out2012-flagrante-de-boca-de-urna-nos-arredores-da-secao-eleitoral-na-qual-votou-o-candidato-rodrigo-neves-pt-1351448169668_956x500.jpg\",\"datePublished\":\"2014-10-03T09:58:14+00:00\",\"breadcrumb\":{\"@id\":\"https:\/\/www.notibras.com\/site\/agnelo-arranja-dindim-para-fazer-barulho-na-boca-de-urna\/#breadcrumb\"},\"inLanguage\":\"pt-BR\",\"potentialAction\":[{\"@type\":\"ReadAction\",\"target\":[\"https:\/\/www.notibras.com\/site\/agnelo-arranja-dindim-para-fazer-barulho-na-boca-de-urna\/\"]}]},{\"@type\":\"ImageObject\",\"inLanguage\":\"pt-BR\",\"@id\":\"https:\/\/www.notibras.com\/site\/agnelo-arranja-dindim-para-fazer-barulho-na-boca-de-urna\/#primaryimage\",\"url\":\"https:\/\/www.notibras.com\/site\/wp-content\/uploads\/2014\/10\/28out2012-flagrante-de-boca-de-urna-nos-arredores-da-secao-eleitoral-na-qual-votou-o-candidato-rodrigo-neves-pt-1351448169668_956x500.jpg\",\"contentUrl\":\"https:\/\/www.notibras.com\/site\/wp-content\/uploads\/2014\/10\/28out2012-flagrante-de-boca-de-urna-nos-arredores-da-secao-eleitoral-na-qual-votou-o-candidato-rodrigo-neves-pt-1351448169668_956x500.jpg\",\"width\":956,\"height\":500},{\"@type\":\"BreadcrumbList\",\"@id\":\"https:\/\/www.notibras.com\/site\/agnelo-arranja-dindim-para-fazer-barulho-na-boca-de-urna\/#breadcrumb\",\"itemListElement\":[{\"@type\":\"ListItem\",\"position\":1,\"name\":\"In\u00edcio\",\"item\":\"https:\/\/www.notibras.com\/site\/\"},{\"@type\":\"ListItem\",\"position\":2,\"name\":\"Agnelo arranja dindim para fazer barulho na boca de urna\"}]},{\"@type\":\"WebSite\",\"@id\":\"https:\/\/www.notibras.com\/site\/#website\",\"url\":\"https:\/\/www.notibras.com\/site\/\",\"name\":\"Notibras\",\"description\":\"Not\u00edcias de Bras\u00edlia, do Brasil e do Mundo\",\"publisher\":{\"@id\":\"https:\/\/www.notibras.com\/site\/#organization\"},\"potentialAction\":[{\"@type\":\"SearchAction\",\"target\":{\"@type\":\"EntryPoint\",\"urlTemplate\":\"https:\/\/www.notibras.com\/site\/?s={search_term_string}\"},\"query-input\":{\"@type\":\"PropertyValueSpecification\",\"valueRequired\":true,\"valueName\":\"search_term_string\"}}],\"inLanguage\":\"pt-BR\"},{\"@type\":\"Organization\",\"@id\":\"https:\/\/www.notibras.com\/site\/#organization\",\"name\":\"Grupo Notibras de Comunica\u00e7\u00e3o\",\"url\":\"https:\/\/www.notibras.com\/site\/\",\"logo\":{\"@type\":\"ImageObject\",\"inLanguage\":\"pt-BR\",\"@id\":\"https:\/\/www.notibras.com\/site\/#\/schema\/logo\/image\/\",\"url\":\"https:\/\/www.notibras.com\/site\/wp-content\/uploads\/2023\/01\/notibras23.png\",\"contentUrl\":\"https:\/\/www.notibras.com\/site\/wp-content\/uploads\/2023\/01\/notibras23.png\",\"width\":350,\"height\":87,\"caption\":\"Grupo Notibras de Comunica\u00e7\u00e3o\"},\"image\":{\"@id\":\"https:\/\/www.notibras.com\/site\/#\/schema\/logo\/image\/\"},\"sameAs\":[\"https:\/\/www.facebook.com\/notibras\/\",\"https:\/\/x.com\/Notibras\",\"https:\/\/www.instagram.com\/notibras\/\"]},{\"@type\":\"Person\",\"@id\":\"https:\/\/www.notibras.com\/site\/#\/schema\/person\/36ab0979449956132d3e5b517ea76ac8\",\"name\":\"Reda\u00e7\u00e3o\",\"image\":{\"@type\":\"ImageObject\",\"inLanguage\":\"pt-BR\",\"@id\":\"https:\/\/secure.gravatar.com\/avatar\/e0a867bdedb85fd243eadf09663511f96fc81e0720a4a42581f334ad4303aa6b?s=96&d=mm&r=g\",\"url\":\"https:\/\/secure.gravatar.com\/avatar\/e0a867bdedb85fd243eadf09663511f96fc81e0720a4a42581f334ad4303aa6b?s=96&d=mm&r=g\",\"contentUrl\":\"https:\/\/secure.gravatar.com\/avatar\/e0a867bdedb85fd243eadf09663511f96fc81e0720a4a42581f334ad4303aa6b?s=96&d=mm&r=g\",\"caption\":\"Reda\u00e7\u00e3o\"}}]}<\/script>\n<!-- \/ Yoast SEO plugin. -->","yoast_head_json":{"title":"Agnelo arranja dindim para fazer barulho na boca de urna - Notibras","robots":{"index":"index","follow":"follow","max-snippet":"max-snippet:-1","max-image-preview":"max-image-preview:large","max-video-preview":"max-video-preview:-1"},"canonical":"https:\/\/www.notibras.com\/site\/agnelo-arranja-dindim-para-fazer-barulho-na-boca-de-urna\/","og_locale":"pt_BR","og_type":"article","og_title":"Agnelo arranja dindim para fazer barulho na boca de urna - Notibras","og_description":"Via estranha, essa que marca a acirrada disputa eleitoral em Bras\u00edlia. A caminho da UTI, respirando por aparelhos, o PT abre o caixa na hora da extrema-un\u00e7\u00e3o e contrata milhares de cabos eleitorais para fazer boca-de-urna no domingo. Pagamento cash, apesar de os bancos estarem em greve.\u00a0 Suspeita-se da torta origem do dinheiro, como as [&hellip;]","og_url":"https:\/\/www.notibras.com\/site\/agnelo-arranja-dindim-para-fazer-barulho-na-boca-de-urna\/","og_site_name":"Notibras","article_publisher":"https:\/\/www.facebook.com\/notibras\/","article_published_time":"2014-10-03T09:58:14+00:00","og_image":[{"width":956,"height":500,"url":"https:\/\/www.notibras.com\/site\/wp-content\/uploads\/2014\/10\/28out2012-flagrante-de-boca-de-urna-nos-arredores-da-secao-eleitoral-na-qual-votou-o-candidato-rodrigo-neves-pt-1351448169668_956x500.jpg","type":"image\/jpeg"}],"author":"Reda\u00e7\u00e3o","twitter_card":"summary_large_image","twitter_creator":"@Notibras","twitter_site":"@Notibras","twitter_misc":{"Escrito por":"Reda\u00e7\u00e3o"},"schema":{"@context":"https:\/\/schema.org","@graph":[{"@type":"Article","@id":"https:\/\/www.notibras.com\/site\/agnelo-arranja-dindim-para-fazer-barulho-na-boca-de-urna\/#article","isPartOf":{"@id":"https:\/\/www.notibras.com\/site\/agnelo-arranja-dindim-para-fazer-barulho-na-boca-de-urna\/"},"author":{"name":"Reda\u00e7\u00e3o","@id":"https:\/\/www.notibras.com\/site\/#\/schema\/person\/36ab0979449956132d3e5b517ea76ac8"},"headline":"Agnelo arranja dindim para fazer barulho na boca de urna","datePublished":"2014-10-03T09:58:14+00:00","mainEntityOfPage":{"@id":"https:\/\/www.notibras.com\/site\/agnelo-arranja-dindim-para-fazer-barulho-na-boca-de-urna\/"},"wordCount":101,"commentCount":0,"publisher":{"@id":"https:\/\/www.notibras.com\/site\/#organization"},"image":{"@id":"https:\/\/www.notibras.com\/site\/agnelo-arranja-dindim-para-fazer-barulho-na-boca-de-urna\/#primaryimage"},"thumbnailUrl":"https:\/\/www.notibras.com\/site\/wp-content\/uploads\/2014\/10\/28out2012-flagrante-de-boca-de-urna-nos-arredores-da-secao-eleitoral-na-qual-votou-o-candidato-rodrigo-neves-pt-1351448169668_956x500.jpg","articleSection":["Elei\u00e7\u00f5es 2022"],"inLanguage":"pt-BR","potentialAction":[{"@type":"CommentAction","name":"Comment","target":["https:\/\/www.notibras.com\/site\/agnelo-arranja-dindim-para-fazer-barulho-na-boca-de-urna\/#respond"]}]},{"@type":"WebPage","@id":"https:\/\/www.notibras.com\/site\/agnelo-arranja-dindim-para-fazer-barulho-na-boca-de-urna\/","url":"https:\/\/www.notibras.com\/site\/agnelo-arranja-dindim-para-fazer-barulho-na-boca-de-urna\/","name":"Agnelo arranja dindim para fazer barulho na boca de urna - Notibras","isPartOf":{"@id":"https:\/\/www.notibras.com\/site\/#website"},"primaryImageOfPage":{"@id":"https:\/\/www.notibras.com\/site\/agnelo-arranja-dindim-para-fazer-barulho-na-boca-de-urna\/#primaryimage"},"image":{"@id":"https:\/\/www.notibras.com\/site\/agnelo-arranja-dindim-para-fazer-barulho-na-boca-de-urna\/#primaryimage"},"thumbnailUrl":"https:\/\/www.notibras.com\/site\/wp-content\/uploads\/2014\/10\/28out2012-flagrante-de-boca-de-urna-nos-arredores-da-secao-eleitoral-na-qual-votou-o-candidato-rodrigo-neves-pt-1351448169668_956x500.jpg","datePublished":"2014-10-03T09:58:14+00:00","breadcrumb":{"@id":"https:\/\/www.notibras.com\/site\/agnelo-arranja-dindim-para-fazer-barulho-na-boca-de-urna\/#breadcrumb"},"inLanguage":"pt-BR","potentialAction":[{"@type":"ReadAction","target":["https:\/\/www.notibras.com\/site\/agnelo-arranja-dindim-para-fazer-barulho-na-boca-de-urna\/"]}]},{"@type":"ImageObject","inLanguage":"pt-BR","@id":"https:\/\/www.notibras.com\/site\/agnelo-arranja-dindim-para-fazer-barulho-na-boca-de-urna\/#primaryimage","url":"https:\/\/www.notibras.com\/site\/wp-content\/uploads\/2014\/10\/28out2012-flagrante-de-boca-de-urna-nos-arredores-da-secao-eleitoral-na-qual-votou-o-candidato-rodrigo-neves-pt-1351448169668_956x500.jpg","contentUrl":"https:\/\/www.notibras.com\/site\/wp-content\/uploads\/2014\/10\/28out2012-flagrante-de-boca-de-urna-nos-arredores-da-secao-eleitoral-na-qual-votou-o-candidato-rodrigo-neves-pt-1351448169668_956x500.jpg","width":956,"height":500},{"@type":"BreadcrumbList","@id":"https:\/\/www.notibras.com\/site\/agnelo-arranja-dindim-para-fazer-barulho-na-boca-de-urna\/#breadcrumb","itemListElement":[{"@type":"ListItem","position":1,"name":"In\u00edcio","item":"https:\/\/www.notibras.com\/site\/"},{"@type":"ListItem","position":2,"name":"Agnelo arranja dindim para fazer barulho na boca de urna"}]},{"@type":"WebSite","@id":"https:\/\/www.notibras.com\/site\/#website","url":"https:\/\/www.notibras.com\/site\/","name":"Notibras","description":"Not\u00edcias de Bras\u00edlia, do Brasil e do Mundo","publisher":{"@id":"https:\/\/www.notibras.com\/site\/#organization"},"potentialAction":[{"@type":"SearchAction","target":{"@type":"EntryPoint","urlTemplate":"https:\/\/www.notibras.com\/site\/?s={search_term_string}"},"query-input":{"@type":"PropertyValueSpecification","valueRequired":true,"valueName":"search_term_string"}}],"inLanguage":"pt-BR"},{"@type":"Organization","@id":"https:\/\/www.notibras.com\/site\/#organization","name":"Grupo Notibras de Comunica\u00e7\u00e3o","url":"https:\/\/www.notibras.com\/site\/","logo":{"@type":"ImageObject","inLanguage":"pt-BR","@id":"https:\/\/www.notibras.com\/site\/#\/schema\/logo\/image\/","url":"https:\/\/www.notibras.com\/site\/wp-content\/uploads\/2023\/01\/notibras23.png","contentUrl":"https:\/\/www.notibras.com\/site\/wp-content\/uploads\/2023\/01\/notibras23.png","width":350,"height":87,"caption":"Grupo Notibras de Comunica\u00e7\u00e3o"},"image":{"@id":"https:\/\/www.notibras.com\/site\/#\/schema\/logo\/image\/"},"sameAs":["https:\/\/www.facebook.com\/notibras\/","https:\/\/x.com\/Notibras","https:\/\/www.instagram.com\/notibras\/"]},{"@type":"Person","@id":"https:\/\/www.notibras.com\/site\/#\/schema\/person\/36ab0979449956132d3e5b517ea76ac8","name":"Reda\u00e7\u00e3o","image":{"@type":"ImageObject","inLanguage":"pt-BR","@id":"https:\/\/secure.gravatar.com\/avatar\/e0a867bdedb85fd243eadf09663511f96fc81e0720a4a42581f334ad4303aa6b?s=96&d=mm&r=g","url":"https:\/\/secure.gravatar.com\/avatar\/e0a867bdedb85fd243eadf09663511f96fc81e0720a4a42581f334ad4303aa6b?s=96&d=mm&r=g","contentUrl":"https:\/\/secure.gravatar.com\/avatar\/e0a867bdedb85fd243eadf09663511f96fc81e0720a4a42581f334ad4303aa6b?s=96&d=mm&r=g","caption":"Reda\u00e7\u00e3o"}}]}},"amp_enabled":true,"_links":{"self":[{"href":"https:\/\/www.notibras.com\/site\/wp-json\/wp\/v2\/posts\/23814","targetHints":{"allow":["GET"]}}],"collection":[{"href":"https:\/\/www.notibras.com\/site\/wp-json\/wp\/v2\/posts"}],"about":[{"href":"https:\/\/www.notibras.com\/site\/wp-json\/wp\/v2\/types\/post"}],"author":[{"embeddable":true,"href":"https:\/\/www.notibras.com\/site\/wp-json\/wp\/v2\/users\/2"}],"replies":[{"embeddable":true,"href":"https:\/\/www.notibras.com\/site\/wp-json\/wp\/v2\/comments?post=23814"}],"version-history":[{"count":0,"href":"https:\/\/www.notibras.com\/site\/wp-json\/wp\/v2\/posts\/23814\/revisions"}],"wp:featuredmedia":[{"embeddable":true,"href":"https:\/\/www.notibras.com\/site\/wp-json\/wp\/v2\/media\/23815"}],"wp:attachment":[{"href":"https:\/\/www.notibras.com\/site\/wp-json\/wp\/v2\/media?parent=23814"}],"wp:term":[{"taxonomy":"category","embeddable":true,"href":"https:\/\/www.notibras.com\/site\/wp-json\/wp\/v2\/categories?post=23814"},{"taxonomy":"post_tag","embeddable":true,"href":"https:\/\/www.notibras.com\/site\/wp-json\/wp\/v2\/tags?post=23814"}],"curies":[{"name":"wp","href":"https:\/\/api.w.org\/{rel}","templated":true}]}}