{"id":238609,"date":"2020-08-16T10:55:20","date_gmt":"2020-08-16T13:55:20","guid":{"rendered":"https:\/\/www.notibras.com\/site\/?p=238609"},"modified":"2020-08-16T12:00:14","modified_gmt":"2020-08-16T15:00:14","slug":"estrela-ana-faz-em-30s-o-que-a-terra-leva-um-dia","status":"publish","type":"post","link":"https:\/\/www.notibras.com\/site\/estrela-ana-faz-em-30s-o-que-a-terra-leva-um-dia\/","title":{"rendered":"Estrela an\u00e3 faz em 30s o que a Terra leva um dia"},"content":{"rendered":"<p>Uma equipe de pesquisadores liderados por um brasileiro descobriu uma estrela do tipo an\u00e3 branca que precisa de apenas 29,6 segundos para completar um giro ao redor de si, o que a Terra demora 24 horas para fazer. At\u00e9 ent\u00e3o, o per\u00edodo de rota\u00e7\u00e3o mais curto j\u00e1 identificado entre estrelas do tipo era de 33 segundos.<\/p>\n<p>A estrela tem uma massa similar a do Sol e volume equivalente ao da Terra, o que faz dela uma estrela \u201cextremamente densa\u201d. Ela tem, como vizinha, uma outra estrela, de massa ligeiramente maior, da qual captura mat\u00e9ria. Juntas, formam o sistema bin\u00e1rio CTCVJ2056-3014, movendo-se uma ao redor da outra, em formato e dist\u00e2ncia similares ao da Lua em rela\u00e7\u00e3o \u00e0 Terra.<\/p>\n<p>Para se ter uma ideia do qu\u00e3o r\u00e1pido \u00e9 o giro dessa estrela, basta compar\u00e1-lo ao do nosso planeta, que em sua regi\u00e3o central (linha do Equador) move-se a uma velocidade de 1.670 quil\u00f4metros por hora (km\/h). \u201cEssa estrela gira a uma velocidade pr\u00f3xima a 5 milh\u00f5es km\/h\u201d, disse \u00e0 Ag\u00eancia Brasil, o professor do Departamento de F\u00edsica da Universidade Federal de Sergipe (UFS) e do Observat\u00f3rio Nacional (ON), Raimundo Lopes de Oliveira, l\u00edder da pesquisa que foi publicada este m\u00eas na revista The Astrophysical Journal Letters.<\/p>\n<p>Al\u00e9m de Lopes de Oliveira, participaram do estudo Albert Bruch, do Laborat\u00f3rio Nacional de Astrof\u00edsica (LNA); Claudia Vilega Rodrigues, do Instituto Nacional de Pesquisas Espaciais (INPE); Alexandre Soares de Oliveira, da Universidade do Vale do Para\u00edba (Univap); e Koji Mukai, da Nasa (a ag\u00eancia espacial norte-americana) e da Universidade de Maryland Baltimore County, nos Estados Unidos.<\/p>\n<p>\u201cEnquanto a Terra d\u00e1 um giro completo em 24 horas, que \u00e9 o que chamamos de dia, essa estrela d\u00e1 quase 3000 giros\u201d, explica o f\u00edsico da UFS e do ON. Segundo ele, poucas estrelas do tipo an\u00e3 branca j\u00e1 identificadas t\u00eam um per\u00edodo de rota\u00e7\u00e3o inferior a 100 segundos. \u201cGeralmente a rota\u00e7\u00e3o dura de minutos a horas quando em sistemas bin\u00e1rios. No caso de estrelas isoladas, costuma levar dias para completar a volta ao redor do pr\u00f3prio eixo\u201d, acrescenta.<\/p>\n<p>Al\u00e9m do giro em alta velocidade, a estrela an\u00e3 branca possui outras peculiaridades. Seu campo magn\u00e9tico \u00e9 mais baixo do que estrelas em sistemas similares, ainda que seja 1 milh\u00e3o de vezes maior do que o campo magn\u00e9tico da Terra. \u00c9 tamb\u00e9m interessante o fato de ter luminosidade em raio-x mais baixa do que o normal para esse tipo de sistema.<\/p>\n<p>\u201cEssa descoberta nos permite estudar a F\u00edsica em seu extremo porque esse sistema nos possibilita ter um laborat\u00f3rio de estudo sob condi\u00e7\u00f5es que n\u00e3o temos aqui em nosso planeta\u201d, explica Lopes de Oliveira referindo-se \u00e0s pesquisas que vir\u00e3o a partir do estudo sobre a intera\u00e7\u00e3o de mat\u00e9ria com campo magn\u00e9tico em grande velocidade.<\/p>\n<p>Segundo ele, tais estudos poder\u00e3o avan\u00e7ar os conhecimentos humanos em \u00e1reas b\u00e1sicas como intera\u00e7\u00e3o de part\u00edculas com carga e campos magn\u00e9ticos, al\u00e9m de processos que envolvem fus\u00e3o nuclear. \u201cPoderemos ver como a mat\u00e9ria reage em determinadas situa\u00e7\u00f5es, e o que \u00e9 produzido a partir de determinadas circunst\u00e2ncias\u201d, explica o f\u00edsico. \u201cAl\u00e9m disso, ao estudar uma estrela an\u00e3 branca, estamos estudando o futuro do nosso Sol. Estudando o fim, podemos entender melhor a evolu\u00e7\u00e3o como um todo\u201d, complementa.<\/p>\n<p>Apesar de estar localizada a apenas 850 anos luz de nosso sistema solar \u2013 dist\u00e2ncia considerada pequena nas escalas astron\u00f4micas \u2013 nenhum telesc\u00f3pio atual consegue ver as duas estrelas deste sistema separadas, apenas o brilho combinado de ambas. A descoberta s\u00f3 foi poss\u00edvel por meio de observa\u00e7\u00f5es em raio-x, feitas com a ajuda do telesc\u00f3pio espacial XMM-Newton, da Ag\u00eancia Espacial Europeia (ESA), complementado por observa\u00e7\u00f5es feitas a partir do telesc\u00f3pio Zeiss do Observat\u00f3rio do Pico dos Dias(OPD), localizado em Minas Gerais e gerenciado pelo Laborat\u00f3rio Nacional de Astrof\u00edsica.<\/p>\n","protected":false},"excerpt":{"rendered":"<p>Uma equipe de pesquisadores liderados por um brasileiro descobriu uma estrela do tipo an\u00e3 branca que precisa de apenas 29,6 segundos para completar um giro ao redor de si, o que a Terra demora 24 horas para fazer. At\u00e9 ent\u00e3o, o per\u00edodo de rota\u00e7\u00e3o mais curto j\u00e1 identificado entre estrelas do tipo era de 33 [&hellip;]<\/p>\n","protected":false},"author":2,"featured_media":238610,"comment_status":"closed","ping_status":"closed","sticky":false,"template":"","format":"standard","meta":{"_acf_changed":false,"footnotes":""},"categories":[71],"tags":[95],"class_list":["post-238609","post","type-post","status-publish","format-standard","has-post-thumbnail","hentry","category-curiosidades","tag-capa"],"acf":[],"yoast_head":"<!-- This site is optimized with the Yoast SEO plugin v27.2 - https:\/\/yoast.com\/product\/yoast-seo-wordpress\/ -->\n<title>Estrela an\u00e3 faz em 30s o que a Terra leva um dia - Notibras<\/title>\n<meta name=\"robots\" content=\"index, follow, max-snippet:-1, max-image-preview:large, max-video-preview:-1\" \/>\n<link rel=\"canonical\" href=\"https:\/\/www.notibras.com\/site\/estrela-ana-faz-em-30s-o-que-a-terra-leva-um-dia\/\" \/>\n<meta property=\"og:locale\" content=\"pt_BR\" \/>\n<meta property=\"og:type\" content=\"article\" \/>\n<meta property=\"og:title\" content=\"Estrela an\u00e3 faz em 30s o que a Terra leva um dia - Notibras\" \/>\n<meta property=\"og:description\" content=\"Uma equipe de pesquisadores liderados por um brasileiro descobriu uma estrela do tipo an\u00e3 branca que precisa de apenas 29,6 segundos para completar um giro ao redor de si, o que a Terra demora 24 horas para fazer. At\u00e9 ent\u00e3o, o per\u00edodo de rota\u00e7\u00e3o mais curto j\u00e1 identificado entre estrelas do tipo era de 33 [&hellip;]\" \/>\n<meta property=\"og:url\" content=\"https:\/\/www.notibras.com\/site\/estrela-ana-faz-em-30s-o-que-a-terra-leva-um-dia\/\" \/>\n<meta property=\"og:site_name\" content=\"Notibras\" \/>\n<meta property=\"article:publisher\" content=\"https:\/\/www.facebook.com\/notibras\/\" \/>\n<meta property=\"article:published_time\" content=\"2020-08-16T13:55:20+00:00\" \/>\n<meta property=\"article:modified_time\" content=\"2020-08-16T15:00:14+00:00\" \/>\n<meta property=\"og:image\" content=\"https:\/\/www.notibras.com\/site\/wp-content\/uploads\/2020\/08\/estrela_ana_branca.jpg\" \/>\n\t<meta property=\"og:image:width\" content=\"1170\" \/>\n\t<meta property=\"og:image:height\" content=\"700\" \/>\n\t<meta property=\"og:image:type\" content=\"image\/jpeg\" \/>\n<meta name=\"author\" content=\"Reda\u00e7\u00e3o\" \/>\n<meta name=\"twitter:card\" content=\"summary_large_image\" \/>\n<meta name=\"twitter:creator\" content=\"@Notibras\" \/>\n<meta name=\"twitter:site\" content=\"@Notibras\" \/>\n<meta name=\"twitter:label1\" content=\"Escrito por\" \/>\n\t<meta name=\"twitter:data1\" content=\"Reda\u00e7\u00e3o\" \/>\n\t<meta name=\"twitter:label2\" content=\"Est. tempo de leitura\" \/>\n\t<meta name=\"twitter:data2\" content=\"3 minutos\" \/>\n<script type=\"application\/ld+json\" class=\"yoast-schema-graph\">{\"@context\":\"https:\/\/schema.org\",\"@graph\":[{\"@type\":\"Article\",\"@id\":\"https:\/\/www.notibras.com\/site\/estrela-ana-faz-em-30s-o-que-a-terra-leva-um-dia\/#article\",\"isPartOf\":{\"@id\":\"https:\/\/www.notibras.com\/site\/estrela-ana-faz-em-30s-o-que-a-terra-leva-um-dia\/\"},\"author\":{\"name\":\"Reda\u00e7\u00e3o\",\"@id\":\"https:\/\/www.notibras.com\/site\/#\/schema\/person\/36ab0979449956132d3e5b517ea76ac8\"},\"headline\":\"Estrela an\u00e3 faz em 30s o que a Terra leva um dia\",\"datePublished\":\"2020-08-16T13:55:20+00:00\",\"dateModified\":\"2020-08-16T15:00:14+00:00\",\"mainEntityOfPage\":{\"@id\":\"https:\/\/www.notibras.com\/site\/estrela-ana-faz-em-30s-o-que-a-terra-leva-um-dia\/\"},\"wordCount\":687,\"publisher\":{\"@id\":\"https:\/\/www.notibras.com\/site\/#organization\"},\"image\":{\"@id\":\"https:\/\/www.notibras.com\/site\/estrela-ana-faz-em-30s-o-que-a-terra-leva-um-dia\/#primaryimage\"},\"thumbnailUrl\":\"https:\/\/www.notibras.com\/site\/wp-content\/uploads\/2020\/08\/estrela_ana_branca.jpg\",\"keywords\":[\"capa\"],\"articleSection\":[\"Curiosidades\"],\"inLanguage\":\"pt-BR\"},{\"@type\":\"WebPage\",\"@id\":\"https:\/\/www.notibras.com\/site\/estrela-ana-faz-em-30s-o-que-a-terra-leva-um-dia\/\",\"url\":\"https:\/\/www.notibras.com\/site\/estrela-ana-faz-em-30s-o-que-a-terra-leva-um-dia\/\",\"name\":\"Estrela an\u00e3 faz em 30s o que a Terra leva um dia - Notibras\",\"isPartOf\":{\"@id\":\"https:\/\/www.notibras.com\/site\/#website\"},\"primaryImageOfPage\":{\"@id\":\"https:\/\/www.notibras.com\/site\/estrela-ana-faz-em-30s-o-que-a-terra-leva-um-dia\/#primaryimage\"},\"image\":{\"@id\":\"https:\/\/www.notibras.com\/site\/estrela-ana-faz-em-30s-o-que-a-terra-leva-um-dia\/#primaryimage\"},\"thumbnailUrl\":\"https:\/\/www.notibras.com\/site\/wp-content\/uploads\/2020\/08\/estrela_ana_branca.jpg\",\"datePublished\":\"2020-08-16T13:55:20+00:00\",\"dateModified\":\"2020-08-16T15:00:14+00:00\",\"breadcrumb\":{\"@id\":\"https:\/\/www.notibras.com\/site\/estrela-ana-faz-em-30s-o-que-a-terra-leva-um-dia\/#breadcrumb\"},\"inLanguage\":\"pt-BR\",\"potentialAction\":[{\"@type\":\"ReadAction\",\"target\":[\"https:\/\/www.notibras.com\/site\/estrela-ana-faz-em-30s-o-que-a-terra-leva-um-dia\/\"]}]},{\"@type\":\"ImageObject\",\"inLanguage\":\"pt-BR\",\"@id\":\"https:\/\/www.notibras.com\/site\/estrela-ana-faz-em-30s-o-que-a-terra-leva-um-dia\/#primaryimage\",\"url\":\"https:\/\/www.notibras.com\/site\/wp-content\/uploads\/2020\/08\/estrela_ana_branca.jpg\",\"contentUrl\":\"https:\/\/www.notibras.com\/site\/wp-content\/uploads\/2020\/08\/estrela_ana_branca.jpg\",\"width\":1170,\"height\":700},{\"@type\":\"BreadcrumbList\",\"@id\":\"https:\/\/www.notibras.com\/site\/estrela-ana-faz-em-30s-o-que-a-terra-leva-um-dia\/#breadcrumb\",\"itemListElement\":[{\"@type\":\"ListItem\",\"position\":1,\"name\":\"In\u00edcio\",\"item\":\"https:\/\/www.notibras.com\/site\/\"},{\"@type\":\"ListItem\",\"position\":2,\"name\":\"Estrela an\u00e3 faz em 30s o que a Terra leva um dia\"}]},{\"@type\":\"WebSite\",\"@id\":\"https:\/\/www.notibras.com\/site\/#website\",\"url\":\"https:\/\/www.notibras.com\/site\/\",\"name\":\"Notibras\",\"description\":\"Not\u00edcias de Bras\u00edlia, do Brasil e do Mundo\",\"publisher\":{\"@id\":\"https:\/\/www.notibras.com\/site\/#organization\"},\"potentialAction\":[{\"@type\":\"SearchAction\",\"target\":{\"@type\":\"EntryPoint\",\"urlTemplate\":\"https:\/\/www.notibras.com\/site\/?s={search_term_string}\"},\"query-input\":{\"@type\":\"PropertyValueSpecification\",\"valueRequired\":true,\"valueName\":\"search_term_string\"}}],\"inLanguage\":\"pt-BR\"},{\"@type\":\"Organization\",\"@id\":\"https:\/\/www.notibras.com\/site\/#organization\",\"name\":\"Grupo Notibras de Comunica\u00e7\u00e3o\",\"url\":\"https:\/\/www.notibras.com\/site\/\",\"logo\":{\"@type\":\"ImageObject\",\"inLanguage\":\"pt-BR\",\"@id\":\"https:\/\/www.notibras.com\/site\/#\/schema\/logo\/image\/\",\"url\":\"https:\/\/www.notibras.com\/site\/wp-content\/uploads\/2023\/01\/notibras23.png\",\"contentUrl\":\"https:\/\/www.notibras.com\/site\/wp-content\/uploads\/2023\/01\/notibras23.png\",\"width\":350,\"height\":87,\"caption\":\"Grupo Notibras de Comunica\u00e7\u00e3o\"},\"image\":{\"@id\":\"https:\/\/www.notibras.com\/site\/#\/schema\/logo\/image\/\"},\"sameAs\":[\"https:\/\/www.facebook.com\/notibras\/\",\"https:\/\/x.com\/Notibras\",\"https:\/\/www.instagram.com\/notibras\/\"]},{\"@type\":\"Person\",\"@id\":\"https:\/\/www.notibras.com\/site\/#\/schema\/person\/36ab0979449956132d3e5b517ea76ac8\",\"name\":\"Reda\u00e7\u00e3o\",\"image\":{\"@type\":\"ImageObject\",\"inLanguage\":\"pt-BR\",\"@id\":\"https:\/\/secure.gravatar.com\/avatar\/e0a867bdedb85fd243eadf09663511f96fc81e0720a4a42581f334ad4303aa6b?s=96&d=mm&r=g\",\"url\":\"https:\/\/secure.gravatar.com\/avatar\/e0a867bdedb85fd243eadf09663511f96fc81e0720a4a42581f334ad4303aa6b?s=96&d=mm&r=g\",\"contentUrl\":\"https:\/\/secure.gravatar.com\/avatar\/e0a867bdedb85fd243eadf09663511f96fc81e0720a4a42581f334ad4303aa6b?s=96&d=mm&r=g\",\"caption\":\"Reda\u00e7\u00e3o\"}}]}<\/script>\n<!-- \/ Yoast SEO plugin. -->","yoast_head_json":{"title":"Estrela an\u00e3 faz em 30s o que a Terra leva um dia - Notibras","robots":{"index":"index","follow":"follow","max-snippet":"max-snippet:-1","max-image-preview":"max-image-preview:large","max-video-preview":"max-video-preview:-1"},"canonical":"https:\/\/www.notibras.com\/site\/estrela-ana-faz-em-30s-o-que-a-terra-leva-um-dia\/","og_locale":"pt_BR","og_type":"article","og_title":"Estrela an\u00e3 faz em 30s o que a Terra leva um dia - Notibras","og_description":"Uma equipe de pesquisadores liderados por um brasileiro descobriu uma estrela do tipo an\u00e3 branca que precisa de apenas 29,6 segundos para completar um giro ao redor de si, o que a Terra demora 24 horas para fazer. At\u00e9 ent\u00e3o, o per\u00edodo de rota\u00e7\u00e3o mais curto j\u00e1 identificado entre estrelas do tipo era de 33 [&hellip;]","og_url":"https:\/\/www.notibras.com\/site\/estrela-ana-faz-em-30s-o-que-a-terra-leva-um-dia\/","og_site_name":"Notibras","article_publisher":"https:\/\/www.facebook.com\/notibras\/","article_published_time":"2020-08-16T13:55:20+00:00","article_modified_time":"2020-08-16T15:00:14+00:00","og_image":[{"width":1170,"height":700,"url":"https:\/\/www.notibras.com\/site\/wp-content\/uploads\/2020\/08\/estrela_ana_branca.jpg","type":"image\/jpeg"}],"author":"Reda\u00e7\u00e3o","twitter_card":"summary_large_image","twitter_creator":"@Notibras","twitter_site":"@Notibras","twitter_misc":{"Escrito por":"Reda\u00e7\u00e3o","Est. tempo de leitura":"3 minutos"},"schema":{"@context":"https:\/\/schema.org","@graph":[{"@type":"Article","@id":"https:\/\/www.notibras.com\/site\/estrela-ana-faz-em-30s-o-que-a-terra-leva-um-dia\/#article","isPartOf":{"@id":"https:\/\/www.notibras.com\/site\/estrela-ana-faz-em-30s-o-que-a-terra-leva-um-dia\/"},"author":{"name":"Reda\u00e7\u00e3o","@id":"https:\/\/www.notibras.com\/site\/#\/schema\/person\/36ab0979449956132d3e5b517ea76ac8"},"headline":"Estrela an\u00e3 faz em 30s o que a Terra leva um dia","datePublished":"2020-08-16T13:55:20+00:00","dateModified":"2020-08-16T15:00:14+00:00","mainEntityOfPage":{"@id":"https:\/\/www.notibras.com\/site\/estrela-ana-faz-em-30s-o-que-a-terra-leva-um-dia\/"},"wordCount":687,"publisher":{"@id":"https:\/\/www.notibras.com\/site\/#organization"},"image":{"@id":"https:\/\/www.notibras.com\/site\/estrela-ana-faz-em-30s-o-que-a-terra-leva-um-dia\/#primaryimage"},"thumbnailUrl":"https:\/\/www.notibras.com\/site\/wp-content\/uploads\/2020\/08\/estrela_ana_branca.jpg","keywords":["capa"],"articleSection":["Curiosidades"],"inLanguage":"pt-BR"},{"@type":"WebPage","@id":"https:\/\/www.notibras.com\/site\/estrela-ana-faz-em-30s-o-que-a-terra-leva-um-dia\/","url":"https:\/\/www.notibras.com\/site\/estrela-ana-faz-em-30s-o-que-a-terra-leva-um-dia\/","name":"Estrela an\u00e3 faz em 30s o que a Terra leva um dia - Notibras","isPartOf":{"@id":"https:\/\/www.notibras.com\/site\/#website"},"primaryImageOfPage":{"@id":"https:\/\/www.notibras.com\/site\/estrela-ana-faz-em-30s-o-que-a-terra-leva-um-dia\/#primaryimage"},"image":{"@id":"https:\/\/www.notibras.com\/site\/estrela-ana-faz-em-30s-o-que-a-terra-leva-um-dia\/#primaryimage"},"thumbnailUrl":"https:\/\/www.notibras.com\/site\/wp-content\/uploads\/2020\/08\/estrela_ana_branca.jpg","datePublished":"2020-08-16T13:55:20+00:00","dateModified":"2020-08-16T15:00:14+00:00","breadcrumb":{"@id":"https:\/\/www.notibras.com\/site\/estrela-ana-faz-em-30s-o-que-a-terra-leva-um-dia\/#breadcrumb"},"inLanguage":"pt-BR","potentialAction":[{"@type":"ReadAction","target":["https:\/\/www.notibras.com\/site\/estrela-ana-faz-em-30s-o-que-a-terra-leva-um-dia\/"]}]},{"@type":"ImageObject","inLanguage":"pt-BR","@id":"https:\/\/www.notibras.com\/site\/estrela-ana-faz-em-30s-o-que-a-terra-leva-um-dia\/#primaryimage","url":"https:\/\/www.notibras.com\/site\/wp-content\/uploads\/2020\/08\/estrela_ana_branca.jpg","contentUrl":"https:\/\/www.notibras.com\/site\/wp-content\/uploads\/2020\/08\/estrela_ana_branca.jpg","width":1170,"height":700},{"@type":"BreadcrumbList","@id":"https:\/\/www.notibras.com\/site\/estrela-ana-faz-em-30s-o-que-a-terra-leva-um-dia\/#breadcrumb","itemListElement":[{"@type":"ListItem","position":1,"name":"In\u00edcio","item":"https:\/\/www.notibras.com\/site\/"},{"@type":"ListItem","position":2,"name":"Estrela an\u00e3 faz em 30s o que a Terra leva um dia"}]},{"@type":"WebSite","@id":"https:\/\/www.notibras.com\/site\/#website","url":"https:\/\/www.notibras.com\/site\/","name":"Notibras","description":"Not\u00edcias de Bras\u00edlia, do Brasil e do Mundo","publisher":{"@id":"https:\/\/www.notibras.com\/site\/#organization"},"potentialAction":[{"@type":"SearchAction","target":{"@type":"EntryPoint","urlTemplate":"https:\/\/www.notibras.com\/site\/?s={search_term_string}"},"query-input":{"@type":"PropertyValueSpecification","valueRequired":true,"valueName":"search_term_string"}}],"inLanguage":"pt-BR"},{"@type":"Organization","@id":"https:\/\/www.notibras.com\/site\/#organization","name":"Grupo Notibras de Comunica\u00e7\u00e3o","url":"https:\/\/www.notibras.com\/site\/","logo":{"@type":"ImageObject","inLanguage":"pt-BR","@id":"https:\/\/www.notibras.com\/site\/#\/schema\/logo\/image\/","url":"https:\/\/www.notibras.com\/site\/wp-content\/uploads\/2023\/01\/notibras23.png","contentUrl":"https:\/\/www.notibras.com\/site\/wp-content\/uploads\/2023\/01\/notibras23.png","width":350,"height":87,"caption":"Grupo Notibras de Comunica\u00e7\u00e3o"},"image":{"@id":"https:\/\/www.notibras.com\/site\/#\/schema\/logo\/image\/"},"sameAs":["https:\/\/www.facebook.com\/notibras\/","https:\/\/x.com\/Notibras","https:\/\/www.instagram.com\/notibras\/"]},{"@type":"Person","@id":"https:\/\/www.notibras.com\/site\/#\/schema\/person\/36ab0979449956132d3e5b517ea76ac8","name":"Reda\u00e7\u00e3o","image":{"@type":"ImageObject","inLanguage":"pt-BR","@id":"https:\/\/secure.gravatar.com\/avatar\/e0a867bdedb85fd243eadf09663511f96fc81e0720a4a42581f334ad4303aa6b?s=96&d=mm&r=g","url":"https:\/\/secure.gravatar.com\/avatar\/e0a867bdedb85fd243eadf09663511f96fc81e0720a4a42581f334ad4303aa6b?s=96&d=mm&r=g","contentUrl":"https:\/\/secure.gravatar.com\/avatar\/e0a867bdedb85fd243eadf09663511f96fc81e0720a4a42581f334ad4303aa6b?s=96&d=mm&r=g","caption":"Reda\u00e7\u00e3o"}}]}},"amp_enabled":true,"_links":{"self":[{"href":"https:\/\/www.notibras.com\/site\/wp-json\/wp\/v2\/posts\/238609","targetHints":{"allow":["GET"]}}],"collection":[{"href":"https:\/\/www.notibras.com\/site\/wp-json\/wp\/v2\/posts"}],"about":[{"href":"https:\/\/www.notibras.com\/site\/wp-json\/wp\/v2\/types\/post"}],"author":[{"embeddable":true,"href":"https:\/\/www.notibras.com\/site\/wp-json\/wp\/v2\/users\/2"}],"replies":[{"embeddable":true,"href":"https:\/\/www.notibras.com\/site\/wp-json\/wp\/v2\/comments?post=238609"}],"version-history":[{"count":2,"href":"https:\/\/www.notibras.com\/site\/wp-json\/wp\/v2\/posts\/238609\/revisions"}],"predecessor-version":[{"id":238612,"href":"https:\/\/www.notibras.com\/site\/wp-json\/wp\/v2\/posts\/238609\/revisions\/238612"}],"wp:featuredmedia":[{"embeddable":true,"href":"https:\/\/www.notibras.com\/site\/wp-json\/wp\/v2\/media\/238610"}],"wp:attachment":[{"href":"https:\/\/www.notibras.com\/site\/wp-json\/wp\/v2\/media?parent=238609"}],"wp:term":[{"taxonomy":"category","embeddable":true,"href":"https:\/\/www.notibras.com\/site\/wp-json\/wp\/v2\/categories?post=238609"},{"taxonomy":"post_tag","embeddable":true,"href":"https:\/\/www.notibras.com\/site\/wp-json\/wp\/v2\/tags?post=238609"}],"curies":[{"name":"wp","href":"https:\/\/api.w.org\/{rel}","templated":true}]}}