{"id":23866,"date":"2014-10-03T02:56:10","date_gmt":"2014-10-03T05:56:10","guid":{"rendered":"http:\/\/www.notibras.com\/site\/?p=23866"},"modified":"2014-10-29T08:13:44","modified_gmt":"2014-10-29T11:13:44","slug":"marina-e-aecio-embolam-o-meio-de-campo-na-reta-final-da-corrida-ao-palacio-do-planalto","status":"publish","type":"post","link":"https:\/\/www.notibras.com\/site\/marina-e-aecio-embolam-o-meio-de-campo-na-reta-final-da-corrida-ao-palacio-do-planalto\/","title":{"rendered":"Marina e A\u00e9cio embolam o meio de campo na reta final da corrida ao Pal\u00e1cio do Planalto"},"content":{"rendered":"<p>Na reta final da campanha eleitoral, diferentes pesquisas apontam que a candidata do PT deve passar para o segundo turno neste domingo.<\/p>\n<p>Dilma tem 40% das inten\u00e7\u00f5es de voto nos \u00faltimos levantamentos do Datafolha e Ibope. Mas os n\u00fameros sobre o segundo colocado diferem muito.<\/p>\n<p>No Datafolha, A\u00e9cio e Marina est\u00e3o tecnicamente empatados (Marina tem 24% e A\u00e9cio, 21%; a margem de erro \u00e9 de dois pontos percentuais para mais ou para menos).<\/p>\n<p>No Ibope, Marina est\u00e1 na segunda coloca\u00e7\u00e3o (24%). A\u00e9cio tem 19%. A margem de erro tamb\u00e9m \u00e9 de dois pontos percentuais para mais ou para menos.<\/p>\n<p>J\u00e1 a pesquisa Isto\u00c9-Sensus desta sexta-feira 3, mostra Dilma ligeiramente em queda, Marina tamb\u00e9m caindo e A\u00e9cio subindo. A presidente tem 37,3% contra 22,5% da socialista e 20,6% do tucano, com a mesma margem de erro do Datafolha e Ibope..<\/p>\n<p>Pelo levantamento Isto\u00c9-Sensus, nos \u00faltimos sete dias, a diferen\u00e7a entre Marina e A\u00e9cio caiu de 4,3 pontos percentuais para 1,9 ponto percentual, confirmando a tend\u00eancia de crescimento de A\u00e9cio.<\/p>\n<p><strong>Karla Maranh\u00e3o<\/strong><\/p>\n","protected":false},"excerpt":{"rendered":"<p>Na reta final da campanha eleitoral, diferentes pesquisas apontam que a candidata do PT deve passar para o segundo turno neste domingo. Dilma tem 40% das inten\u00e7\u00f5es de voto nos \u00faltimos levantamentos do Datafolha e Ibope. Mas os n\u00fameros sobre o segundo colocado diferem muito. No Datafolha, A\u00e9cio e Marina est\u00e3o tecnicamente empatados (Marina tem [&hellip;]<\/p>\n","protected":false},"author":2,"featured_media":23867,"comment_status":"open","ping_status":"closed","sticky":false,"template":"","format":"standard","meta":{"_acf_changed":false,"footnotes":""},"categories":[33],"tags":[],"class_list":["post-23866","post","type-post","status-publish","format-standard","has-post-thumbnail","hentry","category-eleicoes-2014"],"acf":[],"yoast_head":"<!-- This site is optimized with the Yoast SEO plugin v27.5 - https:\/\/yoast.com\/product\/yoast-seo-wordpress\/ -->\n<title>Marina e A\u00e9cio embolam o meio de campo na reta final da corrida ao Pal\u00e1cio do Planalto - Notibras<\/title>\n<meta name=\"robots\" content=\"index, follow, max-snippet:-1, max-image-preview:large, max-video-preview:-1\" \/>\n<link rel=\"canonical\" href=\"https:\/\/www.notibras.com\/site\/marina-e-aecio-embolam-o-meio-de-campo-na-reta-final-da-corrida-ao-palacio-do-planalto\/\" \/>\n<meta property=\"og:locale\" content=\"pt_BR\" \/>\n<meta property=\"og:type\" content=\"article\" \/>\n<meta property=\"og:title\" content=\"Marina e A\u00e9cio embolam o meio de campo na reta final da corrida ao Pal\u00e1cio do Planalto - Notibras\" \/>\n<meta property=\"og:description\" content=\"Na reta final da campanha eleitoral, diferentes pesquisas apontam que a candidata do PT deve passar para o segundo turno neste domingo. Dilma tem 40% das inten\u00e7\u00f5es de voto nos \u00faltimos levantamentos do Datafolha e Ibope. Mas os n\u00fameros sobre o segundo colocado diferem muito. No Datafolha, A\u00e9cio e Marina est\u00e3o tecnicamente empatados (Marina tem [&hellip;]\" \/>\n<meta property=\"og:url\" content=\"https:\/\/www.notibras.com\/site\/marina-e-aecio-embolam-o-meio-de-campo-na-reta-final-da-corrida-ao-palacio-do-planalto\/\" \/>\n<meta property=\"og:site_name\" content=\"Notibras\" \/>\n<meta property=\"article:publisher\" content=\"https:\/\/www.facebook.com\/notibras\/\" \/>\n<meta property=\"article:published_time\" content=\"2014-10-03T05:56:10+00:00\" \/>\n<meta property=\"article:modified_time\" content=\"2014-10-29T11:13:44+00:00\" \/>\n<meta property=\"og:image\" content=\"https:\/\/www.notibras.com\/site\/wp-content\/uploads\/2014\/10\/16826283.jpg\" \/>\n\t<meta property=\"og:image:width\" content=\"640\" \/>\n\t<meta property=\"og:image:height\" content=\"426\" \/>\n\t<meta property=\"og:image:type\" content=\"image\/jpeg\" \/>\n<meta name=\"author\" content=\"Reda\u00e7\u00e3o\" \/>\n<meta name=\"twitter:card\" content=\"summary_large_image\" \/>\n<meta name=\"twitter:creator\" content=\"@Notibras\" \/>\n<meta name=\"twitter:site\" content=\"@Notibras\" \/>\n<meta name=\"twitter:label1\" content=\"Escrito por\" \/>\n\t<meta name=\"twitter:data1\" content=\"Reda\u00e7\u00e3o\" \/>\n\t<meta name=\"twitter:label2\" content=\"Est. tempo de leitura\" \/>\n\t<meta name=\"twitter:data2\" content=\"1 minuto\" \/>\n<script type=\"application\/ld+json\" class=\"yoast-schema-graph\">{\"@context\":\"https:\\\/\\\/schema.org\",\"@graph\":[{\"@type\":\"Article\",\"@id\":\"https:\\\/\\\/www.notibras.com\\\/site\\\/marina-e-aecio-embolam-o-meio-de-campo-na-reta-final-da-corrida-ao-palacio-do-planalto\\\/#article\",\"isPartOf\":{\"@id\":\"https:\\\/\\\/www.notibras.com\\\/site\\\/marina-e-aecio-embolam-o-meio-de-campo-na-reta-final-da-corrida-ao-palacio-do-planalto\\\/\"},\"author\":{\"name\":\"Reda\u00e7\u00e3o\",\"@id\":\"https:\\\/\\\/www.notibras.com\\\/site\\\/#\\\/schema\\\/person\\\/36ab0979449956132d3e5b517ea76ac8\"},\"headline\":\"Marina e A\u00e9cio embolam o meio de campo na reta final da corrida ao Pal\u00e1cio do Planalto\",\"datePublished\":\"2014-10-03T05:56:10+00:00\",\"dateModified\":\"2014-10-29T11:13:44+00:00\",\"mainEntityOfPage\":{\"@id\":\"https:\\\/\\\/www.notibras.com\\\/site\\\/marina-e-aecio-embolam-o-meio-de-campo-na-reta-final-da-corrida-ao-palacio-do-planalto\\\/\"},\"wordCount\":193,\"commentCount\":0,\"publisher\":{\"@id\":\"https:\\\/\\\/www.notibras.com\\\/site\\\/#organization\"},\"image\":{\"@id\":\"https:\\\/\\\/www.notibras.com\\\/site\\\/marina-e-aecio-embolam-o-meio-de-campo-na-reta-final-da-corrida-ao-palacio-do-planalto\\\/#primaryimage\"},\"thumbnailUrl\":\"https:\\\/\\\/www.notibras.com\\\/site\\\/wp-content\\\/uploads\\\/2014\\\/10\\\/16826283.jpg\",\"articleSection\":[\"Elei\u00e7\u00f5es 2014\"],\"inLanguage\":\"pt-BR\",\"potentialAction\":[{\"@type\":\"CommentAction\",\"name\":\"Comment\",\"target\":[\"https:\\\/\\\/www.notibras.com\\\/site\\\/marina-e-aecio-embolam-o-meio-de-campo-na-reta-final-da-corrida-ao-palacio-do-planalto\\\/#respond\"]}]},{\"@type\":\"WebPage\",\"@id\":\"https:\\\/\\\/www.notibras.com\\\/site\\\/marina-e-aecio-embolam-o-meio-de-campo-na-reta-final-da-corrida-ao-palacio-do-planalto\\\/\",\"url\":\"https:\\\/\\\/www.notibras.com\\\/site\\\/marina-e-aecio-embolam-o-meio-de-campo-na-reta-final-da-corrida-ao-palacio-do-planalto\\\/\",\"name\":\"Marina e A\u00e9cio embolam o meio de campo na reta final da corrida ao Pal\u00e1cio do Planalto - Notibras\",\"isPartOf\":{\"@id\":\"https:\\\/\\\/www.notibras.com\\\/site\\\/#website\"},\"primaryImageOfPage\":{\"@id\":\"https:\\\/\\\/www.notibras.com\\\/site\\\/marina-e-aecio-embolam-o-meio-de-campo-na-reta-final-da-corrida-ao-palacio-do-planalto\\\/#primaryimage\"},\"image\":{\"@id\":\"https:\\\/\\\/www.notibras.com\\\/site\\\/marina-e-aecio-embolam-o-meio-de-campo-na-reta-final-da-corrida-ao-palacio-do-planalto\\\/#primaryimage\"},\"thumbnailUrl\":\"https:\\\/\\\/www.notibras.com\\\/site\\\/wp-content\\\/uploads\\\/2014\\\/10\\\/16826283.jpg\",\"datePublished\":\"2014-10-03T05:56:10+00:00\",\"dateModified\":\"2014-10-29T11:13:44+00:00\",\"breadcrumb\":{\"@id\":\"https:\\\/\\\/www.notibras.com\\\/site\\\/marina-e-aecio-embolam-o-meio-de-campo-na-reta-final-da-corrida-ao-palacio-do-planalto\\\/#breadcrumb\"},\"inLanguage\":\"pt-BR\",\"potentialAction\":[{\"@type\":\"ReadAction\",\"target\":[\"https:\\\/\\\/www.notibras.com\\\/site\\\/marina-e-aecio-embolam-o-meio-de-campo-na-reta-final-da-corrida-ao-palacio-do-planalto\\\/\"]}]},{\"@type\":\"ImageObject\",\"inLanguage\":\"pt-BR\",\"@id\":\"https:\\\/\\\/www.notibras.com\\\/site\\\/marina-e-aecio-embolam-o-meio-de-campo-na-reta-final-da-corrida-ao-palacio-do-planalto\\\/#primaryimage\",\"url\":\"https:\\\/\\\/www.notibras.com\\\/site\\\/wp-content\\\/uploads\\\/2014\\\/10\\\/16826283.jpg\",\"contentUrl\":\"https:\\\/\\\/www.notibras.com\\\/site\\\/wp-content\\\/uploads\\\/2014\\\/10\\\/16826283.jpg\",\"width\":640,\"height\":426},{\"@type\":\"BreadcrumbList\",\"@id\":\"https:\\\/\\\/www.notibras.com\\\/site\\\/marina-e-aecio-embolam-o-meio-de-campo-na-reta-final-da-corrida-ao-palacio-do-planalto\\\/#breadcrumb\",\"itemListElement\":[{\"@type\":\"ListItem\",\"position\":1,\"name\":\"In\u00edcio\",\"item\":\"https:\\\/\\\/www.notibras.com\\\/site\\\/\"},{\"@type\":\"ListItem\",\"position\":2,\"name\":\"Marina e A\u00e9cio embolam o meio de campo na reta final da corrida ao Pal\u00e1cio do Planalto\"}]},{\"@type\":\"WebSite\",\"@id\":\"https:\\\/\\\/www.notibras.com\\\/site\\\/#website\",\"url\":\"https:\\\/\\\/www.notibras.com\\\/site\\\/\",\"name\":\"Notibras\",\"description\":\"Not\u00edcias de Bras\u00edlia, do Brasil e do Mundo\",\"publisher\":{\"@id\":\"https:\\\/\\\/www.notibras.com\\\/site\\\/#organization\"},\"potentialAction\":[{\"@type\":\"SearchAction\",\"target\":{\"@type\":\"EntryPoint\",\"urlTemplate\":\"https:\\\/\\\/www.notibras.com\\\/site\\\/?s={search_term_string}\"},\"query-input\":{\"@type\":\"PropertyValueSpecification\",\"valueRequired\":true,\"valueName\":\"search_term_string\"}}],\"inLanguage\":\"pt-BR\"},{\"@type\":\"Organization\",\"@id\":\"https:\\\/\\\/www.notibras.com\\\/site\\\/#organization\",\"name\":\"Grupo Notibras de Comunica\u00e7\u00e3o\",\"url\":\"https:\\\/\\\/www.notibras.com\\\/site\\\/\",\"logo\":{\"@type\":\"ImageObject\",\"inLanguage\":\"pt-BR\",\"@id\":\"https:\\\/\\\/www.notibras.com\\\/site\\\/#\\\/schema\\\/logo\\\/image\\\/\",\"url\":\"https:\\\/\\\/www.notibras.com\\\/site\\\/wp-content\\\/uploads\\\/2023\\\/01\\\/notibras23.png\",\"contentUrl\":\"https:\\\/\\\/www.notibras.com\\\/site\\\/wp-content\\\/uploads\\\/2023\\\/01\\\/notibras23.png\",\"width\":350,\"height\":87,\"caption\":\"Grupo Notibras de Comunica\u00e7\u00e3o\"},\"image\":{\"@id\":\"https:\\\/\\\/www.notibras.com\\\/site\\\/#\\\/schema\\\/logo\\\/image\\\/\"},\"sameAs\":[\"https:\\\/\\\/www.facebook.com\\\/notibras\\\/\",\"https:\\\/\\\/x.com\\\/Notibras\",\"https:\\\/\\\/www.instagram.com\\\/notibras\\\/\"]},{\"@type\":\"Person\",\"@id\":\"https:\\\/\\\/www.notibras.com\\\/site\\\/#\\\/schema\\\/person\\\/36ab0979449956132d3e5b517ea76ac8\",\"name\":\"Reda\u00e7\u00e3o\",\"image\":{\"@type\":\"ImageObject\",\"inLanguage\":\"pt-BR\",\"@id\":\"https:\\\/\\\/secure.gravatar.com\\\/avatar\\\/e0a867bdedb85fd243eadf09663511f96fc81e0720a4a42581f334ad4303aa6b?s=96&d=mm&r=g\",\"url\":\"https:\\\/\\\/secure.gravatar.com\\\/avatar\\\/e0a867bdedb85fd243eadf09663511f96fc81e0720a4a42581f334ad4303aa6b?s=96&d=mm&r=g\",\"contentUrl\":\"https:\\\/\\\/secure.gravatar.com\\\/avatar\\\/e0a867bdedb85fd243eadf09663511f96fc81e0720a4a42581f334ad4303aa6b?s=96&d=mm&r=g\",\"caption\":\"Reda\u00e7\u00e3o\"}}]}<\/script>\n<!-- \/ Yoast SEO plugin. -->","yoast_head_json":{"title":"Marina e A\u00e9cio embolam o meio de campo na reta final da corrida ao Pal\u00e1cio do Planalto - Notibras","robots":{"index":"index","follow":"follow","max-snippet":"max-snippet:-1","max-image-preview":"max-image-preview:large","max-video-preview":"max-video-preview:-1"},"canonical":"https:\/\/www.notibras.com\/site\/marina-e-aecio-embolam-o-meio-de-campo-na-reta-final-da-corrida-ao-palacio-do-planalto\/","og_locale":"pt_BR","og_type":"article","og_title":"Marina e A\u00e9cio embolam o meio de campo na reta final da corrida ao Pal\u00e1cio do Planalto - Notibras","og_description":"Na reta final da campanha eleitoral, diferentes pesquisas apontam que a candidata do PT deve passar para o segundo turno neste domingo. Dilma tem 40% das inten\u00e7\u00f5es de voto nos \u00faltimos levantamentos do Datafolha e Ibope. Mas os n\u00fameros sobre o segundo colocado diferem muito. No Datafolha, A\u00e9cio e Marina est\u00e3o tecnicamente empatados (Marina tem [&hellip;]","og_url":"https:\/\/www.notibras.com\/site\/marina-e-aecio-embolam-o-meio-de-campo-na-reta-final-da-corrida-ao-palacio-do-planalto\/","og_site_name":"Notibras","article_publisher":"https:\/\/www.facebook.com\/notibras\/","article_published_time":"2014-10-03T05:56:10+00:00","article_modified_time":"2014-10-29T11:13:44+00:00","og_image":[{"width":640,"height":426,"url":"https:\/\/www.notibras.com\/site\/wp-content\/uploads\/2014\/10\/16826283.jpg","type":"image\/jpeg"}],"author":"Reda\u00e7\u00e3o","twitter_card":"summary_large_image","twitter_creator":"@Notibras","twitter_site":"@Notibras","twitter_misc":{"Escrito por":"Reda\u00e7\u00e3o","Est. tempo de leitura":"1 minuto"},"schema":{"@context":"https:\/\/schema.org","@graph":[{"@type":"Article","@id":"https:\/\/www.notibras.com\/site\/marina-e-aecio-embolam-o-meio-de-campo-na-reta-final-da-corrida-ao-palacio-do-planalto\/#article","isPartOf":{"@id":"https:\/\/www.notibras.com\/site\/marina-e-aecio-embolam-o-meio-de-campo-na-reta-final-da-corrida-ao-palacio-do-planalto\/"},"author":{"name":"Reda\u00e7\u00e3o","@id":"https:\/\/www.notibras.com\/site\/#\/schema\/person\/36ab0979449956132d3e5b517ea76ac8"},"headline":"Marina e A\u00e9cio embolam o meio de campo na reta final da corrida ao Pal\u00e1cio do Planalto","datePublished":"2014-10-03T05:56:10+00:00","dateModified":"2014-10-29T11:13:44+00:00","mainEntityOfPage":{"@id":"https:\/\/www.notibras.com\/site\/marina-e-aecio-embolam-o-meio-de-campo-na-reta-final-da-corrida-ao-palacio-do-planalto\/"},"wordCount":193,"commentCount":0,"publisher":{"@id":"https:\/\/www.notibras.com\/site\/#organization"},"image":{"@id":"https:\/\/www.notibras.com\/site\/marina-e-aecio-embolam-o-meio-de-campo-na-reta-final-da-corrida-ao-palacio-do-planalto\/#primaryimage"},"thumbnailUrl":"https:\/\/www.notibras.com\/site\/wp-content\/uploads\/2014\/10\/16826283.jpg","articleSection":["Elei\u00e7\u00f5es 2014"],"inLanguage":"pt-BR","potentialAction":[{"@type":"CommentAction","name":"Comment","target":["https:\/\/www.notibras.com\/site\/marina-e-aecio-embolam-o-meio-de-campo-na-reta-final-da-corrida-ao-palacio-do-planalto\/#respond"]}]},{"@type":"WebPage","@id":"https:\/\/www.notibras.com\/site\/marina-e-aecio-embolam-o-meio-de-campo-na-reta-final-da-corrida-ao-palacio-do-planalto\/","url":"https:\/\/www.notibras.com\/site\/marina-e-aecio-embolam-o-meio-de-campo-na-reta-final-da-corrida-ao-palacio-do-planalto\/","name":"Marina e A\u00e9cio embolam o meio de campo na reta final da corrida ao Pal\u00e1cio do Planalto - Notibras","isPartOf":{"@id":"https:\/\/www.notibras.com\/site\/#website"},"primaryImageOfPage":{"@id":"https:\/\/www.notibras.com\/site\/marina-e-aecio-embolam-o-meio-de-campo-na-reta-final-da-corrida-ao-palacio-do-planalto\/#primaryimage"},"image":{"@id":"https:\/\/www.notibras.com\/site\/marina-e-aecio-embolam-o-meio-de-campo-na-reta-final-da-corrida-ao-palacio-do-planalto\/#primaryimage"},"thumbnailUrl":"https:\/\/www.notibras.com\/site\/wp-content\/uploads\/2014\/10\/16826283.jpg","datePublished":"2014-10-03T05:56:10+00:00","dateModified":"2014-10-29T11:13:44+00:00","breadcrumb":{"@id":"https:\/\/www.notibras.com\/site\/marina-e-aecio-embolam-o-meio-de-campo-na-reta-final-da-corrida-ao-palacio-do-planalto\/#breadcrumb"},"inLanguage":"pt-BR","potentialAction":[{"@type":"ReadAction","target":["https:\/\/www.notibras.com\/site\/marina-e-aecio-embolam-o-meio-de-campo-na-reta-final-da-corrida-ao-palacio-do-planalto\/"]}]},{"@type":"ImageObject","inLanguage":"pt-BR","@id":"https:\/\/www.notibras.com\/site\/marina-e-aecio-embolam-o-meio-de-campo-na-reta-final-da-corrida-ao-palacio-do-planalto\/#primaryimage","url":"https:\/\/www.notibras.com\/site\/wp-content\/uploads\/2014\/10\/16826283.jpg","contentUrl":"https:\/\/www.notibras.com\/site\/wp-content\/uploads\/2014\/10\/16826283.jpg","width":640,"height":426},{"@type":"BreadcrumbList","@id":"https:\/\/www.notibras.com\/site\/marina-e-aecio-embolam-o-meio-de-campo-na-reta-final-da-corrida-ao-palacio-do-planalto\/#breadcrumb","itemListElement":[{"@type":"ListItem","position":1,"name":"In\u00edcio","item":"https:\/\/www.notibras.com\/site\/"},{"@type":"ListItem","position":2,"name":"Marina e A\u00e9cio embolam o meio de campo na reta final da corrida ao Pal\u00e1cio do Planalto"}]},{"@type":"WebSite","@id":"https:\/\/www.notibras.com\/site\/#website","url":"https:\/\/www.notibras.com\/site\/","name":"Notibras","description":"Not\u00edcias de Bras\u00edlia, do Brasil e do Mundo","publisher":{"@id":"https:\/\/www.notibras.com\/site\/#organization"},"potentialAction":[{"@type":"SearchAction","target":{"@type":"EntryPoint","urlTemplate":"https:\/\/www.notibras.com\/site\/?s={search_term_string}"},"query-input":{"@type":"PropertyValueSpecification","valueRequired":true,"valueName":"search_term_string"}}],"inLanguage":"pt-BR"},{"@type":"Organization","@id":"https:\/\/www.notibras.com\/site\/#organization","name":"Grupo Notibras de Comunica\u00e7\u00e3o","url":"https:\/\/www.notibras.com\/site\/","logo":{"@type":"ImageObject","inLanguage":"pt-BR","@id":"https:\/\/www.notibras.com\/site\/#\/schema\/logo\/image\/","url":"https:\/\/www.notibras.com\/site\/wp-content\/uploads\/2023\/01\/notibras23.png","contentUrl":"https:\/\/www.notibras.com\/site\/wp-content\/uploads\/2023\/01\/notibras23.png","width":350,"height":87,"caption":"Grupo Notibras de Comunica\u00e7\u00e3o"},"image":{"@id":"https:\/\/www.notibras.com\/site\/#\/schema\/logo\/image\/"},"sameAs":["https:\/\/www.facebook.com\/notibras\/","https:\/\/x.com\/Notibras","https:\/\/www.instagram.com\/notibras\/"]},{"@type":"Person","@id":"https:\/\/www.notibras.com\/site\/#\/schema\/person\/36ab0979449956132d3e5b517ea76ac8","name":"Reda\u00e7\u00e3o","image":{"@type":"ImageObject","inLanguage":"pt-BR","@id":"https:\/\/secure.gravatar.com\/avatar\/e0a867bdedb85fd243eadf09663511f96fc81e0720a4a42581f334ad4303aa6b?s=96&d=mm&r=g","url":"https:\/\/secure.gravatar.com\/avatar\/e0a867bdedb85fd243eadf09663511f96fc81e0720a4a42581f334ad4303aa6b?s=96&d=mm&r=g","contentUrl":"https:\/\/secure.gravatar.com\/avatar\/e0a867bdedb85fd243eadf09663511f96fc81e0720a4a42581f334ad4303aa6b?s=96&d=mm&r=g","caption":"Reda\u00e7\u00e3o"}}]}},"amp_enabled":true,"_links":{"self":[{"href":"https:\/\/www.notibras.com\/site\/wp-json\/wp\/v2\/posts\/23866","targetHints":{"allow":["GET"]}}],"collection":[{"href":"https:\/\/www.notibras.com\/site\/wp-json\/wp\/v2\/posts"}],"about":[{"href":"https:\/\/www.notibras.com\/site\/wp-json\/wp\/v2\/types\/post"}],"author":[{"embeddable":true,"href":"https:\/\/www.notibras.com\/site\/wp-json\/wp\/v2\/users\/2"}],"replies":[{"embeddable":true,"href":"https:\/\/www.notibras.com\/site\/wp-json\/wp\/v2\/comments?post=23866"}],"version-history":[{"count":0,"href":"https:\/\/www.notibras.com\/site\/wp-json\/wp\/v2\/posts\/23866\/revisions"}],"wp:featuredmedia":[{"embeddable":true,"href":"https:\/\/www.notibras.com\/site\/wp-json\/wp\/v2\/media\/23867"}],"wp:attachment":[{"href":"https:\/\/www.notibras.com\/site\/wp-json\/wp\/v2\/media?parent=23866"}],"wp:term":[{"taxonomy":"category","embeddable":true,"href":"https:\/\/www.notibras.com\/site\/wp-json\/wp\/v2\/categories?post=23866"},{"taxonomy":"post_tag","embeddable":true,"href":"https:\/\/www.notibras.com\/site\/wp-json\/wp\/v2\/tags?post=23866"}],"curies":[{"name":"wp","href":"https:\/\/api.w.org\/{rel}","templated":true}]}}