{"id":23878,"date":"2014-10-03T20:34:06","date_gmt":"2014-10-03T23:34:06","guid":{"rendered":"http:\/\/www.notibras.com\/site\/?p=23878"},"modified":"2014-10-03T21:38:30","modified_gmt":"2014-10-04T00:38:30","slug":"marina-candidata-fragil-na-aparencia-e-forte-na-tomada-de-decisoes","status":"publish","type":"post","link":"https:\/\/www.notibras.com\/site\/marina-candidata-fragil-na-aparencia-e-forte-na-tomada-de-decisoes\/","title":{"rendered":"Marina, fragilidade na apar\u00eancia mas forte na tomada de decis\u00f5es"},"content":{"rendered":"<p>Ambientalista renomada, com uma hist\u00f3ria de vida cheia de supera\u00e7\u00f5es, Marina Silva se viu lan\u00e7ada em meados de agosto ao centro da disputa eleitoral deste ano, em uma campanha que planejava ter apenas um papel de coadjuvante.<\/p>\n<p>Marina entrou na disputa como vice de Eduardo Campos, que encabe\u00e7ava a chapa do PSB, mas a morte do candidato em um acidente a\u00e9reo provocou uma reviravolta no cen\u00e1rio pol\u00edtico.<\/p>\n<p>&#8220;Ocorreu uma trag\u00e9dia, e essa trag\u00e9dia praticamente a obrigou a ser candidata&#8221;, disse \u00e0 Reuters o deputado federal Alfredo Sirkis (PSB-RJ), um dos interlocutores que a acompanharam e filiaram-se ao PSB.<\/p>\n<p>Ambos j\u00e1 haviam protagonizado uma mudan\u00e7a no cen\u00e1rio eleitoral, quando anunciaram a surpreendente alian\u00e7a para chegar ao Pal\u00e1cio do Planalto. Ap\u00f3s ter frustrada sua tentativa de criar o partido Rede Sustentabilidade, Marina decidiu filiar-se ao PSB no \u00faltimo minuto.<\/p>\n<p>Com a morte de Campos, entrou na disputa com a for\u00e7a de um furac\u00e3o, subindo rapidamente nas pesquisas eleitorais e atraindo contra ela uma saraivada de ataques das campanhas da presidente Dilma Rousseff (PT) e de A\u00e9cio Neves (PSDB).<\/p>\n<p>Em meio ao bombardeio, reclamou de ataques injustos e do que chamou de mentiras, assumindo um ar de v\u00edtima na disputa, que acabou passando para muitos a imagem de uma pessoa fr\u00e1gil, que n\u00e3o estaria a altura do cargo que disputa. Nada mais falso, dizem os que a conhecem bem.<\/p>\n<blockquote><p>&#8220;Realmente, chamar de fr\u00e1gil uma pessoa que enfrentou a morte n\u00e3o sei quantas vezes; que conseguiu, nascida no cora\u00e7\u00e3o da Floresta Amaz\u00f4nica, seringueira, se alfabetizar aos 16 anos; teve mal\u00e1ria n\u00e3o sei quantas vezes, leishmaniose n\u00e3o sei quantas vezes, envenenamento com merc\u00fario, quase morreu n\u00e3o sei quantas vezes, uma sobrevivente nata&#8221;, disse Sirkis. &#8220;Realmente, se isso \u00e9 fragilidade eu n\u00e3o sei o que \u00e9 for\u00e7a.&#8221;<\/p><\/blockquote>\n<p>Nascida em um seringal no Acre, Maria Osmarina Marina Silva Vaz de Lima, 56 anos, acumula longa lista de problemas de sa\u00fade. Hepatite, mal\u00e1ria, leishmaniose e contamina\u00e7\u00e3o por merc\u00fario, o que restringe bastante sua dieta, s\u00e3o algumas das doen\u00e7as que a acometeram. Marina j\u00e1 comentou sobre seu passado de fome, pobreza e perdas &#8211;a m\u00e3e faleceu quando ela tinha 14 anos de idade.<\/p>\n<p>Alfabetizada somente aos 16 anos, quando se mudou do seringal para Rio Branco, tamb\u00e9m evita o uso de maquiagem, por ser al\u00e9rgica.<\/p>\n<p>A sua luta ligada ao meio ambiente fez com que fosse um dos primeiros nomes anunciados para o minist\u00e9rio do primeiro mandato do ex-presidente Luiz In\u00e1cio Lula da Silva em 2002, \u00e9poca em que foi colega de Campos. Marina na chefia do Meio Ambiente e ele, na Ci\u00eancia e Tecnologia.<\/p>\n<p>Em maio de 2008, no entanto, anunciou a sa\u00edda do governo Lula em meio a atritos, especialmente com o Minist\u00e9rio da Agricultura e com a ent\u00e3o ministra-chefe da Casa Civil, a hoje presidente Dilma Rousseff. Pouco mais de um ano ap\u00f3s deixar o Minist\u00e9rio, Marina decidiu deixar o PT, partido em que permanecera por 24 anos.<\/p>\n<p>Onze dias depois estava filiada ao PV, sigla pela qual disputou a elei\u00e7\u00e3o presidencial de 2010. A aposta rendeu \u00e0 ent\u00e3o candidata verde perto de 20 milh\u00f5es de votos, o que lhe garantiu a terceira posi\u00e7\u00e3o e for\u00e7ou um segundo turno entre Dilma e o tucano Jos\u00e9 Serra.<\/p>\n<p>Ap\u00f3s a elei\u00e7\u00e3o de 2010, Marina desfiliou-se do PV em meio a uma disputa por espa\u00e7o pol\u00edtico dentro da legenda, passando a buscar o projeto da nova sigla, a Rede Sustentabilidade, iniciado com a cria\u00e7\u00e3o do Movimento por uma Nova Pol\u00edtica.<\/p>\n<p>A ex-senadora creditou o naufr\u00e1gio de sua sigla a uma articula\u00e7\u00e3o nacional de seus advers\u00e1rios, procedimento que teria prejudicado a checagem de assinaturas de apoiadores do novo partido nos cart\u00f3rios eleitorais de todo o pa\u00eds.<\/p>\n<p>O epis\u00f3dio nutriu um rancor pelo PT, que a motivou, segundo interlocutores de Campos, a fazer uma cruzada contra Dilma. O ex-governador de Pernambuco chegou a dizer que Marina poderia &#8220;engolir um caminh\u00e3o de sapos por dia&#8221; para derrotar a presidente.<\/p>\n<p>Mas ap\u00f3s o falecimento do companheiro de chapa em agosto, e poucos dias depois do an\u00fancio de que assumiria a candidatura \u00e0 Presid\u00eancia, Marina encostava na at\u00e9 ent\u00e3o l\u00edder nas pesquisas eleitorais, Dilma, que tenta a reelei\u00e7\u00e3o pelo PT. A ex-senadora tamb\u00e9m deixava o tucano A\u00e9cio Neves mais distante da possibilidade de disputar o segundo turno.<\/p>\n<p>Dada sua disparada nas pesquisas, advers\u00e1rios passaram a buscar brechas e contradi\u00e7\u00f5es no discurso de Marina. Dentre os pontos explorados, est\u00e3o sua hist\u00f3rica defesa pelo meio ambiente, o fato de ser evang\u00e9lica e um suposto conservadorismo, al\u00e9m do fato de j\u00e1 ter passado por diversas legendas, inclusive o PT, hoje combatido por ela.<\/p>\n<p>&#8220;Existe um preconceito, sem d\u00favida nenhuma. E at\u00e9 mais do que um preconceito, existe evidentemente uma luta pol\u00edtica e dentro da luta pol\u00edtica uma propaganda negativa&#8221;, afirmou Sirkis.<\/p>\n<p>Para a senadora e candidata ao governo da Bahia pelo PSB, L\u00eddice da Mata, o preconceito passou a existir a partir de uma campanha &#8220;sistem\u00e1tica&#8221; que tentou colar a imagem de &#8220;fundamentalista&#8221; em Marina.<\/p>\n<p>&#8220;Chegaram \u00e0 conclus\u00e3o de que atemorizar a popula\u00e7\u00e3o d\u00e1 certo e resolveram assumir sem nenhuma \u00e9tica esta postura. Foi a mesma que a direita de ontem usou contra Lula e contra Dilma. E hoje o PT usa contra a Marina sem cerim\u00f4nia&#8221;, disse L\u00eddice.<\/p>\n<p>Preconceito ou n\u00e3o, o posicionamento religioso da candidata, que j\u00e1 alimentou o sonho de ser freira e tornou-se evang\u00e9lica frequentadora da igreja Assembleia de Deus, foi colocado em xeque ap\u00f3s revis\u00e3o do cap\u00edtulo sobre direitos para homossexuais do programa de governo um dia ap\u00f3s o seu lan\u00e7amento. O partido divulgou uma errata, que parte do movimento LGBT considerou um retrocesso.<\/p>\n<p>Antes do epis\u00f3dio, Marina j\u00e1 havia se posicionado pessoalmente contra o aborto, e a favor da igualdade de direitos inclusive para casais homossexuais, embora tenha se posicionado contr\u00e1ria ao uso da palavra &#8220;casamento&#8221; para esse tipo de uni\u00e3o.<\/p>\n<p>A sua trajet\u00f3ria de ambientalista, a ex-senadora militou ao lado de Chico Mendes, assassinado em 1988, tamb\u00e9m n\u00e3o passou em branco pelo escrut\u00ednio dos advers\u00e1rios. A candidata foi acusada de mudar de lado ao se aproximar do agroneg\u00f3cio nesta campanha.<\/p>\n<p>Esse hist\u00f3rico, segundo interlocutores de Marina, em nada se contradiz a setores como a agricultura e o setor energ\u00e9tico, para os quais defende uma &#8220;adequa\u00e7\u00e3o&#8221; \u00e0s regras do desenvolvimento sustent\u00e1vel.<\/p>\n<p>Marina tem defendido o di\u00e1logo e o fim da &#8220;velha pol\u00edtica&#8221;, da alian\u00e7a em troca de cargos, entoando o mantra da necessidade de renova\u00e7\u00e3o.<\/p>\n<p>Descrita como amistosa, carism\u00e1tica e at\u00e9 mesmo &#8220;sedutora&#8221; por interlocutores, entrou na disputa com o discurso contra a polariza\u00e7\u00e3o PT x PSDB na pol\u00edtica.<\/p>\n<p>&#8220;Se eu achasse que esse pa\u00eds est\u00e1 condenado a eternamente ter esse padr\u00e3o de pol\u00edtica que n\u00f3s temos, eu entraria em depress\u00e3o&#8221;, disse a candidata em entrevista \u00e0 Reuters.<\/p>\n<p>Mas cr\u00edticos dizem que a ex-ministra \u00e9 pouco flex\u00edvel e est\u00e1 longe da capacidade de concilia\u00e7\u00e3o que o ex-cabe\u00e7a de chapa do partido tinha. Dependendo do contexto, para quem \u00e9 acusada de fragilidade, isso pode ser um elogio.<\/p>\n<p>&#8220;O pessoal diz &#8216;a Marina \u00e9 magrinha, \u00e9 fraquinha&#8217;. Sou magrinha, mas olhe, eu venho da Amaz\u00f4nia e tem uma \u00e1rvore chamada biorana. Tem a biorana branca e a biorana preta. A biorana preta n\u00e3o fica t\u00e3o grossa, mas experimenta bater com um machado&#8221;, afirmou em discurso. &#8220;Sai fa\u00edsca, ele n\u00e3o verga.&#8221;<\/p>\n<p><strong>Maria Carolina Marcello, Reuters<\/strong><\/p>\n","protected":false},"excerpt":{"rendered":"<p>Ambientalista renomada, com uma hist\u00f3ria de vida cheia de supera\u00e7\u00f5es, Marina Silva se viu lan\u00e7ada em meados de agosto ao centro da disputa eleitoral deste ano, em uma campanha que planejava ter apenas um papel de coadjuvante. Marina entrou na disputa como vice de Eduardo Campos, que encabe\u00e7ava a chapa do PSB, mas a morte [&hellip;]<\/p>\n","protected":false},"author":2,"featured_media":23879,"comment_status":"open","ping_status":"closed","sticky":false,"template":"","format":"standard","meta":{"_acf_changed":false,"footnotes":""},"categories":[33],"tags":[],"class_list":["post-23878","post","type-post","status-publish","format-standard","has-post-thumbnail","hentry","category-eleicoes-2014"],"acf":[],"yoast_head":"<!-- This site is optimized with the Yoast SEO plugin v27.5 - https:\/\/yoast.com\/product\/yoast-seo-wordpress\/ -->\n<title>Marina, fragilidade na apar\u00eancia mas forte na tomada de decis\u00f5es - Notibras<\/title>\n<meta name=\"robots\" content=\"index, follow, max-snippet:-1, max-image-preview:large, max-video-preview:-1\" \/>\n<link rel=\"canonical\" href=\"https:\/\/www.notibras.com\/site\/marina-candidata-fragil-na-aparencia-e-forte-na-tomada-de-decisoes\/\" \/>\n<meta property=\"og:locale\" content=\"pt_BR\" \/>\n<meta property=\"og:type\" content=\"article\" \/>\n<meta property=\"og:title\" content=\"Marina, fragilidade na apar\u00eancia mas forte na tomada de decis\u00f5es - Notibras\" \/>\n<meta property=\"og:description\" content=\"Ambientalista renomada, com uma hist\u00f3ria de vida cheia de supera\u00e7\u00f5es, Marina Silva se viu lan\u00e7ada em meados de agosto ao centro da disputa eleitoral deste ano, em uma campanha que planejava ter apenas um papel de coadjuvante. Marina entrou na disputa como vice de Eduardo Campos, que encabe\u00e7ava a chapa do PSB, mas a morte [&hellip;]\" \/>\n<meta property=\"og:url\" content=\"https:\/\/www.notibras.com\/site\/marina-candidata-fragil-na-aparencia-e-forte-na-tomada-de-decisoes\/\" \/>\n<meta property=\"og:site_name\" content=\"Notibras\" \/>\n<meta property=\"article:publisher\" content=\"https:\/\/www.facebook.com\/notibras\/\" \/>\n<meta property=\"article:published_time\" content=\"2014-10-03T23:34:06+00:00\" \/>\n<meta property=\"article:modified_time\" content=\"2014-10-04T00:38:30+00:00\" \/>\n<meta property=\"og:image\" content=\"https:\/\/www.notibras.com\/site\/wp-content\/uploads\/2014\/10\/ele3.jpg\" \/>\n\t<meta property=\"og:image:width\" content=\"615\" \/>\n\t<meta property=\"og:image:height\" content=\"300\" \/>\n\t<meta property=\"og:image:type\" content=\"image\/jpeg\" \/>\n<meta name=\"author\" content=\"Reda\u00e7\u00e3o\" \/>\n<meta name=\"twitter:card\" content=\"summary_large_image\" \/>\n<meta name=\"twitter:creator\" content=\"@Notibras\" \/>\n<meta name=\"twitter:site\" content=\"@Notibras\" \/>\n<meta name=\"twitter:label1\" content=\"Escrito por\" \/>\n\t<meta name=\"twitter:data1\" content=\"Reda\u00e7\u00e3o\" \/>\n\t<meta name=\"twitter:label2\" content=\"Est. tempo de leitura\" \/>\n\t<meta name=\"twitter:data2\" content=\"7 minutos\" \/>\n<script type=\"application\/ld+json\" class=\"yoast-schema-graph\">{\"@context\":\"https:\\\/\\\/schema.org\",\"@graph\":[{\"@type\":\"Article\",\"@id\":\"https:\\\/\\\/www.notibras.com\\\/site\\\/marina-candidata-fragil-na-aparencia-e-forte-na-tomada-de-decisoes\\\/#article\",\"isPartOf\":{\"@id\":\"https:\\\/\\\/www.notibras.com\\\/site\\\/marina-candidata-fragil-na-aparencia-e-forte-na-tomada-de-decisoes\\\/\"},\"author\":{\"name\":\"Reda\u00e7\u00e3o\",\"@id\":\"https:\\\/\\\/www.notibras.com\\\/site\\\/#\\\/schema\\\/person\\\/36ab0979449956132d3e5b517ea76ac8\"},\"headline\":\"Marina, fragilidade na apar\u00eancia mas forte na tomada de decis\u00f5es\",\"datePublished\":\"2014-10-03T23:34:06+00:00\",\"dateModified\":\"2014-10-04T00:38:30+00:00\",\"mainEntityOfPage\":{\"@id\":\"https:\\\/\\\/www.notibras.com\\\/site\\\/marina-candidata-fragil-na-aparencia-e-forte-na-tomada-de-decisoes\\\/\"},\"wordCount\":1321,\"commentCount\":0,\"publisher\":{\"@id\":\"https:\\\/\\\/www.notibras.com\\\/site\\\/#organization\"},\"image\":{\"@id\":\"https:\\\/\\\/www.notibras.com\\\/site\\\/marina-candidata-fragil-na-aparencia-e-forte-na-tomada-de-decisoes\\\/#primaryimage\"},\"thumbnailUrl\":\"https:\\\/\\\/www.notibras.com\\\/site\\\/wp-content\\\/uploads\\\/2014\\\/10\\\/ele3.jpg\",\"articleSection\":[\"Elei\u00e7\u00f5es 2014\"],\"inLanguage\":\"pt-BR\",\"potentialAction\":[{\"@type\":\"CommentAction\",\"name\":\"Comment\",\"target\":[\"https:\\\/\\\/www.notibras.com\\\/site\\\/marina-candidata-fragil-na-aparencia-e-forte-na-tomada-de-decisoes\\\/#respond\"]}]},{\"@type\":\"WebPage\",\"@id\":\"https:\\\/\\\/www.notibras.com\\\/site\\\/marina-candidata-fragil-na-aparencia-e-forte-na-tomada-de-decisoes\\\/\",\"url\":\"https:\\\/\\\/www.notibras.com\\\/site\\\/marina-candidata-fragil-na-aparencia-e-forte-na-tomada-de-decisoes\\\/\",\"name\":\"Marina, fragilidade na apar\u00eancia mas forte na tomada de decis\u00f5es - Notibras\",\"isPartOf\":{\"@id\":\"https:\\\/\\\/www.notibras.com\\\/site\\\/#website\"},\"primaryImageOfPage\":{\"@id\":\"https:\\\/\\\/www.notibras.com\\\/site\\\/marina-candidata-fragil-na-aparencia-e-forte-na-tomada-de-decisoes\\\/#primaryimage\"},\"image\":{\"@id\":\"https:\\\/\\\/www.notibras.com\\\/site\\\/marina-candidata-fragil-na-aparencia-e-forte-na-tomada-de-decisoes\\\/#primaryimage\"},\"thumbnailUrl\":\"https:\\\/\\\/www.notibras.com\\\/site\\\/wp-content\\\/uploads\\\/2014\\\/10\\\/ele3.jpg\",\"datePublished\":\"2014-10-03T23:34:06+00:00\",\"dateModified\":\"2014-10-04T00:38:30+00:00\",\"breadcrumb\":{\"@id\":\"https:\\\/\\\/www.notibras.com\\\/site\\\/marina-candidata-fragil-na-aparencia-e-forte-na-tomada-de-decisoes\\\/#breadcrumb\"},\"inLanguage\":\"pt-BR\",\"potentialAction\":[{\"@type\":\"ReadAction\",\"target\":[\"https:\\\/\\\/www.notibras.com\\\/site\\\/marina-candidata-fragil-na-aparencia-e-forte-na-tomada-de-decisoes\\\/\"]}]},{\"@type\":\"ImageObject\",\"inLanguage\":\"pt-BR\",\"@id\":\"https:\\\/\\\/www.notibras.com\\\/site\\\/marina-candidata-fragil-na-aparencia-e-forte-na-tomada-de-decisoes\\\/#primaryimage\",\"url\":\"https:\\\/\\\/www.notibras.com\\\/site\\\/wp-content\\\/uploads\\\/2014\\\/10\\\/ele3.jpg\",\"contentUrl\":\"https:\\\/\\\/www.notibras.com\\\/site\\\/wp-content\\\/uploads\\\/2014\\\/10\\\/ele3.jpg\",\"width\":615,\"height\":300},{\"@type\":\"BreadcrumbList\",\"@id\":\"https:\\\/\\\/www.notibras.com\\\/site\\\/marina-candidata-fragil-na-aparencia-e-forte-na-tomada-de-decisoes\\\/#breadcrumb\",\"itemListElement\":[{\"@type\":\"ListItem\",\"position\":1,\"name\":\"In\u00edcio\",\"item\":\"https:\\\/\\\/www.notibras.com\\\/site\\\/\"},{\"@type\":\"ListItem\",\"position\":2,\"name\":\"Marina, fragilidade na apar\u00eancia mas forte na tomada de decis\u00f5es\"}]},{\"@type\":\"WebSite\",\"@id\":\"https:\\\/\\\/www.notibras.com\\\/site\\\/#website\",\"url\":\"https:\\\/\\\/www.notibras.com\\\/site\\\/\",\"name\":\"Notibras\",\"description\":\"Not\u00edcias de Bras\u00edlia, do Brasil e do Mundo\",\"publisher\":{\"@id\":\"https:\\\/\\\/www.notibras.com\\\/site\\\/#organization\"},\"potentialAction\":[{\"@type\":\"SearchAction\",\"target\":{\"@type\":\"EntryPoint\",\"urlTemplate\":\"https:\\\/\\\/www.notibras.com\\\/site\\\/?s={search_term_string}\"},\"query-input\":{\"@type\":\"PropertyValueSpecification\",\"valueRequired\":true,\"valueName\":\"search_term_string\"}}],\"inLanguage\":\"pt-BR\"},{\"@type\":\"Organization\",\"@id\":\"https:\\\/\\\/www.notibras.com\\\/site\\\/#organization\",\"name\":\"Grupo Notibras de Comunica\u00e7\u00e3o\",\"url\":\"https:\\\/\\\/www.notibras.com\\\/site\\\/\",\"logo\":{\"@type\":\"ImageObject\",\"inLanguage\":\"pt-BR\",\"@id\":\"https:\\\/\\\/www.notibras.com\\\/site\\\/#\\\/schema\\\/logo\\\/image\\\/\",\"url\":\"https:\\\/\\\/www.notibras.com\\\/site\\\/wp-content\\\/uploads\\\/2023\\\/01\\\/notibras23.png\",\"contentUrl\":\"https:\\\/\\\/www.notibras.com\\\/site\\\/wp-content\\\/uploads\\\/2023\\\/01\\\/notibras23.png\",\"width\":350,\"height\":87,\"caption\":\"Grupo Notibras de Comunica\u00e7\u00e3o\"},\"image\":{\"@id\":\"https:\\\/\\\/www.notibras.com\\\/site\\\/#\\\/schema\\\/logo\\\/image\\\/\"},\"sameAs\":[\"https:\\\/\\\/www.facebook.com\\\/notibras\\\/\",\"https:\\\/\\\/x.com\\\/Notibras\",\"https:\\\/\\\/www.instagram.com\\\/notibras\\\/\"]},{\"@type\":\"Person\",\"@id\":\"https:\\\/\\\/www.notibras.com\\\/site\\\/#\\\/schema\\\/person\\\/36ab0979449956132d3e5b517ea76ac8\",\"name\":\"Reda\u00e7\u00e3o\",\"image\":{\"@type\":\"ImageObject\",\"inLanguage\":\"pt-BR\",\"@id\":\"https:\\\/\\\/secure.gravatar.com\\\/avatar\\\/e0a867bdedb85fd243eadf09663511f96fc81e0720a4a42581f334ad4303aa6b?s=96&d=mm&r=g\",\"url\":\"https:\\\/\\\/secure.gravatar.com\\\/avatar\\\/e0a867bdedb85fd243eadf09663511f96fc81e0720a4a42581f334ad4303aa6b?s=96&d=mm&r=g\",\"contentUrl\":\"https:\\\/\\\/secure.gravatar.com\\\/avatar\\\/e0a867bdedb85fd243eadf09663511f96fc81e0720a4a42581f334ad4303aa6b?s=96&d=mm&r=g\",\"caption\":\"Reda\u00e7\u00e3o\"}}]}<\/script>\n<!-- \/ Yoast SEO plugin. -->","yoast_head_json":{"title":"Marina, fragilidade na apar\u00eancia mas forte na tomada de decis\u00f5es - Notibras","robots":{"index":"index","follow":"follow","max-snippet":"max-snippet:-1","max-image-preview":"max-image-preview:large","max-video-preview":"max-video-preview:-1"},"canonical":"https:\/\/www.notibras.com\/site\/marina-candidata-fragil-na-aparencia-e-forte-na-tomada-de-decisoes\/","og_locale":"pt_BR","og_type":"article","og_title":"Marina, fragilidade na apar\u00eancia mas forte na tomada de decis\u00f5es - Notibras","og_description":"Ambientalista renomada, com uma hist\u00f3ria de vida cheia de supera\u00e7\u00f5es, Marina Silva se viu lan\u00e7ada em meados de agosto ao centro da disputa eleitoral deste ano, em uma campanha que planejava ter apenas um papel de coadjuvante. Marina entrou na disputa como vice de Eduardo Campos, que encabe\u00e7ava a chapa do PSB, mas a morte [&hellip;]","og_url":"https:\/\/www.notibras.com\/site\/marina-candidata-fragil-na-aparencia-e-forte-na-tomada-de-decisoes\/","og_site_name":"Notibras","article_publisher":"https:\/\/www.facebook.com\/notibras\/","article_published_time":"2014-10-03T23:34:06+00:00","article_modified_time":"2014-10-04T00:38:30+00:00","og_image":[{"width":615,"height":300,"url":"https:\/\/www.notibras.com\/site\/wp-content\/uploads\/2014\/10\/ele3.jpg","type":"image\/jpeg"}],"author":"Reda\u00e7\u00e3o","twitter_card":"summary_large_image","twitter_creator":"@Notibras","twitter_site":"@Notibras","twitter_misc":{"Escrito por":"Reda\u00e7\u00e3o","Est. tempo de leitura":"7 minutos"},"schema":{"@context":"https:\/\/schema.org","@graph":[{"@type":"Article","@id":"https:\/\/www.notibras.com\/site\/marina-candidata-fragil-na-aparencia-e-forte-na-tomada-de-decisoes\/#article","isPartOf":{"@id":"https:\/\/www.notibras.com\/site\/marina-candidata-fragil-na-aparencia-e-forte-na-tomada-de-decisoes\/"},"author":{"name":"Reda\u00e7\u00e3o","@id":"https:\/\/www.notibras.com\/site\/#\/schema\/person\/36ab0979449956132d3e5b517ea76ac8"},"headline":"Marina, fragilidade na apar\u00eancia mas forte na tomada de decis\u00f5es","datePublished":"2014-10-03T23:34:06+00:00","dateModified":"2014-10-04T00:38:30+00:00","mainEntityOfPage":{"@id":"https:\/\/www.notibras.com\/site\/marina-candidata-fragil-na-aparencia-e-forte-na-tomada-de-decisoes\/"},"wordCount":1321,"commentCount":0,"publisher":{"@id":"https:\/\/www.notibras.com\/site\/#organization"},"image":{"@id":"https:\/\/www.notibras.com\/site\/marina-candidata-fragil-na-aparencia-e-forte-na-tomada-de-decisoes\/#primaryimage"},"thumbnailUrl":"https:\/\/www.notibras.com\/site\/wp-content\/uploads\/2014\/10\/ele3.jpg","articleSection":["Elei\u00e7\u00f5es 2014"],"inLanguage":"pt-BR","potentialAction":[{"@type":"CommentAction","name":"Comment","target":["https:\/\/www.notibras.com\/site\/marina-candidata-fragil-na-aparencia-e-forte-na-tomada-de-decisoes\/#respond"]}]},{"@type":"WebPage","@id":"https:\/\/www.notibras.com\/site\/marina-candidata-fragil-na-aparencia-e-forte-na-tomada-de-decisoes\/","url":"https:\/\/www.notibras.com\/site\/marina-candidata-fragil-na-aparencia-e-forte-na-tomada-de-decisoes\/","name":"Marina, fragilidade na apar\u00eancia mas forte na tomada de decis\u00f5es - Notibras","isPartOf":{"@id":"https:\/\/www.notibras.com\/site\/#website"},"primaryImageOfPage":{"@id":"https:\/\/www.notibras.com\/site\/marina-candidata-fragil-na-aparencia-e-forte-na-tomada-de-decisoes\/#primaryimage"},"image":{"@id":"https:\/\/www.notibras.com\/site\/marina-candidata-fragil-na-aparencia-e-forte-na-tomada-de-decisoes\/#primaryimage"},"thumbnailUrl":"https:\/\/www.notibras.com\/site\/wp-content\/uploads\/2014\/10\/ele3.jpg","datePublished":"2014-10-03T23:34:06+00:00","dateModified":"2014-10-04T00:38:30+00:00","breadcrumb":{"@id":"https:\/\/www.notibras.com\/site\/marina-candidata-fragil-na-aparencia-e-forte-na-tomada-de-decisoes\/#breadcrumb"},"inLanguage":"pt-BR","potentialAction":[{"@type":"ReadAction","target":["https:\/\/www.notibras.com\/site\/marina-candidata-fragil-na-aparencia-e-forte-na-tomada-de-decisoes\/"]}]},{"@type":"ImageObject","inLanguage":"pt-BR","@id":"https:\/\/www.notibras.com\/site\/marina-candidata-fragil-na-aparencia-e-forte-na-tomada-de-decisoes\/#primaryimage","url":"https:\/\/www.notibras.com\/site\/wp-content\/uploads\/2014\/10\/ele3.jpg","contentUrl":"https:\/\/www.notibras.com\/site\/wp-content\/uploads\/2014\/10\/ele3.jpg","width":615,"height":300},{"@type":"BreadcrumbList","@id":"https:\/\/www.notibras.com\/site\/marina-candidata-fragil-na-aparencia-e-forte-na-tomada-de-decisoes\/#breadcrumb","itemListElement":[{"@type":"ListItem","position":1,"name":"In\u00edcio","item":"https:\/\/www.notibras.com\/site\/"},{"@type":"ListItem","position":2,"name":"Marina, fragilidade na apar\u00eancia mas forte na tomada de decis\u00f5es"}]},{"@type":"WebSite","@id":"https:\/\/www.notibras.com\/site\/#website","url":"https:\/\/www.notibras.com\/site\/","name":"Notibras","description":"Not\u00edcias de Bras\u00edlia, do Brasil e do Mundo","publisher":{"@id":"https:\/\/www.notibras.com\/site\/#organization"},"potentialAction":[{"@type":"SearchAction","target":{"@type":"EntryPoint","urlTemplate":"https:\/\/www.notibras.com\/site\/?s={search_term_string}"},"query-input":{"@type":"PropertyValueSpecification","valueRequired":true,"valueName":"search_term_string"}}],"inLanguage":"pt-BR"},{"@type":"Organization","@id":"https:\/\/www.notibras.com\/site\/#organization","name":"Grupo Notibras de Comunica\u00e7\u00e3o","url":"https:\/\/www.notibras.com\/site\/","logo":{"@type":"ImageObject","inLanguage":"pt-BR","@id":"https:\/\/www.notibras.com\/site\/#\/schema\/logo\/image\/","url":"https:\/\/www.notibras.com\/site\/wp-content\/uploads\/2023\/01\/notibras23.png","contentUrl":"https:\/\/www.notibras.com\/site\/wp-content\/uploads\/2023\/01\/notibras23.png","width":350,"height":87,"caption":"Grupo Notibras de Comunica\u00e7\u00e3o"},"image":{"@id":"https:\/\/www.notibras.com\/site\/#\/schema\/logo\/image\/"},"sameAs":["https:\/\/www.facebook.com\/notibras\/","https:\/\/x.com\/Notibras","https:\/\/www.instagram.com\/notibras\/"]},{"@type":"Person","@id":"https:\/\/www.notibras.com\/site\/#\/schema\/person\/36ab0979449956132d3e5b517ea76ac8","name":"Reda\u00e7\u00e3o","image":{"@type":"ImageObject","inLanguage":"pt-BR","@id":"https:\/\/secure.gravatar.com\/avatar\/e0a867bdedb85fd243eadf09663511f96fc81e0720a4a42581f334ad4303aa6b?s=96&d=mm&r=g","url":"https:\/\/secure.gravatar.com\/avatar\/e0a867bdedb85fd243eadf09663511f96fc81e0720a4a42581f334ad4303aa6b?s=96&d=mm&r=g","contentUrl":"https:\/\/secure.gravatar.com\/avatar\/e0a867bdedb85fd243eadf09663511f96fc81e0720a4a42581f334ad4303aa6b?s=96&d=mm&r=g","caption":"Reda\u00e7\u00e3o"}}]}},"amp_enabled":true,"_links":{"self":[{"href":"https:\/\/www.notibras.com\/site\/wp-json\/wp\/v2\/posts\/23878","targetHints":{"allow":["GET"]}}],"collection":[{"href":"https:\/\/www.notibras.com\/site\/wp-json\/wp\/v2\/posts"}],"about":[{"href":"https:\/\/www.notibras.com\/site\/wp-json\/wp\/v2\/types\/post"}],"author":[{"embeddable":true,"href":"https:\/\/www.notibras.com\/site\/wp-json\/wp\/v2\/users\/2"}],"replies":[{"embeddable":true,"href":"https:\/\/www.notibras.com\/site\/wp-json\/wp\/v2\/comments?post=23878"}],"version-history":[{"count":0,"href":"https:\/\/www.notibras.com\/site\/wp-json\/wp\/v2\/posts\/23878\/revisions"}],"wp:featuredmedia":[{"embeddable":true,"href":"https:\/\/www.notibras.com\/site\/wp-json\/wp\/v2\/media\/23879"}],"wp:attachment":[{"href":"https:\/\/www.notibras.com\/site\/wp-json\/wp\/v2\/media?parent=23878"}],"wp:term":[{"taxonomy":"category","embeddable":true,"href":"https:\/\/www.notibras.com\/site\/wp-json\/wp\/v2\/categories?post=23878"},{"taxonomy":"post_tag","embeddable":true,"href":"https:\/\/www.notibras.com\/site\/wp-json\/wp\/v2\/tags?post=23878"}],"curies":[{"name":"wp","href":"https:\/\/api.w.org\/{rel}","templated":true}]}}