{"id":23893,"date":"2014-10-03T22:18:34","date_gmt":"2014-10-04T01:18:34","guid":{"rendered":"http:\/\/www.notibras.com\/site\/?p=23893"},"modified":"2014-10-03T22:18:34","modified_gmt":"2014-10-04T01:18:34","slug":"america-mg-recupera-pontos-mas-empata-com-atletico-go","status":"publish","type":"post","link":"https:\/\/www.notibras.com\/site\/america-mg-recupera-pontos-mas-empata-com-atletico-go\/","title":{"rendered":"Am\u00e9rica-MG recupera pontos mas empata com Atl\u00e9tico-GO"},"content":{"rendered":"<p>Depois de comemorar, na v\u00e9spera, a recupera\u00e7\u00e3o no Pleno do STJD de 15 dos 21 pontos que havia perdido no &#8216;tapet\u00e3o&#8217;, o Am\u00e9rica-MG n\u00e3o conseguiu fazer o dever de casa, com a bola rolando, e apenas empatou com o Atl\u00e9tico-GO, por 1 a 1, na noite desta sexta-feira, no Independ\u00eancias. E o time americano ficou em desvantagem na etapa inicial, com um belo gol marcado pelo lateral direito Mateus Caramelo para os visitantes, empatou logo no in\u00edcio da fase final, mas n\u00e3o conseguiu a virada, que marcaria a retomada da caminhada rumo ao G4.<\/p>\n<p>Dessa forma, o Am\u00e9rica-MG desperdi\u00e7ou a oportunidade de provar que n\u00e3o se trata apenas de ret\u00f3rica, quando o t\u00e9cnico Givanildo Oliveira e os jogadores falam nas chances de conseguir o acesso \u00e0 S\u00e9rie A, em 2015. Com o empate, a equipe americana passou a 35 pontos, mantendo-se um a menos que o Atl\u00e9tico-GO, que foi a 36 e encerrou s\u00e9rie de duas derrotas consecutivas como visitante. Mesmo n\u00e3o sendo o resultado desejado, o Am\u00e9rica segue sem perder sob o comando de Givanildo Oliveira.<\/p>\n<blockquote><p>Am\u00e9rica-MG e Atl\u00e9tico-GO fizeram um primeiro tempo muito movimentado e aberto, em que os setores ofensivos levavam vantagem sobre as defesas. Ambos criaram muitas chances, mas a falta de pontaria e as boas interven\u00e7\u00f5es dos goleiros Jo\u00e3o Ricardo e M\u00e1rcio, respectivamente, ajudam a explicar o empate sem gols. Finaliza\u00e7\u00f5es completamente erradas foram v\u00e1rias. Conclus\u00f5es a gol com dire\u00e7\u00e3o certeira foram poucas e bem defendidas pelos camisas 1.<\/p><\/blockquote>\n<p>Logo a 2 min, M\u00e1rcio teve que trabalhar bem, ap\u00f3s chute cruzado de Gilson, que desviou no zagueiro Artur. Nove minutos depois, na resposta do Atl\u00e9tico-GO, foi a vez de Jo\u00e3o Ricardo brilhar. Jorginho, de cabe\u00e7a, obrigou o camisa um americano a fazer dif\u00edcil defesa. Aos 30 min, Obina foi lan\u00e7ado e chegou batendo, mas M\u00e1rcio defendeu parcialmente. O veterano atacante americano se enrolou com o rebote, facilitando a vida do goleiro da equipe goiana. Quando a etapa inicial caminhava para terminar sem gols, o lateral direito Mateus Caramelo acertou belo chute de esquerda e marcou um gola\u00e7o.<\/p>\n<p>O segundo tempo come\u00e7ou com a press\u00e3o americana em busca do empate. E aos 2 min, Obina, a exemplo da etapa anterior, desperdi\u00e7ou chance incr\u00edvel, quando chutou em cima do goleiro M\u00e1rcio. No minuto seguinte, no entanto, Artur cometeu p\u00eanalti sobre Gilson, que foi convertido por Obina, empatando a partida, que seguiu disputado e aberta. O Atl\u00e9tico-GO n\u00e3o desanimou e tamb\u00e9m criou oportunidades para desempatar. Mas, aos 20 min, o Am\u00e9rica quase virou, quando Obina mandou a bola na trave advers\u00e1ria. Na reta final, o time atleticano ficou mais perigoso e, aos 36 min, Diogo Campos exigiu grande defesa de Jo\u00e3o Ricardo.<\/p>\n","protected":false},"excerpt":{"rendered":"<p>Depois de comemorar, na v\u00e9spera, a recupera\u00e7\u00e3o no Pleno do STJD de 15 dos 21 pontos que havia perdido no &#8216;tapet\u00e3o&#8217;, o Am\u00e9rica-MG n\u00e3o conseguiu fazer o dever de casa, com a bola rolando, e apenas empatou com o Atl\u00e9tico-GO, por 1 a 1, na noite desta sexta-feira, no Independ\u00eancias. E o time americano ficou [&hellip;]<\/p>\n","protected":false},"author":2,"featured_media":23894,"comment_status":"open","ping_status":"closed","sticky":false,"template":"","format":"standard","meta":{"_acf_changed":false,"footnotes":""},"categories":[19,29],"tags":[],"class_list":["post-23893","post","type-post","status-publish","format-standard","has-post-thumbnail","hentry","category-esportes","category-futebol"],"acf":[],"yoast_head":"<!-- This site is optimized with the Yoast SEO plugin v27.2 - https:\/\/yoast.com\/product\/yoast-seo-wordpress\/ -->\n<title>Am\u00e9rica-MG recupera pontos mas empata com Atl\u00e9tico-GO - Notibras<\/title>\n<meta name=\"robots\" content=\"index, follow, max-snippet:-1, max-image-preview:large, max-video-preview:-1\" \/>\n<link rel=\"canonical\" href=\"https:\/\/www.notibras.com\/site\/america-mg-recupera-pontos-mas-empata-com-atletico-go\/\" \/>\n<meta property=\"og:locale\" content=\"pt_BR\" \/>\n<meta property=\"og:type\" content=\"article\" \/>\n<meta property=\"og:title\" content=\"Am\u00e9rica-MG recupera pontos mas empata com Atl\u00e9tico-GO - Notibras\" \/>\n<meta property=\"og:description\" content=\"Depois de comemorar, na v\u00e9spera, a recupera\u00e7\u00e3o no Pleno do STJD de 15 dos 21 pontos que havia perdido no &#8216;tapet\u00e3o&#8217;, o Am\u00e9rica-MG n\u00e3o conseguiu fazer o dever de casa, com a bola rolando, e apenas empatou com o Atl\u00e9tico-GO, por 1 a 1, na noite desta sexta-feira, no Independ\u00eancias. E o time americano ficou [&hellip;]\" \/>\n<meta property=\"og:url\" content=\"https:\/\/www.notibras.com\/site\/america-mg-recupera-pontos-mas-empata-com-atletico-go\/\" \/>\n<meta property=\"og:site_name\" content=\"Notibras\" \/>\n<meta property=\"article:publisher\" content=\"https:\/\/www.facebook.com\/notibras\/\" \/>\n<meta property=\"article:published_time\" content=\"2014-10-04T01:18:34+00:00\" \/>\n<meta property=\"og:image\" content=\"https:\/\/www.notibras.com\/site\/wp-content\/uploads\/2014\/10\/esp3.jpg\" \/>\n\t<meta property=\"og:image:width\" content=\"620\" \/>\n\t<meta property=\"og:image:height\" content=\"390\" \/>\n\t<meta property=\"og:image:type\" content=\"image\/jpeg\" \/>\n<meta name=\"author\" content=\"Reda\u00e7\u00e3o\" \/>\n<meta name=\"twitter:card\" content=\"summary_large_image\" \/>\n<meta name=\"twitter:creator\" content=\"@Notibras\" \/>\n<meta name=\"twitter:site\" content=\"@Notibras\" \/>\n<meta name=\"twitter:label1\" content=\"Escrito por\" \/>\n\t<meta name=\"twitter:data1\" content=\"Reda\u00e7\u00e3o\" \/>\n\t<meta name=\"twitter:label2\" content=\"Est. tempo de leitura\" \/>\n\t<meta name=\"twitter:data2\" content=\"2 minutos\" \/>\n<script type=\"application\/ld+json\" class=\"yoast-schema-graph\">{\"@context\":\"https:\/\/schema.org\",\"@graph\":[{\"@type\":\"Article\",\"@id\":\"https:\/\/www.notibras.com\/site\/america-mg-recupera-pontos-mas-empata-com-atletico-go\/#article\",\"isPartOf\":{\"@id\":\"https:\/\/www.notibras.com\/site\/america-mg-recupera-pontos-mas-empata-com-atletico-go\/\"},\"author\":{\"name\":\"Reda\u00e7\u00e3o\",\"@id\":\"https:\/\/www.notibras.com\/site\/#\/schema\/person\/36ab0979449956132d3e5b517ea76ac8\"},\"headline\":\"Am\u00e9rica-MG recupera pontos mas empata com Atl\u00e9tico-GO\",\"datePublished\":\"2014-10-04T01:18:34+00:00\",\"mainEntityOfPage\":{\"@id\":\"https:\/\/www.notibras.com\/site\/america-mg-recupera-pontos-mas-empata-com-atletico-go\/\"},\"wordCount\":488,\"commentCount\":0,\"publisher\":{\"@id\":\"https:\/\/www.notibras.com\/site\/#organization\"},\"image\":{\"@id\":\"https:\/\/www.notibras.com\/site\/america-mg-recupera-pontos-mas-empata-com-atletico-go\/#primaryimage\"},\"thumbnailUrl\":\"https:\/\/www.notibras.com\/site\/wp-content\/uploads\/2014\/10\/esp3.jpg\",\"articleSection\":[\"Esportes\",\"Futebol\"],\"inLanguage\":\"pt-BR\",\"potentialAction\":[{\"@type\":\"CommentAction\",\"name\":\"Comment\",\"target\":[\"https:\/\/www.notibras.com\/site\/america-mg-recupera-pontos-mas-empata-com-atletico-go\/#respond\"]}]},{\"@type\":\"WebPage\",\"@id\":\"https:\/\/www.notibras.com\/site\/america-mg-recupera-pontos-mas-empata-com-atletico-go\/\",\"url\":\"https:\/\/www.notibras.com\/site\/america-mg-recupera-pontos-mas-empata-com-atletico-go\/\",\"name\":\"Am\u00e9rica-MG recupera pontos mas empata com Atl\u00e9tico-GO - Notibras\",\"isPartOf\":{\"@id\":\"https:\/\/www.notibras.com\/site\/#website\"},\"primaryImageOfPage\":{\"@id\":\"https:\/\/www.notibras.com\/site\/america-mg-recupera-pontos-mas-empata-com-atletico-go\/#primaryimage\"},\"image\":{\"@id\":\"https:\/\/www.notibras.com\/site\/america-mg-recupera-pontos-mas-empata-com-atletico-go\/#primaryimage\"},\"thumbnailUrl\":\"https:\/\/www.notibras.com\/site\/wp-content\/uploads\/2014\/10\/esp3.jpg\",\"datePublished\":\"2014-10-04T01:18:34+00:00\",\"breadcrumb\":{\"@id\":\"https:\/\/www.notibras.com\/site\/america-mg-recupera-pontos-mas-empata-com-atletico-go\/#breadcrumb\"},\"inLanguage\":\"pt-BR\",\"potentialAction\":[{\"@type\":\"ReadAction\",\"target\":[\"https:\/\/www.notibras.com\/site\/america-mg-recupera-pontos-mas-empata-com-atletico-go\/\"]}]},{\"@type\":\"ImageObject\",\"inLanguage\":\"pt-BR\",\"@id\":\"https:\/\/www.notibras.com\/site\/america-mg-recupera-pontos-mas-empata-com-atletico-go\/#primaryimage\",\"url\":\"https:\/\/www.notibras.com\/site\/wp-content\/uploads\/2014\/10\/esp3.jpg\",\"contentUrl\":\"https:\/\/www.notibras.com\/site\/wp-content\/uploads\/2014\/10\/esp3.jpg\",\"width\":620,\"height\":390},{\"@type\":\"BreadcrumbList\",\"@id\":\"https:\/\/www.notibras.com\/site\/america-mg-recupera-pontos-mas-empata-com-atletico-go\/#breadcrumb\",\"itemListElement\":[{\"@type\":\"ListItem\",\"position\":1,\"name\":\"In\u00edcio\",\"item\":\"https:\/\/www.notibras.com\/site\/\"},{\"@type\":\"ListItem\",\"position\":2,\"name\":\"Am\u00e9rica-MG recupera pontos mas empata com Atl\u00e9tico-GO\"}]},{\"@type\":\"WebSite\",\"@id\":\"https:\/\/www.notibras.com\/site\/#website\",\"url\":\"https:\/\/www.notibras.com\/site\/\",\"name\":\"Notibras\",\"description\":\"Not\u00edcias de Bras\u00edlia, do Brasil e do Mundo\",\"publisher\":{\"@id\":\"https:\/\/www.notibras.com\/site\/#organization\"},\"potentialAction\":[{\"@type\":\"SearchAction\",\"target\":{\"@type\":\"EntryPoint\",\"urlTemplate\":\"https:\/\/www.notibras.com\/site\/?s={search_term_string}\"},\"query-input\":{\"@type\":\"PropertyValueSpecification\",\"valueRequired\":true,\"valueName\":\"search_term_string\"}}],\"inLanguage\":\"pt-BR\"},{\"@type\":\"Organization\",\"@id\":\"https:\/\/www.notibras.com\/site\/#organization\",\"name\":\"Grupo Notibras de Comunica\u00e7\u00e3o\",\"url\":\"https:\/\/www.notibras.com\/site\/\",\"logo\":{\"@type\":\"ImageObject\",\"inLanguage\":\"pt-BR\",\"@id\":\"https:\/\/www.notibras.com\/site\/#\/schema\/logo\/image\/\",\"url\":\"https:\/\/www.notibras.com\/site\/wp-content\/uploads\/2023\/01\/notibras23.png\",\"contentUrl\":\"https:\/\/www.notibras.com\/site\/wp-content\/uploads\/2023\/01\/notibras23.png\",\"width\":350,\"height\":87,\"caption\":\"Grupo Notibras de Comunica\u00e7\u00e3o\"},\"image\":{\"@id\":\"https:\/\/www.notibras.com\/site\/#\/schema\/logo\/image\/\"},\"sameAs\":[\"https:\/\/www.facebook.com\/notibras\/\",\"https:\/\/x.com\/Notibras\",\"https:\/\/www.instagram.com\/notibras\/\"]},{\"@type\":\"Person\",\"@id\":\"https:\/\/www.notibras.com\/site\/#\/schema\/person\/36ab0979449956132d3e5b517ea76ac8\",\"name\":\"Reda\u00e7\u00e3o\",\"image\":{\"@type\":\"ImageObject\",\"inLanguage\":\"pt-BR\",\"@id\":\"https:\/\/secure.gravatar.com\/avatar\/e0a867bdedb85fd243eadf09663511f96fc81e0720a4a42581f334ad4303aa6b?s=96&d=mm&r=g\",\"url\":\"https:\/\/secure.gravatar.com\/avatar\/e0a867bdedb85fd243eadf09663511f96fc81e0720a4a42581f334ad4303aa6b?s=96&d=mm&r=g\",\"contentUrl\":\"https:\/\/secure.gravatar.com\/avatar\/e0a867bdedb85fd243eadf09663511f96fc81e0720a4a42581f334ad4303aa6b?s=96&d=mm&r=g\",\"caption\":\"Reda\u00e7\u00e3o\"}}]}<\/script>\n<!-- \/ Yoast SEO plugin. -->","yoast_head_json":{"title":"Am\u00e9rica-MG recupera pontos mas empata com Atl\u00e9tico-GO - Notibras","robots":{"index":"index","follow":"follow","max-snippet":"max-snippet:-1","max-image-preview":"max-image-preview:large","max-video-preview":"max-video-preview:-1"},"canonical":"https:\/\/www.notibras.com\/site\/america-mg-recupera-pontos-mas-empata-com-atletico-go\/","og_locale":"pt_BR","og_type":"article","og_title":"Am\u00e9rica-MG recupera pontos mas empata com Atl\u00e9tico-GO - Notibras","og_description":"Depois de comemorar, na v\u00e9spera, a recupera\u00e7\u00e3o no Pleno do STJD de 15 dos 21 pontos que havia perdido no &#8216;tapet\u00e3o&#8217;, o Am\u00e9rica-MG n\u00e3o conseguiu fazer o dever de casa, com a bola rolando, e apenas empatou com o Atl\u00e9tico-GO, por 1 a 1, na noite desta sexta-feira, no Independ\u00eancias. E o time americano ficou [&hellip;]","og_url":"https:\/\/www.notibras.com\/site\/america-mg-recupera-pontos-mas-empata-com-atletico-go\/","og_site_name":"Notibras","article_publisher":"https:\/\/www.facebook.com\/notibras\/","article_published_time":"2014-10-04T01:18:34+00:00","og_image":[{"width":620,"height":390,"url":"https:\/\/www.notibras.com\/site\/wp-content\/uploads\/2014\/10\/esp3.jpg","type":"image\/jpeg"}],"author":"Reda\u00e7\u00e3o","twitter_card":"summary_large_image","twitter_creator":"@Notibras","twitter_site":"@Notibras","twitter_misc":{"Escrito por":"Reda\u00e7\u00e3o","Est. tempo de leitura":"2 minutos"},"schema":{"@context":"https:\/\/schema.org","@graph":[{"@type":"Article","@id":"https:\/\/www.notibras.com\/site\/america-mg-recupera-pontos-mas-empata-com-atletico-go\/#article","isPartOf":{"@id":"https:\/\/www.notibras.com\/site\/america-mg-recupera-pontos-mas-empata-com-atletico-go\/"},"author":{"name":"Reda\u00e7\u00e3o","@id":"https:\/\/www.notibras.com\/site\/#\/schema\/person\/36ab0979449956132d3e5b517ea76ac8"},"headline":"Am\u00e9rica-MG recupera pontos mas empata com Atl\u00e9tico-GO","datePublished":"2014-10-04T01:18:34+00:00","mainEntityOfPage":{"@id":"https:\/\/www.notibras.com\/site\/america-mg-recupera-pontos-mas-empata-com-atletico-go\/"},"wordCount":488,"commentCount":0,"publisher":{"@id":"https:\/\/www.notibras.com\/site\/#organization"},"image":{"@id":"https:\/\/www.notibras.com\/site\/america-mg-recupera-pontos-mas-empata-com-atletico-go\/#primaryimage"},"thumbnailUrl":"https:\/\/www.notibras.com\/site\/wp-content\/uploads\/2014\/10\/esp3.jpg","articleSection":["Esportes","Futebol"],"inLanguage":"pt-BR","potentialAction":[{"@type":"CommentAction","name":"Comment","target":["https:\/\/www.notibras.com\/site\/america-mg-recupera-pontos-mas-empata-com-atletico-go\/#respond"]}]},{"@type":"WebPage","@id":"https:\/\/www.notibras.com\/site\/america-mg-recupera-pontos-mas-empata-com-atletico-go\/","url":"https:\/\/www.notibras.com\/site\/america-mg-recupera-pontos-mas-empata-com-atletico-go\/","name":"Am\u00e9rica-MG recupera pontos mas empata com Atl\u00e9tico-GO - Notibras","isPartOf":{"@id":"https:\/\/www.notibras.com\/site\/#website"},"primaryImageOfPage":{"@id":"https:\/\/www.notibras.com\/site\/america-mg-recupera-pontos-mas-empata-com-atletico-go\/#primaryimage"},"image":{"@id":"https:\/\/www.notibras.com\/site\/america-mg-recupera-pontos-mas-empata-com-atletico-go\/#primaryimage"},"thumbnailUrl":"https:\/\/www.notibras.com\/site\/wp-content\/uploads\/2014\/10\/esp3.jpg","datePublished":"2014-10-04T01:18:34+00:00","breadcrumb":{"@id":"https:\/\/www.notibras.com\/site\/america-mg-recupera-pontos-mas-empata-com-atletico-go\/#breadcrumb"},"inLanguage":"pt-BR","potentialAction":[{"@type":"ReadAction","target":["https:\/\/www.notibras.com\/site\/america-mg-recupera-pontos-mas-empata-com-atletico-go\/"]}]},{"@type":"ImageObject","inLanguage":"pt-BR","@id":"https:\/\/www.notibras.com\/site\/america-mg-recupera-pontos-mas-empata-com-atletico-go\/#primaryimage","url":"https:\/\/www.notibras.com\/site\/wp-content\/uploads\/2014\/10\/esp3.jpg","contentUrl":"https:\/\/www.notibras.com\/site\/wp-content\/uploads\/2014\/10\/esp3.jpg","width":620,"height":390},{"@type":"BreadcrumbList","@id":"https:\/\/www.notibras.com\/site\/america-mg-recupera-pontos-mas-empata-com-atletico-go\/#breadcrumb","itemListElement":[{"@type":"ListItem","position":1,"name":"In\u00edcio","item":"https:\/\/www.notibras.com\/site\/"},{"@type":"ListItem","position":2,"name":"Am\u00e9rica-MG recupera pontos mas empata com Atl\u00e9tico-GO"}]},{"@type":"WebSite","@id":"https:\/\/www.notibras.com\/site\/#website","url":"https:\/\/www.notibras.com\/site\/","name":"Notibras","description":"Not\u00edcias de Bras\u00edlia, do Brasil e do Mundo","publisher":{"@id":"https:\/\/www.notibras.com\/site\/#organization"},"potentialAction":[{"@type":"SearchAction","target":{"@type":"EntryPoint","urlTemplate":"https:\/\/www.notibras.com\/site\/?s={search_term_string}"},"query-input":{"@type":"PropertyValueSpecification","valueRequired":true,"valueName":"search_term_string"}}],"inLanguage":"pt-BR"},{"@type":"Organization","@id":"https:\/\/www.notibras.com\/site\/#organization","name":"Grupo Notibras de Comunica\u00e7\u00e3o","url":"https:\/\/www.notibras.com\/site\/","logo":{"@type":"ImageObject","inLanguage":"pt-BR","@id":"https:\/\/www.notibras.com\/site\/#\/schema\/logo\/image\/","url":"https:\/\/www.notibras.com\/site\/wp-content\/uploads\/2023\/01\/notibras23.png","contentUrl":"https:\/\/www.notibras.com\/site\/wp-content\/uploads\/2023\/01\/notibras23.png","width":350,"height":87,"caption":"Grupo Notibras de Comunica\u00e7\u00e3o"},"image":{"@id":"https:\/\/www.notibras.com\/site\/#\/schema\/logo\/image\/"},"sameAs":["https:\/\/www.facebook.com\/notibras\/","https:\/\/x.com\/Notibras","https:\/\/www.instagram.com\/notibras\/"]},{"@type":"Person","@id":"https:\/\/www.notibras.com\/site\/#\/schema\/person\/36ab0979449956132d3e5b517ea76ac8","name":"Reda\u00e7\u00e3o","image":{"@type":"ImageObject","inLanguage":"pt-BR","@id":"https:\/\/secure.gravatar.com\/avatar\/e0a867bdedb85fd243eadf09663511f96fc81e0720a4a42581f334ad4303aa6b?s=96&d=mm&r=g","url":"https:\/\/secure.gravatar.com\/avatar\/e0a867bdedb85fd243eadf09663511f96fc81e0720a4a42581f334ad4303aa6b?s=96&d=mm&r=g","contentUrl":"https:\/\/secure.gravatar.com\/avatar\/e0a867bdedb85fd243eadf09663511f96fc81e0720a4a42581f334ad4303aa6b?s=96&d=mm&r=g","caption":"Reda\u00e7\u00e3o"}}]}},"amp_enabled":true,"_links":{"self":[{"href":"https:\/\/www.notibras.com\/site\/wp-json\/wp\/v2\/posts\/23893","targetHints":{"allow":["GET"]}}],"collection":[{"href":"https:\/\/www.notibras.com\/site\/wp-json\/wp\/v2\/posts"}],"about":[{"href":"https:\/\/www.notibras.com\/site\/wp-json\/wp\/v2\/types\/post"}],"author":[{"embeddable":true,"href":"https:\/\/www.notibras.com\/site\/wp-json\/wp\/v2\/users\/2"}],"replies":[{"embeddable":true,"href":"https:\/\/www.notibras.com\/site\/wp-json\/wp\/v2\/comments?post=23893"}],"version-history":[{"count":0,"href":"https:\/\/www.notibras.com\/site\/wp-json\/wp\/v2\/posts\/23893\/revisions"}],"wp:featuredmedia":[{"embeddable":true,"href":"https:\/\/www.notibras.com\/site\/wp-json\/wp\/v2\/media\/23894"}],"wp:attachment":[{"href":"https:\/\/www.notibras.com\/site\/wp-json\/wp\/v2\/media?parent=23893"}],"wp:term":[{"taxonomy":"category","embeddable":true,"href":"https:\/\/www.notibras.com\/site\/wp-json\/wp\/v2\/categories?post=23893"},{"taxonomy":"post_tag","embeddable":true,"href":"https:\/\/www.notibras.com\/site\/wp-json\/wp\/v2\/tags?post=23893"}],"curies":[{"name":"wp","href":"https:\/\/api.w.org\/{rel}","templated":true}]}}