{"id":23896,"date":"2014-10-03T20:19:44","date_gmt":"2014-10-03T23:19:44","guid":{"rendered":"http:\/\/www.notibras.com\/site\/?p=23896"},"modified":"2014-10-03T22:22:03","modified_gmt":"2014-10-04T01:22:03","slug":"dunga-chama-kaka-para-amistoso-contra-a-argentina","status":"publish","type":"post","link":"https:\/\/www.notibras.com\/site\/dunga-chama-kaka-para-amistoso-contra-a-argentina\/","title":{"rendered":"Dunga chama Kak\u00e1 para amistoso contra a Argentina"},"content":{"rendered":"<p>A sele\u00e7\u00e3o brasileira ter\u00e1 algumas novidades para os amistosos contra Argentina (11\/10, em Pequim) e Jap\u00e3o (14\/10, em Cingapura). Um dia depois de a CBF (Confedera\u00e7\u00e3o Brasileira de Futebol) ter convocado o goleiro Marcelo Grohe (Gr\u00eamio) e o volante Souza (S\u00e3o Paulo), o meia Kak\u00e1 e o zagueiro Juan tamb\u00e9m foram chamados.<\/p>\n<p>O jogador do S\u00e3o Paulo substituir\u00e1 Ricardo Goulart, do Cruzeiro, cortado por causa de um estiramento na coxa. J\u00e1 o defensor da Inter de Mil\u00e3o ficar\u00e1 com a vaga de Marquinhos, do PSG, que foi desconvocado tamb\u00e9m por causa de les\u00e3o.<\/p>\n<blockquote><p>Kak\u00e1 recebeu a convoca\u00e7\u00e3o com certa surpresa. &#8220;Realmente, minha alegria de estar voltando \u00e9 imensa, recebi a convoca\u00e7\u00e3o de forma muito especial. Depois de passa rum longo per\u00edodo sem ser convocado, \u00e9 um reconhecimento de que venho fazendo uma coisa boa. Fruto do meu trabalho, e alegria pela grande conquista&#8221;, disse o meia em entrevista coletiva.<\/p><\/blockquote>\n","protected":false},"excerpt":{"rendered":"<p>A sele\u00e7\u00e3o brasileira ter\u00e1 algumas novidades para os amistosos contra Argentina (11\/10, em Pequim) e Jap\u00e3o (14\/10, em Cingapura). Um dia depois de a CBF (Confedera\u00e7\u00e3o Brasileira de Futebol) ter convocado o goleiro Marcelo Grohe (Gr\u00eamio) e o volante Souza (S\u00e3o Paulo), o meia Kak\u00e1 e o zagueiro Juan tamb\u00e9m foram chamados. O jogador do [&hellip;]<\/p>\n","protected":false},"author":2,"featured_media":23897,"comment_status":"open","ping_status":"closed","sticky":false,"template":"","format":"standard","meta":{"_acf_changed":false,"footnotes":""},"categories":[19,29],"tags":[],"class_list":["post-23896","post","type-post","status-publish","format-standard","has-post-thumbnail","hentry","category-esportes","category-futebol"],"acf":[],"yoast_head":"<!-- This site is optimized with the Yoast SEO plugin v27.2 - https:\/\/yoast.com\/product\/yoast-seo-wordpress\/ -->\n<title>Dunga chama Kak\u00e1 para amistoso contra a Argentina - Notibras<\/title>\n<meta name=\"robots\" content=\"index, follow, max-snippet:-1, max-image-preview:large, max-video-preview:-1\" \/>\n<link rel=\"canonical\" href=\"https:\/\/www.notibras.com\/site\/dunga-chama-kaka-para-amistoso-contra-a-argentina\/\" \/>\n<meta property=\"og:locale\" content=\"pt_BR\" \/>\n<meta property=\"og:type\" content=\"article\" \/>\n<meta property=\"og:title\" content=\"Dunga chama Kak\u00e1 para amistoso contra a Argentina - Notibras\" \/>\n<meta property=\"og:description\" content=\"A sele\u00e7\u00e3o brasileira ter\u00e1 algumas novidades para os amistosos contra Argentina (11\/10, em Pequim) e Jap\u00e3o (14\/10, em Cingapura). Um dia depois de a CBF (Confedera\u00e7\u00e3o Brasileira de Futebol) ter convocado o goleiro Marcelo Grohe (Gr\u00eamio) e o volante Souza (S\u00e3o Paulo), o meia Kak\u00e1 e o zagueiro Juan tamb\u00e9m foram chamados. O jogador do [&hellip;]\" \/>\n<meta property=\"og:url\" content=\"https:\/\/www.notibras.com\/site\/dunga-chama-kaka-para-amistoso-contra-a-argentina\/\" \/>\n<meta property=\"og:site_name\" content=\"Notibras\" \/>\n<meta property=\"article:publisher\" content=\"https:\/\/www.facebook.com\/notibras\/\" \/>\n<meta property=\"article:published_time\" content=\"2014-10-03T23:19:44+00:00\" \/>\n<meta property=\"article:modified_time\" content=\"2014-10-04T01:22:03+00:00\" \/>\n<meta property=\"og:image\" content=\"https:\/\/www.notibras.com\/site\/wp-content\/uploads\/2014\/10\/esp2.jpg\" \/>\n\t<meta property=\"og:image:width\" content=\"606\" \/>\n\t<meta property=\"og:image:height\" content=\"455\" \/>\n\t<meta property=\"og:image:type\" content=\"image\/jpeg\" \/>\n<meta name=\"author\" content=\"Reda\u00e7\u00e3o\" \/>\n<meta name=\"twitter:card\" content=\"summary_large_image\" \/>\n<meta name=\"twitter:creator\" content=\"@Notibras\" \/>\n<meta name=\"twitter:site\" content=\"@Notibras\" \/>\n<meta name=\"twitter:label1\" content=\"Escrito por\" \/>\n\t<meta name=\"twitter:data1\" content=\"Reda\u00e7\u00e3o\" \/>\n\t<meta name=\"twitter:label2\" content=\"Est. tempo de leitura\" \/>\n\t<meta name=\"twitter:data2\" content=\"1 minuto\" \/>\n<script type=\"application\/ld+json\" class=\"yoast-schema-graph\">{\"@context\":\"https:\/\/schema.org\",\"@graph\":[{\"@type\":\"Article\",\"@id\":\"https:\/\/www.notibras.com\/site\/dunga-chama-kaka-para-amistoso-contra-a-argentina\/#article\",\"isPartOf\":{\"@id\":\"https:\/\/www.notibras.com\/site\/dunga-chama-kaka-para-amistoso-contra-a-argentina\/\"},\"author\":{\"name\":\"Reda\u00e7\u00e3o\",\"@id\":\"https:\/\/www.notibras.com\/site\/#\/schema\/person\/36ab0979449956132d3e5b517ea76ac8\"},\"headline\":\"Dunga chama Kak\u00e1 para amistoso contra a Argentina\",\"datePublished\":\"2014-10-03T23:19:44+00:00\",\"dateModified\":\"2014-10-04T01:22:03+00:00\",\"mainEntityOfPage\":{\"@id\":\"https:\/\/www.notibras.com\/site\/dunga-chama-kaka-para-amistoso-contra-a-argentina\/\"},\"wordCount\":166,\"commentCount\":0,\"publisher\":{\"@id\":\"https:\/\/www.notibras.com\/site\/#organization\"},\"image\":{\"@id\":\"https:\/\/www.notibras.com\/site\/dunga-chama-kaka-para-amistoso-contra-a-argentina\/#primaryimage\"},\"thumbnailUrl\":\"https:\/\/www.notibras.com\/site\/wp-content\/uploads\/2014\/10\/esp2.jpg\",\"articleSection\":[\"Esportes\",\"Futebol\"],\"inLanguage\":\"pt-BR\",\"potentialAction\":[{\"@type\":\"CommentAction\",\"name\":\"Comment\",\"target\":[\"https:\/\/www.notibras.com\/site\/dunga-chama-kaka-para-amistoso-contra-a-argentina\/#respond\"]}]},{\"@type\":\"WebPage\",\"@id\":\"https:\/\/www.notibras.com\/site\/dunga-chama-kaka-para-amistoso-contra-a-argentina\/\",\"url\":\"https:\/\/www.notibras.com\/site\/dunga-chama-kaka-para-amistoso-contra-a-argentina\/\",\"name\":\"Dunga chama Kak\u00e1 para amistoso contra a Argentina - Notibras\",\"isPartOf\":{\"@id\":\"https:\/\/www.notibras.com\/site\/#website\"},\"primaryImageOfPage\":{\"@id\":\"https:\/\/www.notibras.com\/site\/dunga-chama-kaka-para-amistoso-contra-a-argentina\/#primaryimage\"},\"image\":{\"@id\":\"https:\/\/www.notibras.com\/site\/dunga-chama-kaka-para-amistoso-contra-a-argentina\/#primaryimage\"},\"thumbnailUrl\":\"https:\/\/www.notibras.com\/site\/wp-content\/uploads\/2014\/10\/esp2.jpg\",\"datePublished\":\"2014-10-03T23:19:44+00:00\",\"dateModified\":\"2014-10-04T01:22:03+00:00\",\"breadcrumb\":{\"@id\":\"https:\/\/www.notibras.com\/site\/dunga-chama-kaka-para-amistoso-contra-a-argentina\/#breadcrumb\"},\"inLanguage\":\"pt-BR\",\"potentialAction\":[{\"@type\":\"ReadAction\",\"target\":[\"https:\/\/www.notibras.com\/site\/dunga-chama-kaka-para-amistoso-contra-a-argentina\/\"]}]},{\"@type\":\"ImageObject\",\"inLanguage\":\"pt-BR\",\"@id\":\"https:\/\/www.notibras.com\/site\/dunga-chama-kaka-para-amistoso-contra-a-argentina\/#primaryimage\",\"url\":\"https:\/\/www.notibras.com\/site\/wp-content\/uploads\/2014\/10\/esp2.jpg\",\"contentUrl\":\"https:\/\/www.notibras.com\/site\/wp-content\/uploads\/2014\/10\/esp2.jpg\",\"width\":606,\"height\":455},{\"@type\":\"BreadcrumbList\",\"@id\":\"https:\/\/www.notibras.com\/site\/dunga-chama-kaka-para-amistoso-contra-a-argentina\/#breadcrumb\",\"itemListElement\":[{\"@type\":\"ListItem\",\"position\":1,\"name\":\"In\u00edcio\",\"item\":\"https:\/\/www.notibras.com\/site\/\"},{\"@type\":\"ListItem\",\"position\":2,\"name\":\"Dunga chama Kak\u00e1 para amistoso contra a Argentina\"}]},{\"@type\":\"WebSite\",\"@id\":\"https:\/\/www.notibras.com\/site\/#website\",\"url\":\"https:\/\/www.notibras.com\/site\/\",\"name\":\"Notibras\",\"description\":\"Not\u00edcias de Bras\u00edlia, do Brasil e do Mundo\",\"publisher\":{\"@id\":\"https:\/\/www.notibras.com\/site\/#organization\"},\"potentialAction\":[{\"@type\":\"SearchAction\",\"target\":{\"@type\":\"EntryPoint\",\"urlTemplate\":\"https:\/\/www.notibras.com\/site\/?s={search_term_string}\"},\"query-input\":{\"@type\":\"PropertyValueSpecification\",\"valueRequired\":true,\"valueName\":\"search_term_string\"}}],\"inLanguage\":\"pt-BR\"},{\"@type\":\"Organization\",\"@id\":\"https:\/\/www.notibras.com\/site\/#organization\",\"name\":\"Grupo Notibras de Comunica\u00e7\u00e3o\",\"url\":\"https:\/\/www.notibras.com\/site\/\",\"logo\":{\"@type\":\"ImageObject\",\"inLanguage\":\"pt-BR\",\"@id\":\"https:\/\/www.notibras.com\/site\/#\/schema\/logo\/image\/\",\"url\":\"https:\/\/www.notibras.com\/site\/wp-content\/uploads\/2023\/01\/notibras23.png\",\"contentUrl\":\"https:\/\/www.notibras.com\/site\/wp-content\/uploads\/2023\/01\/notibras23.png\",\"width\":350,\"height\":87,\"caption\":\"Grupo Notibras de Comunica\u00e7\u00e3o\"},\"image\":{\"@id\":\"https:\/\/www.notibras.com\/site\/#\/schema\/logo\/image\/\"},\"sameAs\":[\"https:\/\/www.facebook.com\/notibras\/\",\"https:\/\/x.com\/Notibras\",\"https:\/\/www.instagram.com\/notibras\/\"]},{\"@type\":\"Person\",\"@id\":\"https:\/\/www.notibras.com\/site\/#\/schema\/person\/36ab0979449956132d3e5b517ea76ac8\",\"name\":\"Reda\u00e7\u00e3o\",\"image\":{\"@type\":\"ImageObject\",\"inLanguage\":\"pt-BR\",\"@id\":\"https:\/\/secure.gravatar.com\/avatar\/e0a867bdedb85fd243eadf09663511f96fc81e0720a4a42581f334ad4303aa6b?s=96&d=mm&r=g\",\"url\":\"https:\/\/secure.gravatar.com\/avatar\/e0a867bdedb85fd243eadf09663511f96fc81e0720a4a42581f334ad4303aa6b?s=96&d=mm&r=g\",\"contentUrl\":\"https:\/\/secure.gravatar.com\/avatar\/e0a867bdedb85fd243eadf09663511f96fc81e0720a4a42581f334ad4303aa6b?s=96&d=mm&r=g\",\"caption\":\"Reda\u00e7\u00e3o\"}}]}<\/script>\n<!-- \/ Yoast SEO plugin. -->","yoast_head_json":{"title":"Dunga chama Kak\u00e1 para amistoso contra a Argentina - Notibras","robots":{"index":"index","follow":"follow","max-snippet":"max-snippet:-1","max-image-preview":"max-image-preview:large","max-video-preview":"max-video-preview:-1"},"canonical":"https:\/\/www.notibras.com\/site\/dunga-chama-kaka-para-amistoso-contra-a-argentina\/","og_locale":"pt_BR","og_type":"article","og_title":"Dunga chama Kak\u00e1 para amistoso contra a Argentina - Notibras","og_description":"A sele\u00e7\u00e3o brasileira ter\u00e1 algumas novidades para os amistosos contra Argentina (11\/10, em Pequim) e Jap\u00e3o (14\/10, em Cingapura). Um dia depois de a CBF (Confedera\u00e7\u00e3o Brasileira de Futebol) ter convocado o goleiro Marcelo Grohe (Gr\u00eamio) e o volante Souza (S\u00e3o Paulo), o meia Kak\u00e1 e o zagueiro Juan tamb\u00e9m foram chamados. O jogador do [&hellip;]","og_url":"https:\/\/www.notibras.com\/site\/dunga-chama-kaka-para-amistoso-contra-a-argentina\/","og_site_name":"Notibras","article_publisher":"https:\/\/www.facebook.com\/notibras\/","article_published_time":"2014-10-03T23:19:44+00:00","article_modified_time":"2014-10-04T01:22:03+00:00","og_image":[{"width":606,"height":455,"url":"https:\/\/www.notibras.com\/site\/wp-content\/uploads\/2014\/10\/esp2.jpg","type":"image\/jpeg"}],"author":"Reda\u00e7\u00e3o","twitter_card":"summary_large_image","twitter_creator":"@Notibras","twitter_site":"@Notibras","twitter_misc":{"Escrito por":"Reda\u00e7\u00e3o","Est. tempo de leitura":"1 minuto"},"schema":{"@context":"https:\/\/schema.org","@graph":[{"@type":"Article","@id":"https:\/\/www.notibras.com\/site\/dunga-chama-kaka-para-amistoso-contra-a-argentina\/#article","isPartOf":{"@id":"https:\/\/www.notibras.com\/site\/dunga-chama-kaka-para-amistoso-contra-a-argentina\/"},"author":{"name":"Reda\u00e7\u00e3o","@id":"https:\/\/www.notibras.com\/site\/#\/schema\/person\/36ab0979449956132d3e5b517ea76ac8"},"headline":"Dunga chama Kak\u00e1 para amistoso contra a Argentina","datePublished":"2014-10-03T23:19:44+00:00","dateModified":"2014-10-04T01:22:03+00:00","mainEntityOfPage":{"@id":"https:\/\/www.notibras.com\/site\/dunga-chama-kaka-para-amistoso-contra-a-argentina\/"},"wordCount":166,"commentCount":0,"publisher":{"@id":"https:\/\/www.notibras.com\/site\/#organization"},"image":{"@id":"https:\/\/www.notibras.com\/site\/dunga-chama-kaka-para-amistoso-contra-a-argentina\/#primaryimage"},"thumbnailUrl":"https:\/\/www.notibras.com\/site\/wp-content\/uploads\/2014\/10\/esp2.jpg","articleSection":["Esportes","Futebol"],"inLanguage":"pt-BR","potentialAction":[{"@type":"CommentAction","name":"Comment","target":["https:\/\/www.notibras.com\/site\/dunga-chama-kaka-para-amistoso-contra-a-argentina\/#respond"]}]},{"@type":"WebPage","@id":"https:\/\/www.notibras.com\/site\/dunga-chama-kaka-para-amistoso-contra-a-argentina\/","url":"https:\/\/www.notibras.com\/site\/dunga-chama-kaka-para-amistoso-contra-a-argentina\/","name":"Dunga chama Kak\u00e1 para amistoso contra a Argentina - Notibras","isPartOf":{"@id":"https:\/\/www.notibras.com\/site\/#website"},"primaryImageOfPage":{"@id":"https:\/\/www.notibras.com\/site\/dunga-chama-kaka-para-amistoso-contra-a-argentina\/#primaryimage"},"image":{"@id":"https:\/\/www.notibras.com\/site\/dunga-chama-kaka-para-amistoso-contra-a-argentina\/#primaryimage"},"thumbnailUrl":"https:\/\/www.notibras.com\/site\/wp-content\/uploads\/2014\/10\/esp2.jpg","datePublished":"2014-10-03T23:19:44+00:00","dateModified":"2014-10-04T01:22:03+00:00","breadcrumb":{"@id":"https:\/\/www.notibras.com\/site\/dunga-chama-kaka-para-amistoso-contra-a-argentina\/#breadcrumb"},"inLanguage":"pt-BR","potentialAction":[{"@type":"ReadAction","target":["https:\/\/www.notibras.com\/site\/dunga-chama-kaka-para-amistoso-contra-a-argentina\/"]}]},{"@type":"ImageObject","inLanguage":"pt-BR","@id":"https:\/\/www.notibras.com\/site\/dunga-chama-kaka-para-amistoso-contra-a-argentina\/#primaryimage","url":"https:\/\/www.notibras.com\/site\/wp-content\/uploads\/2014\/10\/esp2.jpg","contentUrl":"https:\/\/www.notibras.com\/site\/wp-content\/uploads\/2014\/10\/esp2.jpg","width":606,"height":455},{"@type":"BreadcrumbList","@id":"https:\/\/www.notibras.com\/site\/dunga-chama-kaka-para-amistoso-contra-a-argentina\/#breadcrumb","itemListElement":[{"@type":"ListItem","position":1,"name":"In\u00edcio","item":"https:\/\/www.notibras.com\/site\/"},{"@type":"ListItem","position":2,"name":"Dunga chama Kak\u00e1 para amistoso contra a Argentina"}]},{"@type":"WebSite","@id":"https:\/\/www.notibras.com\/site\/#website","url":"https:\/\/www.notibras.com\/site\/","name":"Notibras","description":"Not\u00edcias de Bras\u00edlia, do Brasil e do Mundo","publisher":{"@id":"https:\/\/www.notibras.com\/site\/#organization"},"potentialAction":[{"@type":"SearchAction","target":{"@type":"EntryPoint","urlTemplate":"https:\/\/www.notibras.com\/site\/?s={search_term_string}"},"query-input":{"@type":"PropertyValueSpecification","valueRequired":true,"valueName":"search_term_string"}}],"inLanguage":"pt-BR"},{"@type":"Organization","@id":"https:\/\/www.notibras.com\/site\/#organization","name":"Grupo Notibras de Comunica\u00e7\u00e3o","url":"https:\/\/www.notibras.com\/site\/","logo":{"@type":"ImageObject","inLanguage":"pt-BR","@id":"https:\/\/www.notibras.com\/site\/#\/schema\/logo\/image\/","url":"https:\/\/www.notibras.com\/site\/wp-content\/uploads\/2023\/01\/notibras23.png","contentUrl":"https:\/\/www.notibras.com\/site\/wp-content\/uploads\/2023\/01\/notibras23.png","width":350,"height":87,"caption":"Grupo Notibras de Comunica\u00e7\u00e3o"},"image":{"@id":"https:\/\/www.notibras.com\/site\/#\/schema\/logo\/image\/"},"sameAs":["https:\/\/www.facebook.com\/notibras\/","https:\/\/x.com\/Notibras","https:\/\/www.instagram.com\/notibras\/"]},{"@type":"Person","@id":"https:\/\/www.notibras.com\/site\/#\/schema\/person\/36ab0979449956132d3e5b517ea76ac8","name":"Reda\u00e7\u00e3o","image":{"@type":"ImageObject","inLanguage":"pt-BR","@id":"https:\/\/secure.gravatar.com\/avatar\/e0a867bdedb85fd243eadf09663511f96fc81e0720a4a42581f334ad4303aa6b?s=96&d=mm&r=g","url":"https:\/\/secure.gravatar.com\/avatar\/e0a867bdedb85fd243eadf09663511f96fc81e0720a4a42581f334ad4303aa6b?s=96&d=mm&r=g","contentUrl":"https:\/\/secure.gravatar.com\/avatar\/e0a867bdedb85fd243eadf09663511f96fc81e0720a4a42581f334ad4303aa6b?s=96&d=mm&r=g","caption":"Reda\u00e7\u00e3o"}}]}},"amp_enabled":true,"_links":{"self":[{"href":"https:\/\/www.notibras.com\/site\/wp-json\/wp\/v2\/posts\/23896","targetHints":{"allow":["GET"]}}],"collection":[{"href":"https:\/\/www.notibras.com\/site\/wp-json\/wp\/v2\/posts"}],"about":[{"href":"https:\/\/www.notibras.com\/site\/wp-json\/wp\/v2\/types\/post"}],"author":[{"embeddable":true,"href":"https:\/\/www.notibras.com\/site\/wp-json\/wp\/v2\/users\/2"}],"replies":[{"embeddable":true,"href":"https:\/\/www.notibras.com\/site\/wp-json\/wp\/v2\/comments?post=23896"}],"version-history":[{"count":0,"href":"https:\/\/www.notibras.com\/site\/wp-json\/wp\/v2\/posts\/23896\/revisions"}],"wp:featuredmedia":[{"embeddable":true,"href":"https:\/\/www.notibras.com\/site\/wp-json\/wp\/v2\/media\/23897"}],"wp:attachment":[{"href":"https:\/\/www.notibras.com\/site\/wp-json\/wp\/v2\/media?parent=23896"}],"wp:term":[{"taxonomy":"category","embeddable":true,"href":"https:\/\/www.notibras.com\/site\/wp-json\/wp\/v2\/categories?post=23896"},{"taxonomy":"post_tag","embeddable":true,"href":"https:\/\/www.notibras.com\/site\/wp-json\/wp\/v2\/tags?post=23896"}],"curies":[{"name":"wp","href":"https:\/\/api.w.org\/{rel}","templated":true}]}}