{"id":23899,"date":"2014-10-03T23:06:12","date_gmt":"2014-10-04T02:06:12","guid":{"rendered":"http:\/\/www.notibras.com\/site\/?p=23899"},"modified":"2014-10-04T08:10:41","modified_gmt":"2014-10-04T11:10:41","slug":"acrescimos-ajudam-e-vasco-empata-em-2-a-2-com-bragantino","status":"publish","type":"post","link":"https:\/\/www.notibras.com\/site\/acrescimos-ajudam-e-vasco-empata-em-2-a-2-com-bragantino\/","title":{"rendered":"Acr\u00e9scimos ajudam. E Vasco empata em 2 a 2 com Bragantino"},"content":{"rendered":"<p class=\"text\">O Vasco tinha a oportunidade na noite desta sexta-feira de se igualar \u00e0 l\u00edder Ponte Preta no topo da S\u00e9rie B do Campeonato Brasileiro. Entretanto, sob os olhares de Joel Santana, que viu a partida do camarote da presid\u00eancia do Vasco ap\u00f3s ser internado para cirurgia no in\u00edcio desta semana, o time Cruzmaltino decepcionou: em pleno S\u00e3o Janu\u00e1rio, o Bragantino, que vinha de goleada sofrida para o Oeste, abriu vantagem de dois gols, mas viu os donos da casa chegarem ao empate por 2 a 2 com\u00a0gols nos acr\u00e9scimos, tornando o resultado ruim para ambos.\u00a0.<\/p>\n<p class=\"text\">Apesar da igualdade escancarar\u00a0a irregularidade vasca\u00edna na temporada, o time de Joel Santana n\u00e3o pode sair do G-4 nesta rodada: com 48\u00a0pontos, tem a quarta posi\u00e7\u00e3o garantida, mas v\u00ea o Cear\u00e1 ficar na cola. J\u00e1 o time de Bragan\u00e7a sobe aos 33\u00a0pontos, em 13\u00ba.<\/p>\n<p class=\"text\">A pr\u00f3xima partida do Vasco \u00e9 fora de casa: na ter\u00e7a-feira, visita a Portuguesa, que segue em queda livre rumo \u00e0 S\u00e9rie C, \u00e0s 21h50 (de Bras\u00edlia), no Canind\u00e9. J\u00e1 o Bragantino, recuperado de derrota para o Oeste, recebe o\u00a0 lanterna Vila Nova no mesmo dia, mas \u00e0s 19h30.<\/p>\n<blockquote>\n<p class=\"text\">O duelo come\u00e7ou sonolento e sem grandes oportunidades para os dois times. Apesar de ter o foco na defesa, o Bragantino conseguiu abrir o placar logo aos 21min: ap\u00f3s cobran\u00e7a de falta de Bruno Recife, Geandro apareceu bem na \u00e1rea e cabeceou para o fundo do gol. A abertura do placar fez o time paulista se esfor\u00e7ar ainda mais na marca\u00e7\u00e3o e o Vasco n\u00e3o chegou perto do empate at\u00e9 o intervalo.<\/p>\n<\/blockquote>\n<p class=\"text\">A volta para a etapa final mostrou um Vasco sem o meia Douglas, que saiu lesionado no fim do primeiro tempo, mas bem mais ligado no jogo. Nos primeiros 12 minutos, a equipe carioca teve quatro grandes chances em sequ\u00eancia \u2013 na melhor delas, a bola foi parar na trave do Bragantino aos 4min. Apesar de melhor em campo, o Vasco viu as chances diminu\u00edrem e o duelo come\u00e7ou a irritar o torcedor que foi ao est\u00e1dio.<\/p>\n<p class=\"text\">As oportunidades perdidas custaram caro: aos 27min, Sandro fez grande jogada e cruzou para Ant\u00f4nio Fl\u00e1vio desviar e aumentar para o Bragantino. Dois minutos depois o Vasco quase diminuiu com Marlon, mas a bola foi tirada em cima da linha. A derrota parcial incomodava\u00a0Joel Santana, que at\u00e9 se levantou e mostrou nervosismo no camarote presidencial, desrespeitando regras m\u00e9dicas.<\/p>\n<p class=\"text\">O duelo parecia finalizado, mas os cinco minutos de acr\u00e9scimos dados pela arbitragem fizeram a diferen\u00e7a. Aos 47min, Lucas Crispin diminuiu e deu esperan\u00e7a para os vasca\u00ednos. Dois minutos depois, veio o consagrado e incr\u00edvel empate: o goleiro do Bragantino Matheus saiu mal do gol e Douglas Silva apareceu na \u00e1rea para cabecear.<\/p>\n","protected":false},"excerpt":{"rendered":"<p>O Vasco tinha a oportunidade na noite desta sexta-feira de se igualar \u00e0 l\u00edder Ponte Preta no topo da S\u00e9rie B do Campeonato Brasileiro. Entretanto, sob os olhares de Joel Santana, que viu a partida do camarote da presid\u00eancia do Vasco ap\u00f3s ser internado para cirurgia no in\u00edcio desta semana, o time Cruzmaltino decepcionou: em [&hellip;]<\/p>\n","protected":false},"author":2,"featured_media":23900,"comment_status":"open","ping_status":"closed","sticky":false,"template":"","format":"standard","meta":{"_acf_changed":false,"footnotes":""},"categories":[19,29],"tags":[],"class_list":["post-23899","post","type-post","status-publish","format-standard","has-post-thumbnail","hentry","category-esportes","category-futebol"],"acf":[],"yoast_head":"<!-- This site is optimized with the Yoast SEO plugin v27.2 - https:\/\/yoast.com\/product\/yoast-seo-wordpress\/ -->\n<title>Acr\u00e9scimos ajudam. E Vasco empata em 2 a 2 com Bragantino - Notibras<\/title>\n<meta name=\"robots\" content=\"index, follow, max-snippet:-1, max-image-preview:large, max-video-preview:-1\" \/>\n<link rel=\"canonical\" href=\"https:\/\/www.notibras.com\/site\/acrescimos-ajudam-e-vasco-empata-em-2-a-2-com-bragantino\/\" \/>\n<meta property=\"og:locale\" content=\"pt_BR\" \/>\n<meta property=\"og:type\" content=\"article\" \/>\n<meta property=\"og:title\" content=\"Acr\u00e9scimos ajudam. E Vasco empata em 2 a 2 com Bragantino - Notibras\" \/>\n<meta property=\"og:description\" content=\"O Vasco tinha a oportunidade na noite desta sexta-feira de se igualar \u00e0 l\u00edder Ponte Preta no topo da S\u00e9rie B do Campeonato Brasileiro. Entretanto, sob os olhares de Joel Santana, que viu a partida do camarote da presid\u00eancia do Vasco ap\u00f3s ser internado para cirurgia no in\u00edcio desta semana, o time Cruzmaltino decepcionou: em [&hellip;]\" \/>\n<meta property=\"og:url\" content=\"https:\/\/www.notibras.com\/site\/acrescimos-ajudam-e-vasco-empata-em-2-a-2-com-bragantino\/\" \/>\n<meta property=\"og:site_name\" content=\"Notibras\" \/>\n<meta property=\"article:publisher\" content=\"https:\/\/www.facebook.com\/notibras\/\" \/>\n<meta property=\"article:published_time\" content=\"2014-10-04T02:06:12+00:00\" \/>\n<meta property=\"article:modified_time\" content=\"2014-10-04T11:10:41+00:00\" \/>\n<meta property=\"og:image\" content=\"https:\/\/www.notibras.com\/site\/wp-content\/uploads\/2014\/10\/esp1.jpg\" \/>\n\t<meta property=\"og:image:width\" content=\"460\" \/>\n\t<meta property=\"og:image:height\" content=\"340\" \/>\n\t<meta property=\"og:image:type\" content=\"image\/jpeg\" \/>\n<meta name=\"author\" content=\"Reda\u00e7\u00e3o\" \/>\n<meta name=\"twitter:card\" content=\"summary_large_image\" \/>\n<meta name=\"twitter:creator\" content=\"@Notibras\" \/>\n<meta name=\"twitter:site\" content=\"@Notibras\" \/>\n<meta name=\"twitter:label1\" content=\"Escrito por\" \/>\n\t<meta name=\"twitter:data1\" content=\"Reda\u00e7\u00e3o\" \/>\n\t<meta name=\"twitter:label2\" content=\"Est. tempo de leitura\" \/>\n\t<meta name=\"twitter:data2\" content=\"2 minutos\" \/>\n<script type=\"application\/ld+json\" class=\"yoast-schema-graph\">{\"@context\":\"https:\/\/schema.org\",\"@graph\":[{\"@type\":\"Article\",\"@id\":\"https:\/\/www.notibras.com\/site\/acrescimos-ajudam-e-vasco-empata-em-2-a-2-com-bragantino\/#article\",\"isPartOf\":{\"@id\":\"https:\/\/www.notibras.com\/site\/acrescimos-ajudam-e-vasco-empata-em-2-a-2-com-bragantino\/\"},\"author\":{\"name\":\"Reda\u00e7\u00e3o\",\"@id\":\"https:\/\/www.notibras.com\/site\/#\/schema\/person\/36ab0979449956132d3e5b517ea76ac8\"},\"headline\":\"Acr\u00e9scimos ajudam. E Vasco empata em 2 a 2 com Bragantino\",\"datePublished\":\"2014-10-04T02:06:12+00:00\",\"dateModified\":\"2014-10-04T11:10:41+00:00\",\"mainEntityOfPage\":{\"@id\":\"https:\/\/www.notibras.com\/site\/acrescimos-ajudam-e-vasco-empata-em-2-a-2-com-bragantino\/\"},\"wordCount\":487,\"commentCount\":0,\"publisher\":{\"@id\":\"https:\/\/www.notibras.com\/site\/#organization\"},\"image\":{\"@id\":\"https:\/\/www.notibras.com\/site\/acrescimos-ajudam-e-vasco-empata-em-2-a-2-com-bragantino\/#primaryimage\"},\"thumbnailUrl\":\"https:\/\/www.notibras.com\/site\/wp-content\/uploads\/2014\/10\/esp1.jpg\",\"articleSection\":[\"Esportes\",\"Futebol\"],\"inLanguage\":\"pt-BR\",\"potentialAction\":[{\"@type\":\"CommentAction\",\"name\":\"Comment\",\"target\":[\"https:\/\/www.notibras.com\/site\/acrescimos-ajudam-e-vasco-empata-em-2-a-2-com-bragantino\/#respond\"]}]},{\"@type\":\"WebPage\",\"@id\":\"https:\/\/www.notibras.com\/site\/acrescimos-ajudam-e-vasco-empata-em-2-a-2-com-bragantino\/\",\"url\":\"https:\/\/www.notibras.com\/site\/acrescimos-ajudam-e-vasco-empata-em-2-a-2-com-bragantino\/\",\"name\":\"Acr\u00e9scimos ajudam. E Vasco empata em 2 a 2 com Bragantino - Notibras\",\"isPartOf\":{\"@id\":\"https:\/\/www.notibras.com\/site\/#website\"},\"primaryImageOfPage\":{\"@id\":\"https:\/\/www.notibras.com\/site\/acrescimos-ajudam-e-vasco-empata-em-2-a-2-com-bragantino\/#primaryimage\"},\"image\":{\"@id\":\"https:\/\/www.notibras.com\/site\/acrescimos-ajudam-e-vasco-empata-em-2-a-2-com-bragantino\/#primaryimage\"},\"thumbnailUrl\":\"https:\/\/www.notibras.com\/site\/wp-content\/uploads\/2014\/10\/esp1.jpg\",\"datePublished\":\"2014-10-04T02:06:12+00:00\",\"dateModified\":\"2014-10-04T11:10:41+00:00\",\"breadcrumb\":{\"@id\":\"https:\/\/www.notibras.com\/site\/acrescimos-ajudam-e-vasco-empata-em-2-a-2-com-bragantino\/#breadcrumb\"},\"inLanguage\":\"pt-BR\",\"potentialAction\":[{\"@type\":\"ReadAction\",\"target\":[\"https:\/\/www.notibras.com\/site\/acrescimos-ajudam-e-vasco-empata-em-2-a-2-com-bragantino\/\"]}]},{\"@type\":\"ImageObject\",\"inLanguage\":\"pt-BR\",\"@id\":\"https:\/\/www.notibras.com\/site\/acrescimos-ajudam-e-vasco-empata-em-2-a-2-com-bragantino\/#primaryimage\",\"url\":\"https:\/\/www.notibras.com\/site\/wp-content\/uploads\/2014\/10\/esp1.jpg\",\"contentUrl\":\"https:\/\/www.notibras.com\/site\/wp-content\/uploads\/2014\/10\/esp1.jpg\",\"width\":460,\"height\":340},{\"@type\":\"BreadcrumbList\",\"@id\":\"https:\/\/www.notibras.com\/site\/acrescimos-ajudam-e-vasco-empata-em-2-a-2-com-bragantino\/#breadcrumb\",\"itemListElement\":[{\"@type\":\"ListItem\",\"position\":1,\"name\":\"In\u00edcio\",\"item\":\"https:\/\/www.notibras.com\/site\/\"},{\"@type\":\"ListItem\",\"position\":2,\"name\":\"Acr\u00e9scimos ajudam. E Vasco empata em 2 a 2 com Bragantino\"}]},{\"@type\":\"WebSite\",\"@id\":\"https:\/\/www.notibras.com\/site\/#website\",\"url\":\"https:\/\/www.notibras.com\/site\/\",\"name\":\"Notibras\",\"description\":\"Not\u00edcias de Bras\u00edlia, do Brasil e do Mundo\",\"publisher\":{\"@id\":\"https:\/\/www.notibras.com\/site\/#organization\"},\"potentialAction\":[{\"@type\":\"SearchAction\",\"target\":{\"@type\":\"EntryPoint\",\"urlTemplate\":\"https:\/\/www.notibras.com\/site\/?s={search_term_string}\"},\"query-input\":{\"@type\":\"PropertyValueSpecification\",\"valueRequired\":true,\"valueName\":\"search_term_string\"}}],\"inLanguage\":\"pt-BR\"},{\"@type\":\"Organization\",\"@id\":\"https:\/\/www.notibras.com\/site\/#organization\",\"name\":\"Grupo Notibras de Comunica\u00e7\u00e3o\",\"url\":\"https:\/\/www.notibras.com\/site\/\",\"logo\":{\"@type\":\"ImageObject\",\"inLanguage\":\"pt-BR\",\"@id\":\"https:\/\/www.notibras.com\/site\/#\/schema\/logo\/image\/\",\"url\":\"https:\/\/www.notibras.com\/site\/wp-content\/uploads\/2023\/01\/notibras23.png\",\"contentUrl\":\"https:\/\/www.notibras.com\/site\/wp-content\/uploads\/2023\/01\/notibras23.png\",\"width\":350,\"height\":87,\"caption\":\"Grupo Notibras de Comunica\u00e7\u00e3o\"},\"image\":{\"@id\":\"https:\/\/www.notibras.com\/site\/#\/schema\/logo\/image\/\"},\"sameAs\":[\"https:\/\/www.facebook.com\/notibras\/\",\"https:\/\/x.com\/Notibras\",\"https:\/\/www.instagram.com\/notibras\/\"]},{\"@type\":\"Person\",\"@id\":\"https:\/\/www.notibras.com\/site\/#\/schema\/person\/36ab0979449956132d3e5b517ea76ac8\",\"name\":\"Reda\u00e7\u00e3o\",\"image\":{\"@type\":\"ImageObject\",\"inLanguage\":\"pt-BR\",\"@id\":\"https:\/\/secure.gravatar.com\/avatar\/e0a867bdedb85fd243eadf09663511f96fc81e0720a4a42581f334ad4303aa6b?s=96&d=mm&r=g\",\"url\":\"https:\/\/secure.gravatar.com\/avatar\/e0a867bdedb85fd243eadf09663511f96fc81e0720a4a42581f334ad4303aa6b?s=96&d=mm&r=g\",\"contentUrl\":\"https:\/\/secure.gravatar.com\/avatar\/e0a867bdedb85fd243eadf09663511f96fc81e0720a4a42581f334ad4303aa6b?s=96&d=mm&r=g\",\"caption\":\"Reda\u00e7\u00e3o\"}}]}<\/script>\n<!-- \/ Yoast SEO plugin. -->","yoast_head_json":{"title":"Acr\u00e9scimos ajudam. E Vasco empata em 2 a 2 com Bragantino - Notibras","robots":{"index":"index","follow":"follow","max-snippet":"max-snippet:-1","max-image-preview":"max-image-preview:large","max-video-preview":"max-video-preview:-1"},"canonical":"https:\/\/www.notibras.com\/site\/acrescimos-ajudam-e-vasco-empata-em-2-a-2-com-bragantino\/","og_locale":"pt_BR","og_type":"article","og_title":"Acr\u00e9scimos ajudam. E Vasco empata em 2 a 2 com Bragantino - Notibras","og_description":"O Vasco tinha a oportunidade na noite desta sexta-feira de se igualar \u00e0 l\u00edder Ponte Preta no topo da S\u00e9rie B do Campeonato Brasileiro. Entretanto, sob os olhares de Joel Santana, que viu a partida do camarote da presid\u00eancia do Vasco ap\u00f3s ser internado para cirurgia no in\u00edcio desta semana, o time Cruzmaltino decepcionou: em [&hellip;]","og_url":"https:\/\/www.notibras.com\/site\/acrescimos-ajudam-e-vasco-empata-em-2-a-2-com-bragantino\/","og_site_name":"Notibras","article_publisher":"https:\/\/www.facebook.com\/notibras\/","article_published_time":"2014-10-04T02:06:12+00:00","article_modified_time":"2014-10-04T11:10:41+00:00","og_image":[{"width":460,"height":340,"url":"https:\/\/www.notibras.com\/site\/wp-content\/uploads\/2014\/10\/esp1.jpg","type":"image\/jpeg"}],"author":"Reda\u00e7\u00e3o","twitter_card":"summary_large_image","twitter_creator":"@Notibras","twitter_site":"@Notibras","twitter_misc":{"Escrito por":"Reda\u00e7\u00e3o","Est. tempo de leitura":"2 minutos"},"schema":{"@context":"https:\/\/schema.org","@graph":[{"@type":"Article","@id":"https:\/\/www.notibras.com\/site\/acrescimos-ajudam-e-vasco-empata-em-2-a-2-com-bragantino\/#article","isPartOf":{"@id":"https:\/\/www.notibras.com\/site\/acrescimos-ajudam-e-vasco-empata-em-2-a-2-com-bragantino\/"},"author":{"name":"Reda\u00e7\u00e3o","@id":"https:\/\/www.notibras.com\/site\/#\/schema\/person\/36ab0979449956132d3e5b517ea76ac8"},"headline":"Acr\u00e9scimos ajudam. E Vasco empata em 2 a 2 com Bragantino","datePublished":"2014-10-04T02:06:12+00:00","dateModified":"2014-10-04T11:10:41+00:00","mainEntityOfPage":{"@id":"https:\/\/www.notibras.com\/site\/acrescimos-ajudam-e-vasco-empata-em-2-a-2-com-bragantino\/"},"wordCount":487,"commentCount":0,"publisher":{"@id":"https:\/\/www.notibras.com\/site\/#organization"},"image":{"@id":"https:\/\/www.notibras.com\/site\/acrescimos-ajudam-e-vasco-empata-em-2-a-2-com-bragantino\/#primaryimage"},"thumbnailUrl":"https:\/\/www.notibras.com\/site\/wp-content\/uploads\/2014\/10\/esp1.jpg","articleSection":["Esportes","Futebol"],"inLanguage":"pt-BR","potentialAction":[{"@type":"CommentAction","name":"Comment","target":["https:\/\/www.notibras.com\/site\/acrescimos-ajudam-e-vasco-empata-em-2-a-2-com-bragantino\/#respond"]}]},{"@type":"WebPage","@id":"https:\/\/www.notibras.com\/site\/acrescimos-ajudam-e-vasco-empata-em-2-a-2-com-bragantino\/","url":"https:\/\/www.notibras.com\/site\/acrescimos-ajudam-e-vasco-empata-em-2-a-2-com-bragantino\/","name":"Acr\u00e9scimos ajudam. E Vasco empata em 2 a 2 com Bragantino - Notibras","isPartOf":{"@id":"https:\/\/www.notibras.com\/site\/#website"},"primaryImageOfPage":{"@id":"https:\/\/www.notibras.com\/site\/acrescimos-ajudam-e-vasco-empata-em-2-a-2-com-bragantino\/#primaryimage"},"image":{"@id":"https:\/\/www.notibras.com\/site\/acrescimos-ajudam-e-vasco-empata-em-2-a-2-com-bragantino\/#primaryimage"},"thumbnailUrl":"https:\/\/www.notibras.com\/site\/wp-content\/uploads\/2014\/10\/esp1.jpg","datePublished":"2014-10-04T02:06:12+00:00","dateModified":"2014-10-04T11:10:41+00:00","breadcrumb":{"@id":"https:\/\/www.notibras.com\/site\/acrescimos-ajudam-e-vasco-empata-em-2-a-2-com-bragantino\/#breadcrumb"},"inLanguage":"pt-BR","potentialAction":[{"@type":"ReadAction","target":["https:\/\/www.notibras.com\/site\/acrescimos-ajudam-e-vasco-empata-em-2-a-2-com-bragantino\/"]}]},{"@type":"ImageObject","inLanguage":"pt-BR","@id":"https:\/\/www.notibras.com\/site\/acrescimos-ajudam-e-vasco-empata-em-2-a-2-com-bragantino\/#primaryimage","url":"https:\/\/www.notibras.com\/site\/wp-content\/uploads\/2014\/10\/esp1.jpg","contentUrl":"https:\/\/www.notibras.com\/site\/wp-content\/uploads\/2014\/10\/esp1.jpg","width":460,"height":340},{"@type":"BreadcrumbList","@id":"https:\/\/www.notibras.com\/site\/acrescimos-ajudam-e-vasco-empata-em-2-a-2-com-bragantino\/#breadcrumb","itemListElement":[{"@type":"ListItem","position":1,"name":"In\u00edcio","item":"https:\/\/www.notibras.com\/site\/"},{"@type":"ListItem","position":2,"name":"Acr\u00e9scimos ajudam. E Vasco empata em 2 a 2 com Bragantino"}]},{"@type":"WebSite","@id":"https:\/\/www.notibras.com\/site\/#website","url":"https:\/\/www.notibras.com\/site\/","name":"Notibras","description":"Not\u00edcias de Bras\u00edlia, do Brasil e do Mundo","publisher":{"@id":"https:\/\/www.notibras.com\/site\/#organization"},"potentialAction":[{"@type":"SearchAction","target":{"@type":"EntryPoint","urlTemplate":"https:\/\/www.notibras.com\/site\/?s={search_term_string}"},"query-input":{"@type":"PropertyValueSpecification","valueRequired":true,"valueName":"search_term_string"}}],"inLanguage":"pt-BR"},{"@type":"Organization","@id":"https:\/\/www.notibras.com\/site\/#organization","name":"Grupo Notibras de Comunica\u00e7\u00e3o","url":"https:\/\/www.notibras.com\/site\/","logo":{"@type":"ImageObject","inLanguage":"pt-BR","@id":"https:\/\/www.notibras.com\/site\/#\/schema\/logo\/image\/","url":"https:\/\/www.notibras.com\/site\/wp-content\/uploads\/2023\/01\/notibras23.png","contentUrl":"https:\/\/www.notibras.com\/site\/wp-content\/uploads\/2023\/01\/notibras23.png","width":350,"height":87,"caption":"Grupo Notibras de Comunica\u00e7\u00e3o"},"image":{"@id":"https:\/\/www.notibras.com\/site\/#\/schema\/logo\/image\/"},"sameAs":["https:\/\/www.facebook.com\/notibras\/","https:\/\/x.com\/Notibras","https:\/\/www.instagram.com\/notibras\/"]},{"@type":"Person","@id":"https:\/\/www.notibras.com\/site\/#\/schema\/person\/36ab0979449956132d3e5b517ea76ac8","name":"Reda\u00e7\u00e3o","image":{"@type":"ImageObject","inLanguage":"pt-BR","@id":"https:\/\/secure.gravatar.com\/avatar\/e0a867bdedb85fd243eadf09663511f96fc81e0720a4a42581f334ad4303aa6b?s=96&d=mm&r=g","url":"https:\/\/secure.gravatar.com\/avatar\/e0a867bdedb85fd243eadf09663511f96fc81e0720a4a42581f334ad4303aa6b?s=96&d=mm&r=g","contentUrl":"https:\/\/secure.gravatar.com\/avatar\/e0a867bdedb85fd243eadf09663511f96fc81e0720a4a42581f334ad4303aa6b?s=96&d=mm&r=g","caption":"Reda\u00e7\u00e3o"}}]}},"amp_enabled":true,"_links":{"self":[{"href":"https:\/\/www.notibras.com\/site\/wp-json\/wp\/v2\/posts\/23899","targetHints":{"allow":["GET"]}}],"collection":[{"href":"https:\/\/www.notibras.com\/site\/wp-json\/wp\/v2\/posts"}],"about":[{"href":"https:\/\/www.notibras.com\/site\/wp-json\/wp\/v2\/types\/post"}],"author":[{"embeddable":true,"href":"https:\/\/www.notibras.com\/site\/wp-json\/wp\/v2\/users\/2"}],"replies":[{"embeddable":true,"href":"https:\/\/www.notibras.com\/site\/wp-json\/wp\/v2\/comments?post=23899"}],"version-history":[{"count":0,"href":"https:\/\/www.notibras.com\/site\/wp-json\/wp\/v2\/posts\/23899\/revisions"}],"wp:featuredmedia":[{"embeddable":true,"href":"https:\/\/www.notibras.com\/site\/wp-json\/wp\/v2\/media\/23900"}],"wp:attachment":[{"href":"https:\/\/www.notibras.com\/site\/wp-json\/wp\/v2\/media?parent=23899"}],"wp:term":[{"taxonomy":"category","embeddable":true,"href":"https:\/\/www.notibras.com\/site\/wp-json\/wp\/v2\/categories?post=23899"},{"taxonomy":"post_tag","embeddable":true,"href":"https:\/\/www.notibras.com\/site\/wp-json\/wp\/v2\/tags?post=23899"}],"curies":[{"name":"wp","href":"https:\/\/api.w.org\/{rel}","templated":true}]}}