{"id":239010,"date":"2020-08-23T03:00:11","date_gmt":"2020-08-23T06:00:11","guid":{"rendered":"https:\/\/www.notibras.com\/site\/?p=239010"},"modified":"2020-08-23T03:49:24","modified_gmt":"2020-08-23T06:49:24","slug":"filme-de-ficcao-da-mostras-de-que-a-realidade-vem-ai","status":"publish","type":"post","link":"https:\/\/www.notibras.com\/site\/filme-de-ficcao-da-mostras-de-que-a-realidade-vem-ai\/","title":{"rendered":"Filme de fic\u00e7\u00e3o d\u00e1 mostras de que a realidade vem a\u00ed"},"content":{"rendered":"<p>O N\u00facleo (viagem ao centro da Terra) \u00e9 uma fic\u00e7\u00e3o hollywoodiana que est\u00e1 prestes a se transformar em realidade. Conta as aventuras de um grupo de cientistas para corrigir a rota\u00e7\u00e3o do planeta. \u00c9 preciso detonar bombas nucleares l\u00e1 onde o calor \u00e9 escaldante, onde o ferro vira lama incandescente. S\u00f3 assim os polos voltar\u00e3o a ter equil\u00edbrio.<\/p>\n<p>Agora, vamos aos fatos: ao seu redor, a Terra tem um campo magn\u00e9tico que guia b\u00fassolas e migra\u00e7\u00f5es de animais, mas tamb\u00e9m age como seu escudo protetor, repelindo part\u00edculas energ\u00e9ticas que v\u00eam do Sol. Esse campo magn\u00e9tico, contudo, tem um ponto excepcionalmente fraco. Fica sobre a Am\u00e9rica do Sul e o sul do Oceano Atl\u00e2ntico. \u00c9 conhecido como Anomalia do Atl\u00e2ntico do Sul.<\/p>\n<p>Sua exist\u00eancia permite que algumas dessas part\u00edculas solares mergulhem mais perto da superf\u00edcie do que o normal. E a Nasa, ag\u00eancia espacial americana que monitora essa anomalia, acaba de notar uma &#8220;pequena evolu\u00e7\u00e3o&#8221; nessa regi\u00e3o de menor intensidade do campo magn\u00e9tico da Terra. Sua exist\u00eancia pode causar grandes problemas para sat\u00e9lites e espa\u00e7onaves.<\/p>\n<p>Isso porque o Sol expele um fluxo constante de part\u00edculas. E, na regi\u00e3o da anomalia, a radia\u00e7\u00e3o dessas part\u00edculas pode derrubar computadores de bordo e a coleta de dados de sat\u00e9lites.<\/p>\n<p>Se for atingido por um pr\u00f3ton de alta energia, um sat\u00e9lite pode entrar em curto-circuito, sofrendo uma falha tempor\u00e1ria ou danos permanentes em algum componente. \u00c9 por isso que operadores geralmente desligam componentes n\u00e3o essenciais de sat\u00e9lites quando passam pela Anomalia do Atl\u00e2ntico do Sul.<\/p>\n<p>Estudando a anomalia, cientistas observaram que a regi\u00e3o est\u00e1 crescendo e se expandindo para o oeste. E ela tamb\u00e9m come\u00e7ou a se dividir.<\/p>\n<p>Dados recentes mostram que o &#8220;vale&#8221; da anomalia, ou onde h\u00e1 menor for\u00e7a no campo magn\u00e9tico, se dividiu em dois lobos, causando ainda mais dificuldades para miss\u00f5es de sat\u00e9lite.<\/p>\n<p>A anomalia n\u00e3o causa impactos vis\u00edveis na vida di\u00e1ria na superf\u00edcie da Terra, mas estud\u00e1-la tamb\u00e9m \u00e9 uma boa oportunidade para cientistas aprenderem o mecanismo por tr\u00e1s do campo magn\u00e9tico da Terra.<\/p>\n<p>A Anomalia do Atl\u00e2ntico do Sul surge de duas caracter\u00edsticas do n\u00facleo da Terra: a inclina\u00e7\u00e3o de seu eixo magn\u00e9tico e o fluxo de metais em seu n\u00facleo externo. A ag\u00eancia espacial explica que a Terra \u00e9 como se fosse uma barra magn\u00e9tica, com p\u00f3los norte e sul com polaridades magn\u00e9ticas opostas. Mas o n\u00facleo n\u00e3o \u00e9 est\u00e1vel, nem est\u00e1 perfeitamente alinhado ao longo do globo.<\/p>\n<p>Isso acontece porque o campo magn\u00e9tico \u00e9 produzido na parte interna do planeta, no n\u00facleo l\u00edquido da Terra, a milhares de quil\u00f4metros de profundidade. Ali, ferro e n\u00edquel em uma temperatura e press\u00e3o muito altas geram uma corrente el\u00e9trica. E a corrente el\u00e9trica gera, por sua vez, o campo magn\u00e9tico.<\/p>\n<p>S\u00f3 que o campo magn\u00e9tico muda por causa de processos din\u00e2micos que acontecem no n\u00facleo, que muda ao longo do tempo por causa de condi\u00e7\u00f5es geodin\u00e2micas. Esses processos se propagam para o campo magn\u00e9tico, o que acaba provocando a Anomalia do Atl\u00e2ntico do Sul e outras caracter\u00edsticas no ambiente pr\u00f3ximo ao nosso planeta.<\/p>\n<p>\u00c9 por isso que estudar o campo magn\u00e9tico \u00e9 uma forma de desvendar, tamb\u00e9m, a din\u00e2mica do n\u00facleo da Terra.<\/p>\n<p>&nbsp;<\/p>\n","protected":false},"excerpt":{"rendered":"<p>O N\u00facleo (viagem ao centro da Terra) \u00e9 uma fic\u00e7\u00e3o hollywoodiana que est\u00e1 prestes a se transformar em realidade. Conta as aventuras de um grupo de cientistas para corrigir a rota\u00e7\u00e3o do planeta. \u00c9 preciso detonar bombas nucleares l\u00e1 onde o calor \u00e9 escaldante, onde o ferro vira lama incandescente. S\u00f3 assim os polos voltar\u00e3o [&hellip;]<\/p>\n","protected":false},"author":2,"featured_media":239011,"comment_status":"closed","ping_status":"closed","sticky":false,"template":"","format":"standard","meta":{"_acf_changed":false,"footnotes":""},"categories":[71],"tags":[95],"class_list":["post-239010","post","type-post","status-publish","format-standard","has-post-thumbnail","hentry","category-curiosidades","tag-capa"],"acf":[],"yoast_head":"<!-- This site is optimized with the Yoast SEO plugin v27.2 - https:\/\/yoast.com\/product\/yoast-seo-wordpress\/ -->\n<title>Filme de fic\u00e7\u00e3o d\u00e1 mostras de que a realidade vem a\u00ed - Notibras<\/title>\n<meta name=\"robots\" content=\"index, follow, max-snippet:-1, max-image-preview:large, max-video-preview:-1\" \/>\n<link rel=\"canonical\" href=\"https:\/\/www.notibras.com\/site\/filme-de-ficcao-da-mostras-de-que-a-realidade-vem-ai\/\" \/>\n<meta property=\"og:locale\" content=\"pt_BR\" \/>\n<meta property=\"og:type\" content=\"article\" \/>\n<meta property=\"og:title\" content=\"Filme de fic\u00e7\u00e3o d\u00e1 mostras de que a realidade vem a\u00ed - Notibras\" \/>\n<meta property=\"og:description\" content=\"O N\u00facleo (viagem ao centro da Terra) \u00e9 uma fic\u00e7\u00e3o hollywoodiana que est\u00e1 prestes a se transformar em realidade. Conta as aventuras de um grupo de cientistas para corrigir a rota\u00e7\u00e3o do planeta. \u00c9 preciso detonar bombas nucleares l\u00e1 onde o calor \u00e9 escaldante, onde o ferro vira lama incandescente. S\u00f3 assim os polos voltar\u00e3o [&hellip;]\" \/>\n<meta property=\"og:url\" content=\"https:\/\/www.notibras.com\/site\/filme-de-ficcao-da-mostras-de-que-a-realidade-vem-ai\/\" \/>\n<meta property=\"og:site_name\" content=\"Notibras\" \/>\n<meta property=\"article:publisher\" content=\"https:\/\/www.facebook.com\/notibras\/\" \/>\n<meta property=\"article:published_time\" content=\"2020-08-23T06:00:11+00:00\" \/>\n<meta property=\"article:modified_time\" content=\"2020-08-23T06:49:24+00:00\" \/>\n<meta property=\"og:image\" content=\"https:\/\/www.notibras.com\/site\/wp-content\/uploads\/2020\/08\/nucleo-terra.jpg\" \/>\n\t<meta property=\"og:image:width\" content=\"624\" \/>\n\t<meta property=\"og:image:height\" content=\"351\" \/>\n\t<meta property=\"og:image:type\" content=\"image\/jpeg\" \/>\n<meta name=\"author\" content=\"Reda\u00e7\u00e3o\" \/>\n<meta name=\"twitter:card\" content=\"summary_large_image\" \/>\n<meta name=\"twitter:creator\" content=\"@Notibras\" \/>\n<meta name=\"twitter:site\" content=\"@Notibras\" \/>\n<meta name=\"twitter:label1\" content=\"Escrito por\" \/>\n\t<meta name=\"twitter:data1\" content=\"Reda\u00e7\u00e3o\" \/>\n\t<meta name=\"twitter:label2\" content=\"Est. tempo de leitura\" \/>\n\t<meta name=\"twitter:data2\" content=\"3 minutos\" \/>\n<script type=\"application\/ld+json\" class=\"yoast-schema-graph\">{\"@context\":\"https:\/\/schema.org\",\"@graph\":[{\"@type\":\"Article\",\"@id\":\"https:\/\/www.notibras.com\/site\/filme-de-ficcao-da-mostras-de-que-a-realidade-vem-ai\/#article\",\"isPartOf\":{\"@id\":\"https:\/\/www.notibras.com\/site\/filme-de-ficcao-da-mostras-de-que-a-realidade-vem-ai\/\"},\"author\":{\"name\":\"Reda\u00e7\u00e3o\",\"@id\":\"https:\/\/www.notibras.com\/site\/#\/schema\/person\/36ab0979449956132d3e5b517ea76ac8\"},\"headline\":\"Filme de fic\u00e7\u00e3o d\u00e1 mostras de que a realidade vem a\u00ed\",\"datePublished\":\"2020-08-23T06:00:11+00:00\",\"dateModified\":\"2020-08-23T06:49:24+00:00\",\"mainEntityOfPage\":{\"@id\":\"https:\/\/www.notibras.com\/site\/filme-de-ficcao-da-mostras-de-que-a-realidade-vem-ai\/\"},\"wordCount\":612,\"publisher\":{\"@id\":\"https:\/\/www.notibras.com\/site\/#organization\"},\"image\":{\"@id\":\"https:\/\/www.notibras.com\/site\/filme-de-ficcao-da-mostras-de-que-a-realidade-vem-ai\/#primaryimage\"},\"thumbnailUrl\":\"https:\/\/www.notibras.com\/site\/wp-content\/uploads\/2020\/08\/nucleo-terra.jpg\",\"keywords\":[\"capa\"],\"articleSection\":[\"Curiosidades\"],\"inLanguage\":\"pt-BR\"},{\"@type\":\"WebPage\",\"@id\":\"https:\/\/www.notibras.com\/site\/filme-de-ficcao-da-mostras-de-que-a-realidade-vem-ai\/\",\"url\":\"https:\/\/www.notibras.com\/site\/filme-de-ficcao-da-mostras-de-que-a-realidade-vem-ai\/\",\"name\":\"Filme de fic\u00e7\u00e3o d\u00e1 mostras de que a realidade vem a\u00ed - Notibras\",\"isPartOf\":{\"@id\":\"https:\/\/www.notibras.com\/site\/#website\"},\"primaryImageOfPage\":{\"@id\":\"https:\/\/www.notibras.com\/site\/filme-de-ficcao-da-mostras-de-que-a-realidade-vem-ai\/#primaryimage\"},\"image\":{\"@id\":\"https:\/\/www.notibras.com\/site\/filme-de-ficcao-da-mostras-de-que-a-realidade-vem-ai\/#primaryimage\"},\"thumbnailUrl\":\"https:\/\/www.notibras.com\/site\/wp-content\/uploads\/2020\/08\/nucleo-terra.jpg\",\"datePublished\":\"2020-08-23T06:00:11+00:00\",\"dateModified\":\"2020-08-23T06:49:24+00:00\",\"breadcrumb\":{\"@id\":\"https:\/\/www.notibras.com\/site\/filme-de-ficcao-da-mostras-de-que-a-realidade-vem-ai\/#breadcrumb\"},\"inLanguage\":\"pt-BR\",\"potentialAction\":[{\"@type\":\"ReadAction\",\"target\":[\"https:\/\/www.notibras.com\/site\/filme-de-ficcao-da-mostras-de-que-a-realidade-vem-ai\/\"]}]},{\"@type\":\"ImageObject\",\"inLanguage\":\"pt-BR\",\"@id\":\"https:\/\/www.notibras.com\/site\/filme-de-ficcao-da-mostras-de-que-a-realidade-vem-ai\/#primaryimage\",\"url\":\"https:\/\/www.notibras.com\/site\/wp-content\/uploads\/2020\/08\/nucleo-terra.jpg\",\"contentUrl\":\"https:\/\/www.notibras.com\/site\/wp-content\/uploads\/2020\/08\/nucleo-terra.jpg\",\"width\":624,\"height\":351},{\"@type\":\"BreadcrumbList\",\"@id\":\"https:\/\/www.notibras.com\/site\/filme-de-ficcao-da-mostras-de-que-a-realidade-vem-ai\/#breadcrumb\",\"itemListElement\":[{\"@type\":\"ListItem\",\"position\":1,\"name\":\"In\u00edcio\",\"item\":\"https:\/\/www.notibras.com\/site\/\"},{\"@type\":\"ListItem\",\"position\":2,\"name\":\"Filme de fic\u00e7\u00e3o d\u00e1 mostras de que a realidade vem a\u00ed\"}]},{\"@type\":\"WebSite\",\"@id\":\"https:\/\/www.notibras.com\/site\/#website\",\"url\":\"https:\/\/www.notibras.com\/site\/\",\"name\":\"Notibras\",\"description\":\"Not\u00edcias de Bras\u00edlia, do Brasil e do Mundo\",\"publisher\":{\"@id\":\"https:\/\/www.notibras.com\/site\/#organization\"},\"potentialAction\":[{\"@type\":\"SearchAction\",\"target\":{\"@type\":\"EntryPoint\",\"urlTemplate\":\"https:\/\/www.notibras.com\/site\/?s={search_term_string}\"},\"query-input\":{\"@type\":\"PropertyValueSpecification\",\"valueRequired\":true,\"valueName\":\"search_term_string\"}}],\"inLanguage\":\"pt-BR\"},{\"@type\":\"Organization\",\"@id\":\"https:\/\/www.notibras.com\/site\/#organization\",\"name\":\"Grupo Notibras de Comunica\u00e7\u00e3o\",\"url\":\"https:\/\/www.notibras.com\/site\/\",\"logo\":{\"@type\":\"ImageObject\",\"inLanguage\":\"pt-BR\",\"@id\":\"https:\/\/www.notibras.com\/site\/#\/schema\/logo\/image\/\",\"url\":\"https:\/\/www.notibras.com\/site\/wp-content\/uploads\/2023\/01\/notibras23.png\",\"contentUrl\":\"https:\/\/www.notibras.com\/site\/wp-content\/uploads\/2023\/01\/notibras23.png\",\"width\":350,\"height\":87,\"caption\":\"Grupo Notibras de Comunica\u00e7\u00e3o\"},\"image\":{\"@id\":\"https:\/\/www.notibras.com\/site\/#\/schema\/logo\/image\/\"},\"sameAs\":[\"https:\/\/www.facebook.com\/notibras\/\",\"https:\/\/x.com\/Notibras\",\"https:\/\/www.instagram.com\/notibras\/\"]},{\"@type\":\"Person\",\"@id\":\"https:\/\/www.notibras.com\/site\/#\/schema\/person\/36ab0979449956132d3e5b517ea76ac8\",\"name\":\"Reda\u00e7\u00e3o\",\"image\":{\"@type\":\"ImageObject\",\"inLanguage\":\"pt-BR\",\"@id\":\"https:\/\/secure.gravatar.com\/avatar\/e0a867bdedb85fd243eadf09663511f96fc81e0720a4a42581f334ad4303aa6b?s=96&d=mm&r=g\",\"url\":\"https:\/\/secure.gravatar.com\/avatar\/e0a867bdedb85fd243eadf09663511f96fc81e0720a4a42581f334ad4303aa6b?s=96&d=mm&r=g\",\"contentUrl\":\"https:\/\/secure.gravatar.com\/avatar\/e0a867bdedb85fd243eadf09663511f96fc81e0720a4a42581f334ad4303aa6b?s=96&d=mm&r=g\",\"caption\":\"Reda\u00e7\u00e3o\"}}]}<\/script>\n<!-- \/ Yoast SEO plugin. -->","yoast_head_json":{"title":"Filme de fic\u00e7\u00e3o d\u00e1 mostras de que a realidade vem a\u00ed - Notibras","robots":{"index":"index","follow":"follow","max-snippet":"max-snippet:-1","max-image-preview":"max-image-preview:large","max-video-preview":"max-video-preview:-1"},"canonical":"https:\/\/www.notibras.com\/site\/filme-de-ficcao-da-mostras-de-que-a-realidade-vem-ai\/","og_locale":"pt_BR","og_type":"article","og_title":"Filme de fic\u00e7\u00e3o d\u00e1 mostras de que a realidade vem a\u00ed - Notibras","og_description":"O N\u00facleo (viagem ao centro da Terra) \u00e9 uma fic\u00e7\u00e3o hollywoodiana que est\u00e1 prestes a se transformar em realidade. Conta as aventuras de um grupo de cientistas para corrigir a rota\u00e7\u00e3o do planeta. \u00c9 preciso detonar bombas nucleares l\u00e1 onde o calor \u00e9 escaldante, onde o ferro vira lama incandescente. S\u00f3 assim os polos voltar\u00e3o [&hellip;]","og_url":"https:\/\/www.notibras.com\/site\/filme-de-ficcao-da-mostras-de-que-a-realidade-vem-ai\/","og_site_name":"Notibras","article_publisher":"https:\/\/www.facebook.com\/notibras\/","article_published_time":"2020-08-23T06:00:11+00:00","article_modified_time":"2020-08-23T06:49:24+00:00","og_image":[{"width":624,"height":351,"url":"https:\/\/www.notibras.com\/site\/wp-content\/uploads\/2020\/08\/nucleo-terra.jpg","type":"image\/jpeg"}],"author":"Reda\u00e7\u00e3o","twitter_card":"summary_large_image","twitter_creator":"@Notibras","twitter_site":"@Notibras","twitter_misc":{"Escrito por":"Reda\u00e7\u00e3o","Est. tempo de leitura":"3 minutos"},"schema":{"@context":"https:\/\/schema.org","@graph":[{"@type":"Article","@id":"https:\/\/www.notibras.com\/site\/filme-de-ficcao-da-mostras-de-que-a-realidade-vem-ai\/#article","isPartOf":{"@id":"https:\/\/www.notibras.com\/site\/filme-de-ficcao-da-mostras-de-que-a-realidade-vem-ai\/"},"author":{"name":"Reda\u00e7\u00e3o","@id":"https:\/\/www.notibras.com\/site\/#\/schema\/person\/36ab0979449956132d3e5b517ea76ac8"},"headline":"Filme de fic\u00e7\u00e3o d\u00e1 mostras de que a realidade vem a\u00ed","datePublished":"2020-08-23T06:00:11+00:00","dateModified":"2020-08-23T06:49:24+00:00","mainEntityOfPage":{"@id":"https:\/\/www.notibras.com\/site\/filme-de-ficcao-da-mostras-de-que-a-realidade-vem-ai\/"},"wordCount":612,"publisher":{"@id":"https:\/\/www.notibras.com\/site\/#organization"},"image":{"@id":"https:\/\/www.notibras.com\/site\/filme-de-ficcao-da-mostras-de-que-a-realidade-vem-ai\/#primaryimage"},"thumbnailUrl":"https:\/\/www.notibras.com\/site\/wp-content\/uploads\/2020\/08\/nucleo-terra.jpg","keywords":["capa"],"articleSection":["Curiosidades"],"inLanguage":"pt-BR"},{"@type":"WebPage","@id":"https:\/\/www.notibras.com\/site\/filme-de-ficcao-da-mostras-de-que-a-realidade-vem-ai\/","url":"https:\/\/www.notibras.com\/site\/filme-de-ficcao-da-mostras-de-que-a-realidade-vem-ai\/","name":"Filme de fic\u00e7\u00e3o d\u00e1 mostras de que a realidade vem a\u00ed - Notibras","isPartOf":{"@id":"https:\/\/www.notibras.com\/site\/#website"},"primaryImageOfPage":{"@id":"https:\/\/www.notibras.com\/site\/filme-de-ficcao-da-mostras-de-que-a-realidade-vem-ai\/#primaryimage"},"image":{"@id":"https:\/\/www.notibras.com\/site\/filme-de-ficcao-da-mostras-de-que-a-realidade-vem-ai\/#primaryimage"},"thumbnailUrl":"https:\/\/www.notibras.com\/site\/wp-content\/uploads\/2020\/08\/nucleo-terra.jpg","datePublished":"2020-08-23T06:00:11+00:00","dateModified":"2020-08-23T06:49:24+00:00","breadcrumb":{"@id":"https:\/\/www.notibras.com\/site\/filme-de-ficcao-da-mostras-de-que-a-realidade-vem-ai\/#breadcrumb"},"inLanguage":"pt-BR","potentialAction":[{"@type":"ReadAction","target":["https:\/\/www.notibras.com\/site\/filme-de-ficcao-da-mostras-de-que-a-realidade-vem-ai\/"]}]},{"@type":"ImageObject","inLanguage":"pt-BR","@id":"https:\/\/www.notibras.com\/site\/filme-de-ficcao-da-mostras-de-que-a-realidade-vem-ai\/#primaryimage","url":"https:\/\/www.notibras.com\/site\/wp-content\/uploads\/2020\/08\/nucleo-terra.jpg","contentUrl":"https:\/\/www.notibras.com\/site\/wp-content\/uploads\/2020\/08\/nucleo-terra.jpg","width":624,"height":351},{"@type":"BreadcrumbList","@id":"https:\/\/www.notibras.com\/site\/filme-de-ficcao-da-mostras-de-que-a-realidade-vem-ai\/#breadcrumb","itemListElement":[{"@type":"ListItem","position":1,"name":"In\u00edcio","item":"https:\/\/www.notibras.com\/site\/"},{"@type":"ListItem","position":2,"name":"Filme de fic\u00e7\u00e3o d\u00e1 mostras de que a realidade vem a\u00ed"}]},{"@type":"WebSite","@id":"https:\/\/www.notibras.com\/site\/#website","url":"https:\/\/www.notibras.com\/site\/","name":"Notibras","description":"Not\u00edcias de Bras\u00edlia, do Brasil e do Mundo","publisher":{"@id":"https:\/\/www.notibras.com\/site\/#organization"},"potentialAction":[{"@type":"SearchAction","target":{"@type":"EntryPoint","urlTemplate":"https:\/\/www.notibras.com\/site\/?s={search_term_string}"},"query-input":{"@type":"PropertyValueSpecification","valueRequired":true,"valueName":"search_term_string"}}],"inLanguage":"pt-BR"},{"@type":"Organization","@id":"https:\/\/www.notibras.com\/site\/#organization","name":"Grupo Notibras de Comunica\u00e7\u00e3o","url":"https:\/\/www.notibras.com\/site\/","logo":{"@type":"ImageObject","inLanguage":"pt-BR","@id":"https:\/\/www.notibras.com\/site\/#\/schema\/logo\/image\/","url":"https:\/\/www.notibras.com\/site\/wp-content\/uploads\/2023\/01\/notibras23.png","contentUrl":"https:\/\/www.notibras.com\/site\/wp-content\/uploads\/2023\/01\/notibras23.png","width":350,"height":87,"caption":"Grupo Notibras de Comunica\u00e7\u00e3o"},"image":{"@id":"https:\/\/www.notibras.com\/site\/#\/schema\/logo\/image\/"},"sameAs":["https:\/\/www.facebook.com\/notibras\/","https:\/\/x.com\/Notibras","https:\/\/www.instagram.com\/notibras\/"]},{"@type":"Person","@id":"https:\/\/www.notibras.com\/site\/#\/schema\/person\/36ab0979449956132d3e5b517ea76ac8","name":"Reda\u00e7\u00e3o","image":{"@type":"ImageObject","inLanguage":"pt-BR","@id":"https:\/\/secure.gravatar.com\/avatar\/e0a867bdedb85fd243eadf09663511f96fc81e0720a4a42581f334ad4303aa6b?s=96&d=mm&r=g","url":"https:\/\/secure.gravatar.com\/avatar\/e0a867bdedb85fd243eadf09663511f96fc81e0720a4a42581f334ad4303aa6b?s=96&d=mm&r=g","contentUrl":"https:\/\/secure.gravatar.com\/avatar\/e0a867bdedb85fd243eadf09663511f96fc81e0720a4a42581f334ad4303aa6b?s=96&d=mm&r=g","caption":"Reda\u00e7\u00e3o"}}]}},"amp_enabled":true,"_links":{"self":[{"href":"https:\/\/www.notibras.com\/site\/wp-json\/wp\/v2\/posts\/239010","targetHints":{"allow":["GET"]}}],"collection":[{"href":"https:\/\/www.notibras.com\/site\/wp-json\/wp\/v2\/posts"}],"about":[{"href":"https:\/\/www.notibras.com\/site\/wp-json\/wp\/v2\/types\/post"}],"author":[{"embeddable":true,"href":"https:\/\/www.notibras.com\/site\/wp-json\/wp\/v2\/users\/2"}],"replies":[{"embeddable":true,"href":"https:\/\/www.notibras.com\/site\/wp-json\/wp\/v2\/comments?post=239010"}],"version-history":[{"count":2,"href":"https:\/\/www.notibras.com\/site\/wp-json\/wp\/v2\/posts\/239010\/revisions"}],"predecessor-version":[{"id":239013,"href":"https:\/\/www.notibras.com\/site\/wp-json\/wp\/v2\/posts\/239010\/revisions\/239013"}],"wp:featuredmedia":[{"embeddable":true,"href":"https:\/\/www.notibras.com\/site\/wp-json\/wp\/v2\/media\/239011"}],"wp:attachment":[{"href":"https:\/\/www.notibras.com\/site\/wp-json\/wp\/v2\/media?parent=239010"}],"wp:term":[{"taxonomy":"category","embeddable":true,"href":"https:\/\/www.notibras.com\/site\/wp-json\/wp\/v2\/categories?post=239010"},{"taxonomy":"post_tag","embeddable":true,"href":"https:\/\/www.notibras.com\/site\/wp-json\/wp\/v2\/tags?post=239010"}],"curies":[{"name":"wp","href":"https:\/\/api.w.org\/{rel}","templated":true}]}}