{"id":23926,"date":"2014-10-04T15:55:25","date_gmt":"2014-10-04T18:55:25","guid":{"rendered":"http:\/\/www.notibras.com\/site\/?p=23926"},"modified":"2014-10-06T02:04:52","modified_gmt":"2014-10-06T05:04:52","slug":"hjugo-carvana-77-morre-vitima-de-cancer-do-pulmao-no-rio","status":"publish","type":"post","link":"https:\/\/www.notibras.com\/site\/hjugo-carvana-77-morre-vitima-de-cancer-do-pulmao-no-rio\/","title":{"rendered":"Hugo Carvana, 77, morre v\u00edtima de c\u00e2ncer do pulm\u00e3o"},"content":{"rendered":"<p>O cineasta e ator Hugo Carvana morreu neste s\u00e1bado (4) aos 77 anos no Rio. De acordo com o hospital em que Carvana estava internado desde o \u00faltimo domingo (28), em Botafogo, na Zona Sul, ele teve complica\u00e7\u00f5es causadas por um c\u00e2ncer no pulm\u00e3o.<\/p>\n<p>O vel\u00f3rio ser\u00e1 neste domingo (5) a partir das 9h, no Parque Lage, no Jardim Bot\u00e2nico. O corpo ser\u00e1 cremado na segunda-feira (6), em cerim\u00f4nia fechada para a fam\u00edlia no Memorial do Carmo, no Caju, Zona Portu\u00e1ria.<\/p>\n<p>Ao longo da carreira, iniciada em 1955, Hugo Carvana ficou marcado por retratar o t\u00edpico &#8220;malandro carioca&#8221; em suas com\u00e9dias de costumes. Foi ator de mais de 50 filmes. Dentre as produ\u00e7\u00f5es que dirigiu, est\u00e3o &#8220;Vai trabalhar, vagabundo&#8221; (1973), &#8220;Se segura, malandro&#8221; (1977), &#8220;Bar Esperan\u00e7a, o \u00faltimo que fecha&#8221; (1982), &#8220;O homem nu&#8221; (1996), &#8220;Casa da m\u00e3e Joana&#8221; (2007) e &#8220;N\u00e3o se preocupe, nada vai dar certo&#8221; (2009).<\/p>\n<p>&#8220;Ele n\u00e3o era somente um ator extraordin\u00e1rio, mas diretor, um intelectual que pensava o Brasil. \u00c9 uma coincid\u00eancia triste: Carvana era como Jos\u00e9 Wilker, um autor, pensava as coisas do Brasil, do cinema, tinha interesse grande pelo estado do mundo\u201d, disse o cineasta e grande amigo Cac\u00e1 Diegues, lembrando a morte do tamb\u00e9m ator e diretor Jos\u00e9 Wilker, em 5 de abril passado (veja a repercuss\u00e3o da morte de Hugo Carvana).<\/p>\n<p>No \u00faltimo s\u00e1bado (27), o Festival do Rio realizou uma sess\u00e3o especial de &#8220;Vai trabalhar, vagabundo&#8221;, com c\u00f3pia restaurada. Os quatro filhos de Hugo Carvana estavam presentes: J\u00falio, Cacala, Rita e Pedro Carvana. Devido \u00e0 sa\u00fade debilitada, o cineasta n\u00e3o p\u00f4de comparecer \u00e0 sess\u00e3o de gala.<\/p>\n<blockquote><p>&#8220;Em nome da fam\u00edlia a gente quer agradecer \u00e0s manifesta\u00e7\u00f5es dos amigos. O Carvana \u00e9 um e diretor fundamental para nossa cultura. O Carvana lutou o quanto pode e essa semana infelizmente ele partiu. A homenagem do Festival do Rio foi uma ben\u00e7\u00e3o. Recuperaram o negativo do primeiro filme dele dirigido em 54. O filme vai passar amanh\u00e3 [domingo] em Guadalupe. \u00c9 uma bela homenagem a ele. Ele tava muito feliz com essa edi\u00e7\u00e3o do festival&#8221;, disse Julio Carvana, um dos filhos, no hospital.<\/p>\n<p>Na TV Globo, atuou tamb\u00e9m em novelas como &#8220;Corpo a corpo&#8221; (1984), &#8220;Roda de fogo&#8221; (1986), &#8220;O dono do mundo&#8221; (1991), &#8220;De corpo e alma&#8221; (1992), &#8220;Fera ferida&#8221; (1993), &#8220;Celebridade&#8221; (2003) e &#8220;Para\u00edso tropical&#8221; (2007). Um de seus pap\u00e9is mais conhecidos foi o do rep\u00f3rter policial Valdomiro Pena, do seriado &#8220;Plant\u00e3o de pol\u00edcia&#8221; (1979-1981).<\/p><\/blockquote>\n<p>Seu \u00faltimo trabalho como diretor foi &#8220;Casa da m\u00e3e Joana 2&#8221; (2013). Como ator, fez parte do elenco de &#8220;Giovanni Improtta&#8221; (2013), de Jos\u00e9 Wilker.<\/p>\n<p>Hugo Carvana nasceu no dia 4 de julho de 1937, filho da costureira Alice Carvana de Castro e do comandante da Marinha Cl\u00f3vis Heloy de Hollanda. Era &#8220;um ilustre suburbano de Lins de Vasconcelos, que nunca renegou sua origem simples&#8221;, conforme destaca o perfil no site oficial. O texto refor\u00e7a que o ator e diretor ficou marcado em sua trajet\u00f3ria por ter &#8220;um qu\u00ea de malandragem&#8221;.<\/p>\n<p>Na juventude, para conseguir entrar no est\u00e1dio e torcer pelo Fluminense, costumava se disfar\u00e7ar de vendedor de balas e ambulante. &#8220;Figura obrigat\u00f3ria nas mesas dos bares da noite carioca, cultivou amizade com grandes nomes da boemia e das artes \u2013 Roniquito, Ary Barroso, Tom Jobim, Vinicius de Moraes, foram alguns&#8221;, diz o perfil.<\/p>\n<p>&#8220;Atrav\u00e9s dessa viv\u00eancia criou personagens que povoam o universo carioca, como o malandro Dino em &#8216;Vai trabalhar vagabundo&#8217;.&#8221; A primeira vez em que viveu esse tipo de personagem foi em &#8220;O capit\u00e3o Bandeira contra o dr. Moura Brasil&#8221; (1970), de Ant\u00f4nio Calmon.<\/p>\n","protected":false},"excerpt":{"rendered":"<p>O cineasta e ator Hugo Carvana morreu neste s\u00e1bado (4) aos 77 anos no Rio. De acordo com o hospital em que Carvana estava internado desde o \u00faltimo domingo (28), em Botafogo, na Zona Sul, ele teve complica\u00e7\u00f5es causadas por um c\u00e2ncer no pulm\u00e3o. O vel\u00f3rio ser\u00e1 neste domingo (5) a partir das 9h, no [&hellip;]<\/p>\n","protected":false},"author":2,"featured_media":23927,"comment_status":"open","ping_status":"closed","sticky":false,"template":"","format":"standard","meta":{"_acf_changed":false,"footnotes":""},"categories":[16],"tags":[],"class_list":["post-23926","post","type-post","status-publish","format-standard","has-post-thumbnail","hentry","category-brasil"],"acf":[],"yoast_head":"<!-- This site is optimized with the Yoast SEO plugin v27.5 - https:\/\/yoast.com\/product\/yoast-seo-wordpress\/ -->\n<title>Hugo Carvana, 77, morre v\u00edtima de c\u00e2ncer do pulm\u00e3o - Notibras<\/title>\n<meta name=\"robots\" content=\"index, follow, max-snippet:-1, max-image-preview:large, max-video-preview:-1\" \/>\n<link rel=\"canonical\" href=\"https:\/\/www.notibras.com\/site\/hjugo-carvana-77-morre-vitima-de-cancer-do-pulmao-no-rio\/\" \/>\n<meta property=\"og:locale\" content=\"pt_BR\" \/>\n<meta property=\"og:type\" content=\"article\" \/>\n<meta property=\"og:title\" content=\"Hugo Carvana, 77, morre v\u00edtima de c\u00e2ncer do pulm\u00e3o - Notibras\" \/>\n<meta property=\"og:description\" content=\"O cineasta e ator Hugo Carvana morreu neste s\u00e1bado (4) aos 77 anos no Rio. De acordo com o hospital em que Carvana estava internado desde o \u00faltimo domingo (28), em Botafogo, na Zona Sul, ele teve complica\u00e7\u00f5es causadas por um c\u00e2ncer no pulm\u00e3o. O vel\u00f3rio ser\u00e1 neste domingo (5) a partir das 9h, no [&hellip;]\" \/>\n<meta property=\"og:url\" content=\"https:\/\/www.notibras.com\/site\/hjugo-carvana-77-morre-vitima-de-cancer-do-pulmao-no-rio\/\" \/>\n<meta property=\"og:site_name\" content=\"Notibras\" \/>\n<meta property=\"article:publisher\" content=\"https:\/\/www.facebook.com\/notibras\/\" \/>\n<meta property=\"article:published_time\" content=\"2014-10-04T18:55:25+00:00\" \/>\n<meta property=\"article:modified_time\" content=\"2014-10-06T05:04:52+00:00\" \/>\n<meta property=\"og:image\" content=\"https:\/\/www.notibras.com\/site\/wp-content\/uploads\/2014\/10\/165440_1.jpg\" \/>\n\t<meta property=\"og:image:width\" content=\"620\" \/>\n\t<meta property=\"og:image:height\" content=\"413\" \/>\n\t<meta property=\"og:image:type\" content=\"image\/jpeg\" \/>\n<meta name=\"author\" content=\"Reda\u00e7\u00e3o\" \/>\n<meta name=\"twitter:card\" content=\"summary_large_image\" \/>\n<meta name=\"twitter:creator\" content=\"@Notibras\" \/>\n<meta name=\"twitter:site\" content=\"@Notibras\" \/>\n<meta name=\"twitter:label1\" content=\"Escrito por\" \/>\n\t<meta name=\"twitter:data1\" content=\"Reda\u00e7\u00e3o\" \/>\n\t<meta name=\"twitter:label2\" content=\"Est. tempo de leitura\" \/>\n\t<meta name=\"twitter:data2\" content=\"3 minutos\" \/>\n<script type=\"application\/ld+json\" class=\"yoast-schema-graph\">{\"@context\":\"https:\\\/\\\/schema.org\",\"@graph\":[{\"@type\":\"Article\",\"@id\":\"https:\\\/\\\/www.notibras.com\\\/site\\\/hjugo-carvana-77-morre-vitima-de-cancer-do-pulmao-no-rio\\\/#article\",\"isPartOf\":{\"@id\":\"https:\\\/\\\/www.notibras.com\\\/site\\\/hjugo-carvana-77-morre-vitima-de-cancer-do-pulmao-no-rio\\\/\"},\"author\":{\"name\":\"Reda\u00e7\u00e3o\",\"@id\":\"https:\\\/\\\/www.notibras.com\\\/site\\\/#\\\/schema\\\/person\\\/36ab0979449956132d3e5b517ea76ac8\"},\"headline\":\"Hugo Carvana, 77, morre v\u00edtima de c\u00e2ncer do pulm\u00e3o\",\"datePublished\":\"2014-10-04T18:55:25+00:00\",\"dateModified\":\"2014-10-06T05:04:52+00:00\",\"mainEntityOfPage\":{\"@id\":\"https:\\\/\\\/www.notibras.com\\\/site\\\/hjugo-carvana-77-morre-vitima-de-cancer-do-pulmao-no-rio\\\/\"},\"wordCount\":616,\"commentCount\":0,\"publisher\":{\"@id\":\"https:\\\/\\\/www.notibras.com\\\/site\\\/#organization\"},\"image\":{\"@id\":\"https:\\\/\\\/www.notibras.com\\\/site\\\/hjugo-carvana-77-morre-vitima-de-cancer-do-pulmao-no-rio\\\/#primaryimage\"},\"thumbnailUrl\":\"https:\\\/\\\/www.notibras.com\\\/site\\\/wp-content\\\/uploads\\\/2014\\\/10\\\/165440_1.jpg\",\"articleSection\":[\"Brasil\"],\"inLanguage\":\"pt-BR\",\"potentialAction\":[{\"@type\":\"CommentAction\",\"name\":\"Comment\",\"target\":[\"https:\\\/\\\/www.notibras.com\\\/site\\\/hjugo-carvana-77-morre-vitima-de-cancer-do-pulmao-no-rio\\\/#respond\"]}]},{\"@type\":\"WebPage\",\"@id\":\"https:\\\/\\\/www.notibras.com\\\/site\\\/hjugo-carvana-77-morre-vitima-de-cancer-do-pulmao-no-rio\\\/\",\"url\":\"https:\\\/\\\/www.notibras.com\\\/site\\\/hjugo-carvana-77-morre-vitima-de-cancer-do-pulmao-no-rio\\\/\",\"name\":\"Hugo Carvana, 77, morre v\u00edtima de c\u00e2ncer do pulm\u00e3o - Notibras\",\"isPartOf\":{\"@id\":\"https:\\\/\\\/www.notibras.com\\\/site\\\/#website\"},\"primaryImageOfPage\":{\"@id\":\"https:\\\/\\\/www.notibras.com\\\/site\\\/hjugo-carvana-77-morre-vitima-de-cancer-do-pulmao-no-rio\\\/#primaryimage\"},\"image\":{\"@id\":\"https:\\\/\\\/www.notibras.com\\\/site\\\/hjugo-carvana-77-morre-vitima-de-cancer-do-pulmao-no-rio\\\/#primaryimage\"},\"thumbnailUrl\":\"https:\\\/\\\/www.notibras.com\\\/site\\\/wp-content\\\/uploads\\\/2014\\\/10\\\/165440_1.jpg\",\"datePublished\":\"2014-10-04T18:55:25+00:00\",\"dateModified\":\"2014-10-06T05:04:52+00:00\",\"breadcrumb\":{\"@id\":\"https:\\\/\\\/www.notibras.com\\\/site\\\/hjugo-carvana-77-morre-vitima-de-cancer-do-pulmao-no-rio\\\/#breadcrumb\"},\"inLanguage\":\"pt-BR\",\"potentialAction\":[{\"@type\":\"ReadAction\",\"target\":[\"https:\\\/\\\/www.notibras.com\\\/site\\\/hjugo-carvana-77-morre-vitima-de-cancer-do-pulmao-no-rio\\\/\"]}]},{\"@type\":\"ImageObject\",\"inLanguage\":\"pt-BR\",\"@id\":\"https:\\\/\\\/www.notibras.com\\\/site\\\/hjugo-carvana-77-morre-vitima-de-cancer-do-pulmao-no-rio\\\/#primaryimage\",\"url\":\"https:\\\/\\\/www.notibras.com\\\/site\\\/wp-content\\\/uploads\\\/2014\\\/10\\\/165440_1.jpg\",\"contentUrl\":\"https:\\\/\\\/www.notibras.com\\\/site\\\/wp-content\\\/uploads\\\/2014\\\/10\\\/165440_1.jpg\",\"width\":620,\"height\":413},{\"@type\":\"BreadcrumbList\",\"@id\":\"https:\\\/\\\/www.notibras.com\\\/site\\\/hjugo-carvana-77-morre-vitima-de-cancer-do-pulmao-no-rio\\\/#breadcrumb\",\"itemListElement\":[{\"@type\":\"ListItem\",\"position\":1,\"name\":\"In\u00edcio\",\"item\":\"https:\\\/\\\/www.notibras.com\\\/site\\\/\"},{\"@type\":\"ListItem\",\"position\":2,\"name\":\"Hugo Carvana, 77, morre v\u00edtima de c\u00e2ncer do pulm\u00e3o\"}]},{\"@type\":\"WebSite\",\"@id\":\"https:\\\/\\\/www.notibras.com\\\/site\\\/#website\",\"url\":\"https:\\\/\\\/www.notibras.com\\\/site\\\/\",\"name\":\"Notibras\",\"description\":\"Not\u00edcias de Bras\u00edlia, do Brasil e do Mundo\",\"publisher\":{\"@id\":\"https:\\\/\\\/www.notibras.com\\\/site\\\/#organization\"},\"potentialAction\":[{\"@type\":\"SearchAction\",\"target\":{\"@type\":\"EntryPoint\",\"urlTemplate\":\"https:\\\/\\\/www.notibras.com\\\/site\\\/?s={search_term_string}\"},\"query-input\":{\"@type\":\"PropertyValueSpecification\",\"valueRequired\":true,\"valueName\":\"search_term_string\"}}],\"inLanguage\":\"pt-BR\"},{\"@type\":\"Organization\",\"@id\":\"https:\\\/\\\/www.notibras.com\\\/site\\\/#organization\",\"name\":\"Grupo Notibras de Comunica\u00e7\u00e3o\",\"url\":\"https:\\\/\\\/www.notibras.com\\\/site\\\/\",\"logo\":{\"@type\":\"ImageObject\",\"inLanguage\":\"pt-BR\",\"@id\":\"https:\\\/\\\/www.notibras.com\\\/site\\\/#\\\/schema\\\/logo\\\/image\\\/\",\"url\":\"https:\\\/\\\/www.notibras.com\\\/site\\\/wp-content\\\/uploads\\\/2023\\\/01\\\/notibras23.png\",\"contentUrl\":\"https:\\\/\\\/www.notibras.com\\\/site\\\/wp-content\\\/uploads\\\/2023\\\/01\\\/notibras23.png\",\"width\":350,\"height\":87,\"caption\":\"Grupo Notibras de Comunica\u00e7\u00e3o\"},\"image\":{\"@id\":\"https:\\\/\\\/www.notibras.com\\\/site\\\/#\\\/schema\\\/logo\\\/image\\\/\"},\"sameAs\":[\"https:\\\/\\\/www.facebook.com\\\/notibras\\\/\",\"https:\\\/\\\/x.com\\\/Notibras\",\"https:\\\/\\\/www.instagram.com\\\/notibras\\\/\"]},{\"@type\":\"Person\",\"@id\":\"https:\\\/\\\/www.notibras.com\\\/site\\\/#\\\/schema\\\/person\\\/36ab0979449956132d3e5b517ea76ac8\",\"name\":\"Reda\u00e7\u00e3o\",\"image\":{\"@type\":\"ImageObject\",\"inLanguage\":\"pt-BR\",\"@id\":\"https:\\\/\\\/secure.gravatar.com\\\/avatar\\\/e0a867bdedb85fd243eadf09663511f96fc81e0720a4a42581f334ad4303aa6b?s=96&d=mm&r=g\",\"url\":\"https:\\\/\\\/secure.gravatar.com\\\/avatar\\\/e0a867bdedb85fd243eadf09663511f96fc81e0720a4a42581f334ad4303aa6b?s=96&d=mm&r=g\",\"contentUrl\":\"https:\\\/\\\/secure.gravatar.com\\\/avatar\\\/e0a867bdedb85fd243eadf09663511f96fc81e0720a4a42581f334ad4303aa6b?s=96&d=mm&r=g\",\"caption\":\"Reda\u00e7\u00e3o\"}}]}<\/script>\n<!-- \/ Yoast SEO plugin. -->","yoast_head_json":{"title":"Hugo Carvana, 77, morre v\u00edtima de c\u00e2ncer do pulm\u00e3o - Notibras","robots":{"index":"index","follow":"follow","max-snippet":"max-snippet:-1","max-image-preview":"max-image-preview:large","max-video-preview":"max-video-preview:-1"},"canonical":"https:\/\/www.notibras.com\/site\/hjugo-carvana-77-morre-vitima-de-cancer-do-pulmao-no-rio\/","og_locale":"pt_BR","og_type":"article","og_title":"Hugo Carvana, 77, morre v\u00edtima de c\u00e2ncer do pulm\u00e3o - Notibras","og_description":"O cineasta e ator Hugo Carvana morreu neste s\u00e1bado (4) aos 77 anos no Rio. De acordo com o hospital em que Carvana estava internado desde o \u00faltimo domingo (28), em Botafogo, na Zona Sul, ele teve complica\u00e7\u00f5es causadas por um c\u00e2ncer no pulm\u00e3o. O vel\u00f3rio ser\u00e1 neste domingo (5) a partir das 9h, no [&hellip;]","og_url":"https:\/\/www.notibras.com\/site\/hjugo-carvana-77-morre-vitima-de-cancer-do-pulmao-no-rio\/","og_site_name":"Notibras","article_publisher":"https:\/\/www.facebook.com\/notibras\/","article_published_time":"2014-10-04T18:55:25+00:00","article_modified_time":"2014-10-06T05:04:52+00:00","og_image":[{"width":620,"height":413,"url":"https:\/\/www.notibras.com\/site\/wp-content\/uploads\/2014\/10\/165440_1.jpg","type":"image\/jpeg"}],"author":"Reda\u00e7\u00e3o","twitter_card":"summary_large_image","twitter_creator":"@Notibras","twitter_site":"@Notibras","twitter_misc":{"Escrito por":"Reda\u00e7\u00e3o","Est. tempo de leitura":"3 minutos"},"schema":{"@context":"https:\/\/schema.org","@graph":[{"@type":"Article","@id":"https:\/\/www.notibras.com\/site\/hjugo-carvana-77-morre-vitima-de-cancer-do-pulmao-no-rio\/#article","isPartOf":{"@id":"https:\/\/www.notibras.com\/site\/hjugo-carvana-77-morre-vitima-de-cancer-do-pulmao-no-rio\/"},"author":{"name":"Reda\u00e7\u00e3o","@id":"https:\/\/www.notibras.com\/site\/#\/schema\/person\/36ab0979449956132d3e5b517ea76ac8"},"headline":"Hugo Carvana, 77, morre v\u00edtima de c\u00e2ncer do pulm\u00e3o","datePublished":"2014-10-04T18:55:25+00:00","dateModified":"2014-10-06T05:04:52+00:00","mainEntityOfPage":{"@id":"https:\/\/www.notibras.com\/site\/hjugo-carvana-77-morre-vitima-de-cancer-do-pulmao-no-rio\/"},"wordCount":616,"commentCount":0,"publisher":{"@id":"https:\/\/www.notibras.com\/site\/#organization"},"image":{"@id":"https:\/\/www.notibras.com\/site\/hjugo-carvana-77-morre-vitima-de-cancer-do-pulmao-no-rio\/#primaryimage"},"thumbnailUrl":"https:\/\/www.notibras.com\/site\/wp-content\/uploads\/2014\/10\/165440_1.jpg","articleSection":["Brasil"],"inLanguage":"pt-BR","potentialAction":[{"@type":"CommentAction","name":"Comment","target":["https:\/\/www.notibras.com\/site\/hjugo-carvana-77-morre-vitima-de-cancer-do-pulmao-no-rio\/#respond"]}]},{"@type":"WebPage","@id":"https:\/\/www.notibras.com\/site\/hjugo-carvana-77-morre-vitima-de-cancer-do-pulmao-no-rio\/","url":"https:\/\/www.notibras.com\/site\/hjugo-carvana-77-morre-vitima-de-cancer-do-pulmao-no-rio\/","name":"Hugo Carvana, 77, morre v\u00edtima de c\u00e2ncer do pulm\u00e3o - Notibras","isPartOf":{"@id":"https:\/\/www.notibras.com\/site\/#website"},"primaryImageOfPage":{"@id":"https:\/\/www.notibras.com\/site\/hjugo-carvana-77-morre-vitima-de-cancer-do-pulmao-no-rio\/#primaryimage"},"image":{"@id":"https:\/\/www.notibras.com\/site\/hjugo-carvana-77-morre-vitima-de-cancer-do-pulmao-no-rio\/#primaryimage"},"thumbnailUrl":"https:\/\/www.notibras.com\/site\/wp-content\/uploads\/2014\/10\/165440_1.jpg","datePublished":"2014-10-04T18:55:25+00:00","dateModified":"2014-10-06T05:04:52+00:00","breadcrumb":{"@id":"https:\/\/www.notibras.com\/site\/hjugo-carvana-77-morre-vitima-de-cancer-do-pulmao-no-rio\/#breadcrumb"},"inLanguage":"pt-BR","potentialAction":[{"@type":"ReadAction","target":["https:\/\/www.notibras.com\/site\/hjugo-carvana-77-morre-vitima-de-cancer-do-pulmao-no-rio\/"]}]},{"@type":"ImageObject","inLanguage":"pt-BR","@id":"https:\/\/www.notibras.com\/site\/hjugo-carvana-77-morre-vitima-de-cancer-do-pulmao-no-rio\/#primaryimage","url":"https:\/\/www.notibras.com\/site\/wp-content\/uploads\/2014\/10\/165440_1.jpg","contentUrl":"https:\/\/www.notibras.com\/site\/wp-content\/uploads\/2014\/10\/165440_1.jpg","width":620,"height":413},{"@type":"BreadcrumbList","@id":"https:\/\/www.notibras.com\/site\/hjugo-carvana-77-morre-vitima-de-cancer-do-pulmao-no-rio\/#breadcrumb","itemListElement":[{"@type":"ListItem","position":1,"name":"In\u00edcio","item":"https:\/\/www.notibras.com\/site\/"},{"@type":"ListItem","position":2,"name":"Hugo Carvana, 77, morre v\u00edtima de c\u00e2ncer do pulm\u00e3o"}]},{"@type":"WebSite","@id":"https:\/\/www.notibras.com\/site\/#website","url":"https:\/\/www.notibras.com\/site\/","name":"Notibras","description":"Not\u00edcias de Bras\u00edlia, do Brasil e do Mundo","publisher":{"@id":"https:\/\/www.notibras.com\/site\/#organization"},"potentialAction":[{"@type":"SearchAction","target":{"@type":"EntryPoint","urlTemplate":"https:\/\/www.notibras.com\/site\/?s={search_term_string}"},"query-input":{"@type":"PropertyValueSpecification","valueRequired":true,"valueName":"search_term_string"}}],"inLanguage":"pt-BR"},{"@type":"Organization","@id":"https:\/\/www.notibras.com\/site\/#organization","name":"Grupo Notibras de Comunica\u00e7\u00e3o","url":"https:\/\/www.notibras.com\/site\/","logo":{"@type":"ImageObject","inLanguage":"pt-BR","@id":"https:\/\/www.notibras.com\/site\/#\/schema\/logo\/image\/","url":"https:\/\/www.notibras.com\/site\/wp-content\/uploads\/2023\/01\/notibras23.png","contentUrl":"https:\/\/www.notibras.com\/site\/wp-content\/uploads\/2023\/01\/notibras23.png","width":350,"height":87,"caption":"Grupo Notibras de Comunica\u00e7\u00e3o"},"image":{"@id":"https:\/\/www.notibras.com\/site\/#\/schema\/logo\/image\/"},"sameAs":["https:\/\/www.facebook.com\/notibras\/","https:\/\/x.com\/Notibras","https:\/\/www.instagram.com\/notibras\/"]},{"@type":"Person","@id":"https:\/\/www.notibras.com\/site\/#\/schema\/person\/36ab0979449956132d3e5b517ea76ac8","name":"Reda\u00e7\u00e3o","image":{"@type":"ImageObject","inLanguage":"pt-BR","@id":"https:\/\/secure.gravatar.com\/avatar\/e0a867bdedb85fd243eadf09663511f96fc81e0720a4a42581f334ad4303aa6b?s=96&d=mm&r=g","url":"https:\/\/secure.gravatar.com\/avatar\/e0a867bdedb85fd243eadf09663511f96fc81e0720a4a42581f334ad4303aa6b?s=96&d=mm&r=g","contentUrl":"https:\/\/secure.gravatar.com\/avatar\/e0a867bdedb85fd243eadf09663511f96fc81e0720a4a42581f334ad4303aa6b?s=96&d=mm&r=g","caption":"Reda\u00e7\u00e3o"}}]}},"amp_enabled":true,"_links":{"self":[{"href":"https:\/\/www.notibras.com\/site\/wp-json\/wp\/v2\/posts\/23926","targetHints":{"allow":["GET"]}}],"collection":[{"href":"https:\/\/www.notibras.com\/site\/wp-json\/wp\/v2\/posts"}],"about":[{"href":"https:\/\/www.notibras.com\/site\/wp-json\/wp\/v2\/types\/post"}],"author":[{"embeddable":true,"href":"https:\/\/www.notibras.com\/site\/wp-json\/wp\/v2\/users\/2"}],"replies":[{"embeddable":true,"href":"https:\/\/www.notibras.com\/site\/wp-json\/wp\/v2\/comments?post=23926"}],"version-history":[{"count":0,"href":"https:\/\/www.notibras.com\/site\/wp-json\/wp\/v2\/posts\/23926\/revisions"}],"wp:featuredmedia":[{"embeddable":true,"href":"https:\/\/www.notibras.com\/site\/wp-json\/wp\/v2\/media\/23927"}],"wp:attachment":[{"href":"https:\/\/www.notibras.com\/site\/wp-json\/wp\/v2\/media?parent=23926"}],"wp:term":[{"taxonomy":"category","embeddable":true,"href":"https:\/\/www.notibras.com\/site\/wp-json\/wp\/v2\/categories?post=23926"},{"taxonomy":"post_tag","embeddable":true,"href":"https:\/\/www.notibras.com\/site\/wp-json\/wp\/v2\/tags?post=23926"}],"curies":[{"name":"wp","href":"https:\/\/api.w.org\/{rel}","templated":true}]}}