{"id":24054,"date":"2014-10-06T01:36:03","date_gmt":"2014-10-06T04:36:03","guid":{"rendered":"http:\/\/www.notibras.com\/site\/?p=24054"},"modified":"2014-10-06T01:36:03","modified_gmt":"2014-10-06T04:36:03","slug":"votos-de-triste-despedida-e-a-esperanca-de-auditoria-pente-fino","status":"publish","type":"post","link":"https:\/\/www.notibras.com\/site\/votos-de-triste-despedida-e-a-esperanca-de-auditoria-pente-fino\/","title":{"rendered":"Votos de triste despedida e a esperan\u00e7a de auditoria pente-fino"},"content":{"rendered":"<p>A derrota de Agnelo Queiroz (PT) rendeu muita goza\u00e7\u00e3o nas redes sociais. A mais criativa foi postada pela blogueira Cris Oliveira, desejando ao ainda governador e ao seu vice Tadeu Filippelli, um 2015 de auditorias em todas \u00e1reas e um governo de transi\u00e7\u00e3o daqueles que n\u00e3o deixe passar uma linha. \u201cMeus sinceros votos, de uma aposentadoria pol\u00edtica inesquec\u00edvel com uma derrota de cinema, no primeiro turno, com 70 milh\u00f5es para gastar e uma mega m\u00e1quina na m\u00e3o\u201d, enfatiza.<\/p>\n","protected":false},"excerpt":{"rendered":"<p>A derrota de Agnelo Queiroz (PT) rendeu muita goza\u00e7\u00e3o nas redes sociais. A mais criativa foi postada pela blogueira Cris Oliveira, desejando ao ainda governador e ao seu vice Tadeu Filippelli, um 2015 de auditorias em todas \u00e1reas e um governo de transi\u00e7\u00e3o daqueles que n\u00e3o deixe passar uma linha. \u201cMeus sinceros votos, de uma [&hellip;]<\/p>\n","protected":false},"author":2,"featured_media":24055,"comment_status":"open","ping_status":"closed","sticky":false,"template":"","format":"standard","meta":{"_acf_changed":false,"footnotes":""},"categories":[26],"tags":[],"class_list":["post-24054","post","type-post","status-publish","format-standard","has-post-thumbnail","hentry","category-eleicoes-2022"],"acf":[],"yoast_head":"<!-- This site is optimized with the Yoast SEO plugin v27.2 - https:\/\/yoast.com\/product\/yoast-seo-wordpress\/ -->\n<title>Votos de triste despedida e a esperan\u00e7a de auditoria pente-fino - Notibras<\/title>\n<meta name=\"robots\" content=\"index, follow, max-snippet:-1, max-image-preview:large, max-video-preview:-1\" \/>\n<link rel=\"canonical\" href=\"https:\/\/www.notibras.com\/site\/votos-de-triste-despedida-e-a-esperanca-de-auditoria-pente-fino\/\" \/>\n<meta property=\"og:locale\" content=\"pt_BR\" \/>\n<meta property=\"og:type\" content=\"article\" \/>\n<meta property=\"og:title\" content=\"Votos de triste despedida e a esperan\u00e7a de auditoria pente-fino - Notibras\" \/>\n<meta property=\"og:description\" content=\"A derrota de Agnelo Queiroz (PT) rendeu muita goza\u00e7\u00e3o nas redes sociais. A mais criativa foi postada pela blogueira Cris Oliveira, desejando ao ainda governador e ao seu vice Tadeu Filippelli, um 2015 de auditorias em todas \u00e1reas e um governo de transi\u00e7\u00e3o daqueles que n\u00e3o deixe passar uma linha. \u201cMeus sinceros votos, de uma [&hellip;]\" \/>\n<meta property=\"og:url\" content=\"https:\/\/www.notibras.com\/site\/votos-de-triste-despedida-e-a-esperanca-de-auditoria-pente-fino\/\" \/>\n<meta property=\"og:site_name\" content=\"Notibras\" \/>\n<meta property=\"article:publisher\" content=\"https:\/\/www.facebook.com\/notibras\/\" \/>\n<meta property=\"article:published_time\" content=\"2014-10-06T04:36:03+00:00\" \/>\n<meta property=\"og:image\" content=\"https:\/\/www.notibras.com\/site\/wp-content\/uploads\/2014\/10\/peri1.jpg\" \/>\n\t<meta property=\"og:image:width\" content=\"557\" \/>\n\t<meta property=\"og:image:height\" content=\"370\" \/>\n\t<meta property=\"og:image:type\" content=\"image\/jpeg\" \/>\n<meta name=\"author\" content=\"Reda\u00e7\u00e3o\" \/>\n<meta name=\"twitter:card\" content=\"summary_large_image\" \/>\n<meta name=\"twitter:creator\" content=\"@Notibras\" \/>\n<meta name=\"twitter:site\" content=\"@Notibras\" \/>\n<meta name=\"twitter:label1\" content=\"Escrito por\" \/>\n\t<meta name=\"twitter:data1\" content=\"Reda\u00e7\u00e3o\" \/>\n<script type=\"application\/ld+json\" class=\"yoast-schema-graph\">{\"@context\":\"https:\/\/schema.org\",\"@graph\":[{\"@type\":\"Article\",\"@id\":\"https:\/\/www.notibras.com\/site\/votos-de-triste-despedida-e-a-esperanca-de-auditoria-pente-fino\/#article\",\"isPartOf\":{\"@id\":\"https:\/\/www.notibras.com\/site\/votos-de-triste-despedida-e-a-esperanca-de-auditoria-pente-fino\/\"},\"author\":{\"name\":\"Reda\u00e7\u00e3o\",\"@id\":\"https:\/\/www.notibras.com\/site\/#\/schema\/person\/36ab0979449956132d3e5b517ea76ac8\"},\"headline\":\"Votos de triste despedida e a esperan\u00e7a de auditoria pente-fino\",\"datePublished\":\"2014-10-06T04:36:03+00:00\",\"mainEntityOfPage\":{\"@id\":\"https:\/\/www.notibras.com\/site\/votos-de-triste-despedida-e-a-esperanca-de-auditoria-pente-fino\/\"},\"wordCount\":95,\"commentCount\":0,\"publisher\":{\"@id\":\"https:\/\/www.notibras.com\/site\/#organization\"},\"image\":{\"@id\":\"https:\/\/www.notibras.com\/site\/votos-de-triste-despedida-e-a-esperanca-de-auditoria-pente-fino\/#primaryimage\"},\"thumbnailUrl\":\"https:\/\/www.notibras.com\/site\/wp-content\/uploads\/2014\/10\/peri1.jpg\",\"articleSection\":[\"Elei\u00e7\u00f5es 2022\"],\"inLanguage\":\"pt-BR\",\"potentialAction\":[{\"@type\":\"CommentAction\",\"name\":\"Comment\",\"target\":[\"https:\/\/www.notibras.com\/site\/votos-de-triste-despedida-e-a-esperanca-de-auditoria-pente-fino\/#respond\"]}]},{\"@type\":\"WebPage\",\"@id\":\"https:\/\/www.notibras.com\/site\/votos-de-triste-despedida-e-a-esperanca-de-auditoria-pente-fino\/\",\"url\":\"https:\/\/www.notibras.com\/site\/votos-de-triste-despedida-e-a-esperanca-de-auditoria-pente-fino\/\",\"name\":\"Votos de triste despedida e a esperan\u00e7a de auditoria pente-fino - Notibras\",\"isPartOf\":{\"@id\":\"https:\/\/www.notibras.com\/site\/#website\"},\"primaryImageOfPage\":{\"@id\":\"https:\/\/www.notibras.com\/site\/votos-de-triste-despedida-e-a-esperanca-de-auditoria-pente-fino\/#primaryimage\"},\"image\":{\"@id\":\"https:\/\/www.notibras.com\/site\/votos-de-triste-despedida-e-a-esperanca-de-auditoria-pente-fino\/#primaryimage\"},\"thumbnailUrl\":\"https:\/\/www.notibras.com\/site\/wp-content\/uploads\/2014\/10\/peri1.jpg\",\"datePublished\":\"2014-10-06T04:36:03+00:00\",\"breadcrumb\":{\"@id\":\"https:\/\/www.notibras.com\/site\/votos-de-triste-despedida-e-a-esperanca-de-auditoria-pente-fino\/#breadcrumb\"},\"inLanguage\":\"pt-BR\",\"potentialAction\":[{\"@type\":\"ReadAction\",\"target\":[\"https:\/\/www.notibras.com\/site\/votos-de-triste-despedida-e-a-esperanca-de-auditoria-pente-fino\/\"]}]},{\"@type\":\"ImageObject\",\"inLanguage\":\"pt-BR\",\"@id\":\"https:\/\/www.notibras.com\/site\/votos-de-triste-despedida-e-a-esperanca-de-auditoria-pente-fino\/#primaryimage\",\"url\":\"https:\/\/www.notibras.com\/site\/wp-content\/uploads\/2014\/10\/peri1.jpg\",\"contentUrl\":\"https:\/\/www.notibras.com\/site\/wp-content\/uploads\/2014\/10\/peri1.jpg\",\"width\":557,\"height\":370},{\"@type\":\"BreadcrumbList\",\"@id\":\"https:\/\/www.notibras.com\/site\/votos-de-triste-despedida-e-a-esperanca-de-auditoria-pente-fino\/#breadcrumb\",\"itemListElement\":[{\"@type\":\"ListItem\",\"position\":1,\"name\":\"In\u00edcio\",\"item\":\"https:\/\/www.notibras.com\/site\/\"},{\"@type\":\"ListItem\",\"position\":2,\"name\":\"Votos de triste despedida e a esperan\u00e7a de auditoria pente-fino\"}]},{\"@type\":\"WebSite\",\"@id\":\"https:\/\/www.notibras.com\/site\/#website\",\"url\":\"https:\/\/www.notibras.com\/site\/\",\"name\":\"Notibras\",\"description\":\"Not\u00edcias de Bras\u00edlia, do Brasil e do Mundo\",\"publisher\":{\"@id\":\"https:\/\/www.notibras.com\/site\/#organization\"},\"potentialAction\":[{\"@type\":\"SearchAction\",\"target\":{\"@type\":\"EntryPoint\",\"urlTemplate\":\"https:\/\/www.notibras.com\/site\/?s={search_term_string}\"},\"query-input\":{\"@type\":\"PropertyValueSpecification\",\"valueRequired\":true,\"valueName\":\"search_term_string\"}}],\"inLanguage\":\"pt-BR\"},{\"@type\":\"Organization\",\"@id\":\"https:\/\/www.notibras.com\/site\/#organization\",\"name\":\"Grupo Notibras de Comunica\u00e7\u00e3o\",\"url\":\"https:\/\/www.notibras.com\/site\/\",\"logo\":{\"@type\":\"ImageObject\",\"inLanguage\":\"pt-BR\",\"@id\":\"https:\/\/www.notibras.com\/site\/#\/schema\/logo\/image\/\",\"url\":\"https:\/\/www.notibras.com\/site\/wp-content\/uploads\/2023\/01\/notibras23.png\",\"contentUrl\":\"https:\/\/www.notibras.com\/site\/wp-content\/uploads\/2023\/01\/notibras23.png\",\"width\":350,\"height\":87,\"caption\":\"Grupo Notibras de Comunica\u00e7\u00e3o\"},\"image\":{\"@id\":\"https:\/\/www.notibras.com\/site\/#\/schema\/logo\/image\/\"},\"sameAs\":[\"https:\/\/www.facebook.com\/notibras\/\",\"https:\/\/x.com\/Notibras\",\"https:\/\/www.instagram.com\/notibras\/\"]},{\"@type\":\"Person\",\"@id\":\"https:\/\/www.notibras.com\/site\/#\/schema\/person\/36ab0979449956132d3e5b517ea76ac8\",\"name\":\"Reda\u00e7\u00e3o\",\"image\":{\"@type\":\"ImageObject\",\"inLanguage\":\"pt-BR\",\"@id\":\"https:\/\/secure.gravatar.com\/avatar\/e0a867bdedb85fd243eadf09663511f96fc81e0720a4a42581f334ad4303aa6b?s=96&d=mm&r=g\",\"url\":\"https:\/\/secure.gravatar.com\/avatar\/e0a867bdedb85fd243eadf09663511f96fc81e0720a4a42581f334ad4303aa6b?s=96&d=mm&r=g\",\"contentUrl\":\"https:\/\/secure.gravatar.com\/avatar\/e0a867bdedb85fd243eadf09663511f96fc81e0720a4a42581f334ad4303aa6b?s=96&d=mm&r=g\",\"caption\":\"Reda\u00e7\u00e3o\"}}]}<\/script>\n<!-- \/ Yoast SEO plugin. -->","yoast_head_json":{"title":"Votos de triste despedida e a esperan\u00e7a de auditoria pente-fino - Notibras","robots":{"index":"index","follow":"follow","max-snippet":"max-snippet:-1","max-image-preview":"max-image-preview:large","max-video-preview":"max-video-preview:-1"},"canonical":"https:\/\/www.notibras.com\/site\/votos-de-triste-despedida-e-a-esperanca-de-auditoria-pente-fino\/","og_locale":"pt_BR","og_type":"article","og_title":"Votos de triste despedida e a esperan\u00e7a de auditoria pente-fino - Notibras","og_description":"A derrota de Agnelo Queiroz (PT) rendeu muita goza\u00e7\u00e3o nas redes sociais. A mais criativa foi postada pela blogueira Cris Oliveira, desejando ao ainda governador e ao seu vice Tadeu Filippelli, um 2015 de auditorias em todas \u00e1reas e um governo de transi\u00e7\u00e3o daqueles que n\u00e3o deixe passar uma linha. \u201cMeus sinceros votos, de uma [&hellip;]","og_url":"https:\/\/www.notibras.com\/site\/votos-de-triste-despedida-e-a-esperanca-de-auditoria-pente-fino\/","og_site_name":"Notibras","article_publisher":"https:\/\/www.facebook.com\/notibras\/","article_published_time":"2014-10-06T04:36:03+00:00","og_image":[{"width":557,"height":370,"url":"https:\/\/www.notibras.com\/site\/wp-content\/uploads\/2014\/10\/peri1.jpg","type":"image\/jpeg"}],"author":"Reda\u00e7\u00e3o","twitter_card":"summary_large_image","twitter_creator":"@Notibras","twitter_site":"@Notibras","twitter_misc":{"Escrito por":"Reda\u00e7\u00e3o"},"schema":{"@context":"https:\/\/schema.org","@graph":[{"@type":"Article","@id":"https:\/\/www.notibras.com\/site\/votos-de-triste-despedida-e-a-esperanca-de-auditoria-pente-fino\/#article","isPartOf":{"@id":"https:\/\/www.notibras.com\/site\/votos-de-triste-despedida-e-a-esperanca-de-auditoria-pente-fino\/"},"author":{"name":"Reda\u00e7\u00e3o","@id":"https:\/\/www.notibras.com\/site\/#\/schema\/person\/36ab0979449956132d3e5b517ea76ac8"},"headline":"Votos de triste despedida e a esperan\u00e7a de auditoria pente-fino","datePublished":"2014-10-06T04:36:03+00:00","mainEntityOfPage":{"@id":"https:\/\/www.notibras.com\/site\/votos-de-triste-despedida-e-a-esperanca-de-auditoria-pente-fino\/"},"wordCount":95,"commentCount":0,"publisher":{"@id":"https:\/\/www.notibras.com\/site\/#organization"},"image":{"@id":"https:\/\/www.notibras.com\/site\/votos-de-triste-despedida-e-a-esperanca-de-auditoria-pente-fino\/#primaryimage"},"thumbnailUrl":"https:\/\/www.notibras.com\/site\/wp-content\/uploads\/2014\/10\/peri1.jpg","articleSection":["Elei\u00e7\u00f5es 2022"],"inLanguage":"pt-BR","potentialAction":[{"@type":"CommentAction","name":"Comment","target":["https:\/\/www.notibras.com\/site\/votos-de-triste-despedida-e-a-esperanca-de-auditoria-pente-fino\/#respond"]}]},{"@type":"WebPage","@id":"https:\/\/www.notibras.com\/site\/votos-de-triste-despedida-e-a-esperanca-de-auditoria-pente-fino\/","url":"https:\/\/www.notibras.com\/site\/votos-de-triste-despedida-e-a-esperanca-de-auditoria-pente-fino\/","name":"Votos de triste despedida e a esperan\u00e7a de auditoria pente-fino - Notibras","isPartOf":{"@id":"https:\/\/www.notibras.com\/site\/#website"},"primaryImageOfPage":{"@id":"https:\/\/www.notibras.com\/site\/votos-de-triste-despedida-e-a-esperanca-de-auditoria-pente-fino\/#primaryimage"},"image":{"@id":"https:\/\/www.notibras.com\/site\/votos-de-triste-despedida-e-a-esperanca-de-auditoria-pente-fino\/#primaryimage"},"thumbnailUrl":"https:\/\/www.notibras.com\/site\/wp-content\/uploads\/2014\/10\/peri1.jpg","datePublished":"2014-10-06T04:36:03+00:00","breadcrumb":{"@id":"https:\/\/www.notibras.com\/site\/votos-de-triste-despedida-e-a-esperanca-de-auditoria-pente-fino\/#breadcrumb"},"inLanguage":"pt-BR","potentialAction":[{"@type":"ReadAction","target":["https:\/\/www.notibras.com\/site\/votos-de-triste-despedida-e-a-esperanca-de-auditoria-pente-fino\/"]}]},{"@type":"ImageObject","inLanguage":"pt-BR","@id":"https:\/\/www.notibras.com\/site\/votos-de-triste-despedida-e-a-esperanca-de-auditoria-pente-fino\/#primaryimage","url":"https:\/\/www.notibras.com\/site\/wp-content\/uploads\/2014\/10\/peri1.jpg","contentUrl":"https:\/\/www.notibras.com\/site\/wp-content\/uploads\/2014\/10\/peri1.jpg","width":557,"height":370},{"@type":"BreadcrumbList","@id":"https:\/\/www.notibras.com\/site\/votos-de-triste-despedida-e-a-esperanca-de-auditoria-pente-fino\/#breadcrumb","itemListElement":[{"@type":"ListItem","position":1,"name":"In\u00edcio","item":"https:\/\/www.notibras.com\/site\/"},{"@type":"ListItem","position":2,"name":"Votos de triste despedida e a esperan\u00e7a de auditoria pente-fino"}]},{"@type":"WebSite","@id":"https:\/\/www.notibras.com\/site\/#website","url":"https:\/\/www.notibras.com\/site\/","name":"Notibras","description":"Not\u00edcias de Bras\u00edlia, do Brasil e do Mundo","publisher":{"@id":"https:\/\/www.notibras.com\/site\/#organization"},"potentialAction":[{"@type":"SearchAction","target":{"@type":"EntryPoint","urlTemplate":"https:\/\/www.notibras.com\/site\/?s={search_term_string}"},"query-input":{"@type":"PropertyValueSpecification","valueRequired":true,"valueName":"search_term_string"}}],"inLanguage":"pt-BR"},{"@type":"Organization","@id":"https:\/\/www.notibras.com\/site\/#organization","name":"Grupo Notibras de Comunica\u00e7\u00e3o","url":"https:\/\/www.notibras.com\/site\/","logo":{"@type":"ImageObject","inLanguage":"pt-BR","@id":"https:\/\/www.notibras.com\/site\/#\/schema\/logo\/image\/","url":"https:\/\/www.notibras.com\/site\/wp-content\/uploads\/2023\/01\/notibras23.png","contentUrl":"https:\/\/www.notibras.com\/site\/wp-content\/uploads\/2023\/01\/notibras23.png","width":350,"height":87,"caption":"Grupo Notibras de Comunica\u00e7\u00e3o"},"image":{"@id":"https:\/\/www.notibras.com\/site\/#\/schema\/logo\/image\/"},"sameAs":["https:\/\/www.facebook.com\/notibras\/","https:\/\/x.com\/Notibras","https:\/\/www.instagram.com\/notibras\/"]},{"@type":"Person","@id":"https:\/\/www.notibras.com\/site\/#\/schema\/person\/36ab0979449956132d3e5b517ea76ac8","name":"Reda\u00e7\u00e3o","image":{"@type":"ImageObject","inLanguage":"pt-BR","@id":"https:\/\/secure.gravatar.com\/avatar\/e0a867bdedb85fd243eadf09663511f96fc81e0720a4a42581f334ad4303aa6b?s=96&d=mm&r=g","url":"https:\/\/secure.gravatar.com\/avatar\/e0a867bdedb85fd243eadf09663511f96fc81e0720a4a42581f334ad4303aa6b?s=96&d=mm&r=g","contentUrl":"https:\/\/secure.gravatar.com\/avatar\/e0a867bdedb85fd243eadf09663511f96fc81e0720a4a42581f334ad4303aa6b?s=96&d=mm&r=g","caption":"Reda\u00e7\u00e3o"}}]}},"amp_enabled":true,"_links":{"self":[{"href":"https:\/\/www.notibras.com\/site\/wp-json\/wp\/v2\/posts\/24054","targetHints":{"allow":["GET"]}}],"collection":[{"href":"https:\/\/www.notibras.com\/site\/wp-json\/wp\/v2\/posts"}],"about":[{"href":"https:\/\/www.notibras.com\/site\/wp-json\/wp\/v2\/types\/post"}],"author":[{"embeddable":true,"href":"https:\/\/www.notibras.com\/site\/wp-json\/wp\/v2\/users\/2"}],"replies":[{"embeddable":true,"href":"https:\/\/www.notibras.com\/site\/wp-json\/wp\/v2\/comments?post=24054"}],"version-history":[{"count":0,"href":"https:\/\/www.notibras.com\/site\/wp-json\/wp\/v2\/posts\/24054\/revisions"}],"wp:featuredmedia":[{"embeddable":true,"href":"https:\/\/www.notibras.com\/site\/wp-json\/wp\/v2\/media\/24055"}],"wp:attachment":[{"href":"https:\/\/www.notibras.com\/site\/wp-json\/wp\/v2\/media?parent=24054"}],"wp:term":[{"taxonomy":"category","embeddable":true,"href":"https:\/\/www.notibras.com\/site\/wp-json\/wp\/v2\/categories?post=24054"},{"taxonomy":"post_tag","embeddable":true,"href":"https:\/\/www.notibras.com\/site\/wp-json\/wp\/v2\/tags?post=24054"}],"curies":[{"name":"wp","href":"https:\/\/api.w.org\/{rel}","templated":true}]}}