{"id":24060,"date":"2014-10-06T02:01:15","date_gmt":"2014-10-06T05:01:15","guid":{"rendered":"http:\/\/www.notibras.com\/site\/?p=24060"},"modified":"2014-10-06T18:47:57","modified_gmt":"2014-10-06T21:47:57","slug":"banqueiros-cedem-dao-mais-e-bancarios-podem-votar-o-fim-da-greve","status":"publish","type":"post","link":"https:\/\/www.notibras.com\/site\/banqueiros-cedem-dao-mais-e-bancarios-podem-votar-o-fim-da-greve\/","title":{"rendered":"Banqueiros cedem, d\u00e3o mais, e banc\u00e1rios v\u00eaem fim da greve"},"content":{"rendered":"<p>Ap\u00f3s receber nova proposta da Federa\u00e7\u00e3o Nacional dos Bancos (Fenaban), o Comando Nacional dos Banc\u00e1rios divulgou orienta\u00e7\u00e3o \u00e0 categoria para que encerre a greve. A paralisa\u00e7\u00e3o come\u00e7ou no \u00faltimo dia 30. Ao todo, 10.355 ag\u00eancias e centros administrativos nos 26 estados e no Distrito Federal aderiram ao movimento.<\/p>\n<p>Por meio de nota, o comando informou que, na nona rodada de negocia\u00e7\u00e3o da Campanha 2014, a Fenaban aumentou o \u00edndice de reajuste de 7,35% para 8,5% (aumento real de 2,02%) nos sal\u00e1rios e demais verbas salariais; de 8% para 9% (2,49% acima da infla\u00e7\u00e3o) nos pisos; e de 12,2% no vale-refei\u00e7\u00e3o.<\/p>\n<blockquote><p>Ainda segundo o comunicado, os bancos tamb\u00e9m v\u00e3o incluir na conven\u00e7\u00e3o coletiva o compromisso de que o monitoramento de resultados ocorra com equil\u00edbrio, respeito e de forma positiva para prevenir conflitos nas rela\u00e7\u00f5es de trabalho. \u201cTrata-se de mais um passo no combate \u00e0s metas abusivas, que tem provocado adoecimento e afastamento de banc\u00e1rios\u201d, avaliou o comando.<\/p><\/blockquote>\n<p>Outra mudan\u00e7a citada pela categoria \u00e9 que a cobran\u00e7a de metas passar\u00e1 a ser proibida n\u00e3o somente por mensagem de celular, mas tamb\u00e9m por qualquer outro tipo de aparelho ou plataforma digital.<\/p>\n<p>De acordo com o comando, a Fenaban prop\u00f5e a compensa\u00e7\u00e3o dos dias parados durante a greve na forma de uma hora por dia no per\u00edodo de 15 de outubro a 31 de outubro &#8211; para quem trabalha seis horas, e uma hora por dia no per\u00edodo entre 15 de outubro e 7 de novembro para servidores com jornada de oito horas.<\/p>\n<p>Outros avan\u00e7os nas negocia\u00e7\u00f5es destacados pela categoria incluem o adiantamento do 13\u00ba sal\u00e1rio para afastados; a readmiss\u00e3o autom\u00e1tica de banc\u00e1rias demitidas e que comprovarem gesta\u00e7\u00e3o no per\u00edodo do aviso pr\u00e9vio; e a realiza\u00e7\u00e3o de semin\u00e1rios peri\u00f3dicos para discutir tend\u00eancias de novas tecnologias.<\/p>\n<p>\u201cO comando nacional, reunido logo ap\u00f3s a negocia\u00e7\u00e3o, avaliou de forma positiva as novas propostas apresentadas e decidiu por ampla maioria orientar a sua aprova\u00e7\u00e3o nas assembleias dos banc\u00e1rios a serem realizadas pelos sindicatos na pr\u00f3xima segunda-feira (6) em todo o pa\u00eds.\u201d<\/p>\n<p><strong>Paula Laboissi\u00e8re, ABr<\/strong><\/p>\n","protected":false},"excerpt":{"rendered":"<p>Ap\u00f3s receber nova proposta da Federa\u00e7\u00e3o Nacional dos Bancos (Fenaban), o Comando Nacional dos Banc\u00e1rios divulgou orienta\u00e7\u00e3o \u00e0 categoria para que encerre a greve. A paralisa\u00e7\u00e3o come\u00e7ou no \u00faltimo dia 30. Ao todo, 10.355 ag\u00eancias e centros administrativos nos 26 estados e no Distrito Federal aderiram ao movimento. Por meio de nota, o comando informou [&hellip;]<\/p>\n","protected":false},"author":2,"featured_media":24061,"comment_status":"open","ping_status":"closed","sticky":false,"template":"","format":"standard","meta":{"_acf_changed":false,"footnotes":""},"categories":[16],"tags":[],"class_list":["post-24060","post","type-post","status-publish","format-standard","has-post-thumbnail","hentry","category-brasil"],"acf":[],"yoast_head":"<!-- This site is optimized with the Yoast SEO plugin v27.5 - https:\/\/yoast.com\/product\/yoast-seo-wordpress\/ -->\n<title>Banqueiros cedem, d\u00e3o mais, e banc\u00e1rios v\u00eaem fim da greve - Notibras<\/title>\n<meta name=\"robots\" content=\"index, follow, max-snippet:-1, max-image-preview:large, max-video-preview:-1\" \/>\n<link rel=\"canonical\" href=\"https:\/\/www.notibras.com\/site\/banqueiros-cedem-dao-mais-e-bancarios-podem-votar-o-fim-da-greve\/\" \/>\n<meta property=\"og:locale\" content=\"pt_BR\" \/>\n<meta property=\"og:type\" content=\"article\" \/>\n<meta property=\"og:title\" content=\"Banqueiros cedem, d\u00e3o mais, e banc\u00e1rios v\u00eaem fim da greve - Notibras\" \/>\n<meta property=\"og:description\" content=\"Ap\u00f3s receber nova proposta da Federa\u00e7\u00e3o Nacional dos Bancos (Fenaban), o Comando Nacional dos Banc\u00e1rios divulgou orienta\u00e7\u00e3o \u00e0 categoria para que encerre a greve. A paralisa\u00e7\u00e3o come\u00e7ou no \u00faltimo dia 30. Ao todo, 10.355 ag\u00eancias e centros administrativos nos 26 estados e no Distrito Federal aderiram ao movimento. Por meio de nota, o comando informou [&hellip;]\" \/>\n<meta property=\"og:url\" content=\"https:\/\/www.notibras.com\/site\/banqueiros-cedem-dao-mais-e-bancarios-podem-votar-o-fim-da-greve\/\" \/>\n<meta property=\"og:site_name\" content=\"Notibras\" \/>\n<meta property=\"article:publisher\" content=\"https:\/\/www.facebook.com\/notibras\/\" \/>\n<meta property=\"article:published_time\" content=\"2014-10-06T05:01:15+00:00\" \/>\n<meta property=\"article:modified_time\" content=\"2014-10-06T21:47:57+00:00\" \/>\n<meta property=\"og:image\" content=\"https:\/\/www.notibras.com\/site\/wp-content\/uploads\/2014\/10\/br.jpg\" \/>\n\t<meta property=\"og:image:width\" content=\"460\" \/>\n\t<meta property=\"og:image:height\" content=\"300\" \/>\n\t<meta property=\"og:image:type\" content=\"image\/jpeg\" \/>\n<meta name=\"author\" content=\"Reda\u00e7\u00e3o\" \/>\n<meta name=\"twitter:card\" content=\"summary_large_image\" \/>\n<meta name=\"twitter:creator\" content=\"@Notibras\" \/>\n<meta name=\"twitter:site\" content=\"@Notibras\" \/>\n<meta name=\"twitter:label1\" content=\"Escrito por\" \/>\n\t<meta name=\"twitter:data1\" content=\"Reda\u00e7\u00e3o\" \/>\n\t<meta name=\"twitter:label2\" content=\"Est. tempo de leitura\" \/>\n\t<meta name=\"twitter:data2\" content=\"2 minutos\" \/>\n<script type=\"application\/ld+json\" class=\"yoast-schema-graph\">{\"@context\":\"https:\\\/\\\/schema.org\",\"@graph\":[{\"@type\":\"Article\",\"@id\":\"https:\\\/\\\/www.notibras.com\\\/site\\\/banqueiros-cedem-dao-mais-e-bancarios-podem-votar-o-fim-da-greve\\\/#article\",\"isPartOf\":{\"@id\":\"https:\\\/\\\/www.notibras.com\\\/site\\\/banqueiros-cedem-dao-mais-e-bancarios-podem-votar-o-fim-da-greve\\\/\"},\"author\":{\"name\":\"Reda\u00e7\u00e3o\",\"@id\":\"https:\\\/\\\/www.notibras.com\\\/site\\\/#\\\/schema\\\/person\\\/36ab0979449956132d3e5b517ea76ac8\"},\"headline\":\"Banqueiros cedem, d\u00e3o mais, e banc\u00e1rios v\u00eaem fim da greve\",\"datePublished\":\"2014-10-06T05:01:15+00:00\",\"dateModified\":\"2014-10-06T21:47:57+00:00\",\"mainEntityOfPage\":{\"@id\":\"https:\\\/\\\/www.notibras.com\\\/site\\\/banqueiros-cedem-dao-mais-e-bancarios-podem-votar-o-fim-da-greve\\\/\"},\"wordCount\":375,\"commentCount\":0,\"publisher\":{\"@id\":\"https:\\\/\\\/www.notibras.com\\\/site\\\/#organization\"},\"image\":{\"@id\":\"https:\\\/\\\/www.notibras.com\\\/site\\\/banqueiros-cedem-dao-mais-e-bancarios-podem-votar-o-fim-da-greve\\\/#primaryimage\"},\"thumbnailUrl\":\"https:\\\/\\\/www.notibras.com\\\/site\\\/wp-content\\\/uploads\\\/2014\\\/10\\\/br.jpg\",\"articleSection\":[\"Brasil\"],\"inLanguage\":\"pt-BR\",\"potentialAction\":[{\"@type\":\"CommentAction\",\"name\":\"Comment\",\"target\":[\"https:\\\/\\\/www.notibras.com\\\/site\\\/banqueiros-cedem-dao-mais-e-bancarios-podem-votar-o-fim-da-greve\\\/#respond\"]}]},{\"@type\":\"WebPage\",\"@id\":\"https:\\\/\\\/www.notibras.com\\\/site\\\/banqueiros-cedem-dao-mais-e-bancarios-podem-votar-o-fim-da-greve\\\/\",\"url\":\"https:\\\/\\\/www.notibras.com\\\/site\\\/banqueiros-cedem-dao-mais-e-bancarios-podem-votar-o-fim-da-greve\\\/\",\"name\":\"Banqueiros cedem, d\u00e3o mais, e banc\u00e1rios v\u00eaem fim da greve - Notibras\",\"isPartOf\":{\"@id\":\"https:\\\/\\\/www.notibras.com\\\/site\\\/#website\"},\"primaryImageOfPage\":{\"@id\":\"https:\\\/\\\/www.notibras.com\\\/site\\\/banqueiros-cedem-dao-mais-e-bancarios-podem-votar-o-fim-da-greve\\\/#primaryimage\"},\"image\":{\"@id\":\"https:\\\/\\\/www.notibras.com\\\/site\\\/banqueiros-cedem-dao-mais-e-bancarios-podem-votar-o-fim-da-greve\\\/#primaryimage\"},\"thumbnailUrl\":\"https:\\\/\\\/www.notibras.com\\\/site\\\/wp-content\\\/uploads\\\/2014\\\/10\\\/br.jpg\",\"datePublished\":\"2014-10-06T05:01:15+00:00\",\"dateModified\":\"2014-10-06T21:47:57+00:00\",\"breadcrumb\":{\"@id\":\"https:\\\/\\\/www.notibras.com\\\/site\\\/banqueiros-cedem-dao-mais-e-bancarios-podem-votar-o-fim-da-greve\\\/#breadcrumb\"},\"inLanguage\":\"pt-BR\",\"potentialAction\":[{\"@type\":\"ReadAction\",\"target\":[\"https:\\\/\\\/www.notibras.com\\\/site\\\/banqueiros-cedem-dao-mais-e-bancarios-podem-votar-o-fim-da-greve\\\/\"]}]},{\"@type\":\"ImageObject\",\"inLanguage\":\"pt-BR\",\"@id\":\"https:\\\/\\\/www.notibras.com\\\/site\\\/banqueiros-cedem-dao-mais-e-bancarios-podem-votar-o-fim-da-greve\\\/#primaryimage\",\"url\":\"https:\\\/\\\/www.notibras.com\\\/site\\\/wp-content\\\/uploads\\\/2014\\\/10\\\/br.jpg\",\"contentUrl\":\"https:\\\/\\\/www.notibras.com\\\/site\\\/wp-content\\\/uploads\\\/2014\\\/10\\\/br.jpg\",\"width\":460,\"height\":300},{\"@type\":\"BreadcrumbList\",\"@id\":\"https:\\\/\\\/www.notibras.com\\\/site\\\/banqueiros-cedem-dao-mais-e-bancarios-podem-votar-o-fim-da-greve\\\/#breadcrumb\",\"itemListElement\":[{\"@type\":\"ListItem\",\"position\":1,\"name\":\"In\u00edcio\",\"item\":\"https:\\\/\\\/www.notibras.com\\\/site\\\/\"},{\"@type\":\"ListItem\",\"position\":2,\"name\":\"Banqueiros cedem, d\u00e3o mais, e banc\u00e1rios v\u00eaem fim da greve\"}]},{\"@type\":\"WebSite\",\"@id\":\"https:\\\/\\\/www.notibras.com\\\/site\\\/#website\",\"url\":\"https:\\\/\\\/www.notibras.com\\\/site\\\/\",\"name\":\"Notibras\",\"description\":\"Not\u00edcias de Bras\u00edlia, do Brasil e do Mundo\",\"publisher\":{\"@id\":\"https:\\\/\\\/www.notibras.com\\\/site\\\/#organization\"},\"potentialAction\":[{\"@type\":\"SearchAction\",\"target\":{\"@type\":\"EntryPoint\",\"urlTemplate\":\"https:\\\/\\\/www.notibras.com\\\/site\\\/?s={search_term_string}\"},\"query-input\":{\"@type\":\"PropertyValueSpecification\",\"valueRequired\":true,\"valueName\":\"search_term_string\"}}],\"inLanguage\":\"pt-BR\"},{\"@type\":\"Organization\",\"@id\":\"https:\\\/\\\/www.notibras.com\\\/site\\\/#organization\",\"name\":\"Grupo Notibras de Comunica\u00e7\u00e3o\",\"url\":\"https:\\\/\\\/www.notibras.com\\\/site\\\/\",\"logo\":{\"@type\":\"ImageObject\",\"inLanguage\":\"pt-BR\",\"@id\":\"https:\\\/\\\/www.notibras.com\\\/site\\\/#\\\/schema\\\/logo\\\/image\\\/\",\"url\":\"https:\\\/\\\/www.notibras.com\\\/site\\\/wp-content\\\/uploads\\\/2023\\\/01\\\/notibras23.png\",\"contentUrl\":\"https:\\\/\\\/www.notibras.com\\\/site\\\/wp-content\\\/uploads\\\/2023\\\/01\\\/notibras23.png\",\"width\":350,\"height\":87,\"caption\":\"Grupo Notibras de Comunica\u00e7\u00e3o\"},\"image\":{\"@id\":\"https:\\\/\\\/www.notibras.com\\\/site\\\/#\\\/schema\\\/logo\\\/image\\\/\"},\"sameAs\":[\"https:\\\/\\\/www.facebook.com\\\/notibras\\\/\",\"https:\\\/\\\/x.com\\\/Notibras\",\"https:\\\/\\\/www.instagram.com\\\/notibras\\\/\"]},{\"@type\":\"Person\",\"@id\":\"https:\\\/\\\/www.notibras.com\\\/site\\\/#\\\/schema\\\/person\\\/36ab0979449956132d3e5b517ea76ac8\",\"name\":\"Reda\u00e7\u00e3o\",\"image\":{\"@type\":\"ImageObject\",\"inLanguage\":\"pt-BR\",\"@id\":\"https:\\\/\\\/secure.gravatar.com\\\/avatar\\\/e0a867bdedb85fd243eadf09663511f96fc81e0720a4a42581f334ad4303aa6b?s=96&d=mm&r=g\",\"url\":\"https:\\\/\\\/secure.gravatar.com\\\/avatar\\\/e0a867bdedb85fd243eadf09663511f96fc81e0720a4a42581f334ad4303aa6b?s=96&d=mm&r=g\",\"contentUrl\":\"https:\\\/\\\/secure.gravatar.com\\\/avatar\\\/e0a867bdedb85fd243eadf09663511f96fc81e0720a4a42581f334ad4303aa6b?s=96&d=mm&r=g\",\"caption\":\"Reda\u00e7\u00e3o\"}}]}<\/script>\n<!-- \/ Yoast SEO plugin. -->","yoast_head_json":{"title":"Banqueiros cedem, d\u00e3o mais, e banc\u00e1rios v\u00eaem fim da greve - Notibras","robots":{"index":"index","follow":"follow","max-snippet":"max-snippet:-1","max-image-preview":"max-image-preview:large","max-video-preview":"max-video-preview:-1"},"canonical":"https:\/\/www.notibras.com\/site\/banqueiros-cedem-dao-mais-e-bancarios-podem-votar-o-fim-da-greve\/","og_locale":"pt_BR","og_type":"article","og_title":"Banqueiros cedem, d\u00e3o mais, e banc\u00e1rios v\u00eaem fim da greve - Notibras","og_description":"Ap\u00f3s receber nova proposta da Federa\u00e7\u00e3o Nacional dos Bancos (Fenaban), o Comando Nacional dos Banc\u00e1rios divulgou orienta\u00e7\u00e3o \u00e0 categoria para que encerre a greve. A paralisa\u00e7\u00e3o come\u00e7ou no \u00faltimo dia 30. Ao todo, 10.355 ag\u00eancias e centros administrativos nos 26 estados e no Distrito Federal aderiram ao movimento. Por meio de nota, o comando informou [&hellip;]","og_url":"https:\/\/www.notibras.com\/site\/banqueiros-cedem-dao-mais-e-bancarios-podem-votar-o-fim-da-greve\/","og_site_name":"Notibras","article_publisher":"https:\/\/www.facebook.com\/notibras\/","article_published_time":"2014-10-06T05:01:15+00:00","article_modified_time":"2014-10-06T21:47:57+00:00","og_image":[{"width":460,"height":300,"url":"https:\/\/www.notibras.com\/site\/wp-content\/uploads\/2014\/10\/br.jpg","type":"image\/jpeg"}],"author":"Reda\u00e7\u00e3o","twitter_card":"summary_large_image","twitter_creator":"@Notibras","twitter_site":"@Notibras","twitter_misc":{"Escrito por":"Reda\u00e7\u00e3o","Est. tempo de leitura":"2 minutos"},"schema":{"@context":"https:\/\/schema.org","@graph":[{"@type":"Article","@id":"https:\/\/www.notibras.com\/site\/banqueiros-cedem-dao-mais-e-bancarios-podem-votar-o-fim-da-greve\/#article","isPartOf":{"@id":"https:\/\/www.notibras.com\/site\/banqueiros-cedem-dao-mais-e-bancarios-podem-votar-o-fim-da-greve\/"},"author":{"name":"Reda\u00e7\u00e3o","@id":"https:\/\/www.notibras.com\/site\/#\/schema\/person\/36ab0979449956132d3e5b517ea76ac8"},"headline":"Banqueiros cedem, d\u00e3o mais, e banc\u00e1rios v\u00eaem fim da greve","datePublished":"2014-10-06T05:01:15+00:00","dateModified":"2014-10-06T21:47:57+00:00","mainEntityOfPage":{"@id":"https:\/\/www.notibras.com\/site\/banqueiros-cedem-dao-mais-e-bancarios-podem-votar-o-fim-da-greve\/"},"wordCount":375,"commentCount":0,"publisher":{"@id":"https:\/\/www.notibras.com\/site\/#organization"},"image":{"@id":"https:\/\/www.notibras.com\/site\/banqueiros-cedem-dao-mais-e-bancarios-podem-votar-o-fim-da-greve\/#primaryimage"},"thumbnailUrl":"https:\/\/www.notibras.com\/site\/wp-content\/uploads\/2014\/10\/br.jpg","articleSection":["Brasil"],"inLanguage":"pt-BR","potentialAction":[{"@type":"CommentAction","name":"Comment","target":["https:\/\/www.notibras.com\/site\/banqueiros-cedem-dao-mais-e-bancarios-podem-votar-o-fim-da-greve\/#respond"]}]},{"@type":"WebPage","@id":"https:\/\/www.notibras.com\/site\/banqueiros-cedem-dao-mais-e-bancarios-podem-votar-o-fim-da-greve\/","url":"https:\/\/www.notibras.com\/site\/banqueiros-cedem-dao-mais-e-bancarios-podem-votar-o-fim-da-greve\/","name":"Banqueiros cedem, d\u00e3o mais, e banc\u00e1rios v\u00eaem fim da greve - Notibras","isPartOf":{"@id":"https:\/\/www.notibras.com\/site\/#website"},"primaryImageOfPage":{"@id":"https:\/\/www.notibras.com\/site\/banqueiros-cedem-dao-mais-e-bancarios-podem-votar-o-fim-da-greve\/#primaryimage"},"image":{"@id":"https:\/\/www.notibras.com\/site\/banqueiros-cedem-dao-mais-e-bancarios-podem-votar-o-fim-da-greve\/#primaryimage"},"thumbnailUrl":"https:\/\/www.notibras.com\/site\/wp-content\/uploads\/2014\/10\/br.jpg","datePublished":"2014-10-06T05:01:15+00:00","dateModified":"2014-10-06T21:47:57+00:00","breadcrumb":{"@id":"https:\/\/www.notibras.com\/site\/banqueiros-cedem-dao-mais-e-bancarios-podem-votar-o-fim-da-greve\/#breadcrumb"},"inLanguage":"pt-BR","potentialAction":[{"@type":"ReadAction","target":["https:\/\/www.notibras.com\/site\/banqueiros-cedem-dao-mais-e-bancarios-podem-votar-o-fim-da-greve\/"]}]},{"@type":"ImageObject","inLanguage":"pt-BR","@id":"https:\/\/www.notibras.com\/site\/banqueiros-cedem-dao-mais-e-bancarios-podem-votar-o-fim-da-greve\/#primaryimage","url":"https:\/\/www.notibras.com\/site\/wp-content\/uploads\/2014\/10\/br.jpg","contentUrl":"https:\/\/www.notibras.com\/site\/wp-content\/uploads\/2014\/10\/br.jpg","width":460,"height":300},{"@type":"BreadcrumbList","@id":"https:\/\/www.notibras.com\/site\/banqueiros-cedem-dao-mais-e-bancarios-podem-votar-o-fim-da-greve\/#breadcrumb","itemListElement":[{"@type":"ListItem","position":1,"name":"In\u00edcio","item":"https:\/\/www.notibras.com\/site\/"},{"@type":"ListItem","position":2,"name":"Banqueiros cedem, d\u00e3o mais, e banc\u00e1rios v\u00eaem fim da greve"}]},{"@type":"WebSite","@id":"https:\/\/www.notibras.com\/site\/#website","url":"https:\/\/www.notibras.com\/site\/","name":"Notibras","description":"Not\u00edcias de Bras\u00edlia, do Brasil e do Mundo","publisher":{"@id":"https:\/\/www.notibras.com\/site\/#organization"},"potentialAction":[{"@type":"SearchAction","target":{"@type":"EntryPoint","urlTemplate":"https:\/\/www.notibras.com\/site\/?s={search_term_string}"},"query-input":{"@type":"PropertyValueSpecification","valueRequired":true,"valueName":"search_term_string"}}],"inLanguage":"pt-BR"},{"@type":"Organization","@id":"https:\/\/www.notibras.com\/site\/#organization","name":"Grupo Notibras de Comunica\u00e7\u00e3o","url":"https:\/\/www.notibras.com\/site\/","logo":{"@type":"ImageObject","inLanguage":"pt-BR","@id":"https:\/\/www.notibras.com\/site\/#\/schema\/logo\/image\/","url":"https:\/\/www.notibras.com\/site\/wp-content\/uploads\/2023\/01\/notibras23.png","contentUrl":"https:\/\/www.notibras.com\/site\/wp-content\/uploads\/2023\/01\/notibras23.png","width":350,"height":87,"caption":"Grupo Notibras de Comunica\u00e7\u00e3o"},"image":{"@id":"https:\/\/www.notibras.com\/site\/#\/schema\/logo\/image\/"},"sameAs":["https:\/\/www.facebook.com\/notibras\/","https:\/\/x.com\/Notibras","https:\/\/www.instagram.com\/notibras\/"]},{"@type":"Person","@id":"https:\/\/www.notibras.com\/site\/#\/schema\/person\/36ab0979449956132d3e5b517ea76ac8","name":"Reda\u00e7\u00e3o","image":{"@type":"ImageObject","inLanguage":"pt-BR","@id":"https:\/\/secure.gravatar.com\/avatar\/e0a867bdedb85fd243eadf09663511f96fc81e0720a4a42581f334ad4303aa6b?s=96&d=mm&r=g","url":"https:\/\/secure.gravatar.com\/avatar\/e0a867bdedb85fd243eadf09663511f96fc81e0720a4a42581f334ad4303aa6b?s=96&d=mm&r=g","contentUrl":"https:\/\/secure.gravatar.com\/avatar\/e0a867bdedb85fd243eadf09663511f96fc81e0720a4a42581f334ad4303aa6b?s=96&d=mm&r=g","caption":"Reda\u00e7\u00e3o"}}]}},"amp_enabled":true,"_links":{"self":[{"href":"https:\/\/www.notibras.com\/site\/wp-json\/wp\/v2\/posts\/24060","targetHints":{"allow":["GET"]}}],"collection":[{"href":"https:\/\/www.notibras.com\/site\/wp-json\/wp\/v2\/posts"}],"about":[{"href":"https:\/\/www.notibras.com\/site\/wp-json\/wp\/v2\/types\/post"}],"author":[{"embeddable":true,"href":"https:\/\/www.notibras.com\/site\/wp-json\/wp\/v2\/users\/2"}],"replies":[{"embeddable":true,"href":"https:\/\/www.notibras.com\/site\/wp-json\/wp\/v2\/comments?post=24060"}],"version-history":[{"count":0,"href":"https:\/\/www.notibras.com\/site\/wp-json\/wp\/v2\/posts\/24060\/revisions"}],"wp:featuredmedia":[{"embeddable":true,"href":"https:\/\/www.notibras.com\/site\/wp-json\/wp\/v2\/media\/24061"}],"wp:attachment":[{"href":"https:\/\/www.notibras.com\/site\/wp-json\/wp\/v2\/media?parent=24060"}],"wp:term":[{"taxonomy":"category","embeddable":true,"href":"https:\/\/www.notibras.com\/site\/wp-json\/wp\/v2\/categories?post=24060"},{"taxonomy":"post_tag","embeddable":true,"href":"https:\/\/www.notibras.com\/site\/wp-json\/wp\/v2\/tags?post=24060"}],"curies":[{"name":"wp","href":"https:\/\/api.w.org\/{rel}","templated":true}]}}