{"id":24094,"date":"2014-10-06T18:19:52","date_gmt":"2014-10-06T21:19:52","guid":{"rendered":"http:\/\/www.notibras.com\/site\/?p=24094"},"modified":"2014-10-08T19:11:02","modified_gmt":"2014-10-08T22:11:02","slug":"arqueologos-turcos-localizam-masmorra-onde-o-conde-dracula-foi-encarcerado","status":"publish","type":"post","link":"https:\/\/www.notibras.com\/site\/arqueologos-turcos-localizam-masmorra-onde-o-conde-dracula-foi-encarcerado\/","title":{"rendered":"Arque\u00f3logos acham masmorra onde Dr\u00e1cula foi encarcerado"},"content":{"rendered":"<p class=\"text\">Um grupo de arque\u00f3logos da Turquia afirma que encontrou a masmorra onde o lend\u00e1rio conde Dr\u00e1cula pode ter ficado encarcerado. As informa\u00e7\u00f5es s\u00e3o do <em>The Huffington Post<\/em>.<\/p>\n<p class=\"text\">Segundo a publica\u00e7\u00e3o, embora Dr\u00e1cula seja um personagem fict\u00edcio, ele foi criado a partir de hist\u00f3rias de Vlad Tepes,\u00a0o Empalador, pr\u00edncipe da Val\u00e1quia \u2013 regi\u00e3o da atual Rom\u00eania \u2013 que reinou em meados do s\u00e9culo XV.<\/p>\n<blockquote>\n<p class=\"text\">De acordo com a hist\u00f3ria de Vlad, ele teria sido detido e mantido aprisionado numa masmorra onde fica hoje a Turquia. Arque\u00f3logos garantem que, durante o trabalho de restauro de ru\u00ednas, duas masmorras que serviram como pris\u00e3o para Vlad foram identificadas.<\/p>\n<\/blockquote>\n<p class=\"text\">&#8220;\u00c9 dif\u00edcil estimar em que sala Dr\u00e1cula foi mantido&#8221;, disse \u0130brahim \u00c7etin, arque\u00f3logo. &#8220;Mas ele estava por aqui&#8221;, continuou. Vlad Tepes, o personagem que inspirou o conde Dr\u00e1cula, foi morto em uma batalha contra o Imp\u00e9rio Otomano entre 1476 e 1477.<\/p>\n","protected":false},"excerpt":{"rendered":"<p>Um grupo de arque\u00f3logos da Turquia afirma que encontrou a masmorra onde o lend\u00e1rio conde Dr\u00e1cula pode ter ficado encarcerado. As informa\u00e7\u00f5es s\u00e3o do The Huffington Post. Segundo a publica\u00e7\u00e3o, embora Dr\u00e1cula seja um personagem fict\u00edcio, ele foi criado a partir de hist\u00f3rias de Vlad Tepes,\u00a0o Empalador, pr\u00edncipe da Val\u00e1quia \u2013 regi\u00e3o da atual Rom\u00eania [&hellip;]<\/p>\n","protected":false},"author":2,"featured_media":24095,"comment_status":"open","ping_status":"closed","sticky":false,"template":"","format":"standard","meta":{"_acf_changed":false,"footnotes":""},"categories":[17],"tags":[],"class_list":["post-24094","post","type-post","status-publish","format-standard","has-post-thumbnail","hentry","category-mundo"],"acf":[],"yoast_head":"<!-- This site is optimized with the Yoast SEO plugin v27.5 - https:\/\/yoast.com\/product\/yoast-seo-wordpress\/ -->\n<title>Arque\u00f3logos acham masmorra onde Dr\u00e1cula foi encarcerado - Notibras<\/title>\n<meta name=\"robots\" content=\"index, follow, max-snippet:-1, max-image-preview:large, max-video-preview:-1\" \/>\n<link rel=\"canonical\" href=\"https:\/\/www.notibras.com\/site\/arqueologos-turcos-localizam-masmorra-onde-o-conde-dracula-foi-encarcerado\/\" \/>\n<meta property=\"og:locale\" content=\"pt_BR\" \/>\n<meta property=\"og:type\" content=\"article\" \/>\n<meta property=\"og:title\" content=\"Arque\u00f3logos acham masmorra onde Dr\u00e1cula foi encarcerado - Notibras\" \/>\n<meta property=\"og:description\" content=\"Um grupo de arque\u00f3logos da Turquia afirma que encontrou a masmorra onde o lend\u00e1rio conde Dr\u00e1cula pode ter ficado encarcerado. As informa\u00e7\u00f5es s\u00e3o do The Huffington Post. Segundo a publica\u00e7\u00e3o, embora Dr\u00e1cula seja um personagem fict\u00edcio, ele foi criado a partir de hist\u00f3rias de Vlad Tepes,\u00a0o Empalador, pr\u00edncipe da Val\u00e1quia \u2013 regi\u00e3o da atual Rom\u00eania [&hellip;]\" \/>\n<meta property=\"og:url\" content=\"https:\/\/www.notibras.com\/site\/arqueologos-turcos-localizam-masmorra-onde-o-conde-dracula-foi-encarcerado\/\" \/>\n<meta property=\"og:site_name\" content=\"Notibras\" \/>\n<meta property=\"article:publisher\" content=\"https:\/\/www.facebook.com\/notibras\/\" \/>\n<meta property=\"article:published_time\" content=\"2014-10-06T21:19:52+00:00\" \/>\n<meta property=\"article:modified_time\" content=\"2014-10-08T22:11:02+00:00\" \/>\n<meta property=\"og:image\" content=\"https:\/\/www.notibras.com\/site\/wp-content\/uploads\/2014\/10\/clamor-da-masmorra.jpg\" \/>\n\t<meta property=\"og:image:width\" content=\"400\" \/>\n\t<meta property=\"og:image:height\" content=\"300\" \/>\n\t<meta property=\"og:image:type\" content=\"image\/jpeg\" \/>\n<meta name=\"author\" content=\"Reda\u00e7\u00e3o\" \/>\n<meta name=\"twitter:card\" content=\"summary_large_image\" \/>\n<meta name=\"twitter:creator\" content=\"@Notibras\" \/>\n<meta name=\"twitter:site\" content=\"@Notibras\" \/>\n<meta name=\"twitter:label1\" content=\"Escrito por\" \/>\n\t<meta name=\"twitter:data1\" content=\"Reda\u00e7\u00e3o\" \/>\n\t<meta name=\"twitter:label2\" content=\"Est. tempo de leitura\" \/>\n\t<meta name=\"twitter:data2\" content=\"1 minuto\" \/>\n<script type=\"application\/ld+json\" class=\"yoast-schema-graph\">{\"@context\":\"https:\\\/\\\/schema.org\",\"@graph\":[{\"@type\":\"Article\",\"@id\":\"https:\\\/\\\/www.notibras.com\\\/site\\\/arqueologos-turcos-localizam-masmorra-onde-o-conde-dracula-foi-encarcerado\\\/#article\",\"isPartOf\":{\"@id\":\"https:\\\/\\\/www.notibras.com\\\/site\\\/arqueologos-turcos-localizam-masmorra-onde-o-conde-dracula-foi-encarcerado\\\/\"},\"author\":{\"name\":\"Reda\u00e7\u00e3o\",\"@id\":\"https:\\\/\\\/www.notibras.com\\\/site\\\/#\\\/schema\\\/person\\\/36ab0979449956132d3e5b517ea76ac8\"},\"headline\":\"Arque\u00f3logos acham masmorra onde Dr\u00e1cula foi encarcerado\",\"datePublished\":\"2014-10-06T21:19:52+00:00\",\"dateModified\":\"2014-10-08T22:11:02+00:00\",\"mainEntityOfPage\":{\"@id\":\"https:\\\/\\\/www.notibras.com\\\/site\\\/arqueologos-turcos-localizam-masmorra-onde-o-conde-dracula-foi-encarcerado\\\/\"},\"wordCount\":173,\"commentCount\":0,\"publisher\":{\"@id\":\"https:\\\/\\\/www.notibras.com\\\/site\\\/#organization\"},\"image\":{\"@id\":\"https:\\\/\\\/www.notibras.com\\\/site\\\/arqueologos-turcos-localizam-masmorra-onde-o-conde-dracula-foi-encarcerado\\\/#primaryimage\"},\"thumbnailUrl\":\"https:\\\/\\\/www.notibras.com\\\/site\\\/wp-content\\\/uploads\\\/2014\\\/10\\\/clamor-da-masmorra.jpg\",\"articleSection\":[\"Mundo\"],\"inLanguage\":\"pt-BR\",\"potentialAction\":[{\"@type\":\"CommentAction\",\"name\":\"Comment\",\"target\":[\"https:\\\/\\\/www.notibras.com\\\/site\\\/arqueologos-turcos-localizam-masmorra-onde-o-conde-dracula-foi-encarcerado\\\/#respond\"]}]},{\"@type\":\"WebPage\",\"@id\":\"https:\\\/\\\/www.notibras.com\\\/site\\\/arqueologos-turcos-localizam-masmorra-onde-o-conde-dracula-foi-encarcerado\\\/\",\"url\":\"https:\\\/\\\/www.notibras.com\\\/site\\\/arqueologos-turcos-localizam-masmorra-onde-o-conde-dracula-foi-encarcerado\\\/\",\"name\":\"Arque\u00f3logos acham masmorra onde Dr\u00e1cula foi encarcerado - Notibras\",\"isPartOf\":{\"@id\":\"https:\\\/\\\/www.notibras.com\\\/site\\\/#website\"},\"primaryImageOfPage\":{\"@id\":\"https:\\\/\\\/www.notibras.com\\\/site\\\/arqueologos-turcos-localizam-masmorra-onde-o-conde-dracula-foi-encarcerado\\\/#primaryimage\"},\"image\":{\"@id\":\"https:\\\/\\\/www.notibras.com\\\/site\\\/arqueologos-turcos-localizam-masmorra-onde-o-conde-dracula-foi-encarcerado\\\/#primaryimage\"},\"thumbnailUrl\":\"https:\\\/\\\/www.notibras.com\\\/site\\\/wp-content\\\/uploads\\\/2014\\\/10\\\/clamor-da-masmorra.jpg\",\"datePublished\":\"2014-10-06T21:19:52+00:00\",\"dateModified\":\"2014-10-08T22:11:02+00:00\",\"breadcrumb\":{\"@id\":\"https:\\\/\\\/www.notibras.com\\\/site\\\/arqueologos-turcos-localizam-masmorra-onde-o-conde-dracula-foi-encarcerado\\\/#breadcrumb\"},\"inLanguage\":\"pt-BR\",\"potentialAction\":[{\"@type\":\"ReadAction\",\"target\":[\"https:\\\/\\\/www.notibras.com\\\/site\\\/arqueologos-turcos-localizam-masmorra-onde-o-conde-dracula-foi-encarcerado\\\/\"]}]},{\"@type\":\"ImageObject\",\"inLanguage\":\"pt-BR\",\"@id\":\"https:\\\/\\\/www.notibras.com\\\/site\\\/arqueologos-turcos-localizam-masmorra-onde-o-conde-dracula-foi-encarcerado\\\/#primaryimage\",\"url\":\"https:\\\/\\\/www.notibras.com\\\/site\\\/wp-content\\\/uploads\\\/2014\\\/10\\\/clamor-da-masmorra.jpg\",\"contentUrl\":\"https:\\\/\\\/www.notibras.com\\\/site\\\/wp-content\\\/uploads\\\/2014\\\/10\\\/clamor-da-masmorra.jpg\",\"width\":400,\"height\":300},{\"@type\":\"BreadcrumbList\",\"@id\":\"https:\\\/\\\/www.notibras.com\\\/site\\\/arqueologos-turcos-localizam-masmorra-onde-o-conde-dracula-foi-encarcerado\\\/#breadcrumb\",\"itemListElement\":[{\"@type\":\"ListItem\",\"position\":1,\"name\":\"In\u00edcio\",\"item\":\"https:\\\/\\\/www.notibras.com\\\/site\\\/\"},{\"@type\":\"ListItem\",\"position\":2,\"name\":\"Arque\u00f3logos acham masmorra onde Dr\u00e1cula foi encarcerado\"}]},{\"@type\":\"WebSite\",\"@id\":\"https:\\\/\\\/www.notibras.com\\\/site\\\/#website\",\"url\":\"https:\\\/\\\/www.notibras.com\\\/site\\\/\",\"name\":\"Notibras\",\"description\":\"Not\u00edcias de Bras\u00edlia, do Brasil e do Mundo\",\"publisher\":{\"@id\":\"https:\\\/\\\/www.notibras.com\\\/site\\\/#organization\"},\"potentialAction\":[{\"@type\":\"SearchAction\",\"target\":{\"@type\":\"EntryPoint\",\"urlTemplate\":\"https:\\\/\\\/www.notibras.com\\\/site\\\/?s={search_term_string}\"},\"query-input\":{\"@type\":\"PropertyValueSpecification\",\"valueRequired\":true,\"valueName\":\"search_term_string\"}}],\"inLanguage\":\"pt-BR\"},{\"@type\":\"Organization\",\"@id\":\"https:\\\/\\\/www.notibras.com\\\/site\\\/#organization\",\"name\":\"Grupo Notibras de Comunica\u00e7\u00e3o\",\"url\":\"https:\\\/\\\/www.notibras.com\\\/site\\\/\",\"logo\":{\"@type\":\"ImageObject\",\"inLanguage\":\"pt-BR\",\"@id\":\"https:\\\/\\\/www.notibras.com\\\/site\\\/#\\\/schema\\\/logo\\\/image\\\/\",\"url\":\"https:\\\/\\\/www.notibras.com\\\/site\\\/wp-content\\\/uploads\\\/2023\\\/01\\\/notibras23.png\",\"contentUrl\":\"https:\\\/\\\/www.notibras.com\\\/site\\\/wp-content\\\/uploads\\\/2023\\\/01\\\/notibras23.png\",\"width\":350,\"height\":87,\"caption\":\"Grupo Notibras de Comunica\u00e7\u00e3o\"},\"image\":{\"@id\":\"https:\\\/\\\/www.notibras.com\\\/site\\\/#\\\/schema\\\/logo\\\/image\\\/\"},\"sameAs\":[\"https:\\\/\\\/www.facebook.com\\\/notibras\\\/\",\"https:\\\/\\\/x.com\\\/Notibras\",\"https:\\\/\\\/www.instagram.com\\\/notibras\\\/\"]},{\"@type\":\"Person\",\"@id\":\"https:\\\/\\\/www.notibras.com\\\/site\\\/#\\\/schema\\\/person\\\/36ab0979449956132d3e5b517ea76ac8\",\"name\":\"Reda\u00e7\u00e3o\",\"image\":{\"@type\":\"ImageObject\",\"inLanguage\":\"pt-BR\",\"@id\":\"https:\\\/\\\/secure.gravatar.com\\\/avatar\\\/e0a867bdedb85fd243eadf09663511f96fc81e0720a4a42581f334ad4303aa6b?s=96&d=mm&r=g\",\"url\":\"https:\\\/\\\/secure.gravatar.com\\\/avatar\\\/e0a867bdedb85fd243eadf09663511f96fc81e0720a4a42581f334ad4303aa6b?s=96&d=mm&r=g\",\"contentUrl\":\"https:\\\/\\\/secure.gravatar.com\\\/avatar\\\/e0a867bdedb85fd243eadf09663511f96fc81e0720a4a42581f334ad4303aa6b?s=96&d=mm&r=g\",\"caption\":\"Reda\u00e7\u00e3o\"}}]}<\/script>\n<!-- \/ Yoast SEO plugin. -->","yoast_head_json":{"title":"Arque\u00f3logos acham masmorra onde Dr\u00e1cula foi encarcerado - Notibras","robots":{"index":"index","follow":"follow","max-snippet":"max-snippet:-1","max-image-preview":"max-image-preview:large","max-video-preview":"max-video-preview:-1"},"canonical":"https:\/\/www.notibras.com\/site\/arqueologos-turcos-localizam-masmorra-onde-o-conde-dracula-foi-encarcerado\/","og_locale":"pt_BR","og_type":"article","og_title":"Arque\u00f3logos acham masmorra onde Dr\u00e1cula foi encarcerado - Notibras","og_description":"Um grupo de arque\u00f3logos da Turquia afirma que encontrou a masmorra onde o lend\u00e1rio conde Dr\u00e1cula pode ter ficado encarcerado. As informa\u00e7\u00f5es s\u00e3o do The Huffington Post. Segundo a publica\u00e7\u00e3o, embora Dr\u00e1cula seja um personagem fict\u00edcio, ele foi criado a partir de hist\u00f3rias de Vlad Tepes,\u00a0o Empalador, pr\u00edncipe da Val\u00e1quia \u2013 regi\u00e3o da atual Rom\u00eania [&hellip;]","og_url":"https:\/\/www.notibras.com\/site\/arqueologos-turcos-localizam-masmorra-onde-o-conde-dracula-foi-encarcerado\/","og_site_name":"Notibras","article_publisher":"https:\/\/www.facebook.com\/notibras\/","article_published_time":"2014-10-06T21:19:52+00:00","article_modified_time":"2014-10-08T22:11:02+00:00","og_image":[{"width":400,"height":300,"url":"https:\/\/www.notibras.com\/site\/wp-content\/uploads\/2014\/10\/clamor-da-masmorra.jpg","type":"image\/jpeg"}],"author":"Reda\u00e7\u00e3o","twitter_card":"summary_large_image","twitter_creator":"@Notibras","twitter_site":"@Notibras","twitter_misc":{"Escrito por":"Reda\u00e7\u00e3o","Est. tempo de leitura":"1 minuto"},"schema":{"@context":"https:\/\/schema.org","@graph":[{"@type":"Article","@id":"https:\/\/www.notibras.com\/site\/arqueologos-turcos-localizam-masmorra-onde-o-conde-dracula-foi-encarcerado\/#article","isPartOf":{"@id":"https:\/\/www.notibras.com\/site\/arqueologos-turcos-localizam-masmorra-onde-o-conde-dracula-foi-encarcerado\/"},"author":{"name":"Reda\u00e7\u00e3o","@id":"https:\/\/www.notibras.com\/site\/#\/schema\/person\/36ab0979449956132d3e5b517ea76ac8"},"headline":"Arque\u00f3logos acham masmorra onde Dr\u00e1cula foi encarcerado","datePublished":"2014-10-06T21:19:52+00:00","dateModified":"2014-10-08T22:11:02+00:00","mainEntityOfPage":{"@id":"https:\/\/www.notibras.com\/site\/arqueologos-turcos-localizam-masmorra-onde-o-conde-dracula-foi-encarcerado\/"},"wordCount":173,"commentCount":0,"publisher":{"@id":"https:\/\/www.notibras.com\/site\/#organization"},"image":{"@id":"https:\/\/www.notibras.com\/site\/arqueologos-turcos-localizam-masmorra-onde-o-conde-dracula-foi-encarcerado\/#primaryimage"},"thumbnailUrl":"https:\/\/www.notibras.com\/site\/wp-content\/uploads\/2014\/10\/clamor-da-masmorra.jpg","articleSection":["Mundo"],"inLanguage":"pt-BR","potentialAction":[{"@type":"CommentAction","name":"Comment","target":["https:\/\/www.notibras.com\/site\/arqueologos-turcos-localizam-masmorra-onde-o-conde-dracula-foi-encarcerado\/#respond"]}]},{"@type":"WebPage","@id":"https:\/\/www.notibras.com\/site\/arqueologos-turcos-localizam-masmorra-onde-o-conde-dracula-foi-encarcerado\/","url":"https:\/\/www.notibras.com\/site\/arqueologos-turcos-localizam-masmorra-onde-o-conde-dracula-foi-encarcerado\/","name":"Arque\u00f3logos acham masmorra onde Dr\u00e1cula foi encarcerado - Notibras","isPartOf":{"@id":"https:\/\/www.notibras.com\/site\/#website"},"primaryImageOfPage":{"@id":"https:\/\/www.notibras.com\/site\/arqueologos-turcos-localizam-masmorra-onde-o-conde-dracula-foi-encarcerado\/#primaryimage"},"image":{"@id":"https:\/\/www.notibras.com\/site\/arqueologos-turcos-localizam-masmorra-onde-o-conde-dracula-foi-encarcerado\/#primaryimage"},"thumbnailUrl":"https:\/\/www.notibras.com\/site\/wp-content\/uploads\/2014\/10\/clamor-da-masmorra.jpg","datePublished":"2014-10-06T21:19:52+00:00","dateModified":"2014-10-08T22:11:02+00:00","breadcrumb":{"@id":"https:\/\/www.notibras.com\/site\/arqueologos-turcos-localizam-masmorra-onde-o-conde-dracula-foi-encarcerado\/#breadcrumb"},"inLanguage":"pt-BR","potentialAction":[{"@type":"ReadAction","target":["https:\/\/www.notibras.com\/site\/arqueologos-turcos-localizam-masmorra-onde-o-conde-dracula-foi-encarcerado\/"]}]},{"@type":"ImageObject","inLanguage":"pt-BR","@id":"https:\/\/www.notibras.com\/site\/arqueologos-turcos-localizam-masmorra-onde-o-conde-dracula-foi-encarcerado\/#primaryimage","url":"https:\/\/www.notibras.com\/site\/wp-content\/uploads\/2014\/10\/clamor-da-masmorra.jpg","contentUrl":"https:\/\/www.notibras.com\/site\/wp-content\/uploads\/2014\/10\/clamor-da-masmorra.jpg","width":400,"height":300},{"@type":"BreadcrumbList","@id":"https:\/\/www.notibras.com\/site\/arqueologos-turcos-localizam-masmorra-onde-o-conde-dracula-foi-encarcerado\/#breadcrumb","itemListElement":[{"@type":"ListItem","position":1,"name":"In\u00edcio","item":"https:\/\/www.notibras.com\/site\/"},{"@type":"ListItem","position":2,"name":"Arque\u00f3logos acham masmorra onde Dr\u00e1cula foi encarcerado"}]},{"@type":"WebSite","@id":"https:\/\/www.notibras.com\/site\/#website","url":"https:\/\/www.notibras.com\/site\/","name":"Notibras","description":"Not\u00edcias de Bras\u00edlia, do Brasil e do Mundo","publisher":{"@id":"https:\/\/www.notibras.com\/site\/#organization"},"potentialAction":[{"@type":"SearchAction","target":{"@type":"EntryPoint","urlTemplate":"https:\/\/www.notibras.com\/site\/?s={search_term_string}"},"query-input":{"@type":"PropertyValueSpecification","valueRequired":true,"valueName":"search_term_string"}}],"inLanguage":"pt-BR"},{"@type":"Organization","@id":"https:\/\/www.notibras.com\/site\/#organization","name":"Grupo Notibras de Comunica\u00e7\u00e3o","url":"https:\/\/www.notibras.com\/site\/","logo":{"@type":"ImageObject","inLanguage":"pt-BR","@id":"https:\/\/www.notibras.com\/site\/#\/schema\/logo\/image\/","url":"https:\/\/www.notibras.com\/site\/wp-content\/uploads\/2023\/01\/notibras23.png","contentUrl":"https:\/\/www.notibras.com\/site\/wp-content\/uploads\/2023\/01\/notibras23.png","width":350,"height":87,"caption":"Grupo Notibras de Comunica\u00e7\u00e3o"},"image":{"@id":"https:\/\/www.notibras.com\/site\/#\/schema\/logo\/image\/"},"sameAs":["https:\/\/www.facebook.com\/notibras\/","https:\/\/x.com\/Notibras","https:\/\/www.instagram.com\/notibras\/"]},{"@type":"Person","@id":"https:\/\/www.notibras.com\/site\/#\/schema\/person\/36ab0979449956132d3e5b517ea76ac8","name":"Reda\u00e7\u00e3o","image":{"@type":"ImageObject","inLanguage":"pt-BR","@id":"https:\/\/secure.gravatar.com\/avatar\/e0a867bdedb85fd243eadf09663511f96fc81e0720a4a42581f334ad4303aa6b?s=96&d=mm&r=g","url":"https:\/\/secure.gravatar.com\/avatar\/e0a867bdedb85fd243eadf09663511f96fc81e0720a4a42581f334ad4303aa6b?s=96&d=mm&r=g","contentUrl":"https:\/\/secure.gravatar.com\/avatar\/e0a867bdedb85fd243eadf09663511f96fc81e0720a4a42581f334ad4303aa6b?s=96&d=mm&r=g","caption":"Reda\u00e7\u00e3o"}}]}},"amp_enabled":true,"_links":{"self":[{"href":"https:\/\/www.notibras.com\/site\/wp-json\/wp\/v2\/posts\/24094","targetHints":{"allow":["GET"]}}],"collection":[{"href":"https:\/\/www.notibras.com\/site\/wp-json\/wp\/v2\/posts"}],"about":[{"href":"https:\/\/www.notibras.com\/site\/wp-json\/wp\/v2\/types\/post"}],"author":[{"embeddable":true,"href":"https:\/\/www.notibras.com\/site\/wp-json\/wp\/v2\/users\/2"}],"replies":[{"embeddable":true,"href":"https:\/\/www.notibras.com\/site\/wp-json\/wp\/v2\/comments?post=24094"}],"version-history":[{"count":0,"href":"https:\/\/www.notibras.com\/site\/wp-json\/wp\/v2\/posts\/24094\/revisions"}],"wp:featuredmedia":[{"embeddable":true,"href":"https:\/\/www.notibras.com\/site\/wp-json\/wp\/v2\/media\/24095"}],"wp:attachment":[{"href":"https:\/\/www.notibras.com\/site\/wp-json\/wp\/v2\/media?parent=24094"}],"wp:term":[{"taxonomy":"category","embeddable":true,"href":"https:\/\/www.notibras.com\/site\/wp-json\/wp\/v2\/categories?post=24094"},{"taxonomy":"post_tag","embeddable":true,"href":"https:\/\/www.notibras.com\/site\/wp-json\/wp\/v2\/tags?post=24094"}],"curies":[{"name":"wp","href":"https:\/\/api.w.org\/{rel}","templated":true}]}}