{"id":24140,"date":"2014-10-06T05:57:30","date_gmt":"2014-10-06T08:57:30","guid":{"rendered":"http:\/\/www.notibras.com\/site\/?p=24140"},"modified":"2014-10-07T06:02:39","modified_gmt":"2014-10-07T09:02:39","slug":"onibus-da-sao-jose-param-e-deixam-100-mil-usuarios-a-pe","status":"publish","type":"post","link":"https:\/\/www.notibras.com\/site\/onibus-da-sao-jose-param-e-deixam-100-mil-usuarios-a-pe\/","title":{"rendered":"\u00d4nibus da S\u00e3o Jos\u00e9 param e deixam mais de 100 mil pessoas a p\u00e9"},"content":{"rendered":"<p>Funcion\u00e1rios da Via\u00e7\u00e3o S\u00e3o Jos\u00e9 paralisaram as atividades nesta ter\u00e7a-feira (6). A companhia atende as regi\u00f5es de Ceil\u00e2ndia, Brazl\u00e2ndia e Taguatinga. Na estimativa do DFTrans, 100 mil passageiros foram afetados pela greve.<\/p>\n<blockquote><p>Os rodovi\u00e1rios reivindicam parcelamento do desconto do Imposto de Renda, do INSS e da taxa sindical. De acordo com a empresa, a paralisa\u00e7\u00e3o come\u00e7ou \u00e0s 11h desta ter\u00e7a e foi encerrada \u00e0s 14h30. No entanto, a S\u00e3o Jos\u00e9 afirma que a greve foi retomada uma hora depois.<\/p><\/blockquote>\n<p>O DFTrans informou que as cooperativas que atendem a regi\u00e3o ser\u00e3o refor\u00e7adas para atender os usu\u00e1rios no hor\u00e1rio de pico, a fim de minimizar os preju\u00edzos aos passageiros.<\/p>\n","protected":false},"excerpt":{"rendered":"<p>Funcion\u00e1rios da Via\u00e7\u00e3o S\u00e3o Jos\u00e9 paralisaram as atividades nesta ter\u00e7a-feira (6). A companhia atende as regi\u00f5es de Ceil\u00e2ndia, Brazl\u00e2ndia e Taguatinga. Na estimativa do DFTrans, 100 mil passageiros foram afetados pela greve. Os rodovi\u00e1rios reivindicam parcelamento do desconto do Imposto de Renda, do INSS e da taxa sindical. De acordo com a empresa, a paralisa\u00e7\u00e3o [&hellip;]<\/p>\n","protected":false},"author":2,"featured_media":24141,"comment_status":"open","ping_status":"closed","sticky":false,"template":"","format":"standard","meta":{"_acf_changed":false,"footnotes":""},"categories":[1],"tags":[],"class_list":["post-24140","post","type-post","status-publish","format-standard","has-post-thumbnail","hentry","category-brasilia"],"acf":[],"yoast_head":"<!-- This site is optimized with the Yoast SEO plugin v27.5 - https:\/\/yoast.com\/product\/yoast-seo-wordpress\/ -->\n<title>\u00d4nibus da S\u00e3o Jos\u00e9 param e deixam mais de 100 mil pessoas a p\u00e9 - Notibras<\/title>\n<meta name=\"robots\" content=\"index, follow, max-snippet:-1, max-image-preview:large, max-video-preview:-1\" \/>\n<link rel=\"canonical\" href=\"https:\/\/www.notibras.com\/site\/onibus-da-sao-jose-param-e-deixam-100-mil-usuarios-a-pe\/\" \/>\n<meta property=\"og:locale\" content=\"pt_BR\" \/>\n<meta property=\"og:type\" content=\"article\" \/>\n<meta property=\"og:title\" content=\"\u00d4nibus da S\u00e3o Jos\u00e9 param e deixam mais de 100 mil pessoas a p\u00e9 - Notibras\" \/>\n<meta property=\"og:description\" content=\"Funcion\u00e1rios da Via\u00e7\u00e3o S\u00e3o Jos\u00e9 paralisaram as atividades nesta ter\u00e7a-feira (6). A companhia atende as regi\u00f5es de Ceil\u00e2ndia, Brazl\u00e2ndia e Taguatinga. Na estimativa do DFTrans, 100 mil passageiros foram afetados pela greve. Os rodovi\u00e1rios reivindicam parcelamento do desconto do Imposto de Renda, do INSS e da taxa sindical. De acordo com a empresa, a paralisa\u00e7\u00e3o [&hellip;]\" \/>\n<meta property=\"og:url\" content=\"https:\/\/www.notibras.com\/site\/onibus-da-sao-jose-param-e-deixam-100-mil-usuarios-a-pe\/\" \/>\n<meta property=\"og:site_name\" content=\"Notibras\" \/>\n<meta property=\"article:publisher\" content=\"https:\/\/www.facebook.com\/notibras\/\" \/>\n<meta property=\"article:published_time\" content=\"2014-10-06T08:57:30+00:00\" \/>\n<meta property=\"article:modified_time\" content=\"2014-10-07T09:02:39+00:00\" \/>\n<meta property=\"og:image\" content=\"https:\/\/www.notibras.com\/site\/wp-content\/uploads\/2014\/10\/df.4.jpg\" \/>\n\t<meta property=\"og:image:width\" content=\"960\" \/>\n\t<meta property=\"og:image:height\" content=\"716\" \/>\n\t<meta property=\"og:image:type\" content=\"image\/jpeg\" \/>\n<meta name=\"author\" content=\"Reda\u00e7\u00e3o\" \/>\n<meta name=\"twitter:card\" content=\"summary_large_image\" \/>\n<meta name=\"twitter:creator\" content=\"@Notibras\" \/>\n<meta name=\"twitter:site\" content=\"@Notibras\" \/>\n<meta name=\"twitter:label1\" content=\"Escrito por\" \/>\n\t<meta name=\"twitter:data1\" content=\"Reda\u00e7\u00e3o\" \/>\n\t<meta name=\"twitter:label2\" content=\"Est. tempo de leitura\" \/>\n\t<meta name=\"twitter:data2\" content=\"1 minuto\" \/>\n<script type=\"application\/ld+json\" class=\"yoast-schema-graph\">{\"@context\":\"https:\\\/\\\/schema.org\",\"@graph\":[{\"@type\":\"Article\",\"@id\":\"https:\\\/\\\/www.notibras.com\\\/site\\\/onibus-da-sao-jose-param-e-deixam-100-mil-usuarios-a-pe\\\/#article\",\"isPartOf\":{\"@id\":\"https:\\\/\\\/www.notibras.com\\\/site\\\/onibus-da-sao-jose-param-e-deixam-100-mil-usuarios-a-pe\\\/\"},\"author\":{\"name\":\"Reda\u00e7\u00e3o\",\"@id\":\"https:\\\/\\\/www.notibras.com\\\/site\\\/#\\\/schema\\\/person\\\/36ab0979449956132d3e5b517ea76ac8\"},\"headline\":\"\u00d4nibus da S\u00e3o Jos\u00e9 param e deixam mais de 100 mil pessoas a p\u00e9\",\"datePublished\":\"2014-10-06T08:57:30+00:00\",\"dateModified\":\"2014-10-07T09:02:39+00:00\",\"mainEntityOfPage\":{\"@id\":\"https:\\\/\\\/www.notibras.com\\\/site\\\/onibus-da-sao-jose-param-e-deixam-100-mil-usuarios-a-pe\\\/\"},\"wordCount\":137,\"commentCount\":0,\"publisher\":{\"@id\":\"https:\\\/\\\/www.notibras.com\\\/site\\\/#organization\"},\"image\":{\"@id\":\"https:\\\/\\\/www.notibras.com\\\/site\\\/onibus-da-sao-jose-param-e-deixam-100-mil-usuarios-a-pe\\\/#primaryimage\"},\"thumbnailUrl\":\"https:\\\/\\\/www.notibras.com\\\/site\\\/wp-content\\\/uploads\\\/2014\\\/10\\\/df.4.jpg\",\"articleSection\":[\"Bras\u00edlia\"],\"inLanguage\":\"pt-BR\",\"potentialAction\":[{\"@type\":\"CommentAction\",\"name\":\"Comment\",\"target\":[\"https:\\\/\\\/www.notibras.com\\\/site\\\/onibus-da-sao-jose-param-e-deixam-100-mil-usuarios-a-pe\\\/#respond\"]}]},{\"@type\":\"WebPage\",\"@id\":\"https:\\\/\\\/www.notibras.com\\\/site\\\/onibus-da-sao-jose-param-e-deixam-100-mil-usuarios-a-pe\\\/\",\"url\":\"https:\\\/\\\/www.notibras.com\\\/site\\\/onibus-da-sao-jose-param-e-deixam-100-mil-usuarios-a-pe\\\/\",\"name\":\"\u00d4nibus da S\u00e3o Jos\u00e9 param e deixam mais de 100 mil pessoas a p\u00e9 - Notibras\",\"isPartOf\":{\"@id\":\"https:\\\/\\\/www.notibras.com\\\/site\\\/#website\"},\"primaryImageOfPage\":{\"@id\":\"https:\\\/\\\/www.notibras.com\\\/site\\\/onibus-da-sao-jose-param-e-deixam-100-mil-usuarios-a-pe\\\/#primaryimage\"},\"image\":{\"@id\":\"https:\\\/\\\/www.notibras.com\\\/site\\\/onibus-da-sao-jose-param-e-deixam-100-mil-usuarios-a-pe\\\/#primaryimage\"},\"thumbnailUrl\":\"https:\\\/\\\/www.notibras.com\\\/site\\\/wp-content\\\/uploads\\\/2014\\\/10\\\/df.4.jpg\",\"datePublished\":\"2014-10-06T08:57:30+00:00\",\"dateModified\":\"2014-10-07T09:02:39+00:00\",\"breadcrumb\":{\"@id\":\"https:\\\/\\\/www.notibras.com\\\/site\\\/onibus-da-sao-jose-param-e-deixam-100-mil-usuarios-a-pe\\\/#breadcrumb\"},\"inLanguage\":\"pt-BR\",\"potentialAction\":[{\"@type\":\"ReadAction\",\"target\":[\"https:\\\/\\\/www.notibras.com\\\/site\\\/onibus-da-sao-jose-param-e-deixam-100-mil-usuarios-a-pe\\\/\"]}]},{\"@type\":\"ImageObject\",\"inLanguage\":\"pt-BR\",\"@id\":\"https:\\\/\\\/www.notibras.com\\\/site\\\/onibus-da-sao-jose-param-e-deixam-100-mil-usuarios-a-pe\\\/#primaryimage\",\"url\":\"https:\\\/\\\/www.notibras.com\\\/site\\\/wp-content\\\/uploads\\\/2014\\\/10\\\/df.4.jpg\",\"contentUrl\":\"https:\\\/\\\/www.notibras.com\\\/site\\\/wp-content\\\/uploads\\\/2014\\\/10\\\/df.4.jpg\",\"width\":960,\"height\":716},{\"@type\":\"BreadcrumbList\",\"@id\":\"https:\\\/\\\/www.notibras.com\\\/site\\\/onibus-da-sao-jose-param-e-deixam-100-mil-usuarios-a-pe\\\/#breadcrumb\",\"itemListElement\":[{\"@type\":\"ListItem\",\"position\":1,\"name\":\"In\u00edcio\",\"item\":\"https:\\\/\\\/www.notibras.com\\\/site\\\/\"},{\"@type\":\"ListItem\",\"position\":2,\"name\":\"\u00d4nibus da S\u00e3o Jos\u00e9 param e deixam mais de 100 mil pessoas a p\u00e9\"}]},{\"@type\":\"WebSite\",\"@id\":\"https:\\\/\\\/www.notibras.com\\\/site\\\/#website\",\"url\":\"https:\\\/\\\/www.notibras.com\\\/site\\\/\",\"name\":\"Notibras\",\"description\":\"Not\u00edcias de Bras\u00edlia, do Brasil e do Mundo\",\"publisher\":{\"@id\":\"https:\\\/\\\/www.notibras.com\\\/site\\\/#organization\"},\"potentialAction\":[{\"@type\":\"SearchAction\",\"target\":{\"@type\":\"EntryPoint\",\"urlTemplate\":\"https:\\\/\\\/www.notibras.com\\\/site\\\/?s={search_term_string}\"},\"query-input\":{\"@type\":\"PropertyValueSpecification\",\"valueRequired\":true,\"valueName\":\"search_term_string\"}}],\"inLanguage\":\"pt-BR\"},{\"@type\":\"Organization\",\"@id\":\"https:\\\/\\\/www.notibras.com\\\/site\\\/#organization\",\"name\":\"Grupo Notibras de Comunica\u00e7\u00e3o\",\"url\":\"https:\\\/\\\/www.notibras.com\\\/site\\\/\",\"logo\":{\"@type\":\"ImageObject\",\"inLanguage\":\"pt-BR\",\"@id\":\"https:\\\/\\\/www.notibras.com\\\/site\\\/#\\\/schema\\\/logo\\\/image\\\/\",\"url\":\"https:\\\/\\\/www.notibras.com\\\/site\\\/wp-content\\\/uploads\\\/2023\\\/01\\\/notibras23.png\",\"contentUrl\":\"https:\\\/\\\/www.notibras.com\\\/site\\\/wp-content\\\/uploads\\\/2023\\\/01\\\/notibras23.png\",\"width\":350,\"height\":87,\"caption\":\"Grupo Notibras de Comunica\u00e7\u00e3o\"},\"image\":{\"@id\":\"https:\\\/\\\/www.notibras.com\\\/site\\\/#\\\/schema\\\/logo\\\/image\\\/\"},\"sameAs\":[\"https:\\\/\\\/www.facebook.com\\\/notibras\\\/\",\"https:\\\/\\\/x.com\\\/Notibras\",\"https:\\\/\\\/www.instagram.com\\\/notibras\\\/\"]},{\"@type\":\"Person\",\"@id\":\"https:\\\/\\\/www.notibras.com\\\/site\\\/#\\\/schema\\\/person\\\/36ab0979449956132d3e5b517ea76ac8\",\"name\":\"Reda\u00e7\u00e3o\",\"image\":{\"@type\":\"ImageObject\",\"inLanguage\":\"pt-BR\",\"@id\":\"https:\\\/\\\/secure.gravatar.com\\\/avatar\\\/e0a867bdedb85fd243eadf09663511f96fc81e0720a4a42581f334ad4303aa6b?s=96&d=mm&r=g\",\"url\":\"https:\\\/\\\/secure.gravatar.com\\\/avatar\\\/e0a867bdedb85fd243eadf09663511f96fc81e0720a4a42581f334ad4303aa6b?s=96&d=mm&r=g\",\"contentUrl\":\"https:\\\/\\\/secure.gravatar.com\\\/avatar\\\/e0a867bdedb85fd243eadf09663511f96fc81e0720a4a42581f334ad4303aa6b?s=96&d=mm&r=g\",\"caption\":\"Reda\u00e7\u00e3o\"}}]}<\/script>\n<!-- \/ Yoast SEO plugin. -->","yoast_head_json":{"title":"\u00d4nibus da S\u00e3o Jos\u00e9 param e deixam mais de 100 mil pessoas a p\u00e9 - Notibras","robots":{"index":"index","follow":"follow","max-snippet":"max-snippet:-1","max-image-preview":"max-image-preview:large","max-video-preview":"max-video-preview:-1"},"canonical":"https:\/\/www.notibras.com\/site\/onibus-da-sao-jose-param-e-deixam-100-mil-usuarios-a-pe\/","og_locale":"pt_BR","og_type":"article","og_title":"\u00d4nibus da S\u00e3o Jos\u00e9 param e deixam mais de 100 mil pessoas a p\u00e9 - Notibras","og_description":"Funcion\u00e1rios da Via\u00e7\u00e3o S\u00e3o Jos\u00e9 paralisaram as atividades nesta ter\u00e7a-feira (6). A companhia atende as regi\u00f5es de Ceil\u00e2ndia, Brazl\u00e2ndia e Taguatinga. Na estimativa do DFTrans, 100 mil passageiros foram afetados pela greve. Os rodovi\u00e1rios reivindicam parcelamento do desconto do Imposto de Renda, do INSS e da taxa sindical. De acordo com a empresa, a paralisa\u00e7\u00e3o [&hellip;]","og_url":"https:\/\/www.notibras.com\/site\/onibus-da-sao-jose-param-e-deixam-100-mil-usuarios-a-pe\/","og_site_name":"Notibras","article_publisher":"https:\/\/www.facebook.com\/notibras\/","article_published_time":"2014-10-06T08:57:30+00:00","article_modified_time":"2014-10-07T09:02:39+00:00","og_image":[{"width":960,"height":716,"url":"https:\/\/www.notibras.com\/site\/wp-content\/uploads\/2014\/10\/df.4.jpg","type":"image\/jpeg"}],"author":"Reda\u00e7\u00e3o","twitter_card":"summary_large_image","twitter_creator":"@Notibras","twitter_site":"@Notibras","twitter_misc":{"Escrito por":"Reda\u00e7\u00e3o","Est. tempo de leitura":"1 minuto"},"schema":{"@context":"https:\/\/schema.org","@graph":[{"@type":"Article","@id":"https:\/\/www.notibras.com\/site\/onibus-da-sao-jose-param-e-deixam-100-mil-usuarios-a-pe\/#article","isPartOf":{"@id":"https:\/\/www.notibras.com\/site\/onibus-da-sao-jose-param-e-deixam-100-mil-usuarios-a-pe\/"},"author":{"name":"Reda\u00e7\u00e3o","@id":"https:\/\/www.notibras.com\/site\/#\/schema\/person\/36ab0979449956132d3e5b517ea76ac8"},"headline":"\u00d4nibus da S\u00e3o Jos\u00e9 param e deixam mais de 100 mil pessoas a p\u00e9","datePublished":"2014-10-06T08:57:30+00:00","dateModified":"2014-10-07T09:02:39+00:00","mainEntityOfPage":{"@id":"https:\/\/www.notibras.com\/site\/onibus-da-sao-jose-param-e-deixam-100-mil-usuarios-a-pe\/"},"wordCount":137,"commentCount":0,"publisher":{"@id":"https:\/\/www.notibras.com\/site\/#organization"},"image":{"@id":"https:\/\/www.notibras.com\/site\/onibus-da-sao-jose-param-e-deixam-100-mil-usuarios-a-pe\/#primaryimage"},"thumbnailUrl":"https:\/\/www.notibras.com\/site\/wp-content\/uploads\/2014\/10\/df.4.jpg","articleSection":["Bras\u00edlia"],"inLanguage":"pt-BR","potentialAction":[{"@type":"CommentAction","name":"Comment","target":["https:\/\/www.notibras.com\/site\/onibus-da-sao-jose-param-e-deixam-100-mil-usuarios-a-pe\/#respond"]}]},{"@type":"WebPage","@id":"https:\/\/www.notibras.com\/site\/onibus-da-sao-jose-param-e-deixam-100-mil-usuarios-a-pe\/","url":"https:\/\/www.notibras.com\/site\/onibus-da-sao-jose-param-e-deixam-100-mil-usuarios-a-pe\/","name":"\u00d4nibus da S\u00e3o Jos\u00e9 param e deixam mais de 100 mil pessoas a p\u00e9 - Notibras","isPartOf":{"@id":"https:\/\/www.notibras.com\/site\/#website"},"primaryImageOfPage":{"@id":"https:\/\/www.notibras.com\/site\/onibus-da-sao-jose-param-e-deixam-100-mil-usuarios-a-pe\/#primaryimage"},"image":{"@id":"https:\/\/www.notibras.com\/site\/onibus-da-sao-jose-param-e-deixam-100-mil-usuarios-a-pe\/#primaryimage"},"thumbnailUrl":"https:\/\/www.notibras.com\/site\/wp-content\/uploads\/2014\/10\/df.4.jpg","datePublished":"2014-10-06T08:57:30+00:00","dateModified":"2014-10-07T09:02:39+00:00","breadcrumb":{"@id":"https:\/\/www.notibras.com\/site\/onibus-da-sao-jose-param-e-deixam-100-mil-usuarios-a-pe\/#breadcrumb"},"inLanguage":"pt-BR","potentialAction":[{"@type":"ReadAction","target":["https:\/\/www.notibras.com\/site\/onibus-da-sao-jose-param-e-deixam-100-mil-usuarios-a-pe\/"]}]},{"@type":"ImageObject","inLanguage":"pt-BR","@id":"https:\/\/www.notibras.com\/site\/onibus-da-sao-jose-param-e-deixam-100-mil-usuarios-a-pe\/#primaryimage","url":"https:\/\/www.notibras.com\/site\/wp-content\/uploads\/2014\/10\/df.4.jpg","contentUrl":"https:\/\/www.notibras.com\/site\/wp-content\/uploads\/2014\/10\/df.4.jpg","width":960,"height":716},{"@type":"BreadcrumbList","@id":"https:\/\/www.notibras.com\/site\/onibus-da-sao-jose-param-e-deixam-100-mil-usuarios-a-pe\/#breadcrumb","itemListElement":[{"@type":"ListItem","position":1,"name":"In\u00edcio","item":"https:\/\/www.notibras.com\/site\/"},{"@type":"ListItem","position":2,"name":"\u00d4nibus da S\u00e3o Jos\u00e9 param e deixam mais de 100 mil pessoas a p\u00e9"}]},{"@type":"WebSite","@id":"https:\/\/www.notibras.com\/site\/#website","url":"https:\/\/www.notibras.com\/site\/","name":"Notibras","description":"Not\u00edcias de Bras\u00edlia, do Brasil e do Mundo","publisher":{"@id":"https:\/\/www.notibras.com\/site\/#organization"},"potentialAction":[{"@type":"SearchAction","target":{"@type":"EntryPoint","urlTemplate":"https:\/\/www.notibras.com\/site\/?s={search_term_string}"},"query-input":{"@type":"PropertyValueSpecification","valueRequired":true,"valueName":"search_term_string"}}],"inLanguage":"pt-BR"},{"@type":"Organization","@id":"https:\/\/www.notibras.com\/site\/#organization","name":"Grupo Notibras de Comunica\u00e7\u00e3o","url":"https:\/\/www.notibras.com\/site\/","logo":{"@type":"ImageObject","inLanguage":"pt-BR","@id":"https:\/\/www.notibras.com\/site\/#\/schema\/logo\/image\/","url":"https:\/\/www.notibras.com\/site\/wp-content\/uploads\/2023\/01\/notibras23.png","contentUrl":"https:\/\/www.notibras.com\/site\/wp-content\/uploads\/2023\/01\/notibras23.png","width":350,"height":87,"caption":"Grupo Notibras de Comunica\u00e7\u00e3o"},"image":{"@id":"https:\/\/www.notibras.com\/site\/#\/schema\/logo\/image\/"},"sameAs":["https:\/\/www.facebook.com\/notibras\/","https:\/\/x.com\/Notibras","https:\/\/www.instagram.com\/notibras\/"]},{"@type":"Person","@id":"https:\/\/www.notibras.com\/site\/#\/schema\/person\/36ab0979449956132d3e5b517ea76ac8","name":"Reda\u00e7\u00e3o","image":{"@type":"ImageObject","inLanguage":"pt-BR","@id":"https:\/\/secure.gravatar.com\/avatar\/e0a867bdedb85fd243eadf09663511f96fc81e0720a4a42581f334ad4303aa6b?s=96&d=mm&r=g","url":"https:\/\/secure.gravatar.com\/avatar\/e0a867bdedb85fd243eadf09663511f96fc81e0720a4a42581f334ad4303aa6b?s=96&d=mm&r=g","contentUrl":"https:\/\/secure.gravatar.com\/avatar\/e0a867bdedb85fd243eadf09663511f96fc81e0720a4a42581f334ad4303aa6b?s=96&d=mm&r=g","caption":"Reda\u00e7\u00e3o"}}]}},"amp_enabled":true,"_links":{"self":[{"href":"https:\/\/www.notibras.com\/site\/wp-json\/wp\/v2\/posts\/24140","targetHints":{"allow":["GET"]}}],"collection":[{"href":"https:\/\/www.notibras.com\/site\/wp-json\/wp\/v2\/posts"}],"about":[{"href":"https:\/\/www.notibras.com\/site\/wp-json\/wp\/v2\/types\/post"}],"author":[{"embeddable":true,"href":"https:\/\/www.notibras.com\/site\/wp-json\/wp\/v2\/users\/2"}],"replies":[{"embeddable":true,"href":"https:\/\/www.notibras.com\/site\/wp-json\/wp\/v2\/comments?post=24140"}],"version-history":[{"count":0,"href":"https:\/\/www.notibras.com\/site\/wp-json\/wp\/v2\/posts\/24140\/revisions"}],"wp:featuredmedia":[{"embeddable":true,"href":"https:\/\/www.notibras.com\/site\/wp-json\/wp\/v2\/media\/24141"}],"wp:attachment":[{"href":"https:\/\/www.notibras.com\/site\/wp-json\/wp\/v2\/media?parent=24140"}],"wp:term":[{"taxonomy":"category","embeddable":true,"href":"https:\/\/www.notibras.com\/site\/wp-json\/wp\/v2\/categories?post=24140"},{"taxonomy":"post_tag","embeddable":true,"href":"https:\/\/www.notibras.com\/site\/wp-json\/wp\/v2\/tags?post=24140"}],"curies":[{"name":"wp","href":"https:\/\/api.w.org\/{rel}","templated":true}]}}