{"id":24151,"date":"2014-10-07T06:51:59","date_gmt":"2014-10-07T09:51:59","guid":{"rendered":"http:\/\/www.notibras.com\/site\/?p=24151"},"modified":"2016-07-30T16:58:04","modified_gmt":"2016-07-30T19:58:04","slug":"de-palos-para-o-novo-mundo-ja-se-sabe-de-onde-cristovao-saiu","status":"publish","type":"post","link":"https:\/\/www.notibras.com\/site\/de-palos-para-o-novo-mundo-ja-se-sabe-de-onde-cristovao-saiu\/","title":{"rendered":"De Palos, para o Novo Mundo. J\u00e1 se sabe de onde Colombo saiu"},"content":{"rendered":"<p>A descoberta de diferentes tipos de materiais artesanais e de pesca nas escava\u00e7\u00f5es que s\u00e3o realizadas h\u00e1 dois meses nas proximidades de La Fontanilla, na cidade de Palos de la Frontera, ao que tudo indica estabelecem o ponto exato de onde partiram as tr\u00eas caravelas de Cristov\u00e3o Colombo rumo ao Novo Mundo, em 1492.<\/p>\n<p>Este \u00e9 um achado de relev\u00e2ncia internacional porque &#8220;ilumina&#8221; um dos epis\u00f3dios mais importantes da hist\u00f3ria.<\/p>\n<p>Em 1908, o ent\u00e3o c\u00f4nsul da Argentina, Enrique Mart\u00ednez Itu\u00f1o, que morava em Palos de la Frontera, j\u00e1 falava em encontrar e recuperar este porto hist\u00f3rico.<\/p>\n<p>Apesar de em 1992 ter vindo \u00e0 tona o fato de as instala\u00e7\u00f5es portu\u00e1rias pertencerem \u00e0 \u00e1rea conhecida como La Vaguada, somente hoje, 24 anos depois, com o professor de arqueologia Juan Miguel Campos liderando trabalhos de escava\u00e7\u00e3o no local, est\u00e1 sendo poss\u00edvel verificar tal evid\u00eancia.<\/p>\n<blockquote><p>Fontes hist\u00f3ricas dizem que o porto de Palos era composto por quatro elementos: o estaleiro, que n\u00e3o deixou vest\u00edgios arqueol\u00f3gicos, uma fonte (La Fontanilla), cer\u00e2mica e uma alota &#8211; &#8220;era a alf\u00e2ndega, e foi nela que Colombo fez os acordos necess\u00e1rios para poder levar sua miss\u00e3o adiante&#8221;, afirmou Campos, para quem &#8220;este achado foi o que nos trouxe maior satisfa\u00e7\u00e3o&#8221;.<\/p><\/blockquote>\n<p>Ele tamb\u00e9m disse que foi nesta nova fase de trabalho que foram localizados os dois \u00faltimos itens, permitindo ent\u00e3o que seja determinada o local exato do porto, portanto de onde Colombo saiu em dire\u00e7\u00e3o ao Novo Mundo.<\/p>\n<p>O porto, disse, contrariamente ao que muitos acreditavam, desde esta \u00e9poca contava com espa\u00e7o mais do que suficiente para comportar as caravelas. &#8220;(Era) um porto natural, protegido dos ventos e afastado das correntes, al\u00e9m de ser econ\u00f4mico, por permitir, sem muita transfer\u00eancia, a carga e descarga de mercadorias&#8221;, explicou.<\/p>\n<p>A descoberta da cer\u00e2mica foi significativa. J\u00e1 foram localizados sete fornos, nos quais eram produzidos cer\u00e2micas, tijolos, alimentos e cal. O que o torna &#8220;um complexo \u00fanico na Espanha&#8221; naquela \u00e9poca.<\/p>\n<p>E junto a eles, os testares, lugares onde eram abandonadas as produ\u00e7\u00f5es defeituosas, revelam que eram feitas no local pe\u00e7as de cozinha e mesas de tradi\u00e7\u00e3o mouriscas, al\u00e9m de r\u00e9plicas de cer\u00e2micas finas de outros lugares.<\/p>\n<p>No entanto foi &#8220;mais gratificante&#8221; encontrar evid\u00eancias e restos da alota, um lugar multifuncional onde eram feitas as transa\u00e7\u00f5es de &#8220;um porto pr\u00f3spero e de car\u00e1ter internacional&#8221;, como foi o de Paus desde a segunda metade do s\u00e9culo XV at\u00e9 princ\u00edpios do XVI.<\/p>\n<p>Ainda h\u00e1 um m\u00eas de escava\u00e7\u00f5es pela frente. Terminado este per\u00edodo, ser\u00e1 necess\u00e1rio desenvolver um intenso trabalho a fim de verificar os &#8220;milhares de dados&#8221; encontrados e juntar cada vez mais informa\u00e7\u00f5es sobre o hist\u00f3rico do porto, segundo o professor.<\/p>\n<p>Porto este que, por si s\u00f3, independentemente dos vest\u00edgios arqueol\u00f3gicos, deveria ser &#8220;um lugar de primeira ordem, um local hist\u00f3rico&#8221;.<\/p>\n<p>Trata-se do &#8220;ponto nevr\u00e1lgico&#8221; dos lugares ligados \u00e0 expedi\u00e7\u00e3o, assim definido por ser um dos mais importantes do mundo, o ponto de partida para o descobrimento da Am\u00e9rica. A prefeitura de Palos reconhece o valor desta descoberta e tem como objetivo a recria\u00e7\u00e3o destes espa\u00e7os, a partir de uma primeira reconstru\u00e7\u00e3o virtual que j\u00e1 est\u00e1 sendo realizada pela equipe de pesquisa.<\/p>\n","protected":false},"excerpt":{"rendered":"<p>A descoberta de diferentes tipos de materiais artesanais e de pesca nas escava\u00e7\u00f5es que s\u00e3o realizadas h\u00e1 dois meses nas proximidades de La Fontanilla, na cidade de Palos de la Frontera, ao que tudo indica estabelecem o ponto exato de onde partiram as tr\u00eas caravelas de Cristov\u00e3o Colombo rumo ao Novo Mundo, em 1492. Este [&hellip;]<\/p>\n","protected":false},"author":2,"featured_media":24152,"comment_status":"open","ping_status":"closed","sticky":false,"template":"","format":"standard","meta":{"_acf_changed":false,"footnotes":""},"categories":[71],"tags":[],"class_list":["post-24151","post","type-post","status-publish","format-standard","has-post-thumbnail","hentry","category-curiosidades"],"acf":[],"yoast_head":"<!-- This site is optimized with the Yoast SEO plugin v27.5 - https:\/\/yoast.com\/product\/yoast-seo-wordpress\/ -->\n<title>De Palos, para o Novo Mundo. J\u00e1 se sabe de onde Colombo saiu - Notibras<\/title>\n<meta name=\"robots\" content=\"index, follow, max-snippet:-1, max-image-preview:large, max-video-preview:-1\" \/>\n<link rel=\"canonical\" href=\"https:\/\/www.notibras.com\/site\/de-palos-para-o-novo-mundo-ja-se-sabe-de-onde-cristovao-saiu\/\" \/>\n<meta property=\"og:locale\" content=\"pt_BR\" \/>\n<meta property=\"og:type\" content=\"article\" \/>\n<meta property=\"og:title\" content=\"De Palos, para o Novo Mundo. J\u00e1 se sabe de onde Colombo saiu - Notibras\" \/>\n<meta property=\"og:description\" content=\"A descoberta de diferentes tipos de materiais artesanais e de pesca nas escava\u00e7\u00f5es que s\u00e3o realizadas h\u00e1 dois meses nas proximidades de La Fontanilla, na cidade de Palos de la Frontera, ao que tudo indica estabelecem o ponto exato de onde partiram as tr\u00eas caravelas de Cristov\u00e3o Colombo rumo ao Novo Mundo, em 1492. Este [&hellip;]\" \/>\n<meta property=\"og:url\" content=\"https:\/\/www.notibras.com\/site\/de-palos-para-o-novo-mundo-ja-se-sabe-de-onde-cristovao-saiu\/\" \/>\n<meta property=\"og:site_name\" content=\"Notibras\" \/>\n<meta property=\"article:publisher\" content=\"https:\/\/www.facebook.com\/notibras\/\" \/>\n<meta property=\"article:published_time\" content=\"2014-10-07T09:51:59+00:00\" \/>\n<meta property=\"article:modified_time\" content=\"2016-07-30T19:58:04+00:00\" \/>\n<meta property=\"og:image\" content=\"https:\/\/www.notibras.com\/site\/wp-content\/uploads\/2014\/10\/palos-de-la-frontera_1940.jpg\" \/>\n\t<meta property=\"og:image:width\" content=\"500\" \/>\n\t<meta property=\"og:image:height\" content=\"377\" \/>\n\t<meta property=\"og:image:type\" content=\"image\/jpeg\" \/>\n<meta name=\"author\" content=\"Reda\u00e7\u00e3o\" \/>\n<meta name=\"twitter:card\" content=\"summary_large_image\" \/>\n<meta name=\"twitter:creator\" content=\"@Notibras\" \/>\n<meta name=\"twitter:site\" content=\"@Notibras\" \/>\n<meta name=\"twitter:label1\" content=\"Escrito por\" \/>\n\t<meta name=\"twitter:data1\" content=\"Reda\u00e7\u00e3o\" \/>\n\t<meta name=\"twitter:label2\" content=\"Est. tempo de leitura\" \/>\n\t<meta name=\"twitter:data2\" content=\"3 minutos\" \/>\n<script type=\"application\/ld+json\" class=\"yoast-schema-graph\">{\"@context\":\"https:\\\/\\\/schema.org\",\"@graph\":[{\"@type\":\"Article\",\"@id\":\"https:\\\/\\\/www.notibras.com\\\/site\\\/de-palos-para-o-novo-mundo-ja-se-sabe-de-onde-cristovao-saiu\\\/#article\",\"isPartOf\":{\"@id\":\"https:\\\/\\\/www.notibras.com\\\/site\\\/de-palos-para-o-novo-mundo-ja-se-sabe-de-onde-cristovao-saiu\\\/\"},\"author\":{\"name\":\"Reda\u00e7\u00e3o\",\"@id\":\"https:\\\/\\\/www.notibras.com\\\/site\\\/#\\\/schema\\\/person\\\/36ab0979449956132d3e5b517ea76ac8\"},\"headline\":\"De Palos, para o Novo Mundo. J\u00e1 se sabe de onde Colombo saiu\",\"datePublished\":\"2014-10-07T09:51:59+00:00\",\"dateModified\":\"2016-07-30T19:58:04+00:00\",\"mainEntityOfPage\":{\"@id\":\"https:\\\/\\\/www.notibras.com\\\/site\\\/de-palos-para-o-novo-mundo-ja-se-sabe-de-onde-cristovao-saiu\\\/\"},\"wordCount\":586,\"commentCount\":0,\"publisher\":{\"@id\":\"https:\\\/\\\/www.notibras.com\\\/site\\\/#organization\"},\"image\":{\"@id\":\"https:\\\/\\\/www.notibras.com\\\/site\\\/de-palos-para-o-novo-mundo-ja-se-sabe-de-onde-cristovao-saiu\\\/#primaryimage\"},\"thumbnailUrl\":\"https:\\\/\\\/www.notibras.com\\\/site\\\/wp-content\\\/uploads\\\/2014\\\/10\\\/palos-de-la-frontera_1940.jpg\",\"articleSection\":[\"Curiosidades\"],\"inLanguage\":\"pt-BR\",\"potentialAction\":[{\"@type\":\"CommentAction\",\"name\":\"Comment\",\"target\":[\"https:\\\/\\\/www.notibras.com\\\/site\\\/de-palos-para-o-novo-mundo-ja-se-sabe-de-onde-cristovao-saiu\\\/#respond\"]}]},{\"@type\":\"WebPage\",\"@id\":\"https:\\\/\\\/www.notibras.com\\\/site\\\/de-palos-para-o-novo-mundo-ja-se-sabe-de-onde-cristovao-saiu\\\/\",\"url\":\"https:\\\/\\\/www.notibras.com\\\/site\\\/de-palos-para-o-novo-mundo-ja-se-sabe-de-onde-cristovao-saiu\\\/\",\"name\":\"De Palos, para o Novo Mundo. J\u00e1 se sabe de onde Colombo saiu - Notibras\",\"isPartOf\":{\"@id\":\"https:\\\/\\\/www.notibras.com\\\/site\\\/#website\"},\"primaryImageOfPage\":{\"@id\":\"https:\\\/\\\/www.notibras.com\\\/site\\\/de-palos-para-o-novo-mundo-ja-se-sabe-de-onde-cristovao-saiu\\\/#primaryimage\"},\"image\":{\"@id\":\"https:\\\/\\\/www.notibras.com\\\/site\\\/de-palos-para-o-novo-mundo-ja-se-sabe-de-onde-cristovao-saiu\\\/#primaryimage\"},\"thumbnailUrl\":\"https:\\\/\\\/www.notibras.com\\\/site\\\/wp-content\\\/uploads\\\/2014\\\/10\\\/palos-de-la-frontera_1940.jpg\",\"datePublished\":\"2014-10-07T09:51:59+00:00\",\"dateModified\":\"2016-07-30T19:58:04+00:00\",\"breadcrumb\":{\"@id\":\"https:\\\/\\\/www.notibras.com\\\/site\\\/de-palos-para-o-novo-mundo-ja-se-sabe-de-onde-cristovao-saiu\\\/#breadcrumb\"},\"inLanguage\":\"pt-BR\",\"potentialAction\":[{\"@type\":\"ReadAction\",\"target\":[\"https:\\\/\\\/www.notibras.com\\\/site\\\/de-palos-para-o-novo-mundo-ja-se-sabe-de-onde-cristovao-saiu\\\/\"]}]},{\"@type\":\"ImageObject\",\"inLanguage\":\"pt-BR\",\"@id\":\"https:\\\/\\\/www.notibras.com\\\/site\\\/de-palos-para-o-novo-mundo-ja-se-sabe-de-onde-cristovao-saiu\\\/#primaryimage\",\"url\":\"https:\\\/\\\/www.notibras.com\\\/site\\\/wp-content\\\/uploads\\\/2014\\\/10\\\/palos-de-la-frontera_1940.jpg\",\"contentUrl\":\"https:\\\/\\\/www.notibras.com\\\/site\\\/wp-content\\\/uploads\\\/2014\\\/10\\\/palos-de-la-frontera_1940.jpg\",\"width\":500,\"height\":377},{\"@type\":\"BreadcrumbList\",\"@id\":\"https:\\\/\\\/www.notibras.com\\\/site\\\/de-palos-para-o-novo-mundo-ja-se-sabe-de-onde-cristovao-saiu\\\/#breadcrumb\",\"itemListElement\":[{\"@type\":\"ListItem\",\"position\":1,\"name\":\"In\u00edcio\",\"item\":\"https:\\\/\\\/www.notibras.com\\\/site\\\/\"},{\"@type\":\"ListItem\",\"position\":2,\"name\":\"De Palos, para o Novo Mundo. J\u00e1 se sabe de onde Colombo saiu\"}]},{\"@type\":\"WebSite\",\"@id\":\"https:\\\/\\\/www.notibras.com\\\/site\\\/#website\",\"url\":\"https:\\\/\\\/www.notibras.com\\\/site\\\/\",\"name\":\"Notibras\",\"description\":\"Not\u00edcias de Bras\u00edlia, do Brasil e do Mundo\",\"publisher\":{\"@id\":\"https:\\\/\\\/www.notibras.com\\\/site\\\/#organization\"},\"potentialAction\":[{\"@type\":\"SearchAction\",\"target\":{\"@type\":\"EntryPoint\",\"urlTemplate\":\"https:\\\/\\\/www.notibras.com\\\/site\\\/?s={search_term_string}\"},\"query-input\":{\"@type\":\"PropertyValueSpecification\",\"valueRequired\":true,\"valueName\":\"search_term_string\"}}],\"inLanguage\":\"pt-BR\"},{\"@type\":\"Organization\",\"@id\":\"https:\\\/\\\/www.notibras.com\\\/site\\\/#organization\",\"name\":\"Grupo Notibras de Comunica\u00e7\u00e3o\",\"url\":\"https:\\\/\\\/www.notibras.com\\\/site\\\/\",\"logo\":{\"@type\":\"ImageObject\",\"inLanguage\":\"pt-BR\",\"@id\":\"https:\\\/\\\/www.notibras.com\\\/site\\\/#\\\/schema\\\/logo\\\/image\\\/\",\"url\":\"https:\\\/\\\/www.notibras.com\\\/site\\\/wp-content\\\/uploads\\\/2023\\\/01\\\/notibras23.png\",\"contentUrl\":\"https:\\\/\\\/www.notibras.com\\\/site\\\/wp-content\\\/uploads\\\/2023\\\/01\\\/notibras23.png\",\"width\":350,\"height\":87,\"caption\":\"Grupo Notibras de Comunica\u00e7\u00e3o\"},\"image\":{\"@id\":\"https:\\\/\\\/www.notibras.com\\\/site\\\/#\\\/schema\\\/logo\\\/image\\\/\"},\"sameAs\":[\"https:\\\/\\\/www.facebook.com\\\/notibras\\\/\",\"https:\\\/\\\/x.com\\\/Notibras\",\"https:\\\/\\\/www.instagram.com\\\/notibras\\\/\"]},{\"@type\":\"Person\",\"@id\":\"https:\\\/\\\/www.notibras.com\\\/site\\\/#\\\/schema\\\/person\\\/36ab0979449956132d3e5b517ea76ac8\",\"name\":\"Reda\u00e7\u00e3o\",\"image\":{\"@type\":\"ImageObject\",\"inLanguage\":\"pt-BR\",\"@id\":\"https:\\\/\\\/secure.gravatar.com\\\/avatar\\\/e0a867bdedb85fd243eadf09663511f96fc81e0720a4a42581f334ad4303aa6b?s=96&d=mm&r=g\",\"url\":\"https:\\\/\\\/secure.gravatar.com\\\/avatar\\\/e0a867bdedb85fd243eadf09663511f96fc81e0720a4a42581f334ad4303aa6b?s=96&d=mm&r=g\",\"contentUrl\":\"https:\\\/\\\/secure.gravatar.com\\\/avatar\\\/e0a867bdedb85fd243eadf09663511f96fc81e0720a4a42581f334ad4303aa6b?s=96&d=mm&r=g\",\"caption\":\"Reda\u00e7\u00e3o\"}}]}<\/script>\n<!-- \/ Yoast SEO plugin. -->","yoast_head_json":{"title":"De Palos, para o Novo Mundo. J\u00e1 se sabe de onde Colombo saiu - Notibras","robots":{"index":"index","follow":"follow","max-snippet":"max-snippet:-1","max-image-preview":"max-image-preview:large","max-video-preview":"max-video-preview:-1"},"canonical":"https:\/\/www.notibras.com\/site\/de-palos-para-o-novo-mundo-ja-se-sabe-de-onde-cristovao-saiu\/","og_locale":"pt_BR","og_type":"article","og_title":"De Palos, para o Novo Mundo. J\u00e1 se sabe de onde Colombo saiu - Notibras","og_description":"A descoberta de diferentes tipos de materiais artesanais e de pesca nas escava\u00e7\u00f5es que s\u00e3o realizadas h\u00e1 dois meses nas proximidades de La Fontanilla, na cidade de Palos de la Frontera, ao que tudo indica estabelecem o ponto exato de onde partiram as tr\u00eas caravelas de Cristov\u00e3o Colombo rumo ao Novo Mundo, em 1492. Este [&hellip;]","og_url":"https:\/\/www.notibras.com\/site\/de-palos-para-o-novo-mundo-ja-se-sabe-de-onde-cristovao-saiu\/","og_site_name":"Notibras","article_publisher":"https:\/\/www.facebook.com\/notibras\/","article_published_time":"2014-10-07T09:51:59+00:00","article_modified_time":"2016-07-30T19:58:04+00:00","og_image":[{"width":500,"height":377,"url":"https:\/\/www.notibras.com\/site\/wp-content\/uploads\/2014\/10\/palos-de-la-frontera_1940.jpg","type":"image\/jpeg"}],"author":"Reda\u00e7\u00e3o","twitter_card":"summary_large_image","twitter_creator":"@Notibras","twitter_site":"@Notibras","twitter_misc":{"Escrito por":"Reda\u00e7\u00e3o","Est. tempo de leitura":"3 minutos"},"schema":{"@context":"https:\/\/schema.org","@graph":[{"@type":"Article","@id":"https:\/\/www.notibras.com\/site\/de-palos-para-o-novo-mundo-ja-se-sabe-de-onde-cristovao-saiu\/#article","isPartOf":{"@id":"https:\/\/www.notibras.com\/site\/de-palos-para-o-novo-mundo-ja-se-sabe-de-onde-cristovao-saiu\/"},"author":{"name":"Reda\u00e7\u00e3o","@id":"https:\/\/www.notibras.com\/site\/#\/schema\/person\/36ab0979449956132d3e5b517ea76ac8"},"headline":"De Palos, para o Novo Mundo. J\u00e1 se sabe de onde Colombo saiu","datePublished":"2014-10-07T09:51:59+00:00","dateModified":"2016-07-30T19:58:04+00:00","mainEntityOfPage":{"@id":"https:\/\/www.notibras.com\/site\/de-palos-para-o-novo-mundo-ja-se-sabe-de-onde-cristovao-saiu\/"},"wordCount":586,"commentCount":0,"publisher":{"@id":"https:\/\/www.notibras.com\/site\/#organization"},"image":{"@id":"https:\/\/www.notibras.com\/site\/de-palos-para-o-novo-mundo-ja-se-sabe-de-onde-cristovao-saiu\/#primaryimage"},"thumbnailUrl":"https:\/\/www.notibras.com\/site\/wp-content\/uploads\/2014\/10\/palos-de-la-frontera_1940.jpg","articleSection":["Curiosidades"],"inLanguage":"pt-BR","potentialAction":[{"@type":"CommentAction","name":"Comment","target":["https:\/\/www.notibras.com\/site\/de-palos-para-o-novo-mundo-ja-se-sabe-de-onde-cristovao-saiu\/#respond"]}]},{"@type":"WebPage","@id":"https:\/\/www.notibras.com\/site\/de-palos-para-o-novo-mundo-ja-se-sabe-de-onde-cristovao-saiu\/","url":"https:\/\/www.notibras.com\/site\/de-palos-para-o-novo-mundo-ja-se-sabe-de-onde-cristovao-saiu\/","name":"De Palos, para o Novo Mundo. J\u00e1 se sabe de onde Colombo saiu - Notibras","isPartOf":{"@id":"https:\/\/www.notibras.com\/site\/#website"},"primaryImageOfPage":{"@id":"https:\/\/www.notibras.com\/site\/de-palos-para-o-novo-mundo-ja-se-sabe-de-onde-cristovao-saiu\/#primaryimage"},"image":{"@id":"https:\/\/www.notibras.com\/site\/de-palos-para-o-novo-mundo-ja-se-sabe-de-onde-cristovao-saiu\/#primaryimage"},"thumbnailUrl":"https:\/\/www.notibras.com\/site\/wp-content\/uploads\/2014\/10\/palos-de-la-frontera_1940.jpg","datePublished":"2014-10-07T09:51:59+00:00","dateModified":"2016-07-30T19:58:04+00:00","breadcrumb":{"@id":"https:\/\/www.notibras.com\/site\/de-palos-para-o-novo-mundo-ja-se-sabe-de-onde-cristovao-saiu\/#breadcrumb"},"inLanguage":"pt-BR","potentialAction":[{"@type":"ReadAction","target":["https:\/\/www.notibras.com\/site\/de-palos-para-o-novo-mundo-ja-se-sabe-de-onde-cristovao-saiu\/"]}]},{"@type":"ImageObject","inLanguage":"pt-BR","@id":"https:\/\/www.notibras.com\/site\/de-palos-para-o-novo-mundo-ja-se-sabe-de-onde-cristovao-saiu\/#primaryimage","url":"https:\/\/www.notibras.com\/site\/wp-content\/uploads\/2014\/10\/palos-de-la-frontera_1940.jpg","contentUrl":"https:\/\/www.notibras.com\/site\/wp-content\/uploads\/2014\/10\/palos-de-la-frontera_1940.jpg","width":500,"height":377},{"@type":"BreadcrumbList","@id":"https:\/\/www.notibras.com\/site\/de-palos-para-o-novo-mundo-ja-se-sabe-de-onde-cristovao-saiu\/#breadcrumb","itemListElement":[{"@type":"ListItem","position":1,"name":"In\u00edcio","item":"https:\/\/www.notibras.com\/site\/"},{"@type":"ListItem","position":2,"name":"De Palos, para o Novo Mundo. J\u00e1 se sabe de onde Colombo saiu"}]},{"@type":"WebSite","@id":"https:\/\/www.notibras.com\/site\/#website","url":"https:\/\/www.notibras.com\/site\/","name":"Notibras","description":"Not\u00edcias de Bras\u00edlia, do Brasil e do Mundo","publisher":{"@id":"https:\/\/www.notibras.com\/site\/#organization"},"potentialAction":[{"@type":"SearchAction","target":{"@type":"EntryPoint","urlTemplate":"https:\/\/www.notibras.com\/site\/?s={search_term_string}"},"query-input":{"@type":"PropertyValueSpecification","valueRequired":true,"valueName":"search_term_string"}}],"inLanguage":"pt-BR"},{"@type":"Organization","@id":"https:\/\/www.notibras.com\/site\/#organization","name":"Grupo Notibras de Comunica\u00e7\u00e3o","url":"https:\/\/www.notibras.com\/site\/","logo":{"@type":"ImageObject","inLanguage":"pt-BR","@id":"https:\/\/www.notibras.com\/site\/#\/schema\/logo\/image\/","url":"https:\/\/www.notibras.com\/site\/wp-content\/uploads\/2023\/01\/notibras23.png","contentUrl":"https:\/\/www.notibras.com\/site\/wp-content\/uploads\/2023\/01\/notibras23.png","width":350,"height":87,"caption":"Grupo Notibras de Comunica\u00e7\u00e3o"},"image":{"@id":"https:\/\/www.notibras.com\/site\/#\/schema\/logo\/image\/"},"sameAs":["https:\/\/www.facebook.com\/notibras\/","https:\/\/x.com\/Notibras","https:\/\/www.instagram.com\/notibras\/"]},{"@type":"Person","@id":"https:\/\/www.notibras.com\/site\/#\/schema\/person\/36ab0979449956132d3e5b517ea76ac8","name":"Reda\u00e7\u00e3o","image":{"@type":"ImageObject","inLanguage":"pt-BR","@id":"https:\/\/secure.gravatar.com\/avatar\/e0a867bdedb85fd243eadf09663511f96fc81e0720a4a42581f334ad4303aa6b?s=96&d=mm&r=g","url":"https:\/\/secure.gravatar.com\/avatar\/e0a867bdedb85fd243eadf09663511f96fc81e0720a4a42581f334ad4303aa6b?s=96&d=mm&r=g","contentUrl":"https:\/\/secure.gravatar.com\/avatar\/e0a867bdedb85fd243eadf09663511f96fc81e0720a4a42581f334ad4303aa6b?s=96&d=mm&r=g","caption":"Reda\u00e7\u00e3o"}}]}},"amp_enabled":true,"_links":{"self":[{"href":"https:\/\/www.notibras.com\/site\/wp-json\/wp\/v2\/posts\/24151","targetHints":{"allow":["GET"]}}],"collection":[{"href":"https:\/\/www.notibras.com\/site\/wp-json\/wp\/v2\/posts"}],"about":[{"href":"https:\/\/www.notibras.com\/site\/wp-json\/wp\/v2\/types\/post"}],"author":[{"embeddable":true,"href":"https:\/\/www.notibras.com\/site\/wp-json\/wp\/v2\/users\/2"}],"replies":[{"embeddable":true,"href":"https:\/\/www.notibras.com\/site\/wp-json\/wp\/v2\/comments?post=24151"}],"version-history":[{"count":1,"href":"https:\/\/www.notibras.com\/site\/wp-json\/wp\/v2\/posts\/24151\/revisions"}],"predecessor-version":[{"id":109991,"href":"https:\/\/www.notibras.com\/site\/wp-json\/wp\/v2\/posts\/24151\/revisions\/109991"}],"wp:featuredmedia":[{"embeddable":true,"href":"https:\/\/www.notibras.com\/site\/wp-json\/wp\/v2\/media\/24152"}],"wp:attachment":[{"href":"https:\/\/www.notibras.com\/site\/wp-json\/wp\/v2\/media?parent=24151"}],"wp:term":[{"taxonomy":"category","embeddable":true,"href":"https:\/\/www.notibras.com\/site\/wp-json\/wp\/v2\/categories?post=24151"},{"taxonomy":"post_tag","embeddable":true,"href":"https:\/\/www.notibras.com\/site\/wp-json\/wp\/v2\/tags?post=24151"}],"curies":[{"name":"wp","href":"https:\/\/api.w.org\/{rel}","templated":true}]}}