{"id":24222,"date":"2014-10-07T23:35:06","date_gmt":"2014-10-08T02:35:06","guid":{"rendered":"http:\/\/www.notibras.com\/site\/?p=24222"},"modified":"2014-10-07T23:38:12","modified_gmt":"2014-10-08T02:38:12","slug":"sao-paulo-volta-a-proibir-sacolas-de-plasticos-nos-supermercados","status":"publish","type":"post","link":"https:\/\/www.notibras.com\/site\/sao-paulo-volta-a-proibir-sacolas-de-plasticos-nos-supermercados\/","title":{"rendered":"S\u00e3o Paulo volta a proibir uso de sacolas de pl\u00e1stico em mercado"},"content":{"rendered":"<div class=\"content\">\n<p>A distribui\u00e7\u00e3o gratuita de sacolinhas pl\u00e1sticas voltou a ser proibida nos supermercados da capital paulista. O Tribunal de Justi\u00e7a de S\u00e3o Paulo julgou improcedente uma a\u00e7\u00e3o movida pelo Sindicato da Ind\u00fastria de Material Pl\u00e1stico do Estado de S\u00e3o Paulo (Sindiplast) que questionava uma lei de 2011, aprovada pela C\u00e2mara Municipal de S\u00e3o Paulo, que pro\u00edbe a distribui\u00e7\u00e3o das sacolinhas pl\u00e1sticas pelos supermercados paulistanos.<\/p>\n<p>Por maioria de votos, os desembargadores julgaram a a\u00e7\u00e3o do sindicato improcedente e cassaram a liminar, considerando constitucional a lei que pro\u00edbe a distribui\u00e7\u00e3o das sacolinhas. O sindicato ainda pode recorrer da decis\u00e3o.<\/p>\n<blockquote><p>Por meio de nota \u00e0 imprensa, a Plastivida Instituto S\u00f3cio-Ambiental dos Pl\u00e1sticos informou que &#8220;se esta decis\u00e3o n\u00e3o for revista, haver\u00e1 claro preju\u00edzo ao consumidor paulistano, uma vez que o banimento das sacolas pl\u00e1sticas, segundo estudo da Funda\u00e7\u00e3o Instituto de Pesquisas Econ\u00f4micas , aponta para um aumento do custo mensal das fam\u00edlias com embalagens em 146,1%&#8221;.<\/p><\/blockquote>\n<p>O instituto diz ainda que decis\u00f5es anteriores da Justi\u00e7a consideraram inconstitucional o munic\u00edpio legislar sobre mat\u00e9ria da Uni\u00e3o. &#8220;Munic\u00edpios da pr\u00f3pria Grande S\u00e3o Paulo tiveram leis id\u00eanticas barradas por esse mesmo \u00d3rg\u00e3o Especial, por exemplo Guarulhos, Barueri e Osasco. Portanto, a decis\u00e3o na cidade de S\u00e3o Paulo \u00e9 um claro equ\u00edvoco e desrespeito \u00e0 uniformidade j\u00e1 aclamada pelo pr\u00f3prio Tribunal de Justi\u00e7a do estado&#8221;, diz a nota.<\/p>\n<p>Assim como o Plastivida, o Sindiplast tamb\u00e9m citou, por meio de nota, que h\u00e1 decis\u00f5es anteriores do tribunal sobre o caso e disse tamb\u00e9m que vai tomar as medidas legais cab\u00edveis.<\/p>\n<header>\n<div class=\"node-info\"><strong>Elaine Patricia Cruz, ABr<\/strong><strong><br \/>\n<\/strong><\/div>\n<\/header>\n<\/div>\n","protected":false},"excerpt":{"rendered":"<p>A distribui\u00e7\u00e3o gratuita de sacolinhas pl\u00e1sticas voltou a ser proibida nos supermercados da capital paulista. O Tribunal de Justi\u00e7a de S\u00e3o Paulo julgou improcedente uma a\u00e7\u00e3o movida pelo Sindicato da Ind\u00fastria de Material Pl\u00e1stico do Estado de S\u00e3o Paulo (Sindiplast) que questionava uma lei de 2011, aprovada pela C\u00e2mara Municipal de S\u00e3o Paulo, que pro\u00edbe [&hellip;]<\/p>\n","protected":false},"author":2,"featured_media":24223,"comment_status":"open","ping_status":"closed","sticky":false,"template":"","format":"standard","meta":{"_acf_changed":false,"footnotes":""},"categories":[16],"tags":[],"class_list":["post-24222","post","type-post","status-publish","format-standard","has-post-thumbnail","hentry","category-brasil"],"acf":[],"yoast_head":"<!-- This site is optimized with the Yoast SEO plugin v27.5 - https:\/\/yoast.com\/product\/yoast-seo-wordpress\/ -->\n<title>S\u00e3o Paulo volta a proibir uso de sacolas de pl\u00e1stico em mercado - Notibras<\/title>\n<meta name=\"robots\" content=\"index, follow, max-snippet:-1, max-image-preview:large, max-video-preview:-1\" \/>\n<link rel=\"canonical\" href=\"https:\/\/www.notibras.com\/site\/sao-paulo-volta-a-proibir-sacolas-de-plasticos-nos-supermercados\/\" \/>\n<meta property=\"og:locale\" content=\"pt_BR\" \/>\n<meta property=\"og:type\" content=\"article\" \/>\n<meta property=\"og:title\" content=\"S\u00e3o Paulo volta a proibir uso de sacolas de pl\u00e1stico em mercado - Notibras\" \/>\n<meta property=\"og:description\" content=\"A distribui\u00e7\u00e3o gratuita de sacolinhas pl\u00e1sticas voltou a ser proibida nos supermercados da capital paulista. O Tribunal de Justi\u00e7a de S\u00e3o Paulo julgou improcedente uma a\u00e7\u00e3o movida pelo Sindicato da Ind\u00fastria de Material Pl\u00e1stico do Estado de S\u00e3o Paulo (Sindiplast) que questionava uma lei de 2011, aprovada pela C\u00e2mara Municipal de S\u00e3o Paulo, que pro\u00edbe [&hellip;]\" \/>\n<meta property=\"og:url\" content=\"https:\/\/www.notibras.com\/site\/sao-paulo-volta-a-proibir-sacolas-de-plasticos-nos-supermercados\/\" \/>\n<meta property=\"og:site_name\" content=\"Notibras\" \/>\n<meta property=\"article:publisher\" content=\"https:\/\/www.facebook.com\/notibras\/\" \/>\n<meta property=\"article:published_time\" content=\"2014-10-08T02:35:06+00:00\" \/>\n<meta property=\"article:modified_time\" content=\"2014-10-08T02:38:12+00:00\" \/>\n<meta property=\"og:image\" content=\"https:\/\/www.notibras.com\/site\/wp-content\/uploads\/2014\/10\/Mude-Seus-H\u00e1bitos.jpg\" \/>\n\t<meta property=\"og:image:width\" content=\"590\" \/>\n\t<meta property=\"og:image:height\" content=\"443\" \/>\n\t<meta property=\"og:image:type\" content=\"image\/jpeg\" \/>\n<meta name=\"author\" content=\"Reda\u00e7\u00e3o\" \/>\n<meta name=\"twitter:card\" content=\"summary_large_image\" \/>\n<meta name=\"twitter:creator\" content=\"@Notibras\" \/>\n<meta name=\"twitter:site\" content=\"@Notibras\" \/>\n<meta name=\"twitter:label1\" content=\"Escrito por\" \/>\n\t<meta name=\"twitter:data1\" content=\"Reda\u00e7\u00e3o\" \/>\n\t<meta name=\"twitter:label2\" content=\"Est. tempo de leitura\" \/>\n\t<meta name=\"twitter:data2\" content=\"1 minuto\" \/>\n<script type=\"application\/ld+json\" class=\"yoast-schema-graph\">{\"@context\":\"https:\\\/\\\/schema.org\",\"@graph\":[{\"@type\":\"Article\",\"@id\":\"https:\\\/\\\/www.notibras.com\\\/site\\\/sao-paulo-volta-a-proibir-sacolas-de-plasticos-nos-supermercados\\\/#article\",\"isPartOf\":{\"@id\":\"https:\\\/\\\/www.notibras.com\\\/site\\\/sao-paulo-volta-a-proibir-sacolas-de-plasticos-nos-supermercados\\\/\"},\"author\":{\"name\":\"Reda\u00e7\u00e3o\",\"@id\":\"https:\\\/\\\/www.notibras.com\\\/site\\\/#\\\/schema\\\/person\\\/36ab0979449956132d3e5b517ea76ac8\"},\"headline\":\"S\u00e3o Paulo volta a proibir uso de sacolas de pl\u00e1stico em mercado\",\"datePublished\":\"2014-10-08T02:35:06+00:00\",\"dateModified\":\"2014-10-08T02:38:12+00:00\",\"mainEntityOfPage\":{\"@id\":\"https:\\\/\\\/www.notibras.com\\\/site\\\/sao-paulo-volta-a-proibir-sacolas-de-plasticos-nos-supermercados\\\/\"},\"wordCount\":307,\"commentCount\":0,\"publisher\":{\"@id\":\"https:\\\/\\\/www.notibras.com\\\/site\\\/#organization\"},\"image\":{\"@id\":\"https:\\\/\\\/www.notibras.com\\\/site\\\/sao-paulo-volta-a-proibir-sacolas-de-plasticos-nos-supermercados\\\/#primaryimage\"},\"thumbnailUrl\":\"https:\\\/\\\/www.notibras.com\\\/site\\\/wp-content\\\/uploads\\\/2014\\\/10\\\/Mude-Seus-H\u00e1bitos.jpg\",\"articleSection\":[\"Brasil\"],\"inLanguage\":\"pt-BR\",\"potentialAction\":[{\"@type\":\"CommentAction\",\"name\":\"Comment\",\"target\":[\"https:\\\/\\\/www.notibras.com\\\/site\\\/sao-paulo-volta-a-proibir-sacolas-de-plasticos-nos-supermercados\\\/#respond\"]}]},{\"@type\":\"WebPage\",\"@id\":\"https:\\\/\\\/www.notibras.com\\\/site\\\/sao-paulo-volta-a-proibir-sacolas-de-plasticos-nos-supermercados\\\/\",\"url\":\"https:\\\/\\\/www.notibras.com\\\/site\\\/sao-paulo-volta-a-proibir-sacolas-de-plasticos-nos-supermercados\\\/\",\"name\":\"S\u00e3o Paulo volta a proibir uso de sacolas de pl\u00e1stico em mercado - Notibras\",\"isPartOf\":{\"@id\":\"https:\\\/\\\/www.notibras.com\\\/site\\\/#website\"},\"primaryImageOfPage\":{\"@id\":\"https:\\\/\\\/www.notibras.com\\\/site\\\/sao-paulo-volta-a-proibir-sacolas-de-plasticos-nos-supermercados\\\/#primaryimage\"},\"image\":{\"@id\":\"https:\\\/\\\/www.notibras.com\\\/site\\\/sao-paulo-volta-a-proibir-sacolas-de-plasticos-nos-supermercados\\\/#primaryimage\"},\"thumbnailUrl\":\"https:\\\/\\\/www.notibras.com\\\/site\\\/wp-content\\\/uploads\\\/2014\\\/10\\\/Mude-Seus-H\u00e1bitos.jpg\",\"datePublished\":\"2014-10-08T02:35:06+00:00\",\"dateModified\":\"2014-10-08T02:38:12+00:00\",\"breadcrumb\":{\"@id\":\"https:\\\/\\\/www.notibras.com\\\/site\\\/sao-paulo-volta-a-proibir-sacolas-de-plasticos-nos-supermercados\\\/#breadcrumb\"},\"inLanguage\":\"pt-BR\",\"potentialAction\":[{\"@type\":\"ReadAction\",\"target\":[\"https:\\\/\\\/www.notibras.com\\\/site\\\/sao-paulo-volta-a-proibir-sacolas-de-plasticos-nos-supermercados\\\/\"]}]},{\"@type\":\"ImageObject\",\"inLanguage\":\"pt-BR\",\"@id\":\"https:\\\/\\\/www.notibras.com\\\/site\\\/sao-paulo-volta-a-proibir-sacolas-de-plasticos-nos-supermercados\\\/#primaryimage\",\"url\":\"https:\\\/\\\/www.notibras.com\\\/site\\\/wp-content\\\/uploads\\\/2014\\\/10\\\/Mude-Seus-H\u00e1bitos.jpg\",\"contentUrl\":\"https:\\\/\\\/www.notibras.com\\\/site\\\/wp-content\\\/uploads\\\/2014\\\/10\\\/Mude-Seus-H\u00e1bitos.jpg\",\"width\":590,\"height\":443},{\"@type\":\"BreadcrumbList\",\"@id\":\"https:\\\/\\\/www.notibras.com\\\/site\\\/sao-paulo-volta-a-proibir-sacolas-de-plasticos-nos-supermercados\\\/#breadcrumb\",\"itemListElement\":[{\"@type\":\"ListItem\",\"position\":1,\"name\":\"In\u00edcio\",\"item\":\"https:\\\/\\\/www.notibras.com\\\/site\\\/\"},{\"@type\":\"ListItem\",\"position\":2,\"name\":\"S\u00e3o Paulo volta a proibir uso de sacolas de pl\u00e1stico em mercado\"}]},{\"@type\":\"WebSite\",\"@id\":\"https:\\\/\\\/www.notibras.com\\\/site\\\/#website\",\"url\":\"https:\\\/\\\/www.notibras.com\\\/site\\\/\",\"name\":\"Notibras\",\"description\":\"Not\u00edcias de Bras\u00edlia, do Brasil e do Mundo\",\"publisher\":{\"@id\":\"https:\\\/\\\/www.notibras.com\\\/site\\\/#organization\"},\"potentialAction\":[{\"@type\":\"SearchAction\",\"target\":{\"@type\":\"EntryPoint\",\"urlTemplate\":\"https:\\\/\\\/www.notibras.com\\\/site\\\/?s={search_term_string}\"},\"query-input\":{\"@type\":\"PropertyValueSpecification\",\"valueRequired\":true,\"valueName\":\"search_term_string\"}}],\"inLanguage\":\"pt-BR\"},{\"@type\":\"Organization\",\"@id\":\"https:\\\/\\\/www.notibras.com\\\/site\\\/#organization\",\"name\":\"Grupo Notibras de Comunica\u00e7\u00e3o\",\"url\":\"https:\\\/\\\/www.notibras.com\\\/site\\\/\",\"logo\":{\"@type\":\"ImageObject\",\"inLanguage\":\"pt-BR\",\"@id\":\"https:\\\/\\\/www.notibras.com\\\/site\\\/#\\\/schema\\\/logo\\\/image\\\/\",\"url\":\"https:\\\/\\\/www.notibras.com\\\/site\\\/wp-content\\\/uploads\\\/2023\\\/01\\\/notibras23.png\",\"contentUrl\":\"https:\\\/\\\/www.notibras.com\\\/site\\\/wp-content\\\/uploads\\\/2023\\\/01\\\/notibras23.png\",\"width\":350,\"height\":87,\"caption\":\"Grupo Notibras de Comunica\u00e7\u00e3o\"},\"image\":{\"@id\":\"https:\\\/\\\/www.notibras.com\\\/site\\\/#\\\/schema\\\/logo\\\/image\\\/\"},\"sameAs\":[\"https:\\\/\\\/www.facebook.com\\\/notibras\\\/\",\"https:\\\/\\\/x.com\\\/Notibras\",\"https:\\\/\\\/www.instagram.com\\\/notibras\\\/\"]},{\"@type\":\"Person\",\"@id\":\"https:\\\/\\\/www.notibras.com\\\/site\\\/#\\\/schema\\\/person\\\/36ab0979449956132d3e5b517ea76ac8\",\"name\":\"Reda\u00e7\u00e3o\",\"image\":{\"@type\":\"ImageObject\",\"inLanguage\":\"pt-BR\",\"@id\":\"https:\\\/\\\/secure.gravatar.com\\\/avatar\\\/e0a867bdedb85fd243eadf09663511f96fc81e0720a4a42581f334ad4303aa6b?s=96&d=mm&r=g\",\"url\":\"https:\\\/\\\/secure.gravatar.com\\\/avatar\\\/e0a867bdedb85fd243eadf09663511f96fc81e0720a4a42581f334ad4303aa6b?s=96&d=mm&r=g\",\"contentUrl\":\"https:\\\/\\\/secure.gravatar.com\\\/avatar\\\/e0a867bdedb85fd243eadf09663511f96fc81e0720a4a42581f334ad4303aa6b?s=96&d=mm&r=g\",\"caption\":\"Reda\u00e7\u00e3o\"}}]}<\/script>\n<!-- \/ Yoast SEO plugin. -->","yoast_head_json":{"title":"S\u00e3o Paulo volta a proibir uso de sacolas de pl\u00e1stico em mercado - Notibras","robots":{"index":"index","follow":"follow","max-snippet":"max-snippet:-1","max-image-preview":"max-image-preview:large","max-video-preview":"max-video-preview:-1"},"canonical":"https:\/\/www.notibras.com\/site\/sao-paulo-volta-a-proibir-sacolas-de-plasticos-nos-supermercados\/","og_locale":"pt_BR","og_type":"article","og_title":"S\u00e3o Paulo volta a proibir uso de sacolas de pl\u00e1stico em mercado - Notibras","og_description":"A distribui\u00e7\u00e3o gratuita de sacolinhas pl\u00e1sticas voltou a ser proibida nos supermercados da capital paulista. O Tribunal de Justi\u00e7a de S\u00e3o Paulo julgou improcedente uma a\u00e7\u00e3o movida pelo Sindicato da Ind\u00fastria de Material Pl\u00e1stico do Estado de S\u00e3o Paulo (Sindiplast) que questionava uma lei de 2011, aprovada pela C\u00e2mara Municipal de S\u00e3o Paulo, que pro\u00edbe [&hellip;]","og_url":"https:\/\/www.notibras.com\/site\/sao-paulo-volta-a-proibir-sacolas-de-plasticos-nos-supermercados\/","og_site_name":"Notibras","article_publisher":"https:\/\/www.facebook.com\/notibras\/","article_published_time":"2014-10-08T02:35:06+00:00","article_modified_time":"2014-10-08T02:38:12+00:00","og_image":[{"width":590,"height":443,"url":"https:\/\/www.notibras.com\/site\/wp-content\/uploads\/2014\/10\/Mude-Seus-H\u00e1bitos.jpg","type":"image\/jpeg"}],"author":"Reda\u00e7\u00e3o","twitter_card":"summary_large_image","twitter_creator":"@Notibras","twitter_site":"@Notibras","twitter_misc":{"Escrito por":"Reda\u00e7\u00e3o","Est. tempo de leitura":"1 minuto"},"schema":{"@context":"https:\/\/schema.org","@graph":[{"@type":"Article","@id":"https:\/\/www.notibras.com\/site\/sao-paulo-volta-a-proibir-sacolas-de-plasticos-nos-supermercados\/#article","isPartOf":{"@id":"https:\/\/www.notibras.com\/site\/sao-paulo-volta-a-proibir-sacolas-de-plasticos-nos-supermercados\/"},"author":{"name":"Reda\u00e7\u00e3o","@id":"https:\/\/www.notibras.com\/site\/#\/schema\/person\/36ab0979449956132d3e5b517ea76ac8"},"headline":"S\u00e3o Paulo volta a proibir uso de sacolas de pl\u00e1stico em mercado","datePublished":"2014-10-08T02:35:06+00:00","dateModified":"2014-10-08T02:38:12+00:00","mainEntityOfPage":{"@id":"https:\/\/www.notibras.com\/site\/sao-paulo-volta-a-proibir-sacolas-de-plasticos-nos-supermercados\/"},"wordCount":307,"commentCount":0,"publisher":{"@id":"https:\/\/www.notibras.com\/site\/#organization"},"image":{"@id":"https:\/\/www.notibras.com\/site\/sao-paulo-volta-a-proibir-sacolas-de-plasticos-nos-supermercados\/#primaryimage"},"thumbnailUrl":"https:\/\/www.notibras.com\/site\/wp-content\/uploads\/2014\/10\/Mude-Seus-H\u00e1bitos.jpg","articleSection":["Brasil"],"inLanguage":"pt-BR","potentialAction":[{"@type":"CommentAction","name":"Comment","target":["https:\/\/www.notibras.com\/site\/sao-paulo-volta-a-proibir-sacolas-de-plasticos-nos-supermercados\/#respond"]}]},{"@type":"WebPage","@id":"https:\/\/www.notibras.com\/site\/sao-paulo-volta-a-proibir-sacolas-de-plasticos-nos-supermercados\/","url":"https:\/\/www.notibras.com\/site\/sao-paulo-volta-a-proibir-sacolas-de-plasticos-nos-supermercados\/","name":"S\u00e3o Paulo volta a proibir uso de sacolas de pl\u00e1stico em mercado - Notibras","isPartOf":{"@id":"https:\/\/www.notibras.com\/site\/#website"},"primaryImageOfPage":{"@id":"https:\/\/www.notibras.com\/site\/sao-paulo-volta-a-proibir-sacolas-de-plasticos-nos-supermercados\/#primaryimage"},"image":{"@id":"https:\/\/www.notibras.com\/site\/sao-paulo-volta-a-proibir-sacolas-de-plasticos-nos-supermercados\/#primaryimage"},"thumbnailUrl":"https:\/\/www.notibras.com\/site\/wp-content\/uploads\/2014\/10\/Mude-Seus-H\u00e1bitos.jpg","datePublished":"2014-10-08T02:35:06+00:00","dateModified":"2014-10-08T02:38:12+00:00","breadcrumb":{"@id":"https:\/\/www.notibras.com\/site\/sao-paulo-volta-a-proibir-sacolas-de-plasticos-nos-supermercados\/#breadcrumb"},"inLanguage":"pt-BR","potentialAction":[{"@type":"ReadAction","target":["https:\/\/www.notibras.com\/site\/sao-paulo-volta-a-proibir-sacolas-de-plasticos-nos-supermercados\/"]}]},{"@type":"ImageObject","inLanguage":"pt-BR","@id":"https:\/\/www.notibras.com\/site\/sao-paulo-volta-a-proibir-sacolas-de-plasticos-nos-supermercados\/#primaryimage","url":"https:\/\/www.notibras.com\/site\/wp-content\/uploads\/2014\/10\/Mude-Seus-H\u00e1bitos.jpg","contentUrl":"https:\/\/www.notibras.com\/site\/wp-content\/uploads\/2014\/10\/Mude-Seus-H\u00e1bitos.jpg","width":590,"height":443},{"@type":"BreadcrumbList","@id":"https:\/\/www.notibras.com\/site\/sao-paulo-volta-a-proibir-sacolas-de-plasticos-nos-supermercados\/#breadcrumb","itemListElement":[{"@type":"ListItem","position":1,"name":"In\u00edcio","item":"https:\/\/www.notibras.com\/site\/"},{"@type":"ListItem","position":2,"name":"S\u00e3o Paulo volta a proibir uso de sacolas de pl\u00e1stico em mercado"}]},{"@type":"WebSite","@id":"https:\/\/www.notibras.com\/site\/#website","url":"https:\/\/www.notibras.com\/site\/","name":"Notibras","description":"Not\u00edcias de Bras\u00edlia, do Brasil e do Mundo","publisher":{"@id":"https:\/\/www.notibras.com\/site\/#organization"},"potentialAction":[{"@type":"SearchAction","target":{"@type":"EntryPoint","urlTemplate":"https:\/\/www.notibras.com\/site\/?s={search_term_string}"},"query-input":{"@type":"PropertyValueSpecification","valueRequired":true,"valueName":"search_term_string"}}],"inLanguage":"pt-BR"},{"@type":"Organization","@id":"https:\/\/www.notibras.com\/site\/#organization","name":"Grupo Notibras de Comunica\u00e7\u00e3o","url":"https:\/\/www.notibras.com\/site\/","logo":{"@type":"ImageObject","inLanguage":"pt-BR","@id":"https:\/\/www.notibras.com\/site\/#\/schema\/logo\/image\/","url":"https:\/\/www.notibras.com\/site\/wp-content\/uploads\/2023\/01\/notibras23.png","contentUrl":"https:\/\/www.notibras.com\/site\/wp-content\/uploads\/2023\/01\/notibras23.png","width":350,"height":87,"caption":"Grupo Notibras de Comunica\u00e7\u00e3o"},"image":{"@id":"https:\/\/www.notibras.com\/site\/#\/schema\/logo\/image\/"},"sameAs":["https:\/\/www.facebook.com\/notibras\/","https:\/\/x.com\/Notibras","https:\/\/www.instagram.com\/notibras\/"]},{"@type":"Person","@id":"https:\/\/www.notibras.com\/site\/#\/schema\/person\/36ab0979449956132d3e5b517ea76ac8","name":"Reda\u00e7\u00e3o","image":{"@type":"ImageObject","inLanguage":"pt-BR","@id":"https:\/\/secure.gravatar.com\/avatar\/e0a867bdedb85fd243eadf09663511f96fc81e0720a4a42581f334ad4303aa6b?s=96&d=mm&r=g","url":"https:\/\/secure.gravatar.com\/avatar\/e0a867bdedb85fd243eadf09663511f96fc81e0720a4a42581f334ad4303aa6b?s=96&d=mm&r=g","contentUrl":"https:\/\/secure.gravatar.com\/avatar\/e0a867bdedb85fd243eadf09663511f96fc81e0720a4a42581f334ad4303aa6b?s=96&d=mm&r=g","caption":"Reda\u00e7\u00e3o"}}]}},"amp_enabled":true,"_links":{"self":[{"href":"https:\/\/www.notibras.com\/site\/wp-json\/wp\/v2\/posts\/24222","targetHints":{"allow":["GET"]}}],"collection":[{"href":"https:\/\/www.notibras.com\/site\/wp-json\/wp\/v2\/posts"}],"about":[{"href":"https:\/\/www.notibras.com\/site\/wp-json\/wp\/v2\/types\/post"}],"author":[{"embeddable":true,"href":"https:\/\/www.notibras.com\/site\/wp-json\/wp\/v2\/users\/2"}],"replies":[{"embeddable":true,"href":"https:\/\/www.notibras.com\/site\/wp-json\/wp\/v2\/comments?post=24222"}],"version-history":[{"count":0,"href":"https:\/\/www.notibras.com\/site\/wp-json\/wp\/v2\/posts\/24222\/revisions"}],"wp:featuredmedia":[{"embeddable":true,"href":"https:\/\/www.notibras.com\/site\/wp-json\/wp\/v2\/media\/24223"}],"wp:attachment":[{"href":"https:\/\/www.notibras.com\/site\/wp-json\/wp\/v2\/media?parent=24222"}],"wp:term":[{"taxonomy":"category","embeddable":true,"href":"https:\/\/www.notibras.com\/site\/wp-json\/wp\/v2\/categories?post=24222"},{"taxonomy":"post_tag","embeddable":true,"href":"https:\/\/www.notibras.com\/site\/wp-json\/wp\/v2\/tags?post=24222"}],"curies":[{"name":"wp","href":"https:\/\/api.w.org\/{rel}","templated":true}]}}