{"id":24227,"date":"2014-10-07T22:53:31","date_gmt":"2014-10-08T01:53:31","guid":{"rendered":"http:\/\/www.notibras.com\/site\/?p=24227"},"modified":"2014-10-07T23:55:16","modified_gmt":"2014-10-08T02:55:16","slug":"estudo-do-dieese-mostra-queda-no-preco-da-cesta-basica-em-11-capitais","status":"publish","type":"post","link":"https:\/\/www.notibras.com\/site\/estudo-do-dieese-mostra-queda-no-preco-da-cesta-basica-em-11-capitais\/","title":{"rendered":"Estudo do Dieese mostra queda no pre\u00e7o da cesta b\u00e1sica em 11 capitais"},"content":{"rendered":"<p>O pre\u00e7o da cesta b\u00e1sica caiu em 11 das 18 capitais brasileiras analisadas pela Pesquisa da Cesta B\u00e1sica de Alimentos, que \u00e9 divulgada todos os meses pelo Departamento Intersindical de Estat\u00edstica e Estudos Sociecon\u00f4micos (Dieese).<\/p>\n<p>As maiores quedas ocorreram no Recife (-1,99%), em S\u00e3o Paulo (-1,39%) e Natal (-1,18%). J\u00e1 as altas ocorreram em Goi\u00e2nia (1,36%), Aracaju (1,15%), Bras\u00edlia (1,10%), Porto Alegre (0,62%), Manaus (0,26%) e Florian\u00f3polis (0,04%).<\/p>\n<p>A cesta mais cara, entre as 18 capitais brasileiras analisadas, \u00e9 a de Florian\u00f3polis (R$ 340,76), seguida por S\u00e3o Paulo (R$ 333,12). A cesta mais barata \u00e9 a de Aracaju (R$ 233,18).<\/p>\n<blockquote><p>Entre os produtos que comp\u00f5em a cesta b\u00e1sica do Dieese que apresentaram queda est\u00e3o o \u00f3leo de soja, tomate, feij\u00e3o e a batata, com redu\u00e7\u00e3o na maior parte das localidades. Por outro lado, a carne bovina apresentou aumento de pre\u00e7o em todas as capitais analisadas. O leite, o arroz e o p\u00e3o franc\u00eas foram outros produtos que apresentaram aumento de pre\u00e7o na maior parte das capitais.<\/p><\/blockquote>\n<p>A Constitui\u00e7\u00e3o estabelece que o sal\u00e1rio m\u00ednimo deve suprir despesas com alimenta\u00e7\u00e3o, moradia, sa\u00fade, educa\u00e7\u00e3o, vestu\u00e1rio, higiene, transporte, lazer e previd\u00eancia. O Dieese estima que o sal\u00e1rio m\u00ednimo ideal, em setembro, seria de R$ 2.862,73, valor 3,95 vezes superior ao valor do sal\u00e1rio m\u00ednimo atual de R$ 724,00.<\/p>\n","protected":false},"excerpt":{"rendered":"<p>O pre\u00e7o da cesta b\u00e1sica caiu em 11 das 18 capitais brasileiras analisadas pela Pesquisa da Cesta B\u00e1sica de Alimentos, que \u00e9 divulgada todos os meses pelo Departamento Intersindical de Estat\u00edstica e Estudos Sociecon\u00f4micos (Dieese). As maiores quedas ocorreram no Recife (-1,99%), em S\u00e3o Paulo (-1,39%) e Natal (-1,18%). J\u00e1 as altas ocorreram em Goi\u00e2nia [&hellip;]<\/p>\n","protected":false},"author":2,"featured_media":24228,"comment_status":"open","ping_status":"closed","sticky":false,"template":"","format":"standard","meta":{"_acf_changed":false,"footnotes":""},"categories":[16],"tags":[],"class_list":["post-24227","post","type-post","status-publish","format-standard","has-post-thumbnail","hentry","category-brasil"],"acf":[],"yoast_head":"<!-- This site is optimized with the Yoast SEO plugin v27.5 - https:\/\/yoast.com\/product\/yoast-seo-wordpress\/ -->\n<title>Estudo do Dieese mostra queda no pre\u00e7o da cesta b\u00e1sica em 11 capitais - Notibras<\/title>\n<meta name=\"robots\" content=\"index, follow, max-snippet:-1, max-image-preview:large, max-video-preview:-1\" \/>\n<link rel=\"canonical\" href=\"https:\/\/www.notibras.com\/site\/estudo-do-dieese-mostra-queda-no-preco-da-cesta-basica-em-11-capitais\/\" \/>\n<meta property=\"og:locale\" content=\"pt_BR\" \/>\n<meta property=\"og:type\" content=\"article\" \/>\n<meta property=\"og:title\" content=\"Estudo do Dieese mostra queda no pre\u00e7o da cesta b\u00e1sica em 11 capitais - Notibras\" \/>\n<meta property=\"og:description\" content=\"O pre\u00e7o da cesta b\u00e1sica caiu em 11 das 18 capitais brasileiras analisadas pela Pesquisa da Cesta B\u00e1sica de Alimentos, que \u00e9 divulgada todos os meses pelo Departamento Intersindical de Estat\u00edstica e Estudos Sociecon\u00f4micos (Dieese). As maiores quedas ocorreram no Recife (-1,99%), em S\u00e3o Paulo (-1,39%) e Natal (-1,18%). J\u00e1 as altas ocorreram em Goi\u00e2nia [&hellip;]\" \/>\n<meta property=\"og:url\" content=\"https:\/\/www.notibras.com\/site\/estudo-do-dieese-mostra-queda-no-preco-da-cesta-basica-em-11-capitais\/\" \/>\n<meta property=\"og:site_name\" content=\"Notibras\" \/>\n<meta property=\"article:publisher\" content=\"https:\/\/www.facebook.com\/notibras\/\" \/>\n<meta property=\"article:published_time\" content=\"2014-10-08T01:53:31+00:00\" \/>\n<meta property=\"article:modified_time\" content=\"2014-10-08T02:55:16+00:00\" \/>\n<meta property=\"og:image\" content=\"https:\/\/www.notibras.com\/site\/wp-content\/uploads\/2014\/10\/supermercados.jpg\" \/>\n\t<meta property=\"og:image:width\" content=\"580\" \/>\n\t<meta property=\"og:image:height\" content=\"388\" \/>\n\t<meta property=\"og:image:type\" content=\"image\/jpeg\" \/>\n<meta name=\"author\" content=\"Reda\u00e7\u00e3o\" \/>\n<meta name=\"twitter:card\" content=\"summary_large_image\" \/>\n<meta name=\"twitter:creator\" content=\"@Notibras\" \/>\n<meta name=\"twitter:site\" content=\"@Notibras\" \/>\n<meta name=\"twitter:label1\" content=\"Escrito por\" \/>\n\t<meta name=\"twitter:data1\" content=\"Reda\u00e7\u00e3o\" \/>\n\t<meta name=\"twitter:label2\" content=\"Est. tempo de leitura\" \/>\n\t<meta name=\"twitter:data2\" content=\"1 minuto\" \/>\n<script type=\"application\/ld+json\" class=\"yoast-schema-graph\">{\"@context\":\"https:\\\/\\\/schema.org\",\"@graph\":[{\"@type\":\"Article\",\"@id\":\"https:\\\/\\\/www.notibras.com\\\/site\\\/estudo-do-dieese-mostra-queda-no-preco-da-cesta-basica-em-11-capitais\\\/#article\",\"isPartOf\":{\"@id\":\"https:\\\/\\\/www.notibras.com\\\/site\\\/estudo-do-dieese-mostra-queda-no-preco-da-cesta-basica-em-11-capitais\\\/\"},\"author\":{\"name\":\"Reda\u00e7\u00e3o\",\"@id\":\"https:\\\/\\\/www.notibras.com\\\/site\\\/#\\\/schema\\\/person\\\/36ab0979449956132d3e5b517ea76ac8\"},\"headline\":\"Estudo do Dieese mostra queda no pre\u00e7o da cesta b\u00e1sica em 11 capitais\",\"datePublished\":\"2014-10-08T01:53:31+00:00\",\"dateModified\":\"2014-10-08T02:55:16+00:00\",\"mainEntityOfPage\":{\"@id\":\"https:\\\/\\\/www.notibras.com\\\/site\\\/estudo-do-dieese-mostra-queda-no-preco-da-cesta-basica-em-11-capitais\\\/\"},\"wordCount\":242,\"commentCount\":0,\"publisher\":{\"@id\":\"https:\\\/\\\/www.notibras.com\\\/site\\\/#organization\"},\"image\":{\"@id\":\"https:\\\/\\\/www.notibras.com\\\/site\\\/estudo-do-dieese-mostra-queda-no-preco-da-cesta-basica-em-11-capitais\\\/#primaryimage\"},\"thumbnailUrl\":\"https:\\\/\\\/www.notibras.com\\\/site\\\/wp-content\\\/uploads\\\/2014\\\/10\\\/supermercados.jpg\",\"articleSection\":[\"Brasil\"],\"inLanguage\":\"pt-BR\",\"potentialAction\":[{\"@type\":\"CommentAction\",\"name\":\"Comment\",\"target\":[\"https:\\\/\\\/www.notibras.com\\\/site\\\/estudo-do-dieese-mostra-queda-no-preco-da-cesta-basica-em-11-capitais\\\/#respond\"]}]},{\"@type\":\"WebPage\",\"@id\":\"https:\\\/\\\/www.notibras.com\\\/site\\\/estudo-do-dieese-mostra-queda-no-preco-da-cesta-basica-em-11-capitais\\\/\",\"url\":\"https:\\\/\\\/www.notibras.com\\\/site\\\/estudo-do-dieese-mostra-queda-no-preco-da-cesta-basica-em-11-capitais\\\/\",\"name\":\"Estudo do Dieese mostra queda no pre\u00e7o da cesta b\u00e1sica em 11 capitais - Notibras\",\"isPartOf\":{\"@id\":\"https:\\\/\\\/www.notibras.com\\\/site\\\/#website\"},\"primaryImageOfPage\":{\"@id\":\"https:\\\/\\\/www.notibras.com\\\/site\\\/estudo-do-dieese-mostra-queda-no-preco-da-cesta-basica-em-11-capitais\\\/#primaryimage\"},\"image\":{\"@id\":\"https:\\\/\\\/www.notibras.com\\\/site\\\/estudo-do-dieese-mostra-queda-no-preco-da-cesta-basica-em-11-capitais\\\/#primaryimage\"},\"thumbnailUrl\":\"https:\\\/\\\/www.notibras.com\\\/site\\\/wp-content\\\/uploads\\\/2014\\\/10\\\/supermercados.jpg\",\"datePublished\":\"2014-10-08T01:53:31+00:00\",\"dateModified\":\"2014-10-08T02:55:16+00:00\",\"breadcrumb\":{\"@id\":\"https:\\\/\\\/www.notibras.com\\\/site\\\/estudo-do-dieese-mostra-queda-no-preco-da-cesta-basica-em-11-capitais\\\/#breadcrumb\"},\"inLanguage\":\"pt-BR\",\"potentialAction\":[{\"@type\":\"ReadAction\",\"target\":[\"https:\\\/\\\/www.notibras.com\\\/site\\\/estudo-do-dieese-mostra-queda-no-preco-da-cesta-basica-em-11-capitais\\\/\"]}]},{\"@type\":\"ImageObject\",\"inLanguage\":\"pt-BR\",\"@id\":\"https:\\\/\\\/www.notibras.com\\\/site\\\/estudo-do-dieese-mostra-queda-no-preco-da-cesta-basica-em-11-capitais\\\/#primaryimage\",\"url\":\"https:\\\/\\\/www.notibras.com\\\/site\\\/wp-content\\\/uploads\\\/2014\\\/10\\\/supermercados.jpg\",\"contentUrl\":\"https:\\\/\\\/www.notibras.com\\\/site\\\/wp-content\\\/uploads\\\/2014\\\/10\\\/supermercados.jpg\",\"width\":580,\"height\":388},{\"@type\":\"BreadcrumbList\",\"@id\":\"https:\\\/\\\/www.notibras.com\\\/site\\\/estudo-do-dieese-mostra-queda-no-preco-da-cesta-basica-em-11-capitais\\\/#breadcrumb\",\"itemListElement\":[{\"@type\":\"ListItem\",\"position\":1,\"name\":\"In\u00edcio\",\"item\":\"https:\\\/\\\/www.notibras.com\\\/site\\\/\"},{\"@type\":\"ListItem\",\"position\":2,\"name\":\"Estudo do Dieese mostra queda no pre\u00e7o da cesta b\u00e1sica em 11 capitais\"}]},{\"@type\":\"WebSite\",\"@id\":\"https:\\\/\\\/www.notibras.com\\\/site\\\/#website\",\"url\":\"https:\\\/\\\/www.notibras.com\\\/site\\\/\",\"name\":\"Notibras\",\"description\":\"Not\u00edcias de Bras\u00edlia, do Brasil e do Mundo\",\"publisher\":{\"@id\":\"https:\\\/\\\/www.notibras.com\\\/site\\\/#organization\"},\"potentialAction\":[{\"@type\":\"SearchAction\",\"target\":{\"@type\":\"EntryPoint\",\"urlTemplate\":\"https:\\\/\\\/www.notibras.com\\\/site\\\/?s={search_term_string}\"},\"query-input\":{\"@type\":\"PropertyValueSpecification\",\"valueRequired\":true,\"valueName\":\"search_term_string\"}}],\"inLanguage\":\"pt-BR\"},{\"@type\":\"Organization\",\"@id\":\"https:\\\/\\\/www.notibras.com\\\/site\\\/#organization\",\"name\":\"Grupo Notibras de Comunica\u00e7\u00e3o\",\"url\":\"https:\\\/\\\/www.notibras.com\\\/site\\\/\",\"logo\":{\"@type\":\"ImageObject\",\"inLanguage\":\"pt-BR\",\"@id\":\"https:\\\/\\\/www.notibras.com\\\/site\\\/#\\\/schema\\\/logo\\\/image\\\/\",\"url\":\"https:\\\/\\\/www.notibras.com\\\/site\\\/wp-content\\\/uploads\\\/2023\\\/01\\\/notibras23.png\",\"contentUrl\":\"https:\\\/\\\/www.notibras.com\\\/site\\\/wp-content\\\/uploads\\\/2023\\\/01\\\/notibras23.png\",\"width\":350,\"height\":87,\"caption\":\"Grupo Notibras de Comunica\u00e7\u00e3o\"},\"image\":{\"@id\":\"https:\\\/\\\/www.notibras.com\\\/site\\\/#\\\/schema\\\/logo\\\/image\\\/\"},\"sameAs\":[\"https:\\\/\\\/www.facebook.com\\\/notibras\\\/\",\"https:\\\/\\\/x.com\\\/Notibras\",\"https:\\\/\\\/www.instagram.com\\\/notibras\\\/\"]},{\"@type\":\"Person\",\"@id\":\"https:\\\/\\\/www.notibras.com\\\/site\\\/#\\\/schema\\\/person\\\/36ab0979449956132d3e5b517ea76ac8\",\"name\":\"Reda\u00e7\u00e3o\",\"image\":{\"@type\":\"ImageObject\",\"inLanguage\":\"pt-BR\",\"@id\":\"https:\\\/\\\/secure.gravatar.com\\\/avatar\\\/e0a867bdedb85fd243eadf09663511f96fc81e0720a4a42581f334ad4303aa6b?s=96&d=mm&r=g\",\"url\":\"https:\\\/\\\/secure.gravatar.com\\\/avatar\\\/e0a867bdedb85fd243eadf09663511f96fc81e0720a4a42581f334ad4303aa6b?s=96&d=mm&r=g\",\"contentUrl\":\"https:\\\/\\\/secure.gravatar.com\\\/avatar\\\/e0a867bdedb85fd243eadf09663511f96fc81e0720a4a42581f334ad4303aa6b?s=96&d=mm&r=g\",\"caption\":\"Reda\u00e7\u00e3o\"}}]}<\/script>\n<!-- \/ Yoast SEO plugin. -->","yoast_head_json":{"title":"Estudo do Dieese mostra queda no pre\u00e7o da cesta b\u00e1sica em 11 capitais - Notibras","robots":{"index":"index","follow":"follow","max-snippet":"max-snippet:-1","max-image-preview":"max-image-preview:large","max-video-preview":"max-video-preview:-1"},"canonical":"https:\/\/www.notibras.com\/site\/estudo-do-dieese-mostra-queda-no-preco-da-cesta-basica-em-11-capitais\/","og_locale":"pt_BR","og_type":"article","og_title":"Estudo do Dieese mostra queda no pre\u00e7o da cesta b\u00e1sica em 11 capitais - Notibras","og_description":"O pre\u00e7o da cesta b\u00e1sica caiu em 11 das 18 capitais brasileiras analisadas pela Pesquisa da Cesta B\u00e1sica de Alimentos, que \u00e9 divulgada todos os meses pelo Departamento Intersindical de Estat\u00edstica e Estudos Sociecon\u00f4micos (Dieese). As maiores quedas ocorreram no Recife (-1,99%), em S\u00e3o Paulo (-1,39%) e Natal (-1,18%). J\u00e1 as altas ocorreram em Goi\u00e2nia [&hellip;]","og_url":"https:\/\/www.notibras.com\/site\/estudo-do-dieese-mostra-queda-no-preco-da-cesta-basica-em-11-capitais\/","og_site_name":"Notibras","article_publisher":"https:\/\/www.facebook.com\/notibras\/","article_published_time":"2014-10-08T01:53:31+00:00","article_modified_time":"2014-10-08T02:55:16+00:00","og_image":[{"width":580,"height":388,"url":"https:\/\/www.notibras.com\/site\/wp-content\/uploads\/2014\/10\/supermercados.jpg","type":"image\/jpeg"}],"author":"Reda\u00e7\u00e3o","twitter_card":"summary_large_image","twitter_creator":"@Notibras","twitter_site":"@Notibras","twitter_misc":{"Escrito por":"Reda\u00e7\u00e3o","Est. tempo de leitura":"1 minuto"},"schema":{"@context":"https:\/\/schema.org","@graph":[{"@type":"Article","@id":"https:\/\/www.notibras.com\/site\/estudo-do-dieese-mostra-queda-no-preco-da-cesta-basica-em-11-capitais\/#article","isPartOf":{"@id":"https:\/\/www.notibras.com\/site\/estudo-do-dieese-mostra-queda-no-preco-da-cesta-basica-em-11-capitais\/"},"author":{"name":"Reda\u00e7\u00e3o","@id":"https:\/\/www.notibras.com\/site\/#\/schema\/person\/36ab0979449956132d3e5b517ea76ac8"},"headline":"Estudo do Dieese mostra queda no pre\u00e7o da cesta b\u00e1sica em 11 capitais","datePublished":"2014-10-08T01:53:31+00:00","dateModified":"2014-10-08T02:55:16+00:00","mainEntityOfPage":{"@id":"https:\/\/www.notibras.com\/site\/estudo-do-dieese-mostra-queda-no-preco-da-cesta-basica-em-11-capitais\/"},"wordCount":242,"commentCount":0,"publisher":{"@id":"https:\/\/www.notibras.com\/site\/#organization"},"image":{"@id":"https:\/\/www.notibras.com\/site\/estudo-do-dieese-mostra-queda-no-preco-da-cesta-basica-em-11-capitais\/#primaryimage"},"thumbnailUrl":"https:\/\/www.notibras.com\/site\/wp-content\/uploads\/2014\/10\/supermercados.jpg","articleSection":["Brasil"],"inLanguage":"pt-BR","potentialAction":[{"@type":"CommentAction","name":"Comment","target":["https:\/\/www.notibras.com\/site\/estudo-do-dieese-mostra-queda-no-preco-da-cesta-basica-em-11-capitais\/#respond"]}]},{"@type":"WebPage","@id":"https:\/\/www.notibras.com\/site\/estudo-do-dieese-mostra-queda-no-preco-da-cesta-basica-em-11-capitais\/","url":"https:\/\/www.notibras.com\/site\/estudo-do-dieese-mostra-queda-no-preco-da-cesta-basica-em-11-capitais\/","name":"Estudo do Dieese mostra queda no pre\u00e7o da cesta b\u00e1sica em 11 capitais - Notibras","isPartOf":{"@id":"https:\/\/www.notibras.com\/site\/#website"},"primaryImageOfPage":{"@id":"https:\/\/www.notibras.com\/site\/estudo-do-dieese-mostra-queda-no-preco-da-cesta-basica-em-11-capitais\/#primaryimage"},"image":{"@id":"https:\/\/www.notibras.com\/site\/estudo-do-dieese-mostra-queda-no-preco-da-cesta-basica-em-11-capitais\/#primaryimage"},"thumbnailUrl":"https:\/\/www.notibras.com\/site\/wp-content\/uploads\/2014\/10\/supermercados.jpg","datePublished":"2014-10-08T01:53:31+00:00","dateModified":"2014-10-08T02:55:16+00:00","breadcrumb":{"@id":"https:\/\/www.notibras.com\/site\/estudo-do-dieese-mostra-queda-no-preco-da-cesta-basica-em-11-capitais\/#breadcrumb"},"inLanguage":"pt-BR","potentialAction":[{"@type":"ReadAction","target":["https:\/\/www.notibras.com\/site\/estudo-do-dieese-mostra-queda-no-preco-da-cesta-basica-em-11-capitais\/"]}]},{"@type":"ImageObject","inLanguage":"pt-BR","@id":"https:\/\/www.notibras.com\/site\/estudo-do-dieese-mostra-queda-no-preco-da-cesta-basica-em-11-capitais\/#primaryimage","url":"https:\/\/www.notibras.com\/site\/wp-content\/uploads\/2014\/10\/supermercados.jpg","contentUrl":"https:\/\/www.notibras.com\/site\/wp-content\/uploads\/2014\/10\/supermercados.jpg","width":580,"height":388},{"@type":"BreadcrumbList","@id":"https:\/\/www.notibras.com\/site\/estudo-do-dieese-mostra-queda-no-preco-da-cesta-basica-em-11-capitais\/#breadcrumb","itemListElement":[{"@type":"ListItem","position":1,"name":"In\u00edcio","item":"https:\/\/www.notibras.com\/site\/"},{"@type":"ListItem","position":2,"name":"Estudo do Dieese mostra queda no pre\u00e7o da cesta b\u00e1sica em 11 capitais"}]},{"@type":"WebSite","@id":"https:\/\/www.notibras.com\/site\/#website","url":"https:\/\/www.notibras.com\/site\/","name":"Notibras","description":"Not\u00edcias de Bras\u00edlia, do Brasil e do Mundo","publisher":{"@id":"https:\/\/www.notibras.com\/site\/#organization"},"potentialAction":[{"@type":"SearchAction","target":{"@type":"EntryPoint","urlTemplate":"https:\/\/www.notibras.com\/site\/?s={search_term_string}"},"query-input":{"@type":"PropertyValueSpecification","valueRequired":true,"valueName":"search_term_string"}}],"inLanguage":"pt-BR"},{"@type":"Organization","@id":"https:\/\/www.notibras.com\/site\/#organization","name":"Grupo Notibras de Comunica\u00e7\u00e3o","url":"https:\/\/www.notibras.com\/site\/","logo":{"@type":"ImageObject","inLanguage":"pt-BR","@id":"https:\/\/www.notibras.com\/site\/#\/schema\/logo\/image\/","url":"https:\/\/www.notibras.com\/site\/wp-content\/uploads\/2023\/01\/notibras23.png","contentUrl":"https:\/\/www.notibras.com\/site\/wp-content\/uploads\/2023\/01\/notibras23.png","width":350,"height":87,"caption":"Grupo Notibras de Comunica\u00e7\u00e3o"},"image":{"@id":"https:\/\/www.notibras.com\/site\/#\/schema\/logo\/image\/"},"sameAs":["https:\/\/www.facebook.com\/notibras\/","https:\/\/x.com\/Notibras","https:\/\/www.instagram.com\/notibras\/"]},{"@type":"Person","@id":"https:\/\/www.notibras.com\/site\/#\/schema\/person\/36ab0979449956132d3e5b517ea76ac8","name":"Reda\u00e7\u00e3o","image":{"@type":"ImageObject","inLanguage":"pt-BR","@id":"https:\/\/secure.gravatar.com\/avatar\/e0a867bdedb85fd243eadf09663511f96fc81e0720a4a42581f334ad4303aa6b?s=96&d=mm&r=g","url":"https:\/\/secure.gravatar.com\/avatar\/e0a867bdedb85fd243eadf09663511f96fc81e0720a4a42581f334ad4303aa6b?s=96&d=mm&r=g","contentUrl":"https:\/\/secure.gravatar.com\/avatar\/e0a867bdedb85fd243eadf09663511f96fc81e0720a4a42581f334ad4303aa6b?s=96&d=mm&r=g","caption":"Reda\u00e7\u00e3o"}}]}},"amp_enabled":true,"_links":{"self":[{"href":"https:\/\/www.notibras.com\/site\/wp-json\/wp\/v2\/posts\/24227","targetHints":{"allow":["GET"]}}],"collection":[{"href":"https:\/\/www.notibras.com\/site\/wp-json\/wp\/v2\/posts"}],"about":[{"href":"https:\/\/www.notibras.com\/site\/wp-json\/wp\/v2\/types\/post"}],"author":[{"embeddable":true,"href":"https:\/\/www.notibras.com\/site\/wp-json\/wp\/v2\/users\/2"}],"replies":[{"embeddable":true,"href":"https:\/\/www.notibras.com\/site\/wp-json\/wp\/v2\/comments?post=24227"}],"version-history":[{"count":0,"href":"https:\/\/www.notibras.com\/site\/wp-json\/wp\/v2\/posts\/24227\/revisions"}],"wp:featuredmedia":[{"embeddable":true,"href":"https:\/\/www.notibras.com\/site\/wp-json\/wp\/v2\/media\/24228"}],"wp:attachment":[{"href":"https:\/\/www.notibras.com\/site\/wp-json\/wp\/v2\/media?parent=24227"}],"wp:term":[{"taxonomy":"category","embeddable":true,"href":"https:\/\/www.notibras.com\/site\/wp-json\/wp\/v2\/categories?post=24227"},{"taxonomy":"post_tag","embeddable":true,"href":"https:\/\/www.notibras.com\/site\/wp-json\/wp\/v2\/tags?post=24227"}],"curies":[{"name":"wp","href":"https:\/\/api.w.org\/{rel}","templated":true}]}}