{"id":24235,"date":"2014-10-07T23:06:00","date_gmt":"2014-10-08T02:06:00","guid":{"rendered":"http:\/\/www.notibras.com\/site\/?p=24235"},"modified":"2014-10-08T00:10:05","modified_gmt":"2014-10-08T03:10:05","slug":"candidatos-voltam-a-pedir-votos-na-telinha-a-partir-de-quinta-feira","status":"publish","type":"post","link":"https:\/\/www.notibras.com\/site\/candidatos-voltam-a-pedir-votos-na-telinha-a-partir-de-quinta-feira\/","title":{"rendered":"Candidatos voltam a pedir votos na &#8216;telinha&#8217; a partir de quinta-feira"},"content":{"rendered":"<p>O hor\u00e1rio eleitoral gratuito dos candidatos \u00e0 Presid\u00eancia retornar\u00e1 \u00e0s emissoras de r\u00e1dio e televis\u00e3o a partir de quinta-feira (9). Foi o que anunciou o presidente do TSE (Tribunal Superior Eleitoral), Dias Toffoli, durante a sess\u00e3o que oficializou os resultados do primeiro turno das elei\u00e7\u00f5es, realizada na noite desta ter\u00e7a-feira (7), em Bras\u00edlia.<\/p>\n<p>As propagandas da segunda rodada das campanhas eleitorais, segundo uma resolu\u00e7\u00e3o do TSE, podem ser iniciadas 48h ap\u00f3s a proclama\u00e7\u00e3o oficial dos resultados do segundo turno ou at\u00e9 15 dias antes dos eleitores voltarem \u00e0s urnas. A data \u00e9 definida pelo \u00f3rg\u00e3o a partir de um consenso entre os partidos que se mant\u00eam na disputa.<\/p>\n<blockquote><p>A petista Dilma Rousseff, candidata a reelei\u00e7\u00e3o, e A\u00e9cio Neves (PSDB) optaram pelo retorno do hor\u00e1rio eleitoral no prazo m\u00ednimo. O pedido das coliga\u00e7\u00f5es partid\u00e1rias foi aprovado pelos ministros da Justi\u00e7a Eleitoral, que definiram as regras para essa segunda rodada, que ser\u00e1 realizada at\u00e9 o dia 24 de outubro, dois dias antes do segundo turno das elei\u00e7\u00f5es.<\/p><\/blockquote>\n<p>A propaganda pol\u00edtica ser\u00e1 transmitida de segunda-feira a s\u00e1bado, durando 20 minutos no total, divididos igualitariamente entre os dois candidatos. Nos 13 Estados e no Distrito Federal onde a disputa pelo governo foi para o segundo turno, os dois concorrentes \u00e0 chefia do Executivo entrar\u00e3o no ar logo em seguida, tamb\u00e9m com 10 minutos cada um, para detalhar suas propostas e pedir voto aos eleitores. O tempo de dura\u00e7\u00e3o \u00e9 inferior ao do primeiro turno, que tinha dura\u00e7\u00e3o de 50 minutos.<\/p>\n<p>As inser\u00e7\u00f5es s\u00e3o feitas \u00e0s 7h e \u00e0s 12h, no r\u00e1dio; e \u00e0s 13h e \u00e0s 20h30 na televis\u00e3o. Por ter sido mais votada no primeiro turno da elei\u00e7\u00e3o presidencial, Dilma Rousseff iniciar\u00e1 o hor\u00e1rio eleitoral do dia 11 e a ordem ser\u00e1 alternada a cada programa a partir do segundo dia. Procedimento que se repete nas disputas estaduais.<\/p>\n","protected":false},"excerpt":{"rendered":"<p>O hor\u00e1rio eleitoral gratuito dos candidatos \u00e0 Presid\u00eancia retornar\u00e1 \u00e0s emissoras de r\u00e1dio e televis\u00e3o a partir de quinta-feira (9). Foi o que anunciou o presidente do TSE (Tribunal Superior Eleitoral), Dias Toffoli, durante a sess\u00e3o que oficializou os resultados do primeiro turno das elei\u00e7\u00f5es, realizada na noite desta ter\u00e7a-feira (7), em Bras\u00edlia. As propagandas [&hellip;]<\/p>\n","protected":false},"author":2,"featured_media":24238,"comment_status":"open","ping_status":"closed","sticky":false,"template":"","format":"standard","meta":{"_acf_changed":false,"footnotes":""},"categories":[33],"tags":[],"class_list":["post-24235","post","type-post","status-publish","format-standard","has-post-thumbnail","hentry","category-eleicoes-2014"],"acf":[],"yoast_head":"<!-- This site is optimized with the Yoast SEO plugin v27.2 - https:\/\/yoast.com\/product\/yoast-seo-wordpress\/ -->\n<title>Candidatos voltam a pedir votos na &#039;telinha&#039; a partir de quinta-feira - Notibras<\/title>\n<meta name=\"robots\" content=\"index, follow, max-snippet:-1, max-image-preview:large, max-video-preview:-1\" \/>\n<link rel=\"canonical\" href=\"https:\/\/www.notibras.com\/site\/candidatos-voltam-a-pedir-votos-na-telinha-a-partir-de-quinta-feira\/\" \/>\n<meta property=\"og:locale\" content=\"pt_BR\" \/>\n<meta property=\"og:type\" content=\"article\" \/>\n<meta property=\"og:title\" content=\"Candidatos voltam a pedir votos na &#039;telinha&#039; a partir de quinta-feira - Notibras\" \/>\n<meta property=\"og:description\" content=\"O hor\u00e1rio eleitoral gratuito dos candidatos \u00e0 Presid\u00eancia retornar\u00e1 \u00e0s emissoras de r\u00e1dio e televis\u00e3o a partir de quinta-feira (9). Foi o que anunciou o presidente do TSE (Tribunal Superior Eleitoral), Dias Toffoli, durante a sess\u00e3o que oficializou os resultados do primeiro turno das elei\u00e7\u00f5es, realizada na noite desta ter\u00e7a-feira (7), em Bras\u00edlia. As propagandas [&hellip;]\" \/>\n<meta property=\"og:url\" content=\"https:\/\/www.notibras.com\/site\/candidatos-voltam-a-pedir-votos-na-telinha-a-partir-de-quinta-feira\/\" \/>\n<meta property=\"og:site_name\" content=\"Notibras\" \/>\n<meta property=\"article:publisher\" content=\"https:\/\/www.facebook.com\/notibras\/\" \/>\n<meta property=\"article:published_time\" content=\"2014-10-08T02:06:00+00:00\" \/>\n<meta property=\"article:modified_time\" content=\"2014-10-08T03:10:05+00:00\" \/>\n<meta property=\"og:image\" content=\"https:\/\/www.notibras.com\/site\/wp-content\/uploads\/2014\/10\/horario-eleitoral-gratuito.jpg\" \/>\n\t<meta property=\"og:image:width\" content=\"448\" \/>\n\t<meta property=\"og:image:height\" content=\"300\" \/>\n\t<meta property=\"og:image:type\" content=\"image\/jpeg\" \/>\n<meta name=\"author\" content=\"Reda\u00e7\u00e3o\" \/>\n<meta name=\"twitter:card\" content=\"summary_large_image\" \/>\n<meta name=\"twitter:creator\" content=\"@Notibras\" \/>\n<meta name=\"twitter:site\" content=\"@Notibras\" \/>\n<meta name=\"twitter:label1\" content=\"Escrito por\" \/>\n\t<meta name=\"twitter:data1\" content=\"Reda\u00e7\u00e3o\" \/>\n\t<meta name=\"twitter:label2\" content=\"Est. tempo de leitura\" \/>\n\t<meta name=\"twitter:data2\" content=\"2 minutos\" \/>\n<script type=\"application\/ld+json\" class=\"yoast-schema-graph\">{\"@context\":\"https:\/\/schema.org\",\"@graph\":[{\"@type\":\"Article\",\"@id\":\"https:\/\/www.notibras.com\/site\/candidatos-voltam-a-pedir-votos-na-telinha-a-partir-de-quinta-feira\/#article\",\"isPartOf\":{\"@id\":\"https:\/\/www.notibras.com\/site\/candidatos-voltam-a-pedir-votos-na-telinha-a-partir-de-quinta-feira\/\"},\"author\":{\"name\":\"Reda\u00e7\u00e3o\",\"@id\":\"https:\/\/www.notibras.com\/site\/#\/schema\/person\/36ab0979449956132d3e5b517ea76ac8\"},\"headline\":\"Candidatos voltam a pedir votos na &#8216;telinha&#8217; a partir de quinta-feira\",\"datePublished\":\"2014-10-08T02:06:00+00:00\",\"dateModified\":\"2014-10-08T03:10:05+00:00\",\"mainEntityOfPage\":{\"@id\":\"https:\/\/www.notibras.com\/site\/candidatos-voltam-a-pedir-votos-na-telinha-a-partir-de-quinta-feira\/\"},\"wordCount\":336,\"commentCount\":0,\"publisher\":{\"@id\":\"https:\/\/www.notibras.com\/site\/#organization\"},\"image\":{\"@id\":\"https:\/\/www.notibras.com\/site\/candidatos-voltam-a-pedir-votos-na-telinha-a-partir-de-quinta-feira\/#primaryimage\"},\"thumbnailUrl\":\"https:\/\/www.notibras.com\/site\/wp-content\/uploads\/2014\/10\/horario-eleitoral-gratuito.jpg\",\"articleSection\":[\"Elei\u00e7\u00f5es 2014\"],\"inLanguage\":\"pt-BR\",\"potentialAction\":[{\"@type\":\"CommentAction\",\"name\":\"Comment\",\"target\":[\"https:\/\/www.notibras.com\/site\/candidatos-voltam-a-pedir-votos-na-telinha-a-partir-de-quinta-feira\/#respond\"]}]},{\"@type\":\"WebPage\",\"@id\":\"https:\/\/www.notibras.com\/site\/candidatos-voltam-a-pedir-votos-na-telinha-a-partir-de-quinta-feira\/\",\"url\":\"https:\/\/www.notibras.com\/site\/candidatos-voltam-a-pedir-votos-na-telinha-a-partir-de-quinta-feira\/\",\"name\":\"Candidatos voltam a pedir votos na 'telinha' a partir de quinta-feira - Notibras\",\"isPartOf\":{\"@id\":\"https:\/\/www.notibras.com\/site\/#website\"},\"primaryImageOfPage\":{\"@id\":\"https:\/\/www.notibras.com\/site\/candidatos-voltam-a-pedir-votos-na-telinha-a-partir-de-quinta-feira\/#primaryimage\"},\"image\":{\"@id\":\"https:\/\/www.notibras.com\/site\/candidatos-voltam-a-pedir-votos-na-telinha-a-partir-de-quinta-feira\/#primaryimage\"},\"thumbnailUrl\":\"https:\/\/www.notibras.com\/site\/wp-content\/uploads\/2014\/10\/horario-eleitoral-gratuito.jpg\",\"datePublished\":\"2014-10-08T02:06:00+00:00\",\"dateModified\":\"2014-10-08T03:10:05+00:00\",\"breadcrumb\":{\"@id\":\"https:\/\/www.notibras.com\/site\/candidatos-voltam-a-pedir-votos-na-telinha-a-partir-de-quinta-feira\/#breadcrumb\"},\"inLanguage\":\"pt-BR\",\"potentialAction\":[{\"@type\":\"ReadAction\",\"target\":[\"https:\/\/www.notibras.com\/site\/candidatos-voltam-a-pedir-votos-na-telinha-a-partir-de-quinta-feira\/\"]}]},{\"@type\":\"ImageObject\",\"inLanguage\":\"pt-BR\",\"@id\":\"https:\/\/www.notibras.com\/site\/candidatos-voltam-a-pedir-votos-na-telinha-a-partir-de-quinta-feira\/#primaryimage\",\"url\":\"https:\/\/www.notibras.com\/site\/wp-content\/uploads\/2014\/10\/horario-eleitoral-gratuito.jpg\",\"contentUrl\":\"https:\/\/www.notibras.com\/site\/wp-content\/uploads\/2014\/10\/horario-eleitoral-gratuito.jpg\",\"width\":448,\"height\":300},{\"@type\":\"BreadcrumbList\",\"@id\":\"https:\/\/www.notibras.com\/site\/candidatos-voltam-a-pedir-votos-na-telinha-a-partir-de-quinta-feira\/#breadcrumb\",\"itemListElement\":[{\"@type\":\"ListItem\",\"position\":1,\"name\":\"In\u00edcio\",\"item\":\"https:\/\/www.notibras.com\/site\/\"},{\"@type\":\"ListItem\",\"position\":2,\"name\":\"Candidatos voltam a pedir votos na &#8216;telinha&#8217; a partir de quinta-feira\"}]},{\"@type\":\"WebSite\",\"@id\":\"https:\/\/www.notibras.com\/site\/#website\",\"url\":\"https:\/\/www.notibras.com\/site\/\",\"name\":\"Notibras\",\"description\":\"Not\u00edcias de Bras\u00edlia, do Brasil e do Mundo\",\"publisher\":{\"@id\":\"https:\/\/www.notibras.com\/site\/#organization\"},\"potentialAction\":[{\"@type\":\"SearchAction\",\"target\":{\"@type\":\"EntryPoint\",\"urlTemplate\":\"https:\/\/www.notibras.com\/site\/?s={search_term_string}\"},\"query-input\":{\"@type\":\"PropertyValueSpecification\",\"valueRequired\":true,\"valueName\":\"search_term_string\"}}],\"inLanguage\":\"pt-BR\"},{\"@type\":\"Organization\",\"@id\":\"https:\/\/www.notibras.com\/site\/#organization\",\"name\":\"Grupo Notibras de Comunica\u00e7\u00e3o\",\"url\":\"https:\/\/www.notibras.com\/site\/\",\"logo\":{\"@type\":\"ImageObject\",\"inLanguage\":\"pt-BR\",\"@id\":\"https:\/\/www.notibras.com\/site\/#\/schema\/logo\/image\/\",\"url\":\"https:\/\/www.notibras.com\/site\/wp-content\/uploads\/2023\/01\/notibras23.png\",\"contentUrl\":\"https:\/\/www.notibras.com\/site\/wp-content\/uploads\/2023\/01\/notibras23.png\",\"width\":350,\"height\":87,\"caption\":\"Grupo Notibras de Comunica\u00e7\u00e3o\"},\"image\":{\"@id\":\"https:\/\/www.notibras.com\/site\/#\/schema\/logo\/image\/\"},\"sameAs\":[\"https:\/\/www.facebook.com\/notibras\/\",\"https:\/\/x.com\/Notibras\",\"https:\/\/www.instagram.com\/notibras\/\"]},{\"@type\":\"Person\",\"@id\":\"https:\/\/www.notibras.com\/site\/#\/schema\/person\/36ab0979449956132d3e5b517ea76ac8\",\"name\":\"Reda\u00e7\u00e3o\",\"image\":{\"@type\":\"ImageObject\",\"inLanguage\":\"pt-BR\",\"@id\":\"https:\/\/secure.gravatar.com\/avatar\/e0a867bdedb85fd243eadf09663511f96fc81e0720a4a42581f334ad4303aa6b?s=96&d=mm&r=g\",\"url\":\"https:\/\/secure.gravatar.com\/avatar\/e0a867bdedb85fd243eadf09663511f96fc81e0720a4a42581f334ad4303aa6b?s=96&d=mm&r=g\",\"contentUrl\":\"https:\/\/secure.gravatar.com\/avatar\/e0a867bdedb85fd243eadf09663511f96fc81e0720a4a42581f334ad4303aa6b?s=96&d=mm&r=g\",\"caption\":\"Reda\u00e7\u00e3o\"}}]}<\/script>\n<!-- \/ Yoast SEO plugin. -->","yoast_head_json":{"title":"Candidatos voltam a pedir votos na 'telinha' a partir de quinta-feira - Notibras","robots":{"index":"index","follow":"follow","max-snippet":"max-snippet:-1","max-image-preview":"max-image-preview:large","max-video-preview":"max-video-preview:-1"},"canonical":"https:\/\/www.notibras.com\/site\/candidatos-voltam-a-pedir-votos-na-telinha-a-partir-de-quinta-feira\/","og_locale":"pt_BR","og_type":"article","og_title":"Candidatos voltam a pedir votos na 'telinha' a partir de quinta-feira - Notibras","og_description":"O hor\u00e1rio eleitoral gratuito dos candidatos \u00e0 Presid\u00eancia retornar\u00e1 \u00e0s emissoras de r\u00e1dio e televis\u00e3o a partir de quinta-feira (9). Foi o que anunciou o presidente do TSE (Tribunal Superior Eleitoral), Dias Toffoli, durante a sess\u00e3o que oficializou os resultados do primeiro turno das elei\u00e7\u00f5es, realizada na noite desta ter\u00e7a-feira (7), em Bras\u00edlia. As propagandas [&hellip;]","og_url":"https:\/\/www.notibras.com\/site\/candidatos-voltam-a-pedir-votos-na-telinha-a-partir-de-quinta-feira\/","og_site_name":"Notibras","article_publisher":"https:\/\/www.facebook.com\/notibras\/","article_published_time":"2014-10-08T02:06:00+00:00","article_modified_time":"2014-10-08T03:10:05+00:00","og_image":[{"width":448,"height":300,"url":"https:\/\/www.notibras.com\/site\/wp-content\/uploads\/2014\/10\/horario-eleitoral-gratuito.jpg","type":"image\/jpeg"}],"author":"Reda\u00e7\u00e3o","twitter_card":"summary_large_image","twitter_creator":"@Notibras","twitter_site":"@Notibras","twitter_misc":{"Escrito por":"Reda\u00e7\u00e3o","Est. tempo de leitura":"2 minutos"},"schema":{"@context":"https:\/\/schema.org","@graph":[{"@type":"Article","@id":"https:\/\/www.notibras.com\/site\/candidatos-voltam-a-pedir-votos-na-telinha-a-partir-de-quinta-feira\/#article","isPartOf":{"@id":"https:\/\/www.notibras.com\/site\/candidatos-voltam-a-pedir-votos-na-telinha-a-partir-de-quinta-feira\/"},"author":{"name":"Reda\u00e7\u00e3o","@id":"https:\/\/www.notibras.com\/site\/#\/schema\/person\/36ab0979449956132d3e5b517ea76ac8"},"headline":"Candidatos voltam a pedir votos na &#8216;telinha&#8217; a partir de quinta-feira","datePublished":"2014-10-08T02:06:00+00:00","dateModified":"2014-10-08T03:10:05+00:00","mainEntityOfPage":{"@id":"https:\/\/www.notibras.com\/site\/candidatos-voltam-a-pedir-votos-na-telinha-a-partir-de-quinta-feira\/"},"wordCount":336,"commentCount":0,"publisher":{"@id":"https:\/\/www.notibras.com\/site\/#organization"},"image":{"@id":"https:\/\/www.notibras.com\/site\/candidatos-voltam-a-pedir-votos-na-telinha-a-partir-de-quinta-feira\/#primaryimage"},"thumbnailUrl":"https:\/\/www.notibras.com\/site\/wp-content\/uploads\/2014\/10\/horario-eleitoral-gratuito.jpg","articleSection":["Elei\u00e7\u00f5es 2014"],"inLanguage":"pt-BR","potentialAction":[{"@type":"CommentAction","name":"Comment","target":["https:\/\/www.notibras.com\/site\/candidatos-voltam-a-pedir-votos-na-telinha-a-partir-de-quinta-feira\/#respond"]}]},{"@type":"WebPage","@id":"https:\/\/www.notibras.com\/site\/candidatos-voltam-a-pedir-votos-na-telinha-a-partir-de-quinta-feira\/","url":"https:\/\/www.notibras.com\/site\/candidatos-voltam-a-pedir-votos-na-telinha-a-partir-de-quinta-feira\/","name":"Candidatos voltam a pedir votos na 'telinha' a partir de quinta-feira - Notibras","isPartOf":{"@id":"https:\/\/www.notibras.com\/site\/#website"},"primaryImageOfPage":{"@id":"https:\/\/www.notibras.com\/site\/candidatos-voltam-a-pedir-votos-na-telinha-a-partir-de-quinta-feira\/#primaryimage"},"image":{"@id":"https:\/\/www.notibras.com\/site\/candidatos-voltam-a-pedir-votos-na-telinha-a-partir-de-quinta-feira\/#primaryimage"},"thumbnailUrl":"https:\/\/www.notibras.com\/site\/wp-content\/uploads\/2014\/10\/horario-eleitoral-gratuito.jpg","datePublished":"2014-10-08T02:06:00+00:00","dateModified":"2014-10-08T03:10:05+00:00","breadcrumb":{"@id":"https:\/\/www.notibras.com\/site\/candidatos-voltam-a-pedir-votos-na-telinha-a-partir-de-quinta-feira\/#breadcrumb"},"inLanguage":"pt-BR","potentialAction":[{"@type":"ReadAction","target":["https:\/\/www.notibras.com\/site\/candidatos-voltam-a-pedir-votos-na-telinha-a-partir-de-quinta-feira\/"]}]},{"@type":"ImageObject","inLanguage":"pt-BR","@id":"https:\/\/www.notibras.com\/site\/candidatos-voltam-a-pedir-votos-na-telinha-a-partir-de-quinta-feira\/#primaryimage","url":"https:\/\/www.notibras.com\/site\/wp-content\/uploads\/2014\/10\/horario-eleitoral-gratuito.jpg","contentUrl":"https:\/\/www.notibras.com\/site\/wp-content\/uploads\/2014\/10\/horario-eleitoral-gratuito.jpg","width":448,"height":300},{"@type":"BreadcrumbList","@id":"https:\/\/www.notibras.com\/site\/candidatos-voltam-a-pedir-votos-na-telinha-a-partir-de-quinta-feira\/#breadcrumb","itemListElement":[{"@type":"ListItem","position":1,"name":"In\u00edcio","item":"https:\/\/www.notibras.com\/site\/"},{"@type":"ListItem","position":2,"name":"Candidatos voltam a pedir votos na &#8216;telinha&#8217; a partir de quinta-feira"}]},{"@type":"WebSite","@id":"https:\/\/www.notibras.com\/site\/#website","url":"https:\/\/www.notibras.com\/site\/","name":"Notibras","description":"Not\u00edcias de Bras\u00edlia, do Brasil e do Mundo","publisher":{"@id":"https:\/\/www.notibras.com\/site\/#organization"},"potentialAction":[{"@type":"SearchAction","target":{"@type":"EntryPoint","urlTemplate":"https:\/\/www.notibras.com\/site\/?s={search_term_string}"},"query-input":{"@type":"PropertyValueSpecification","valueRequired":true,"valueName":"search_term_string"}}],"inLanguage":"pt-BR"},{"@type":"Organization","@id":"https:\/\/www.notibras.com\/site\/#organization","name":"Grupo Notibras de Comunica\u00e7\u00e3o","url":"https:\/\/www.notibras.com\/site\/","logo":{"@type":"ImageObject","inLanguage":"pt-BR","@id":"https:\/\/www.notibras.com\/site\/#\/schema\/logo\/image\/","url":"https:\/\/www.notibras.com\/site\/wp-content\/uploads\/2023\/01\/notibras23.png","contentUrl":"https:\/\/www.notibras.com\/site\/wp-content\/uploads\/2023\/01\/notibras23.png","width":350,"height":87,"caption":"Grupo Notibras de Comunica\u00e7\u00e3o"},"image":{"@id":"https:\/\/www.notibras.com\/site\/#\/schema\/logo\/image\/"},"sameAs":["https:\/\/www.facebook.com\/notibras\/","https:\/\/x.com\/Notibras","https:\/\/www.instagram.com\/notibras\/"]},{"@type":"Person","@id":"https:\/\/www.notibras.com\/site\/#\/schema\/person\/36ab0979449956132d3e5b517ea76ac8","name":"Reda\u00e7\u00e3o","image":{"@type":"ImageObject","inLanguage":"pt-BR","@id":"https:\/\/secure.gravatar.com\/avatar\/e0a867bdedb85fd243eadf09663511f96fc81e0720a4a42581f334ad4303aa6b?s=96&d=mm&r=g","url":"https:\/\/secure.gravatar.com\/avatar\/e0a867bdedb85fd243eadf09663511f96fc81e0720a4a42581f334ad4303aa6b?s=96&d=mm&r=g","contentUrl":"https:\/\/secure.gravatar.com\/avatar\/e0a867bdedb85fd243eadf09663511f96fc81e0720a4a42581f334ad4303aa6b?s=96&d=mm&r=g","caption":"Reda\u00e7\u00e3o"}}]}},"amp_enabled":true,"_links":{"self":[{"href":"https:\/\/www.notibras.com\/site\/wp-json\/wp\/v2\/posts\/24235","targetHints":{"allow":["GET"]}}],"collection":[{"href":"https:\/\/www.notibras.com\/site\/wp-json\/wp\/v2\/posts"}],"about":[{"href":"https:\/\/www.notibras.com\/site\/wp-json\/wp\/v2\/types\/post"}],"author":[{"embeddable":true,"href":"https:\/\/www.notibras.com\/site\/wp-json\/wp\/v2\/users\/2"}],"replies":[{"embeddable":true,"href":"https:\/\/www.notibras.com\/site\/wp-json\/wp\/v2\/comments?post=24235"}],"version-history":[{"count":0,"href":"https:\/\/www.notibras.com\/site\/wp-json\/wp\/v2\/posts\/24235\/revisions"}],"wp:featuredmedia":[{"embeddable":true,"href":"https:\/\/www.notibras.com\/site\/wp-json\/wp\/v2\/media\/24238"}],"wp:attachment":[{"href":"https:\/\/www.notibras.com\/site\/wp-json\/wp\/v2\/media?parent=24235"}],"wp:term":[{"taxonomy":"category","embeddable":true,"href":"https:\/\/www.notibras.com\/site\/wp-json\/wp\/v2\/categories?post=24235"},{"taxonomy":"post_tag","embeddable":true,"href":"https:\/\/www.notibras.com\/site\/wp-json\/wp\/v2\/tags?post=24235"}],"curies":[{"name":"wp","href":"https:\/\/api.w.org\/{rel}","templated":true}]}}