{"id":24269,"date":"2014-10-08T17:01:13","date_gmt":"2014-10-08T20:01:13","guid":{"rendered":"http:\/\/www.notibras.com\/site\/?p=24269"},"modified":"2014-10-08T18:04:46","modified_gmt":"2014-10-08T21:04:46","slug":"pastor-everaldo-arrasta-a-corrente-evangelica-para-o-lado-do-psdb","status":"publish","type":"post","link":"https:\/\/www.notibras.com\/site\/pastor-everaldo-arrasta-a-corrente-evangelica-para-o-lado-do-psdb\/","title":{"rendered":"Pastor Everaldo arrasta a corrente evang\u00e9lica para o lado do PSDB"},"content":{"rendered":"<p>Quinto colocado no primeiro turno da disputa ao Pal\u00e1cio do Planalto, Pastor Everaldo anunciou nesta quarta-feira o apoio de seu partido,\u00a0Partido Social Crist\u00e3o (PSC), ao candidato do PSDB, A\u00e9cio Neves, que disputa a segunda etapa das elei\u00e7\u00f5es com a presidente Dilma Rousseff (PT).\u00a0 A legenda, que j\u00e1 integrou a base do governo atual, decidiu optar pela oposi\u00e7\u00e3o devido aos esc\u00e2ndalos de corrup\u00e7\u00e3o.<\/p>\n<p>&#8220;O partido (&#8230;) decidiu que a melhor op\u00e7\u00e3o para nosso Brasil, a op\u00e7\u00e3o de modernidade para o Pa\u00eds, a op\u00e7\u00e3o de cuidado dos pobres e mais necessitados do nosso Pa\u00eds, a op\u00e7\u00e3o de cuidar dos empreendedores desse Pa\u00eds, a melhor op\u00e7\u00e3o para extirpar a corrup\u00e7\u00e3o desse Pa\u00eds, a melhor op\u00e7\u00e3o para retomar a credibilidade do Pa\u00eds no exterior, a melhor op\u00e7\u00e3o para que haja oportunidades para todos os brasileiros, o partido pelos seus ideais faz a op\u00e7\u00e3o pelo senador A\u00e9cio Neves para presidente da Rep\u00fablica\u201d, anunciou Pastor Everaldo, ap\u00f3s reuni\u00e3o na lideran\u00e7a do partido na C\u00e2mara.<\/p>\n<blockquote><p>O candidato derrotado disse ter sido procurado por A\u00e9cio Neves, o que, segundo ele, n\u00e3o foi feito pelo governo petista. Segundo ele, a ida para o lado dos tucanos ap\u00f3s ter integrado a base aliada foi motivada, principalmente, pelos esc\u00e2ndalos de corrup\u00e7\u00e3o revelados nos \u00faltimos anos. \u201cNunca houve nesse pa\u00eds tanta corrup\u00e7\u00e3o\u201d, disse.<\/p><\/blockquote>\n<p>Pastor Everaldo disse que o programa de A\u00e9cio contempla suas ideias e disse que n\u00e3o vai pedir garantias com rela\u00e7\u00e3o a temas combatidos pela legenda, como casamento entre pessoas do mesmo sexo. \u201cIsso \u00e9 assunto para discutir no Legislativo\u201d, afirmou.<\/p>\n<p>Pastor Everaldo recebeu mais de 780 mil votos em todo o Pa\u00eds, 0,75% do total. O PSC elegeu 12 deputados e tem em seus quadros um senador da Rep\u00fablica, Eduardo Amorim (SE).<\/p>\n","protected":false},"excerpt":{"rendered":"<p>Quinto colocado no primeiro turno da disputa ao Pal\u00e1cio do Planalto, Pastor Everaldo anunciou nesta quarta-feira o apoio de seu partido,\u00a0Partido Social Crist\u00e3o (PSC), ao candidato do PSDB, A\u00e9cio Neves, que disputa a segunda etapa das elei\u00e7\u00f5es com a presidente Dilma Rousseff (PT).\u00a0 A legenda, que j\u00e1 integrou a base do governo atual, decidiu optar [&hellip;]<\/p>\n","protected":false},"author":2,"featured_media":24270,"comment_status":"open","ping_status":"closed","sticky":false,"template":"","format":"standard","meta":{"_acf_changed":false,"footnotes":""},"categories":[33],"tags":[],"class_list":["post-24269","post","type-post","status-publish","format-standard","has-post-thumbnail","hentry","category-eleicoes-2014"],"acf":[],"yoast_head":"<!-- This site is optimized with the Yoast SEO plugin v27.2 - https:\/\/yoast.com\/product\/yoast-seo-wordpress\/ -->\n<title>Pastor Everaldo arrasta a corrente evang\u00e9lica para o lado do PSDB - Notibras<\/title>\n<meta name=\"robots\" content=\"index, follow, max-snippet:-1, max-image-preview:large, max-video-preview:-1\" \/>\n<link rel=\"canonical\" href=\"https:\/\/www.notibras.com\/site\/pastor-everaldo-arrasta-a-corrente-evangelica-para-o-lado-do-psdb\/\" \/>\n<meta property=\"og:locale\" content=\"pt_BR\" \/>\n<meta property=\"og:type\" content=\"article\" \/>\n<meta property=\"og:title\" content=\"Pastor Everaldo arrasta a corrente evang\u00e9lica para o lado do PSDB - Notibras\" \/>\n<meta property=\"og:description\" content=\"Quinto colocado no primeiro turno da disputa ao Pal\u00e1cio do Planalto, Pastor Everaldo anunciou nesta quarta-feira o apoio de seu partido,\u00a0Partido Social Crist\u00e3o (PSC), ao candidato do PSDB, A\u00e9cio Neves, que disputa a segunda etapa das elei\u00e7\u00f5es com a presidente Dilma Rousseff (PT).\u00a0 A legenda, que j\u00e1 integrou a base do governo atual, decidiu optar [&hellip;]\" \/>\n<meta property=\"og:url\" content=\"https:\/\/www.notibras.com\/site\/pastor-everaldo-arrasta-a-corrente-evangelica-para-o-lado-do-psdb\/\" \/>\n<meta property=\"og:site_name\" content=\"Notibras\" \/>\n<meta property=\"article:publisher\" content=\"https:\/\/www.facebook.com\/notibras\/\" \/>\n<meta property=\"article:published_time\" content=\"2014-10-08T20:01:13+00:00\" \/>\n<meta property=\"article:modified_time\" content=\"2014-10-08T21:04:46+00:00\" \/>\n<meta property=\"og:image\" content=\"https:\/\/www.notibras.com\/site\/wp-content\/uploads\/2014\/10\/pe.jpg\" \/>\n\t<meta property=\"og:image:width\" content=\"460\" \/>\n\t<meta property=\"og:image:height\" content=\"340\" \/>\n\t<meta property=\"og:image:type\" content=\"image\/jpeg\" \/>\n<meta name=\"author\" content=\"Reda\u00e7\u00e3o\" \/>\n<meta name=\"twitter:card\" content=\"summary_large_image\" \/>\n<meta name=\"twitter:creator\" content=\"@Notibras\" \/>\n<meta name=\"twitter:site\" content=\"@Notibras\" \/>\n<meta name=\"twitter:label1\" content=\"Escrito por\" \/>\n\t<meta name=\"twitter:data1\" content=\"Reda\u00e7\u00e3o\" \/>\n\t<meta name=\"twitter:label2\" content=\"Est. tempo de leitura\" \/>\n\t<meta name=\"twitter:data2\" content=\"2 minutos\" \/>\n<script type=\"application\/ld+json\" class=\"yoast-schema-graph\">{\"@context\":\"https:\/\/schema.org\",\"@graph\":[{\"@type\":\"Article\",\"@id\":\"https:\/\/www.notibras.com\/site\/pastor-everaldo-arrasta-a-corrente-evangelica-para-o-lado-do-psdb\/#article\",\"isPartOf\":{\"@id\":\"https:\/\/www.notibras.com\/site\/pastor-everaldo-arrasta-a-corrente-evangelica-para-o-lado-do-psdb\/\"},\"author\":{\"name\":\"Reda\u00e7\u00e3o\",\"@id\":\"https:\/\/www.notibras.com\/site\/#\/schema\/person\/36ab0979449956132d3e5b517ea76ac8\"},\"headline\":\"Pastor Everaldo arrasta a corrente evang\u00e9lica para o lado do PSDB\",\"datePublished\":\"2014-10-08T20:01:13+00:00\",\"dateModified\":\"2014-10-08T21:04:46+00:00\",\"mainEntityOfPage\":{\"@id\":\"https:\/\/www.notibras.com\/site\/pastor-everaldo-arrasta-a-corrente-evangelica-para-o-lado-do-psdb\/\"},\"wordCount\":330,\"commentCount\":0,\"publisher\":{\"@id\":\"https:\/\/www.notibras.com\/site\/#organization\"},\"image\":{\"@id\":\"https:\/\/www.notibras.com\/site\/pastor-everaldo-arrasta-a-corrente-evangelica-para-o-lado-do-psdb\/#primaryimage\"},\"thumbnailUrl\":\"https:\/\/www.notibras.com\/site\/wp-content\/uploads\/2014\/10\/pe.jpg\",\"articleSection\":[\"Elei\u00e7\u00f5es 2014\"],\"inLanguage\":\"pt-BR\",\"potentialAction\":[{\"@type\":\"CommentAction\",\"name\":\"Comment\",\"target\":[\"https:\/\/www.notibras.com\/site\/pastor-everaldo-arrasta-a-corrente-evangelica-para-o-lado-do-psdb\/#respond\"]}]},{\"@type\":\"WebPage\",\"@id\":\"https:\/\/www.notibras.com\/site\/pastor-everaldo-arrasta-a-corrente-evangelica-para-o-lado-do-psdb\/\",\"url\":\"https:\/\/www.notibras.com\/site\/pastor-everaldo-arrasta-a-corrente-evangelica-para-o-lado-do-psdb\/\",\"name\":\"Pastor Everaldo arrasta a corrente evang\u00e9lica para o lado do PSDB - Notibras\",\"isPartOf\":{\"@id\":\"https:\/\/www.notibras.com\/site\/#website\"},\"primaryImageOfPage\":{\"@id\":\"https:\/\/www.notibras.com\/site\/pastor-everaldo-arrasta-a-corrente-evangelica-para-o-lado-do-psdb\/#primaryimage\"},\"image\":{\"@id\":\"https:\/\/www.notibras.com\/site\/pastor-everaldo-arrasta-a-corrente-evangelica-para-o-lado-do-psdb\/#primaryimage\"},\"thumbnailUrl\":\"https:\/\/www.notibras.com\/site\/wp-content\/uploads\/2014\/10\/pe.jpg\",\"datePublished\":\"2014-10-08T20:01:13+00:00\",\"dateModified\":\"2014-10-08T21:04:46+00:00\",\"breadcrumb\":{\"@id\":\"https:\/\/www.notibras.com\/site\/pastor-everaldo-arrasta-a-corrente-evangelica-para-o-lado-do-psdb\/#breadcrumb\"},\"inLanguage\":\"pt-BR\",\"potentialAction\":[{\"@type\":\"ReadAction\",\"target\":[\"https:\/\/www.notibras.com\/site\/pastor-everaldo-arrasta-a-corrente-evangelica-para-o-lado-do-psdb\/\"]}]},{\"@type\":\"ImageObject\",\"inLanguage\":\"pt-BR\",\"@id\":\"https:\/\/www.notibras.com\/site\/pastor-everaldo-arrasta-a-corrente-evangelica-para-o-lado-do-psdb\/#primaryimage\",\"url\":\"https:\/\/www.notibras.com\/site\/wp-content\/uploads\/2014\/10\/pe.jpg\",\"contentUrl\":\"https:\/\/www.notibras.com\/site\/wp-content\/uploads\/2014\/10\/pe.jpg\",\"width\":460,\"height\":340},{\"@type\":\"BreadcrumbList\",\"@id\":\"https:\/\/www.notibras.com\/site\/pastor-everaldo-arrasta-a-corrente-evangelica-para-o-lado-do-psdb\/#breadcrumb\",\"itemListElement\":[{\"@type\":\"ListItem\",\"position\":1,\"name\":\"In\u00edcio\",\"item\":\"https:\/\/www.notibras.com\/site\/\"},{\"@type\":\"ListItem\",\"position\":2,\"name\":\"Pastor Everaldo arrasta a corrente evang\u00e9lica para o lado do PSDB\"}]},{\"@type\":\"WebSite\",\"@id\":\"https:\/\/www.notibras.com\/site\/#website\",\"url\":\"https:\/\/www.notibras.com\/site\/\",\"name\":\"Notibras\",\"description\":\"Not\u00edcias de Bras\u00edlia, do Brasil e do Mundo\",\"publisher\":{\"@id\":\"https:\/\/www.notibras.com\/site\/#organization\"},\"potentialAction\":[{\"@type\":\"SearchAction\",\"target\":{\"@type\":\"EntryPoint\",\"urlTemplate\":\"https:\/\/www.notibras.com\/site\/?s={search_term_string}\"},\"query-input\":{\"@type\":\"PropertyValueSpecification\",\"valueRequired\":true,\"valueName\":\"search_term_string\"}}],\"inLanguage\":\"pt-BR\"},{\"@type\":\"Organization\",\"@id\":\"https:\/\/www.notibras.com\/site\/#organization\",\"name\":\"Grupo Notibras de Comunica\u00e7\u00e3o\",\"url\":\"https:\/\/www.notibras.com\/site\/\",\"logo\":{\"@type\":\"ImageObject\",\"inLanguage\":\"pt-BR\",\"@id\":\"https:\/\/www.notibras.com\/site\/#\/schema\/logo\/image\/\",\"url\":\"https:\/\/www.notibras.com\/site\/wp-content\/uploads\/2023\/01\/notibras23.png\",\"contentUrl\":\"https:\/\/www.notibras.com\/site\/wp-content\/uploads\/2023\/01\/notibras23.png\",\"width\":350,\"height\":87,\"caption\":\"Grupo Notibras de Comunica\u00e7\u00e3o\"},\"image\":{\"@id\":\"https:\/\/www.notibras.com\/site\/#\/schema\/logo\/image\/\"},\"sameAs\":[\"https:\/\/www.facebook.com\/notibras\/\",\"https:\/\/x.com\/Notibras\",\"https:\/\/www.instagram.com\/notibras\/\"]},{\"@type\":\"Person\",\"@id\":\"https:\/\/www.notibras.com\/site\/#\/schema\/person\/36ab0979449956132d3e5b517ea76ac8\",\"name\":\"Reda\u00e7\u00e3o\",\"image\":{\"@type\":\"ImageObject\",\"inLanguage\":\"pt-BR\",\"@id\":\"https:\/\/secure.gravatar.com\/avatar\/e0a867bdedb85fd243eadf09663511f96fc81e0720a4a42581f334ad4303aa6b?s=96&d=mm&r=g\",\"url\":\"https:\/\/secure.gravatar.com\/avatar\/e0a867bdedb85fd243eadf09663511f96fc81e0720a4a42581f334ad4303aa6b?s=96&d=mm&r=g\",\"contentUrl\":\"https:\/\/secure.gravatar.com\/avatar\/e0a867bdedb85fd243eadf09663511f96fc81e0720a4a42581f334ad4303aa6b?s=96&d=mm&r=g\",\"caption\":\"Reda\u00e7\u00e3o\"}}]}<\/script>\n<!-- \/ Yoast SEO plugin. -->","yoast_head_json":{"title":"Pastor Everaldo arrasta a corrente evang\u00e9lica para o lado do PSDB - Notibras","robots":{"index":"index","follow":"follow","max-snippet":"max-snippet:-1","max-image-preview":"max-image-preview:large","max-video-preview":"max-video-preview:-1"},"canonical":"https:\/\/www.notibras.com\/site\/pastor-everaldo-arrasta-a-corrente-evangelica-para-o-lado-do-psdb\/","og_locale":"pt_BR","og_type":"article","og_title":"Pastor Everaldo arrasta a corrente evang\u00e9lica para o lado do PSDB - Notibras","og_description":"Quinto colocado no primeiro turno da disputa ao Pal\u00e1cio do Planalto, Pastor Everaldo anunciou nesta quarta-feira o apoio de seu partido,\u00a0Partido Social Crist\u00e3o (PSC), ao candidato do PSDB, A\u00e9cio Neves, que disputa a segunda etapa das elei\u00e7\u00f5es com a presidente Dilma Rousseff (PT).\u00a0 A legenda, que j\u00e1 integrou a base do governo atual, decidiu optar [&hellip;]","og_url":"https:\/\/www.notibras.com\/site\/pastor-everaldo-arrasta-a-corrente-evangelica-para-o-lado-do-psdb\/","og_site_name":"Notibras","article_publisher":"https:\/\/www.facebook.com\/notibras\/","article_published_time":"2014-10-08T20:01:13+00:00","article_modified_time":"2014-10-08T21:04:46+00:00","og_image":[{"width":460,"height":340,"url":"https:\/\/www.notibras.com\/site\/wp-content\/uploads\/2014\/10\/pe.jpg","type":"image\/jpeg"}],"author":"Reda\u00e7\u00e3o","twitter_card":"summary_large_image","twitter_creator":"@Notibras","twitter_site":"@Notibras","twitter_misc":{"Escrito por":"Reda\u00e7\u00e3o","Est. tempo de leitura":"2 minutos"},"schema":{"@context":"https:\/\/schema.org","@graph":[{"@type":"Article","@id":"https:\/\/www.notibras.com\/site\/pastor-everaldo-arrasta-a-corrente-evangelica-para-o-lado-do-psdb\/#article","isPartOf":{"@id":"https:\/\/www.notibras.com\/site\/pastor-everaldo-arrasta-a-corrente-evangelica-para-o-lado-do-psdb\/"},"author":{"name":"Reda\u00e7\u00e3o","@id":"https:\/\/www.notibras.com\/site\/#\/schema\/person\/36ab0979449956132d3e5b517ea76ac8"},"headline":"Pastor Everaldo arrasta a corrente evang\u00e9lica para o lado do PSDB","datePublished":"2014-10-08T20:01:13+00:00","dateModified":"2014-10-08T21:04:46+00:00","mainEntityOfPage":{"@id":"https:\/\/www.notibras.com\/site\/pastor-everaldo-arrasta-a-corrente-evangelica-para-o-lado-do-psdb\/"},"wordCount":330,"commentCount":0,"publisher":{"@id":"https:\/\/www.notibras.com\/site\/#organization"},"image":{"@id":"https:\/\/www.notibras.com\/site\/pastor-everaldo-arrasta-a-corrente-evangelica-para-o-lado-do-psdb\/#primaryimage"},"thumbnailUrl":"https:\/\/www.notibras.com\/site\/wp-content\/uploads\/2014\/10\/pe.jpg","articleSection":["Elei\u00e7\u00f5es 2014"],"inLanguage":"pt-BR","potentialAction":[{"@type":"CommentAction","name":"Comment","target":["https:\/\/www.notibras.com\/site\/pastor-everaldo-arrasta-a-corrente-evangelica-para-o-lado-do-psdb\/#respond"]}]},{"@type":"WebPage","@id":"https:\/\/www.notibras.com\/site\/pastor-everaldo-arrasta-a-corrente-evangelica-para-o-lado-do-psdb\/","url":"https:\/\/www.notibras.com\/site\/pastor-everaldo-arrasta-a-corrente-evangelica-para-o-lado-do-psdb\/","name":"Pastor Everaldo arrasta a corrente evang\u00e9lica para o lado do PSDB - Notibras","isPartOf":{"@id":"https:\/\/www.notibras.com\/site\/#website"},"primaryImageOfPage":{"@id":"https:\/\/www.notibras.com\/site\/pastor-everaldo-arrasta-a-corrente-evangelica-para-o-lado-do-psdb\/#primaryimage"},"image":{"@id":"https:\/\/www.notibras.com\/site\/pastor-everaldo-arrasta-a-corrente-evangelica-para-o-lado-do-psdb\/#primaryimage"},"thumbnailUrl":"https:\/\/www.notibras.com\/site\/wp-content\/uploads\/2014\/10\/pe.jpg","datePublished":"2014-10-08T20:01:13+00:00","dateModified":"2014-10-08T21:04:46+00:00","breadcrumb":{"@id":"https:\/\/www.notibras.com\/site\/pastor-everaldo-arrasta-a-corrente-evangelica-para-o-lado-do-psdb\/#breadcrumb"},"inLanguage":"pt-BR","potentialAction":[{"@type":"ReadAction","target":["https:\/\/www.notibras.com\/site\/pastor-everaldo-arrasta-a-corrente-evangelica-para-o-lado-do-psdb\/"]}]},{"@type":"ImageObject","inLanguage":"pt-BR","@id":"https:\/\/www.notibras.com\/site\/pastor-everaldo-arrasta-a-corrente-evangelica-para-o-lado-do-psdb\/#primaryimage","url":"https:\/\/www.notibras.com\/site\/wp-content\/uploads\/2014\/10\/pe.jpg","contentUrl":"https:\/\/www.notibras.com\/site\/wp-content\/uploads\/2014\/10\/pe.jpg","width":460,"height":340},{"@type":"BreadcrumbList","@id":"https:\/\/www.notibras.com\/site\/pastor-everaldo-arrasta-a-corrente-evangelica-para-o-lado-do-psdb\/#breadcrumb","itemListElement":[{"@type":"ListItem","position":1,"name":"In\u00edcio","item":"https:\/\/www.notibras.com\/site\/"},{"@type":"ListItem","position":2,"name":"Pastor Everaldo arrasta a corrente evang\u00e9lica para o lado do PSDB"}]},{"@type":"WebSite","@id":"https:\/\/www.notibras.com\/site\/#website","url":"https:\/\/www.notibras.com\/site\/","name":"Notibras","description":"Not\u00edcias de Bras\u00edlia, do Brasil e do Mundo","publisher":{"@id":"https:\/\/www.notibras.com\/site\/#organization"},"potentialAction":[{"@type":"SearchAction","target":{"@type":"EntryPoint","urlTemplate":"https:\/\/www.notibras.com\/site\/?s={search_term_string}"},"query-input":{"@type":"PropertyValueSpecification","valueRequired":true,"valueName":"search_term_string"}}],"inLanguage":"pt-BR"},{"@type":"Organization","@id":"https:\/\/www.notibras.com\/site\/#organization","name":"Grupo Notibras de Comunica\u00e7\u00e3o","url":"https:\/\/www.notibras.com\/site\/","logo":{"@type":"ImageObject","inLanguage":"pt-BR","@id":"https:\/\/www.notibras.com\/site\/#\/schema\/logo\/image\/","url":"https:\/\/www.notibras.com\/site\/wp-content\/uploads\/2023\/01\/notibras23.png","contentUrl":"https:\/\/www.notibras.com\/site\/wp-content\/uploads\/2023\/01\/notibras23.png","width":350,"height":87,"caption":"Grupo Notibras de Comunica\u00e7\u00e3o"},"image":{"@id":"https:\/\/www.notibras.com\/site\/#\/schema\/logo\/image\/"},"sameAs":["https:\/\/www.facebook.com\/notibras\/","https:\/\/x.com\/Notibras","https:\/\/www.instagram.com\/notibras\/"]},{"@type":"Person","@id":"https:\/\/www.notibras.com\/site\/#\/schema\/person\/36ab0979449956132d3e5b517ea76ac8","name":"Reda\u00e7\u00e3o","image":{"@type":"ImageObject","inLanguage":"pt-BR","@id":"https:\/\/secure.gravatar.com\/avatar\/e0a867bdedb85fd243eadf09663511f96fc81e0720a4a42581f334ad4303aa6b?s=96&d=mm&r=g","url":"https:\/\/secure.gravatar.com\/avatar\/e0a867bdedb85fd243eadf09663511f96fc81e0720a4a42581f334ad4303aa6b?s=96&d=mm&r=g","contentUrl":"https:\/\/secure.gravatar.com\/avatar\/e0a867bdedb85fd243eadf09663511f96fc81e0720a4a42581f334ad4303aa6b?s=96&d=mm&r=g","caption":"Reda\u00e7\u00e3o"}}]}},"amp_enabled":true,"_links":{"self":[{"href":"https:\/\/www.notibras.com\/site\/wp-json\/wp\/v2\/posts\/24269","targetHints":{"allow":["GET"]}}],"collection":[{"href":"https:\/\/www.notibras.com\/site\/wp-json\/wp\/v2\/posts"}],"about":[{"href":"https:\/\/www.notibras.com\/site\/wp-json\/wp\/v2\/types\/post"}],"author":[{"embeddable":true,"href":"https:\/\/www.notibras.com\/site\/wp-json\/wp\/v2\/users\/2"}],"replies":[{"embeddable":true,"href":"https:\/\/www.notibras.com\/site\/wp-json\/wp\/v2\/comments?post=24269"}],"version-history":[{"count":0,"href":"https:\/\/www.notibras.com\/site\/wp-json\/wp\/v2\/posts\/24269\/revisions"}],"wp:featuredmedia":[{"embeddable":true,"href":"https:\/\/www.notibras.com\/site\/wp-json\/wp\/v2\/media\/24270"}],"wp:attachment":[{"href":"https:\/\/www.notibras.com\/site\/wp-json\/wp\/v2\/media?parent=24269"}],"wp:term":[{"taxonomy":"category","embeddable":true,"href":"https:\/\/www.notibras.com\/site\/wp-json\/wp\/v2\/categories?post=24269"},{"taxonomy":"post_tag","embeddable":true,"href":"https:\/\/www.notibras.com\/site\/wp-json\/wp\/v2\/tags?post=24269"}],"curies":[{"name":"wp","href":"https:\/\/api.w.org\/{rel}","templated":true}]}}