{"id":24291,"date":"2014-10-09T06:02:30","date_gmt":"2014-10-09T09:02:30","guid":{"rendered":"http:\/\/www.notibras.com\/site\/?p=24291"},"modified":"2014-10-09T10:19:19","modified_gmt":"2014-10-09T13:19:19","slug":"nem-toda-oracao-livra-penitencia-e-brunelli-vai-pagar-seus-pecados","status":"publish","type":"post","link":"https:\/\/www.notibras.com\/site\/nem-toda-oracao-livra-penitencia-e-brunelli-vai-pagar-seus-pecados\/","title":{"rendered":"Nem toda ora\u00e7\u00e3o livra penit\u00eancia. E Brunelli vai pagar seus pecados"},"content":{"rendered":"<p>O ap\u00f3stolo Doriel de Oliveira, fundador da Igreja Casa da B\u00ean\u00e7\u00e3o, tem erguido os olhos aos c\u00e9us em comoventes ora\u00e7\u00f5es. Dois dos seus filhos andaram pecando. Um, envolvido com tr\u00e1fico de drogas, j\u00e1 paga penit\u00eancia em uma cela da Penitenci\u00e1ria da Papuda. \u00c9 Samuel Wesley de Oliveira. Outro, que saiu a francesa de Bras\u00edlia para comandar uma filial da Igreja em S\u00e3o Paulo, e c\u00e9rebro pensante do mal, est\u00e1 prestes a ser recambiado para Bras\u00edlia e dividir o mesmo espa\u00e7o da penitenci\u00e1ria com o irm\u00e3o. Vem a ser o ex-deputado J\u00fanior Brunelli, aquele que promovia ora\u00e7\u00f5es da propina com dinheiro da Caixa de Pandora.<\/p>\n","protected":false},"excerpt":{"rendered":"<p>O ap\u00f3stolo Doriel de Oliveira, fundador da Igreja Casa da B\u00ean\u00e7\u00e3o, tem erguido os olhos aos c\u00e9us em comoventes ora\u00e7\u00f5es. Dois dos seus filhos andaram pecando. Um, envolvido com tr\u00e1fico de drogas, j\u00e1 paga penit\u00eancia em uma cela da Penitenci\u00e1ria da Papuda. \u00c9 Samuel Wesley de Oliveira. Outro, que saiu a francesa de Bras\u00edlia para [&hellip;]<\/p>\n","protected":false},"author":2,"featured_media":24292,"comment_status":"open","ping_status":"closed","sticky":false,"template":"","format":"standard","meta":{"_acf_changed":false,"footnotes":""},"categories":[26],"tags":[],"class_list":["post-24291","post","type-post","status-publish","format-standard","has-post-thumbnail","hentry","category-eleicoes-2022"],"acf":[],"yoast_head":"<!-- This site is optimized with the Yoast SEO plugin v27.2 - https:\/\/yoast.com\/product\/yoast-seo-wordpress\/ -->\n<title>Nem toda ora\u00e7\u00e3o livra penit\u00eancia. E Brunelli vai pagar seus pecados - Notibras<\/title>\n<meta name=\"robots\" content=\"index, follow, max-snippet:-1, max-image-preview:large, max-video-preview:-1\" \/>\n<link rel=\"canonical\" href=\"https:\/\/www.notibras.com\/site\/nem-toda-oracao-livra-penitencia-e-brunelli-vai-pagar-seus-pecados\/\" \/>\n<meta property=\"og:locale\" content=\"pt_BR\" \/>\n<meta property=\"og:type\" content=\"article\" \/>\n<meta property=\"og:title\" content=\"Nem toda ora\u00e7\u00e3o livra penit\u00eancia. E Brunelli vai pagar seus pecados - Notibras\" \/>\n<meta property=\"og:description\" content=\"O ap\u00f3stolo Doriel de Oliveira, fundador da Igreja Casa da B\u00ean\u00e7\u00e3o, tem erguido os olhos aos c\u00e9us em comoventes ora\u00e7\u00f5es. Dois dos seus filhos andaram pecando. Um, envolvido com tr\u00e1fico de drogas, j\u00e1 paga penit\u00eancia em uma cela da Penitenci\u00e1ria da Papuda. \u00c9 Samuel Wesley de Oliveira. Outro, que saiu a francesa de Bras\u00edlia para [&hellip;]\" \/>\n<meta property=\"og:url\" content=\"https:\/\/www.notibras.com\/site\/nem-toda-oracao-livra-penitencia-e-brunelli-vai-pagar-seus-pecados\/\" \/>\n<meta property=\"og:site_name\" content=\"Notibras\" \/>\n<meta property=\"article:publisher\" content=\"https:\/\/www.facebook.com\/notibras\/\" \/>\n<meta property=\"article:published_time\" content=\"2014-10-09T09:02:30+00:00\" \/>\n<meta property=\"article:modified_time\" content=\"2014-10-09T13:19:19+00:00\" \/>\n<meta property=\"og:image\" content=\"https:\/\/www.notibras.com\/site\/wp-content\/uploads\/2014\/10\/p2.jpg\" \/>\n\t<meta property=\"og:image:width\" content=\"651\" \/>\n\t<meta property=\"og:image:height\" content=\"431\" \/>\n\t<meta property=\"og:image:type\" content=\"image\/jpeg\" \/>\n<meta name=\"author\" content=\"Reda\u00e7\u00e3o\" \/>\n<meta name=\"twitter:card\" content=\"summary_large_image\" \/>\n<meta name=\"twitter:creator\" content=\"@Notibras\" \/>\n<meta name=\"twitter:site\" content=\"@Notibras\" \/>\n<meta name=\"twitter:label1\" content=\"Escrito por\" \/>\n\t<meta name=\"twitter:data1\" content=\"Reda\u00e7\u00e3o\" \/>\n\t<meta name=\"twitter:label2\" content=\"Est. tempo de leitura\" \/>\n\t<meta name=\"twitter:data2\" content=\"1 minuto\" \/>\n<script type=\"application\/ld+json\" class=\"yoast-schema-graph\">{\"@context\":\"https:\/\/schema.org\",\"@graph\":[{\"@type\":\"Article\",\"@id\":\"https:\/\/www.notibras.com\/site\/nem-toda-oracao-livra-penitencia-e-brunelli-vai-pagar-seus-pecados\/#article\",\"isPartOf\":{\"@id\":\"https:\/\/www.notibras.com\/site\/nem-toda-oracao-livra-penitencia-e-brunelli-vai-pagar-seus-pecados\/\"},\"author\":{\"name\":\"Reda\u00e7\u00e3o\",\"@id\":\"https:\/\/www.notibras.com\/site\/#\/schema\/person\/36ab0979449956132d3e5b517ea76ac8\"},\"headline\":\"Nem toda ora\u00e7\u00e3o livra penit\u00eancia. E Brunelli vai pagar seus pecados\",\"datePublished\":\"2014-10-09T09:02:30+00:00\",\"dateModified\":\"2014-10-09T13:19:19+00:00\",\"mainEntityOfPage\":{\"@id\":\"https:\/\/www.notibras.com\/site\/nem-toda-oracao-livra-penitencia-e-brunelli-vai-pagar-seus-pecados\/\"},\"wordCount\":133,\"commentCount\":0,\"publisher\":{\"@id\":\"https:\/\/www.notibras.com\/site\/#organization\"},\"image\":{\"@id\":\"https:\/\/www.notibras.com\/site\/nem-toda-oracao-livra-penitencia-e-brunelli-vai-pagar-seus-pecados\/#primaryimage\"},\"thumbnailUrl\":\"https:\/\/www.notibras.com\/site\/wp-content\/uploads\/2014\/10\/p2.jpg\",\"articleSection\":[\"Elei\u00e7\u00f5es 2022\"],\"inLanguage\":\"pt-BR\",\"potentialAction\":[{\"@type\":\"CommentAction\",\"name\":\"Comment\",\"target\":[\"https:\/\/www.notibras.com\/site\/nem-toda-oracao-livra-penitencia-e-brunelli-vai-pagar-seus-pecados\/#respond\"]}]},{\"@type\":\"WebPage\",\"@id\":\"https:\/\/www.notibras.com\/site\/nem-toda-oracao-livra-penitencia-e-brunelli-vai-pagar-seus-pecados\/\",\"url\":\"https:\/\/www.notibras.com\/site\/nem-toda-oracao-livra-penitencia-e-brunelli-vai-pagar-seus-pecados\/\",\"name\":\"Nem toda ora\u00e7\u00e3o livra penit\u00eancia. E Brunelli vai pagar seus pecados - Notibras\",\"isPartOf\":{\"@id\":\"https:\/\/www.notibras.com\/site\/#website\"},\"primaryImageOfPage\":{\"@id\":\"https:\/\/www.notibras.com\/site\/nem-toda-oracao-livra-penitencia-e-brunelli-vai-pagar-seus-pecados\/#primaryimage\"},\"image\":{\"@id\":\"https:\/\/www.notibras.com\/site\/nem-toda-oracao-livra-penitencia-e-brunelli-vai-pagar-seus-pecados\/#primaryimage\"},\"thumbnailUrl\":\"https:\/\/www.notibras.com\/site\/wp-content\/uploads\/2014\/10\/p2.jpg\",\"datePublished\":\"2014-10-09T09:02:30+00:00\",\"dateModified\":\"2014-10-09T13:19:19+00:00\",\"breadcrumb\":{\"@id\":\"https:\/\/www.notibras.com\/site\/nem-toda-oracao-livra-penitencia-e-brunelli-vai-pagar-seus-pecados\/#breadcrumb\"},\"inLanguage\":\"pt-BR\",\"potentialAction\":[{\"@type\":\"ReadAction\",\"target\":[\"https:\/\/www.notibras.com\/site\/nem-toda-oracao-livra-penitencia-e-brunelli-vai-pagar-seus-pecados\/\"]}]},{\"@type\":\"ImageObject\",\"inLanguage\":\"pt-BR\",\"@id\":\"https:\/\/www.notibras.com\/site\/nem-toda-oracao-livra-penitencia-e-brunelli-vai-pagar-seus-pecados\/#primaryimage\",\"url\":\"https:\/\/www.notibras.com\/site\/wp-content\/uploads\/2014\/10\/p2.jpg\",\"contentUrl\":\"https:\/\/www.notibras.com\/site\/wp-content\/uploads\/2014\/10\/p2.jpg\",\"width\":651,\"height\":431},{\"@type\":\"BreadcrumbList\",\"@id\":\"https:\/\/www.notibras.com\/site\/nem-toda-oracao-livra-penitencia-e-brunelli-vai-pagar-seus-pecados\/#breadcrumb\",\"itemListElement\":[{\"@type\":\"ListItem\",\"position\":1,\"name\":\"In\u00edcio\",\"item\":\"https:\/\/www.notibras.com\/site\/\"},{\"@type\":\"ListItem\",\"position\":2,\"name\":\"Nem toda ora\u00e7\u00e3o livra penit\u00eancia. E Brunelli vai pagar seus pecados\"}]},{\"@type\":\"WebSite\",\"@id\":\"https:\/\/www.notibras.com\/site\/#website\",\"url\":\"https:\/\/www.notibras.com\/site\/\",\"name\":\"Notibras\",\"description\":\"Not\u00edcias de Bras\u00edlia, do Brasil e do Mundo\",\"publisher\":{\"@id\":\"https:\/\/www.notibras.com\/site\/#organization\"},\"potentialAction\":[{\"@type\":\"SearchAction\",\"target\":{\"@type\":\"EntryPoint\",\"urlTemplate\":\"https:\/\/www.notibras.com\/site\/?s={search_term_string}\"},\"query-input\":{\"@type\":\"PropertyValueSpecification\",\"valueRequired\":true,\"valueName\":\"search_term_string\"}}],\"inLanguage\":\"pt-BR\"},{\"@type\":\"Organization\",\"@id\":\"https:\/\/www.notibras.com\/site\/#organization\",\"name\":\"Grupo Notibras de Comunica\u00e7\u00e3o\",\"url\":\"https:\/\/www.notibras.com\/site\/\",\"logo\":{\"@type\":\"ImageObject\",\"inLanguage\":\"pt-BR\",\"@id\":\"https:\/\/www.notibras.com\/site\/#\/schema\/logo\/image\/\",\"url\":\"https:\/\/www.notibras.com\/site\/wp-content\/uploads\/2023\/01\/notibras23.png\",\"contentUrl\":\"https:\/\/www.notibras.com\/site\/wp-content\/uploads\/2023\/01\/notibras23.png\",\"width\":350,\"height\":87,\"caption\":\"Grupo Notibras de Comunica\u00e7\u00e3o\"},\"image\":{\"@id\":\"https:\/\/www.notibras.com\/site\/#\/schema\/logo\/image\/\"},\"sameAs\":[\"https:\/\/www.facebook.com\/notibras\/\",\"https:\/\/x.com\/Notibras\",\"https:\/\/www.instagram.com\/notibras\/\"]},{\"@type\":\"Person\",\"@id\":\"https:\/\/www.notibras.com\/site\/#\/schema\/person\/36ab0979449956132d3e5b517ea76ac8\",\"name\":\"Reda\u00e7\u00e3o\",\"image\":{\"@type\":\"ImageObject\",\"inLanguage\":\"pt-BR\",\"@id\":\"https:\/\/secure.gravatar.com\/avatar\/e0a867bdedb85fd243eadf09663511f96fc81e0720a4a42581f334ad4303aa6b?s=96&d=mm&r=g\",\"url\":\"https:\/\/secure.gravatar.com\/avatar\/e0a867bdedb85fd243eadf09663511f96fc81e0720a4a42581f334ad4303aa6b?s=96&d=mm&r=g\",\"contentUrl\":\"https:\/\/secure.gravatar.com\/avatar\/e0a867bdedb85fd243eadf09663511f96fc81e0720a4a42581f334ad4303aa6b?s=96&d=mm&r=g\",\"caption\":\"Reda\u00e7\u00e3o\"}}]}<\/script>\n<!-- \/ Yoast SEO plugin. -->","yoast_head_json":{"title":"Nem toda ora\u00e7\u00e3o livra penit\u00eancia. E Brunelli vai pagar seus pecados - Notibras","robots":{"index":"index","follow":"follow","max-snippet":"max-snippet:-1","max-image-preview":"max-image-preview:large","max-video-preview":"max-video-preview:-1"},"canonical":"https:\/\/www.notibras.com\/site\/nem-toda-oracao-livra-penitencia-e-brunelli-vai-pagar-seus-pecados\/","og_locale":"pt_BR","og_type":"article","og_title":"Nem toda ora\u00e7\u00e3o livra penit\u00eancia. E Brunelli vai pagar seus pecados - Notibras","og_description":"O ap\u00f3stolo Doriel de Oliveira, fundador da Igreja Casa da B\u00ean\u00e7\u00e3o, tem erguido os olhos aos c\u00e9us em comoventes ora\u00e7\u00f5es. Dois dos seus filhos andaram pecando. Um, envolvido com tr\u00e1fico de drogas, j\u00e1 paga penit\u00eancia em uma cela da Penitenci\u00e1ria da Papuda. \u00c9 Samuel Wesley de Oliveira. Outro, que saiu a francesa de Bras\u00edlia para [&hellip;]","og_url":"https:\/\/www.notibras.com\/site\/nem-toda-oracao-livra-penitencia-e-brunelli-vai-pagar-seus-pecados\/","og_site_name":"Notibras","article_publisher":"https:\/\/www.facebook.com\/notibras\/","article_published_time":"2014-10-09T09:02:30+00:00","article_modified_time":"2014-10-09T13:19:19+00:00","og_image":[{"width":651,"height":431,"url":"https:\/\/www.notibras.com\/site\/wp-content\/uploads\/2014\/10\/p2.jpg","type":"image\/jpeg"}],"author":"Reda\u00e7\u00e3o","twitter_card":"summary_large_image","twitter_creator":"@Notibras","twitter_site":"@Notibras","twitter_misc":{"Escrito por":"Reda\u00e7\u00e3o","Est. tempo de leitura":"1 minuto"},"schema":{"@context":"https:\/\/schema.org","@graph":[{"@type":"Article","@id":"https:\/\/www.notibras.com\/site\/nem-toda-oracao-livra-penitencia-e-brunelli-vai-pagar-seus-pecados\/#article","isPartOf":{"@id":"https:\/\/www.notibras.com\/site\/nem-toda-oracao-livra-penitencia-e-brunelli-vai-pagar-seus-pecados\/"},"author":{"name":"Reda\u00e7\u00e3o","@id":"https:\/\/www.notibras.com\/site\/#\/schema\/person\/36ab0979449956132d3e5b517ea76ac8"},"headline":"Nem toda ora\u00e7\u00e3o livra penit\u00eancia. E Brunelli vai pagar seus pecados","datePublished":"2014-10-09T09:02:30+00:00","dateModified":"2014-10-09T13:19:19+00:00","mainEntityOfPage":{"@id":"https:\/\/www.notibras.com\/site\/nem-toda-oracao-livra-penitencia-e-brunelli-vai-pagar-seus-pecados\/"},"wordCount":133,"commentCount":0,"publisher":{"@id":"https:\/\/www.notibras.com\/site\/#organization"},"image":{"@id":"https:\/\/www.notibras.com\/site\/nem-toda-oracao-livra-penitencia-e-brunelli-vai-pagar-seus-pecados\/#primaryimage"},"thumbnailUrl":"https:\/\/www.notibras.com\/site\/wp-content\/uploads\/2014\/10\/p2.jpg","articleSection":["Elei\u00e7\u00f5es 2022"],"inLanguage":"pt-BR","potentialAction":[{"@type":"CommentAction","name":"Comment","target":["https:\/\/www.notibras.com\/site\/nem-toda-oracao-livra-penitencia-e-brunelli-vai-pagar-seus-pecados\/#respond"]}]},{"@type":"WebPage","@id":"https:\/\/www.notibras.com\/site\/nem-toda-oracao-livra-penitencia-e-brunelli-vai-pagar-seus-pecados\/","url":"https:\/\/www.notibras.com\/site\/nem-toda-oracao-livra-penitencia-e-brunelli-vai-pagar-seus-pecados\/","name":"Nem toda ora\u00e7\u00e3o livra penit\u00eancia. E Brunelli vai pagar seus pecados - Notibras","isPartOf":{"@id":"https:\/\/www.notibras.com\/site\/#website"},"primaryImageOfPage":{"@id":"https:\/\/www.notibras.com\/site\/nem-toda-oracao-livra-penitencia-e-brunelli-vai-pagar-seus-pecados\/#primaryimage"},"image":{"@id":"https:\/\/www.notibras.com\/site\/nem-toda-oracao-livra-penitencia-e-brunelli-vai-pagar-seus-pecados\/#primaryimage"},"thumbnailUrl":"https:\/\/www.notibras.com\/site\/wp-content\/uploads\/2014\/10\/p2.jpg","datePublished":"2014-10-09T09:02:30+00:00","dateModified":"2014-10-09T13:19:19+00:00","breadcrumb":{"@id":"https:\/\/www.notibras.com\/site\/nem-toda-oracao-livra-penitencia-e-brunelli-vai-pagar-seus-pecados\/#breadcrumb"},"inLanguage":"pt-BR","potentialAction":[{"@type":"ReadAction","target":["https:\/\/www.notibras.com\/site\/nem-toda-oracao-livra-penitencia-e-brunelli-vai-pagar-seus-pecados\/"]}]},{"@type":"ImageObject","inLanguage":"pt-BR","@id":"https:\/\/www.notibras.com\/site\/nem-toda-oracao-livra-penitencia-e-brunelli-vai-pagar-seus-pecados\/#primaryimage","url":"https:\/\/www.notibras.com\/site\/wp-content\/uploads\/2014\/10\/p2.jpg","contentUrl":"https:\/\/www.notibras.com\/site\/wp-content\/uploads\/2014\/10\/p2.jpg","width":651,"height":431},{"@type":"BreadcrumbList","@id":"https:\/\/www.notibras.com\/site\/nem-toda-oracao-livra-penitencia-e-brunelli-vai-pagar-seus-pecados\/#breadcrumb","itemListElement":[{"@type":"ListItem","position":1,"name":"In\u00edcio","item":"https:\/\/www.notibras.com\/site\/"},{"@type":"ListItem","position":2,"name":"Nem toda ora\u00e7\u00e3o livra penit\u00eancia. E Brunelli vai pagar seus pecados"}]},{"@type":"WebSite","@id":"https:\/\/www.notibras.com\/site\/#website","url":"https:\/\/www.notibras.com\/site\/","name":"Notibras","description":"Not\u00edcias de Bras\u00edlia, do Brasil e do Mundo","publisher":{"@id":"https:\/\/www.notibras.com\/site\/#organization"},"potentialAction":[{"@type":"SearchAction","target":{"@type":"EntryPoint","urlTemplate":"https:\/\/www.notibras.com\/site\/?s={search_term_string}"},"query-input":{"@type":"PropertyValueSpecification","valueRequired":true,"valueName":"search_term_string"}}],"inLanguage":"pt-BR"},{"@type":"Organization","@id":"https:\/\/www.notibras.com\/site\/#organization","name":"Grupo Notibras de Comunica\u00e7\u00e3o","url":"https:\/\/www.notibras.com\/site\/","logo":{"@type":"ImageObject","inLanguage":"pt-BR","@id":"https:\/\/www.notibras.com\/site\/#\/schema\/logo\/image\/","url":"https:\/\/www.notibras.com\/site\/wp-content\/uploads\/2023\/01\/notibras23.png","contentUrl":"https:\/\/www.notibras.com\/site\/wp-content\/uploads\/2023\/01\/notibras23.png","width":350,"height":87,"caption":"Grupo Notibras de Comunica\u00e7\u00e3o"},"image":{"@id":"https:\/\/www.notibras.com\/site\/#\/schema\/logo\/image\/"},"sameAs":["https:\/\/www.facebook.com\/notibras\/","https:\/\/x.com\/Notibras","https:\/\/www.instagram.com\/notibras\/"]},{"@type":"Person","@id":"https:\/\/www.notibras.com\/site\/#\/schema\/person\/36ab0979449956132d3e5b517ea76ac8","name":"Reda\u00e7\u00e3o","image":{"@type":"ImageObject","inLanguage":"pt-BR","@id":"https:\/\/secure.gravatar.com\/avatar\/e0a867bdedb85fd243eadf09663511f96fc81e0720a4a42581f334ad4303aa6b?s=96&d=mm&r=g","url":"https:\/\/secure.gravatar.com\/avatar\/e0a867bdedb85fd243eadf09663511f96fc81e0720a4a42581f334ad4303aa6b?s=96&d=mm&r=g","contentUrl":"https:\/\/secure.gravatar.com\/avatar\/e0a867bdedb85fd243eadf09663511f96fc81e0720a4a42581f334ad4303aa6b?s=96&d=mm&r=g","caption":"Reda\u00e7\u00e3o"}}]}},"amp_enabled":true,"_links":{"self":[{"href":"https:\/\/www.notibras.com\/site\/wp-json\/wp\/v2\/posts\/24291","targetHints":{"allow":["GET"]}}],"collection":[{"href":"https:\/\/www.notibras.com\/site\/wp-json\/wp\/v2\/posts"}],"about":[{"href":"https:\/\/www.notibras.com\/site\/wp-json\/wp\/v2\/types\/post"}],"author":[{"embeddable":true,"href":"https:\/\/www.notibras.com\/site\/wp-json\/wp\/v2\/users\/2"}],"replies":[{"embeddable":true,"href":"https:\/\/www.notibras.com\/site\/wp-json\/wp\/v2\/comments?post=24291"}],"version-history":[{"count":0,"href":"https:\/\/www.notibras.com\/site\/wp-json\/wp\/v2\/posts\/24291\/revisions"}],"wp:featuredmedia":[{"embeddable":true,"href":"https:\/\/www.notibras.com\/site\/wp-json\/wp\/v2\/media\/24292"}],"wp:attachment":[{"href":"https:\/\/www.notibras.com\/site\/wp-json\/wp\/v2\/media?parent=24291"}],"wp:term":[{"taxonomy":"category","embeddable":true,"href":"https:\/\/www.notibras.com\/site\/wp-json\/wp\/v2\/categories?post=24291"},{"taxonomy":"post_tag","embeddable":true,"href":"https:\/\/www.notibras.com\/site\/wp-json\/wp\/v2\/tags?post=24291"}],"curies":[{"name":"wp","href":"https:\/\/api.w.org\/{rel}","templated":true}]}}