{"id":24294,"date":"2014-10-09T06:07:59","date_gmt":"2014-10-09T09:07:59","guid":{"rendered":"http:\/\/www.notibras.com\/site\/?p=24294"},"modified":"2014-10-09T06:07:59","modified_gmt":"2014-10-09T09:07:59","slug":"claudio-monteiro-de-brioso-a-capacho-em-nome-da-retaliacao","status":"publish","type":"post","link":"https:\/\/www.notibras.com\/site\/claudio-monteiro-de-brioso-a-capacho-em-nome-da-retaliacao\/","title":{"rendered":"Cl\u00e1udio Monteiro, de brioso a capacho, em nome da retalia\u00e7\u00e3o"},"content":{"rendered":"<p>Ainda sem conseguir digerir a acachapante derrota nas urnas, Agnelo Queiroz (PT), decidiu partir para a retalia\u00e7\u00e3o. Afundado na lama, o governador tem levado tamb\u00e9m para a morte pol\u00edtica seu fiel escudeiro Cl\u00e1udio Monteiro. Homem de brios, aplaudido at\u00e9 pelos mais ferrenhos advers\u00e1rios quando dep\u00f4s da CPI do Cachoeira, Cl\u00e1udio Monteiro acaba de seguir os passos errantes do amigo barata-tonta, ao aceitar o posto de secret\u00e1rio de Justi\u00e7a e promover uma verdadeira ca\u00e7a \u00e0s bruxas. O alvo da persegui\u00e7\u00e3o \u00e9 Al\u00edrio Neto, que comandou a \u00e1rea por mais de tr\u00eas anos, e que decidiu apoiar a candidatura de Jofran Frejat (PR), no segundo turno. Amigos pr\u00f3ximos condenam a sede de poder do homem que ergueu o Man\u00e9 Garrincha. Antes, dizem, Cl\u00e1udio tivesse permanecido na Secretaria de Turismo, onde seria mais f\u00e1cil usar a lavanderia para limpar as manchas do seu curr\u00edculo.<\/p>\n","protected":false},"excerpt":{"rendered":"<p>Ainda sem conseguir digerir a acachapante derrota nas urnas, Agnelo Queiroz (PT), decidiu partir para a retalia\u00e7\u00e3o. Afundado na lama, o governador tem levado tamb\u00e9m para a morte pol\u00edtica seu fiel escudeiro Cl\u00e1udio Monteiro. Homem de brios, aplaudido at\u00e9 pelos mais ferrenhos advers\u00e1rios quando dep\u00f4s da CPI do Cachoeira, Cl\u00e1udio Monteiro acaba de seguir os [&hellip;]<\/p>\n","protected":false},"author":2,"featured_media":24295,"comment_status":"open","ping_status":"closed","sticky":false,"template":"","format":"standard","meta":{"_acf_changed":false,"footnotes":""},"categories":[26],"tags":[],"class_list":["post-24294","post","type-post","status-publish","format-standard","has-post-thumbnail","hentry","category-eleicoes-2022"],"acf":[],"yoast_head":"<!-- This site is optimized with the Yoast SEO plugin v27.2 - https:\/\/yoast.com\/product\/yoast-seo-wordpress\/ -->\n<title>Cl\u00e1udio Monteiro, de brioso a capacho, em nome da retalia\u00e7\u00e3o - Notibras<\/title>\n<meta name=\"robots\" content=\"index, follow, max-snippet:-1, max-image-preview:large, max-video-preview:-1\" \/>\n<link rel=\"canonical\" href=\"https:\/\/www.notibras.com\/site\/claudio-monteiro-de-brioso-a-capacho-em-nome-da-retaliacao\/\" \/>\n<meta property=\"og:locale\" content=\"pt_BR\" \/>\n<meta property=\"og:type\" content=\"article\" \/>\n<meta property=\"og:title\" content=\"Cl\u00e1udio Monteiro, de brioso a capacho, em nome da retalia\u00e7\u00e3o - Notibras\" \/>\n<meta property=\"og:description\" content=\"Ainda sem conseguir digerir a acachapante derrota nas urnas, Agnelo Queiroz (PT), decidiu partir para a retalia\u00e7\u00e3o. Afundado na lama, o governador tem levado tamb\u00e9m para a morte pol\u00edtica seu fiel escudeiro Cl\u00e1udio Monteiro. Homem de brios, aplaudido at\u00e9 pelos mais ferrenhos advers\u00e1rios quando dep\u00f4s da CPI do Cachoeira, Cl\u00e1udio Monteiro acaba de seguir os [&hellip;]\" \/>\n<meta property=\"og:url\" content=\"https:\/\/www.notibras.com\/site\/claudio-monteiro-de-brioso-a-capacho-em-nome-da-retaliacao\/\" \/>\n<meta property=\"og:site_name\" content=\"Notibras\" \/>\n<meta property=\"article:publisher\" content=\"https:\/\/www.facebook.com\/notibras\/\" \/>\n<meta property=\"article:published_time\" content=\"2014-10-09T09:07:59+00:00\" \/>\n<meta property=\"og:image\" content=\"https:\/\/www.notibras.com\/site\/wp-content\/uploads\/2014\/10\/p12.jpg\" \/>\n\t<meta property=\"og:image:width\" content=\"640\" \/>\n\t<meta property=\"og:image:height\" content=\"427\" \/>\n\t<meta property=\"og:image:type\" content=\"image\/jpeg\" \/>\n<meta name=\"author\" content=\"Reda\u00e7\u00e3o\" \/>\n<meta name=\"twitter:card\" content=\"summary_large_image\" \/>\n<meta name=\"twitter:creator\" content=\"@Notibras\" \/>\n<meta name=\"twitter:site\" content=\"@Notibras\" \/>\n<meta name=\"twitter:label1\" content=\"Escrito por\" \/>\n\t<meta name=\"twitter:data1\" content=\"Reda\u00e7\u00e3o\" \/>\n\t<meta name=\"twitter:label2\" content=\"Est. tempo de leitura\" \/>\n\t<meta name=\"twitter:data2\" content=\"1 minuto\" \/>\n<script type=\"application\/ld+json\" class=\"yoast-schema-graph\">{\"@context\":\"https:\/\/schema.org\",\"@graph\":[{\"@type\":\"Article\",\"@id\":\"https:\/\/www.notibras.com\/site\/claudio-monteiro-de-brioso-a-capacho-em-nome-da-retaliacao\/#article\",\"isPartOf\":{\"@id\":\"https:\/\/www.notibras.com\/site\/claudio-monteiro-de-brioso-a-capacho-em-nome-da-retaliacao\/\"},\"author\":{\"name\":\"Reda\u00e7\u00e3o\",\"@id\":\"https:\/\/www.notibras.com\/site\/#\/schema\/person\/36ab0979449956132d3e5b517ea76ac8\"},\"headline\":\"Cl\u00e1udio Monteiro, de brioso a capacho, em nome da retalia\u00e7\u00e3o\",\"datePublished\":\"2014-10-09T09:07:59+00:00\",\"mainEntityOfPage\":{\"@id\":\"https:\/\/www.notibras.com\/site\/claudio-monteiro-de-brioso-a-capacho-em-nome-da-retaliacao\/\"},\"wordCount\":169,\"commentCount\":0,\"publisher\":{\"@id\":\"https:\/\/www.notibras.com\/site\/#organization\"},\"image\":{\"@id\":\"https:\/\/www.notibras.com\/site\/claudio-monteiro-de-brioso-a-capacho-em-nome-da-retaliacao\/#primaryimage\"},\"thumbnailUrl\":\"https:\/\/www.notibras.com\/site\/wp-content\/uploads\/2014\/10\/p12.jpg\",\"articleSection\":[\"Elei\u00e7\u00f5es 2022\"],\"inLanguage\":\"pt-BR\",\"potentialAction\":[{\"@type\":\"CommentAction\",\"name\":\"Comment\",\"target\":[\"https:\/\/www.notibras.com\/site\/claudio-monteiro-de-brioso-a-capacho-em-nome-da-retaliacao\/#respond\"]}]},{\"@type\":\"WebPage\",\"@id\":\"https:\/\/www.notibras.com\/site\/claudio-monteiro-de-brioso-a-capacho-em-nome-da-retaliacao\/\",\"url\":\"https:\/\/www.notibras.com\/site\/claudio-monteiro-de-brioso-a-capacho-em-nome-da-retaliacao\/\",\"name\":\"Cl\u00e1udio Monteiro, de brioso a capacho, em nome da retalia\u00e7\u00e3o - Notibras\",\"isPartOf\":{\"@id\":\"https:\/\/www.notibras.com\/site\/#website\"},\"primaryImageOfPage\":{\"@id\":\"https:\/\/www.notibras.com\/site\/claudio-monteiro-de-brioso-a-capacho-em-nome-da-retaliacao\/#primaryimage\"},\"image\":{\"@id\":\"https:\/\/www.notibras.com\/site\/claudio-monteiro-de-brioso-a-capacho-em-nome-da-retaliacao\/#primaryimage\"},\"thumbnailUrl\":\"https:\/\/www.notibras.com\/site\/wp-content\/uploads\/2014\/10\/p12.jpg\",\"datePublished\":\"2014-10-09T09:07:59+00:00\",\"breadcrumb\":{\"@id\":\"https:\/\/www.notibras.com\/site\/claudio-monteiro-de-brioso-a-capacho-em-nome-da-retaliacao\/#breadcrumb\"},\"inLanguage\":\"pt-BR\",\"potentialAction\":[{\"@type\":\"ReadAction\",\"target\":[\"https:\/\/www.notibras.com\/site\/claudio-monteiro-de-brioso-a-capacho-em-nome-da-retaliacao\/\"]}]},{\"@type\":\"ImageObject\",\"inLanguage\":\"pt-BR\",\"@id\":\"https:\/\/www.notibras.com\/site\/claudio-monteiro-de-brioso-a-capacho-em-nome-da-retaliacao\/#primaryimage\",\"url\":\"https:\/\/www.notibras.com\/site\/wp-content\/uploads\/2014\/10\/p12.jpg\",\"contentUrl\":\"https:\/\/www.notibras.com\/site\/wp-content\/uploads\/2014\/10\/p12.jpg\",\"width\":640,\"height\":427},{\"@type\":\"BreadcrumbList\",\"@id\":\"https:\/\/www.notibras.com\/site\/claudio-monteiro-de-brioso-a-capacho-em-nome-da-retaliacao\/#breadcrumb\",\"itemListElement\":[{\"@type\":\"ListItem\",\"position\":1,\"name\":\"In\u00edcio\",\"item\":\"https:\/\/www.notibras.com\/site\/\"},{\"@type\":\"ListItem\",\"position\":2,\"name\":\"Cl\u00e1udio Monteiro, de brioso a capacho, em nome da retalia\u00e7\u00e3o\"}]},{\"@type\":\"WebSite\",\"@id\":\"https:\/\/www.notibras.com\/site\/#website\",\"url\":\"https:\/\/www.notibras.com\/site\/\",\"name\":\"Notibras\",\"description\":\"Not\u00edcias de Bras\u00edlia, do Brasil e do Mundo\",\"publisher\":{\"@id\":\"https:\/\/www.notibras.com\/site\/#organization\"},\"potentialAction\":[{\"@type\":\"SearchAction\",\"target\":{\"@type\":\"EntryPoint\",\"urlTemplate\":\"https:\/\/www.notibras.com\/site\/?s={search_term_string}\"},\"query-input\":{\"@type\":\"PropertyValueSpecification\",\"valueRequired\":true,\"valueName\":\"search_term_string\"}}],\"inLanguage\":\"pt-BR\"},{\"@type\":\"Organization\",\"@id\":\"https:\/\/www.notibras.com\/site\/#organization\",\"name\":\"Grupo Notibras de Comunica\u00e7\u00e3o\",\"url\":\"https:\/\/www.notibras.com\/site\/\",\"logo\":{\"@type\":\"ImageObject\",\"inLanguage\":\"pt-BR\",\"@id\":\"https:\/\/www.notibras.com\/site\/#\/schema\/logo\/image\/\",\"url\":\"https:\/\/www.notibras.com\/site\/wp-content\/uploads\/2023\/01\/notibras23.png\",\"contentUrl\":\"https:\/\/www.notibras.com\/site\/wp-content\/uploads\/2023\/01\/notibras23.png\",\"width\":350,\"height\":87,\"caption\":\"Grupo Notibras de Comunica\u00e7\u00e3o\"},\"image\":{\"@id\":\"https:\/\/www.notibras.com\/site\/#\/schema\/logo\/image\/\"},\"sameAs\":[\"https:\/\/www.facebook.com\/notibras\/\",\"https:\/\/x.com\/Notibras\",\"https:\/\/www.instagram.com\/notibras\/\"]},{\"@type\":\"Person\",\"@id\":\"https:\/\/www.notibras.com\/site\/#\/schema\/person\/36ab0979449956132d3e5b517ea76ac8\",\"name\":\"Reda\u00e7\u00e3o\",\"image\":{\"@type\":\"ImageObject\",\"inLanguage\":\"pt-BR\",\"@id\":\"https:\/\/secure.gravatar.com\/avatar\/e0a867bdedb85fd243eadf09663511f96fc81e0720a4a42581f334ad4303aa6b?s=96&d=mm&r=g\",\"url\":\"https:\/\/secure.gravatar.com\/avatar\/e0a867bdedb85fd243eadf09663511f96fc81e0720a4a42581f334ad4303aa6b?s=96&d=mm&r=g\",\"contentUrl\":\"https:\/\/secure.gravatar.com\/avatar\/e0a867bdedb85fd243eadf09663511f96fc81e0720a4a42581f334ad4303aa6b?s=96&d=mm&r=g\",\"caption\":\"Reda\u00e7\u00e3o\"}}]}<\/script>\n<!-- \/ Yoast SEO plugin. -->","yoast_head_json":{"title":"Cl\u00e1udio Monteiro, de brioso a capacho, em nome da retalia\u00e7\u00e3o - Notibras","robots":{"index":"index","follow":"follow","max-snippet":"max-snippet:-1","max-image-preview":"max-image-preview:large","max-video-preview":"max-video-preview:-1"},"canonical":"https:\/\/www.notibras.com\/site\/claudio-monteiro-de-brioso-a-capacho-em-nome-da-retaliacao\/","og_locale":"pt_BR","og_type":"article","og_title":"Cl\u00e1udio Monteiro, de brioso a capacho, em nome da retalia\u00e7\u00e3o - Notibras","og_description":"Ainda sem conseguir digerir a acachapante derrota nas urnas, Agnelo Queiroz (PT), decidiu partir para a retalia\u00e7\u00e3o. Afundado na lama, o governador tem levado tamb\u00e9m para a morte pol\u00edtica seu fiel escudeiro Cl\u00e1udio Monteiro. Homem de brios, aplaudido at\u00e9 pelos mais ferrenhos advers\u00e1rios quando dep\u00f4s da CPI do Cachoeira, Cl\u00e1udio Monteiro acaba de seguir os [&hellip;]","og_url":"https:\/\/www.notibras.com\/site\/claudio-monteiro-de-brioso-a-capacho-em-nome-da-retaliacao\/","og_site_name":"Notibras","article_publisher":"https:\/\/www.facebook.com\/notibras\/","article_published_time":"2014-10-09T09:07:59+00:00","og_image":[{"width":640,"height":427,"url":"https:\/\/www.notibras.com\/site\/wp-content\/uploads\/2014\/10\/p12.jpg","type":"image\/jpeg"}],"author":"Reda\u00e7\u00e3o","twitter_card":"summary_large_image","twitter_creator":"@Notibras","twitter_site":"@Notibras","twitter_misc":{"Escrito por":"Reda\u00e7\u00e3o","Est. tempo de leitura":"1 minuto"},"schema":{"@context":"https:\/\/schema.org","@graph":[{"@type":"Article","@id":"https:\/\/www.notibras.com\/site\/claudio-monteiro-de-brioso-a-capacho-em-nome-da-retaliacao\/#article","isPartOf":{"@id":"https:\/\/www.notibras.com\/site\/claudio-monteiro-de-brioso-a-capacho-em-nome-da-retaliacao\/"},"author":{"name":"Reda\u00e7\u00e3o","@id":"https:\/\/www.notibras.com\/site\/#\/schema\/person\/36ab0979449956132d3e5b517ea76ac8"},"headline":"Cl\u00e1udio Monteiro, de brioso a capacho, em nome da retalia\u00e7\u00e3o","datePublished":"2014-10-09T09:07:59+00:00","mainEntityOfPage":{"@id":"https:\/\/www.notibras.com\/site\/claudio-monteiro-de-brioso-a-capacho-em-nome-da-retaliacao\/"},"wordCount":169,"commentCount":0,"publisher":{"@id":"https:\/\/www.notibras.com\/site\/#organization"},"image":{"@id":"https:\/\/www.notibras.com\/site\/claudio-monteiro-de-brioso-a-capacho-em-nome-da-retaliacao\/#primaryimage"},"thumbnailUrl":"https:\/\/www.notibras.com\/site\/wp-content\/uploads\/2014\/10\/p12.jpg","articleSection":["Elei\u00e7\u00f5es 2022"],"inLanguage":"pt-BR","potentialAction":[{"@type":"CommentAction","name":"Comment","target":["https:\/\/www.notibras.com\/site\/claudio-monteiro-de-brioso-a-capacho-em-nome-da-retaliacao\/#respond"]}]},{"@type":"WebPage","@id":"https:\/\/www.notibras.com\/site\/claudio-monteiro-de-brioso-a-capacho-em-nome-da-retaliacao\/","url":"https:\/\/www.notibras.com\/site\/claudio-monteiro-de-brioso-a-capacho-em-nome-da-retaliacao\/","name":"Cl\u00e1udio Monteiro, de brioso a capacho, em nome da retalia\u00e7\u00e3o - Notibras","isPartOf":{"@id":"https:\/\/www.notibras.com\/site\/#website"},"primaryImageOfPage":{"@id":"https:\/\/www.notibras.com\/site\/claudio-monteiro-de-brioso-a-capacho-em-nome-da-retaliacao\/#primaryimage"},"image":{"@id":"https:\/\/www.notibras.com\/site\/claudio-monteiro-de-brioso-a-capacho-em-nome-da-retaliacao\/#primaryimage"},"thumbnailUrl":"https:\/\/www.notibras.com\/site\/wp-content\/uploads\/2014\/10\/p12.jpg","datePublished":"2014-10-09T09:07:59+00:00","breadcrumb":{"@id":"https:\/\/www.notibras.com\/site\/claudio-monteiro-de-brioso-a-capacho-em-nome-da-retaliacao\/#breadcrumb"},"inLanguage":"pt-BR","potentialAction":[{"@type":"ReadAction","target":["https:\/\/www.notibras.com\/site\/claudio-monteiro-de-brioso-a-capacho-em-nome-da-retaliacao\/"]}]},{"@type":"ImageObject","inLanguage":"pt-BR","@id":"https:\/\/www.notibras.com\/site\/claudio-monteiro-de-brioso-a-capacho-em-nome-da-retaliacao\/#primaryimage","url":"https:\/\/www.notibras.com\/site\/wp-content\/uploads\/2014\/10\/p12.jpg","contentUrl":"https:\/\/www.notibras.com\/site\/wp-content\/uploads\/2014\/10\/p12.jpg","width":640,"height":427},{"@type":"BreadcrumbList","@id":"https:\/\/www.notibras.com\/site\/claudio-monteiro-de-brioso-a-capacho-em-nome-da-retaliacao\/#breadcrumb","itemListElement":[{"@type":"ListItem","position":1,"name":"In\u00edcio","item":"https:\/\/www.notibras.com\/site\/"},{"@type":"ListItem","position":2,"name":"Cl\u00e1udio Monteiro, de brioso a capacho, em nome da retalia\u00e7\u00e3o"}]},{"@type":"WebSite","@id":"https:\/\/www.notibras.com\/site\/#website","url":"https:\/\/www.notibras.com\/site\/","name":"Notibras","description":"Not\u00edcias de Bras\u00edlia, do Brasil e do Mundo","publisher":{"@id":"https:\/\/www.notibras.com\/site\/#organization"},"potentialAction":[{"@type":"SearchAction","target":{"@type":"EntryPoint","urlTemplate":"https:\/\/www.notibras.com\/site\/?s={search_term_string}"},"query-input":{"@type":"PropertyValueSpecification","valueRequired":true,"valueName":"search_term_string"}}],"inLanguage":"pt-BR"},{"@type":"Organization","@id":"https:\/\/www.notibras.com\/site\/#organization","name":"Grupo Notibras de Comunica\u00e7\u00e3o","url":"https:\/\/www.notibras.com\/site\/","logo":{"@type":"ImageObject","inLanguage":"pt-BR","@id":"https:\/\/www.notibras.com\/site\/#\/schema\/logo\/image\/","url":"https:\/\/www.notibras.com\/site\/wp-content\/uploads\/2023\/01\/notibras23.png","contentUrl":"https:\/\/www.notibras.com\/site\/wp-content\/uploads\/2023\/01\/notibras23.png","width":350,"height":87,"caption":"Grupo Notibras de Comunica\u00e7\u00e3o"},"image":{"@id":"https:\/\/www.notibras.com\/site\/#\/schema\/logo\/image\/"},"sameAs":["https:\/\/www.facebook.com\/notibras\/","https:\/\/x.com\/Notibras","https:\/\/www.instagram.com\/notibras\/"]},{"@type":"Person","@id":"https:\/\/www.notibras.com\/site\/#\/schema\/person\/36ab0979449956132d3e5b517ea76ac8","name":"Reda\u00e7\u00e3o","image":{"@type":"ImageObject","inLanguage":"pt-BR","@id":"https:\/\/secure.gravatar.com\/avatar\/e0a867bdedb85fd243eadf09663511f96fc81e0720a4a42581f334ad4303aa6b?s=96&d=mm&r=g","url":"https:\/\/secure.gravatar.com\/avatar\/e0a867bdedb85fd243eadf09663511f96fc81e0720a4a42581f334ad4303aa6b?s=96&d=mm&r=g","contentUrl":"https:\/\/secure.gravatar.com\/avatar\/e0a867bdedb85fd243eadf09663511f96fc81e0720a4a42581f334ad4303aa6b?s=96&d=mm&r=g","caption":"Reda\u00e7\u00e3o"}}]}},"amp_enabled":true,"_links":{"self":[{"href":"https:\/\/www.notibras.com\/site\/wp-json\/wp\/v2\/posts\/24294","targetHints":{"allow":["GET"]}}],"collection":[{"href":"https:\/\/www.notibras.com\/site\/wp-json\/wp\/v2\/posts"}],"about":[{"href":"https:\/\/www.notibras.com\/site\/wp-json\/wp\/v2\/types\/post"}],"author":[{"embeddable":true,"href":"https:\/\/www.notibras.com\/site\/wp-json\/wp\/v2\/users\/2"}],"replies":[{"embeddable":true,"href":"https:\/\/www.notibras.com\/site\/wp-json\/wp\/v2\/comments?post=24294"}],"version-history":[{"count":0,"href":"https:\/\/www.notibras.com\/site\/wp-json\/wp\/v2\/posts\/24294\/revisions"}],"wp:featuredmedia":[{"embeddable":true,"href":"https:\/\/www.notibras.com\/site\/wp-json\/wp\/v2\/media\/24295"}],"wp:attachment":[{"href":"https:\/\/www.notibras.com\/site\/wp-json\/wp\/v2\/media?parent=24294"}],"wp:term":[{"taxonomy":"category","embeddable":true,"href":"https:\/\/www.notibras.com\/site\/wp-json\/wp\/v2\/categories?post=24294"},{"taxonomy":"post_tag","embeddable":true,"href":"https:\/\/www.notibras.com\/site\/wp-json\/wp\/v2\/tags?post=24294"}],"curies":[{"name":"wp","href":"https:\/\/api.w.org\/{rel}","templated":true}]}}