{"id":24297,"date":"2014-10-09T06:16:49","date_gmt":"2014-10-09T09:16:49","guid":{"rendered":"http:\/\/www.notibras.com\/site\/?p=24297"},"modified":"2014-10-09T06:16:49","modified_gmt":"2014-10-09T09:16:49","slug":"basta-de-russofobia-ou-assumam-os-riscos-da-aniquilacao","status":"publish","type":"post","link":"https:\/\/www.notibras.com\/site\/basta-de-russofobia-ou-assumam-os-riscos-da-aniquilacao\/","title":{"rendered":"Basta de russofobia. Ou assumam os riscos da aniquila\u00e7\u00e3o"},"content":{"rendered":"<p>Sergei Lavrov, Ministro das Rela\u00e7\u00f5es Exteriores da R\u00fassia, desembarcou na Finl\u00e2ndia. A pouco antes de sua visita o enviado do Presidente Vladimir Putin na ocasi\u00e3o, Sergei Marcov, falou com a m\u00eddia no pa\u00eds em termos claros e concisos:<\/p>\n<p>&#8211; Voc\u00eas querem participar de uma terceira guerra mundial? O antisemitismo iniciou a segunda guerra mundial. Uma russofobia pode iniciar a terceira. A Finl\u00e2ndia \u00e9 um dos pa\u00edses mais russofobos da Europa &#8211; ou seja sofrendo de uma fobia em rela\u00e7\u00e3o a tudo que \u00e9 russo \u2013 vindo depois da Su\u00e9cia e dos pa\u00edses b\u00e1lticos nessa quest\u00e3o.<\/p>\n<p>Sergei Marcov especificou dizendo ent\u00e3o que essa fobia mostrava-se muito claramente em rela\u00e7\u00e3o aos tr\u00e1gicos acontecimentos na Ucr\u00e2nia atrav\u00e9s das monstruosas mentiras distribu\u00eddas pela m\u00eddia.<\/p>\n<p>Aqui tem que ser ressaltado que essas monstruosas mentiras s\u00e3o apresentadas pela m\u00eddia de quando a mesma n\u00e3o estabelece um odioso bloqueio dos mais horr\u00edveis e inacredit\u00e1veis acontecimentos de morte dos quais o ocidente \u00e9 c\u00famplice, se n\u00e3o o diretamente respons\u00e1vel.<\/p>\n<p>Dia ap\u00f3s dia temos que ver as vidas de jovens, mulheres e crian\u00e7as serem terminadas com enorme viol\u00eancia. Tanques, artilharia, avi\u00f5es e helic\u00f3pteros de ataque usados contra indefesas popula\u00e7\u00f5es. Muitos jovens ca\u00eddos nas ruas com tiros na cabe\u00e7a, se n\u00e3o mortos de outras maneiras mais selvagens.<\/p>\n<p>Sergei Markov advertiu a respeito das consequ\u00eancias de colocar a R\u00fassia contra a parede. Ele disse que deve muito simplesmente ser o suficiente o tratar os russos como se eles n\u00e3o tivessem que ser levados em considera\u00e7\u00e3o. Ele disse ent\u00e3o que a Europa de hoje olha para os russos como anteriormente olhavam para os judeus.<\/p>\n<p>O enviado do Presidente Putin Sergei Marcov ressaltou que a Europa hoje em dia \u2013 e aqui tem que ser dito que isso em conformidade com as diretivas dos Estados Unidos \u2013 tem como objetivo o destruir a R\u00fassia. Entretanto isso n\u00e3o iria ter sucesso, assim como esses objetivos n\u00e3o tiveram sucesso com Napole\u00e3o ou Hitler.<\/p>\n<p>Voc\u00eas ir\u00e3o destruir a Europa enquanto tentam destruir a R\u00fassia. Isso \u00e9 falar sem medo de repres\u00e1lias.<\/p>\n<p><strong>Anna Malm<\/strong><\/p>\n","protected":false},"excerpt":{"rendered":"<p>Sergei Lavrov, Ministro das Rela\u00e7\u00f5es Exteriores da R\u00fassia, desembarcou na Finl\u00e2ndia. A pouco antes de sua visita o enviado do Presidente Vladimir Putin na ocasi\u00e3o, Sergei Marcov, falou com a m\u00eddia no pa\u00eds em termos claros e concisos: &#8211; Voc\u00eas querem participar de uma terceira guerra mundial? O antisemitismo iniciou a segunda guerra mundial. Uma [&hellip;]<\/p>\n","protected":false},"author":2,"featured_media":24298,"comment_status":"open","ping_status":"closed","sticky":false,"template":"","format":"standard","meta":{"_acf_changed":false,"footnotes":""},"categories":[25],"tags":[],"class_list":["post-24297","post","type-post","status-publish","format-standard","has-post-thumbnail","hentry","category-opina-ai"],"acf":[],"yoast_head":"<!-- This site is optimized with the Yoast SEO plugin v27.5 - https:\/\/yoast.com\/product\/yoast-seo-wordpress\/ -->\n<title>Basta de russofobia. Ou assumam os riscos da aniquila\u00e7\u00e3o - Notibras<\/title>\n<meta name=\"robots\" content=\"index, follow, max-snippet:-1, max-image-preview:large, max-video-preview:-1\" \/>\n<link rel=\"canonical\" href=\"https:\/\/www.notibras.com\/site\/basta-de-russofobia-ou-assumam-os-riscos-da-aniquilacao\/\" \/>\n<meta property=\"og:locale\" content=\"pt_BR\" \/>\n<meta property=\"og:type\" content=\"article\" \/>\n<meta property=\"og:title\" content=\"Basta de russofobia. Ou assumam os riscos da aniquila\u00e7\u00e3o - Notibras\" \/>\n<meta property=\"og:description\" content=\"Sergei Lavrov, Ministro das Rela\u00e7\u00f5es Exteriores da R\u00fassia, desembarcou na Finl\u00e2ndia. A pouco antes de sua visita o enviado do Presidente Vladimir Putin na ocasi\u00e3o, Sergei Marcov, falou com a m\u00eddia no pa\u00eds em termos claros e concisos: &#8211; Voc\u00eas querem participar de uma terceira guerra mundial? O antisemitismo iniciou a segunda guerra mundial. Uma [&hellip;]\" \/>\n<meta property=\"og:url\" content=\"https:\/\/www.notibras.com\/site\/basta-de-russofobia-ou-assumam-os-riscos-da-aniquilacao\/\" \/>\n<meta property=\"og:site_name\" content=\"Notibras\" \/>\n<meta property=\"article:publisher\" content=\"https:\/\/www.facebook.com\/notibras\/\" \/>\n<meta property=\"article:published_time\" content=\"2014-10-09T09:16:49+00:00\" \/>\n<meta property=\"og:image\" content=\"https:\/\/www.notibras.com\/site\/wp-content\/uploads\/2014\/10\/a.jpg\" \/>\n\t<meta property=\"og:image:width\" content=\"700\" \/>\n\t<meta property=\"og:image:height\" content=\"525\" \/>\n\t<meta property=\"og:image:type\" content=\"image\/jpeg\" \/>\n<meta name=\"author\" content=\"Reda\u00e7\u00e3o\" \/>\n<meta name=\"twitter:card\" content=\"summary_large_image\" \/>\n<meta name=\"twitter:creator\" content=\"@Notibras\" \/>\n<meta name=\"twitter:site\" content=\"@Notibras\" \/>\n<meta name=\"twitter:label1\" content=\"Escrito por\" \/>\n\t<meta name=\"twitter:data1\" content=\"Reda\u00e7\u00e3o\" \/>\n\t<meta name=\"twitter:label2\" content=\"Est. tempo de leitura\" \/>\n\t<meta name=\"twitter:data2\" content=\"2 minutos\" \/>\n<script type=\"application\/ld+json\" class=\"yoast-schema-graph\">{\"@context\":\"https:\\\/\\\/schema.org\",\"@graph\":[{\"@type\":\"Article\",\"@id\":\"https:\\\/\\\/www.notibras.com\\\/site\\\/basta-de-russofobia-ou-assumam-os-riscos-da-aniquilacao\\\/#article\",\"isPartOf\":{\"@id\":\"https:\\\/\\\/www.notibras.com\\\/site\\\/basta-de-russofobia-ou-assumam-os-riscos-da-aniquilacao\\\/\"},\"author\":{\"name\":\"Reda\u00e7\u00e3o\",\"@id\":\"https:\\\/\\\/www.notibras.com\\\/site\\\/#\\\/schema\\\/person\\\/36ab0979449956132d3e5b517ea76ac8\"},\"headline\":\"Basta de russofobia. Ou assumam os riscos da aniquila\u00e7\u00e3o\",\"datePublished\":\"2014-10-09T09:16:49+00:00\",\"mainEntityOfPage\":{\"@id\":\"https:\\\/\\\/www.notibras.com\\\/site\\\/basta-de-russofobia-ou-assumam-os-riscos-da-aniquilacao\\\/\"},\"wordCount\":391,\"commentCount\":0,\"publisher\":{\"@id\":\"https:\\\/\\\/www.notibras.com\\\/site\\\/#organization\"},\"image\":{\"@id\":\"https:\\\/\\\/www.notibras.com\\\/site\\\/basta-de-russofobia-ou-assumam-os-riscos-da-aniquilacao\\\/#primaryimage\"},\"thumbnailUrl\":\"https:\\\/\\\/www.notibras.com\\\/site\\\/wp-content\\\/uploads\\\/2014\\\/10\\\/a.jpg\",\"articleSection\":[\"Opina a\u00ed\"],\"inLanguage\":\"pt-BR\",\"potentialAction\":[{\"@type\":\"CommentAction\",\"name\":\"Comment\",\"target\":[\"https:\\\/\\\/www.notibras.com\\\/site\\\/basta-de-russofobia-ou-assumam-os-riscos-da-aniquilacao\\\/#respond\"]}]},{\"@type\":\"WebPage\",\"@id\":\"https:\\\/\\\/www.notibras.com\\\/site\\\/basta-de-russofobia-ou-assumam-os-riscos-da-aniquilacao\\\/\",\"url\":\"https:\\\/\\\/www.notibras.com\\\/site\\\/basta-de-russofobia-ou-assumam-os-riscos-da-aniquilacao\\\/\",\"name\":\"Basta de russofobia. Ou assumam os riscos da aniquila\u00e7\u00e3o - Notibras\",\"isPartOf\":{\"@id\":\"https:\\\/\\\/www.notibras.com\\\/site\\\/#website\"},\"primaryImageOfPage\":{\"@id\":\"https:\\\/\\\/www.notibras.com\\\/site\\\/basta-de-russofobia-ou-assumam-os-riscos-da-aniquilacao\\\/#primaryimage\"},\"image\":{\"@id\":\"https:\\\/\\\/www.notibras.com\\\/site\\\/basta-de-russofobia-ou-assumam-os-riscos-da-aniquilacao\\\/#primaryimage\"},\"thumbnailUrl\":\"https:\\\/\\\/www.notibras.com\\\/site\\\/wp-content\\\/uploads\\\/2014\\\/10\\\/a.jpg\",\"datePublished\":\"2014-10-09T09:16:49+00:00\",\"breadcrumb\":{\"@id\":\"https:\\\/\\\/www.notibras.com\\\/site\\\/basta-de-russofobia-ou-assumam-os-riscos-da-aniquilacao\\\/#breadcrumb\"},\"inLanguage\":\"pt-BR\",\"potentialAction\":[{\"@type\":\"ReadAction\",\"target\":[\"https:\\\/\\\/www.notibras.com\\\/site\\\/basta-de-russofobia-ou-assumam-os-riscos-da-aniquilacao\\\/\"]}]},{\"@type\":\"ImageObject\",\"inLanguage\":\"pt-BR\",\"@id\":\"https:\\\/\\\/www.notibras.com\\\/site\\\/basta-de-russofobia-ou-assumam-os-riscos-da-aniquilacao\\\/#primaryimage\",\"url\":\"https:\\\/\\\/www.notibras.com\\\/site\\\/wp-content\\\/uploads\\\/2014\\\/10\\\/a.jpg\",\"contentUrl\":\"https:\\\/\\\/www.notibras.com\\\/site\\\/wp-content\\\/uploads\\\/2014\\\/10\\\/a.jpg\",\"width\":700,\"height\":525},{\"@type\":\"BreadcrumbList\",\"@id\":\"https:\\\/\\\/www.notibras.com\\\/site\\\/basta-de-russofobia-ou-assumam-os-riscos-da-aniquilacao\\\/#breadcrumb\",\"itemListElement\":[{\"@type\":\"ListItem\",\"position\":1,\"name\":\"In\u00edcio\",\"item\":\"https:\\\/\\\/www.notibras.com\\\/site\\\/\"},{\"@type\":\"ListItem\",\"position\":2,\"name\":\"Basta de russofobia. Ou assumam os riscos da aniquila\u00e7\u00e3o\"}]},{\"@type\":\"WebSite\",\"@id\":\"https:\\\/\\\/www.notibras.com\\\/site\\\/#website\",\"url\":\"https:\\\/\\\/www.notibras.com\\\/site\\\/\",\"name\":\"Notibras\",\"description\":\"Not\u00edcias de Bras\u00edlia, do Brasil e do Mundo\",\"publisher\":{\"@id\":\"https:\\\/\\\/www.notibras.com\\\/site\\\/#organization\"},\"potentialAction\":[{\"@type\":\"SearchAction\",\"target\":{\"@type\":\"EntryPoint\",\"urlTemplate\":\"https:\\\/\\\/www.notibras.com\\\/site\\\/?s={search_term_string}\"},\"query-input\":{\"@type\":\"PropertyValueSpecification\",\"valueRequired\":true,\"valueName\":\"search_term_string\"}}],\"inLanguage\":\"pt-BR\"},{\"@type\":\"Organization\",\"@id\":\"https:\\\/\\\/www.notibras.com\\\/site\\\/#organization\",\"name\":\"Grupo Notibras de Comunica\u00e7\u00e3o\",\"url\":\"https:\\\/\\\/www.notibras.com\\\/site\\\/\",\"logo\":{\"@type\":\"ImageObject\",\"inLanguage\":\"pt-BR\",\"@id\":\"https:\\\/\\\/www.notibras.com\\\/site\\\/#\\\/schema\\\/logo\\\/image\\\/\",\"url\":\"https:\\\/\\\/www.notibras.com\\\/site\\\/wp-content\\\/uploads\\\/2023\\\/01\\\/notibras23.png\",\"contentUrl\":\"https:\\\/\\\/www.notibras.com\\\/site\\\/wp-content\\\/uploads\\\/2023\\\/01\\\/notibras23.png\",\"width\":350,\"height\":87,\"caption\":\"Grupo Notibras de Comunica\u00e7\u00e3o\"},\"image\":{\"@id\":\"https:\\\/\\\/www.notibras.com\\\/site\\\/#\\\/schema\\\/logo\\\/image\\\/\"},\"sameAs\":[\"https:\\\/\\\/www.facebook.com\\\/notibras\\\/\",\"https:\\\/\\\/x.com\\\/Notibras\",\"https:\\\/\\\/www.instagram.com\\\/notibras\\\/\"]},{\"@type\":\"Person\",\"@id\":\"https:\\\/\\\/www.notibras.com\\\/site\\\/#\\\/schema\\\/person\\\/36ab0979449956132d3e5b517ea76ac8\",\"name\":\"Reda\u00e7\u00e3o\",\"image\":{\"@type\":\"ImageObject\",\"inLanguage\":\"pt-BR\",\"@id\":\"https:\\\/\\\/secure.gravatar.com\\\/avatar\\\/e0a867bdedb85fd243eadf09663511f96fc81e0720a4a42581f334ad4303aa6b?s=96&d=mm&r=g\",\"url\":\"https:\\\/\\\/secure.gravatar.com\\\/avatar\\\/e0a867bdedb85fd243eadf09663511f96fc81e0720a4a42581f334ad4303aa6b?s=96&d=mm&r=g\",\"contentUrl\":\"https:\\\/\\\/secure.gravatar.com\\\/avatar\\\/e0a867bdedb85fd243eadf09663511f96fc81e0720a4a42581f334ad4303aa6b?s=96&d=mm&r=g\",\"caption\":\"Reda\u00e7\u00e3o\"}}]}<\/script>\n<!-- \/ Yoast SEO plugin. -->","yoast_head_json":{"title":"Basta de russofobia. Ou assumam os riscos da aniquila\u00e7\u00e3o - Notibras","robots":{"index":"index","follow":"follow","max-snippet":"max-snippet:-1","max-image-preview":"max-image-preview:large","max-video-preview":"max-video-preview:-1"},"canonical":"https:\/\/www.notibras.com\/site\/basta-de-russofobia-ou-assumam-os-riscos-da-aniquilacao\/","og_locale":"pt_BR","og_type":"article","og_title":"Basta de russofobia. Ou assumam os riscos da aniquila\u00e7\u00e3o - Notibras","og_description":"Sergei Lavrov, Ministro das Rela\u00e7\u00f5es Exteriores da R\u00fassia, desembarcou na Finl\u00e2ndia. A pouco antes de sua visita o enviado do Presidente Vladimir Putin na ocasi\u00e3o, Sergei Marcov, falou com a m\u00eddia no pa\u00eds em termos claros e concisos: &#8211; Voc\u00eas querem participar de uma terceira guerra mundial? O antisemitismo iniciou a segunda guerra mundial. Uma [&hellip;]","og_url":"https:\/\/www.notibras.com\/site\/basta-de-russofobia-ou-assumam-os-riscos-da-aniquilacao\/","og_site_name":"Notibras","article_publisher":"https:\/\/www.facebook.com\/notibras\/","article_published_time":"2014-10-09T09:16:49+00:00","og_image":[{"width":700,"height":525,"url":"https:\/\/www.notibras.com\/site\/wp-content\/uploads\/2014\/10\/a.jpg","type":"image\/jpeg"}],"author":"Reda\u00e7\u00e3o","twitter_card":"summary_large_image","twitter_creator":"@Notibras","twitter_site":"@Notibras","twitter_misc":{"Escrito por":"Reda\u00e7\u00e3o","Est. tempo de leitura":"2 minutos"},"schema":{"@context":"https:\/\/schema.org","@graph":[{"@type":"Article","@id":"https:\/\/www.notibras.com\/site\/basta-de-russofobia-ou-assumam-os-riscos-da-aniquilacao\/#article","isPartOf":{"@id":"https:\/\/www.notibras.com\/site\/basta-de-russofobia-ou-assumam-os-riscos-da-aniquilacao\/"},"author":{"name":"Reda\u00e7\u00e3o","@id":"https:\/\/www.notibras.com\/site\/#\/schema\/person\/36ab0979449956132d3e5b517ea76ac8"},"headline":"Basta de russofobia. Ou assumam os riscos da aniquila\u00e7\u00e3o","datePublished":"2014-10-09T09:16:49+00:00","mainEntityOfPage":{"@id":"https:\/\/www.notibras.com\/site\/basta-de-russofobia-ou-assumam-os-riscos-da-aniquilacao\/"},"wordCount":391,"commentCount":0,"publisher":{"@id":"https:\/\/www.notibras.com\/site\/#organization"},"image":{"@id":"https:\/\/www.notibras.com\/site\/basta-de-russofobia-ou-assumam-os-riscos-da-aniquilacao\/#primaryimage"},"thumbnailUrl":"https:\/\/www.notibras.com\/site\/wp-content\/uploads\/2014\/10\/a.jpg","articleSection":["Opina a\u00ed"],"inLanguage":"pt-BR","potentialAction":[{"@type":"CommentAction","name":"Comment","target":["https:\/\/www.notibras.com\/site\/basta-de-russofobia-ou-assumam-os-riscos-da-aniquilacao\/#respond"]}]},{"@type":"WebPage","@id":"https:\/\/www.notibras.com\/site\/basta-de-russofobia-ou-assumam-os-riscos-da-aniquilacao\/","url":"https:\/\/www.notibras.com\/site\/basta-de-russofobia-ou-assumam-os-riscos-da-aniquilacao\/","name":"Basta de russofobia. Ou assumam os riscos da aniquila\u00e7\u00e3o - Notibras","isPartOf":{"@id":"https:\/\/www.notibras.com\/site\/#website"},"primaryImageOfPage":{"@id":"https:\/\/www.notibras.com\/site\/basta-de-russofobia-ou-assumam-os-riscos-da-aniquilacao\/#primaryimage"},"image":{"@id":"https:\/\/www.notibras.com\/site\/basta-de-russofobia-ou-assumam-os-riscos-da-aniquilacao\/#primaryimage"},"thumbnailUrl":"https:\/\/www.notibras.com\/site\/wp-content\/uploads\/2014\/10\/a.jpg","datePublished":"2014-10-09T09:16:49+00:00","breadcrumb":{"@id":"https:\/\/www.notibras.com\/site\/basta-de-russofobia-ou-assumam-os-riscos-da-aniquilacao\/#breadcrumb"},"inLanguage":"pt-BR","potentialAction":[{"@type":"ReadAction","target":["https:\/\/www.notibras.com\/site\/basta-de-russofobia-ou-assumam-os-riscos-da-aniquilacao\/"]}]},{"@type":"ImageObject","inLanguage":"pt-BR","@id":"https:\/\/www.notibras.com\/site\/basta-de-russofobia-ou-assumam-os-riscos-da-aniquilacao\/#primaryimage","url":"https:\/\/www.notibras.com\/site\/wp-content\/uploads\/2014\/10\/a.jpg","contentUrl":"https:\/\/www.notibras.com\/site\/wp-content\/uploads\/2014\/10\/a.jpg","width":700,"height":525},{"@type":"BreadcrumbList","@id":"https:\/\/www.notibras.com\/site\/basta-de-russofobia-ou-assumam-os-riscos-da-aniquilacao\/#breadcrumb","itemListElement":[{"@type":"ListItem","position":1,"name":"In\u00edcio","item":"https:\/\/www.notibras.com\/site\/"},{"@type":"ListItem","position":2,"name":"Basta de russofobia. Ou assumam os riscos da aniquila\u00e7\u00e3o"}]},{"@type":"WebSite","@id":"https:\/\/www.notibras.com\/site\/#website","url":"https:\/\/www.notibras.com\/site\/","name":"Notibras","description":"Not\u00edcias de Bras\u00edlia, do Brasil e do Mundo","publisher":{"@id":"https:\/\/www.notibras.com\/site\/#organization"},"potentialAction":[{"@type":"SearchAction","target":{"@type":"EntryPoint","urlTemplate":"https:\/\/www.notibras.com\/site\/?s={search_term_string}"},"query-input":{"@type":"PropertyValueSpecification","valueRequired":true,"valueName":"search_term_string"}}],"inLanguage":"pt-BR"},{"@type":"Organization","@id":"https:\/\/www.notibras.com\/site\/#organization","name":"Grupo Notibras de Comunica\u00e7\u00e3o","url":"https:\/\/www.notibras.com\/site\/","logo":{"@type":"ImageObject","inLanguage":"pt-BR","@id":"https:\/\/www.notibras.com\/site\/#\/schema\/logo\/image\/","url":"https:\/\/www.notibras.com\/site\/wp-content\/uploads\/2023\/01\/notibras23.png","contentUrl":"https:\/\/www.notibras.com\/site\/wp-content\/uploads\/2023\/01\/notibras23.png","width":350,"height":87,"caption":"Grupo Notibras de Comunica\u00e7\u00e3o"},"image":{"@id":"https:\/\/www.notibras.com\/site\/#\/schema\/logo\/image\/"},"sameAs":["https:\/\/www.facebook.com\/notibras\/","https:\/\/x.com\/Notibras","https:\/\/www.instagram.com\/notibras\/"]},{"@type":"Person","@id":"https:\/\/www.notibras.com\/site\/#\/schema\/person\/36ab0979449956132d3e5b517ea76ac8","name":"Reda\u00e7\u00e3o","image":{"@type":"ImageObject","inLanguage":"pt-BR","@id":"https:\/\/secure.gravatar.com\/avatar\/e0a867bdedb85fd243eadf09663511f96fc81e0720a4a42581f334ad4303aa6b?s=96&d=mm&r=g","url":"https:\/\/secure.gravatar.com\/avatar\/e0a867bdedb85fd243eadf09663511f96fc81e0720a4a42581f334ad4303aa6b?s=96&d=mm&r=g","contentUrl":"https:\/\/secure.gravatar.com\/avatar\/e0a867bdedb85fd243eadf09663511f96fc81e0720a4a42581f334ad4303aa6b?s=96&d=mm&r=g","caption":"Reda\u00e7\u00e3o"}}]}},"amp_enabled":true,"_links":{"self":[{"href":"https:\/\/www.notibras.com\/site\/wp-json\/wp\/v2\/posts\/24297","targetHints":{"allow":["GET"]}}],"collection":[{"href":"https:\/\/www.notibras.com\/site\/wp-json\/wp\/v2\/posts"}],"about":[{"href":"https:\/\/www.notibras.com\/site\/wp-json\/wp\/v2\/types\/post"}],"author":[{"embeddable":true,"href":"https:\/\/www.notibras.com\/site\/wp-json\/wp\/v2\/users\/2"}],"replies":[{"embeddable":true,"href":"https:\/\/www.notibras.com\/site\/wp-json\/wp\/v2\/comments?post=24297"}],"version-history":[{"count":0,"href":"https:\/\/www.notibras.com\/site\/wp-json\/wp\/v2\/posts\/24297\/revisions"}],"wp:featuredmedia":[{"embeddable":true,"href":"https:\/\/www.notibras.com\/site\/wp-json\/wp\/v2\/media\/24298"}],"wp:attachment":[{"href":"https:\/\/www.notibras.com\/site\/wp-json\/wp\/v2\/media?parent=24297"}],"wp:term":[{"taxonomy":"category","embeddable":true,"href":"https:\/\/www.notibras.com\/site\/wp-json\/wp\/v2\/categories?post=24297"},{"taxonomy":"post_tag","embeddable":true,"href":"https:\/\/www.notibras.com\/site\/wp-json\/wp\/v2\/tags?post=24297"}],"curies":[{"name":"wp","href":"https:\/\/api.w.org\/{rel}","templated":true}]}}