{"id":24300,"date":"2014-10-08T23:40:34","date_gmt":"2014-10-09T02:40:34","guid":{"rendered":"http:\/\/www.notibras.com\/site\/?p=24300"},"modified":"2014-10-09T06:44:16","modified_gmt":"2014-10-09T09:44:16","slug":"psb-lanca-rede-na-rua-para-eleitor-de-marina-ajudar-a-eleger-aecio","status":"publish","type":"post","link":"https:\/\/www.notibras.com\/site\/psb-lanca-rede-na-rua-para-eleitor-de-marina-ajudar-a-eleger-aecio\/","title":{"rendered":"PSB lan\u00e7a rede na rua para eleitor de Marina ajudar a eleger A\u00e9cio"},"content":{"rendered":"<p class=\"text\">A executiva nacional do PSB confirmou nesta quarta-feira, \u00a0em Bras\u00edlia,\u00a0apoio no segundo turno \u00e0 candidatura de A\u00e9cio Neves (PSDB) \u00e0 Presid\u00eancia da Rep\u00fablica. A candidata do partido, Marina Silva, ficou em terceiro lugar na corrida presidencial, com 21% dos votos v\u00e1lidos.<\/p>\n<p class=\"text\">A ex-senadora vai oficializar nesta quinta-feira sua decis\u00e3o para o segundo turno. Apesar de ter disputado as elei\u00e7\u00f5es pelo PSB, Marina Silva busca criar formalmente seu pr\u00f3prio partido, a Rede Sustentabilidade, que tem resist\u00eancias ao PSB, mas n\u00e3o deve apoiar a presidente Dilma Rousseff (PT).<\/p>\n<p class=\"text\">Na reuni\u00e3o do PSB,\u00a0dos 28 membros da executiva que votaram, 21 foram favor\u00e1veis ao apoio ao tucano, sete decidiram pela neutralidade e apenas um votou pelo apoio \u00e0 candidata Dilma Rousseff (PT). Foram favor\u00e1veis \u00e0 neutralidade o presidente da legenda, Roberto Amaral, a senadora L\u00eddice da Mata (BA), a deputada Luiza Erundina (SP), o senador Ant\u00f4nio Carlos Valadares (SE), o secret\u00e1rio nacional sindical Joilson Nascimento, o secret\u00e1rio da juventude Bruno da Mata e a secret\u00e1ria K\u00e1tia Born. O voto pr\u00f3-Dilma foi do senador Jo\u00e3o Capiberibe (AP).<\/p>\n<blockquote>\n<p class=\"text\">Ap\u00f3s a divulga\u00e7\u00e3o do resultado, A\u00e9cio foi \u00e0 sede nacional do PSB, em Bras\u00edlia, agradecer o apoio. Em discurso, lembrou do candidato Eduardo Campos, morto em um acidente de avi\u00e3o, e disse que ser\u00e1 porta-voz das ideias do ex-governador de Pernambuco. &#8220;Eduardo Campos, os seus sonhos passam a ser os meus sonhos&#8221;, discursou. Ele afirmou ainda que n\u00e3o se esquecer\u00e1 da alian\u00e7a se eventualmente for eleito: &#8220;quero esta\u00a0companhia agora <em>(do PSB)<\/em>, mas quero est\u00e1 companhia tamb\u00e9m pelos pr\u00f3ximos quatro anos&#8221;.<\/p>\n<\/blockquote>\n<p class=\"text\">O presidenci\u00e1vel tucano se disse honrado em ser o &#8220;porta-voz&#8221; das ideias de Campos. &#8220;A partir deste instante, a minha candidatura n\u00e3o \u00e9 apenas uma candidatura minha e do meu partido. \u00c9 uma candidatura do amplo desejo de mudan\u00e7a da sociedade brasileira e, para mim, do ponto de vista pessoal, tem um simbolismo muito grande, porque eu venho hoje na casa de um grande amigo, por quem eu tenho enorme admira\u00e7\u00e3o e sempre fez muito bem para a boa pol\u00edtica brasileira, o companheiro Eduardo Campos. Portanto, serei, com muita honra, a partir de agora, porta-voz tamb\u00e9m das suas ideias e dos seus sonhos e quero dizer a todos brasileiros aquilo que ele estaria dizendo: n\u00e3o vamos desistir do Brasil&#8221;.<\/p>\n<p class=\"text\">\n","protected":false},"excerpt":{"rendered":"<p>A executiva nacional do PSB confirmou nesta quarta-feira, \u00a0em Bras\u00edlia,\u00a0apoio no segundo turno \u00e0 candidatura de A\u00e9cio Neves (PSDB) \u00e0 Presid\u00eancia da Rep\u00fablica. A candidata do partido, Marina Silva, ficou em terceiro lugar na corrida presidencial, com 21% dos votos v\u00e1lidos. A ex-senadora vai oficializar nesta quinta-feira sua decis\u00e3o para o segundo turno. Apesar de [&hellip;]<\/p>\n","protected":false},"author":2,"featured_media":24301,"comment_status":"open","ping_status":"closed","sticky":false,"template":"","format":"standard","meta":{"_acf_changed":false,"footnotes":""},"categories":[33],"tags":[],"class_list":["post-24300","post","type-post","status-publish","format-standard","has-post-thumbnail","hentry","category-eleicoes-2014"],"acf":[],"yoast_head":"<!-- This site is optimized with the Yoast SEO plugin v27.5 - https:\/\/yoast.com\/product\/yoast-seo-wordpress\/ -->\n<title>PSB lan\u00e7a rede na rua para eleitor de Marina ajudar a eleger A\u00e9cio - Notibras<\/title>\n<meta name=\"robots\" content=\"index, follow, max-snippet:-1, max-image-preview:large, max-video-preview:-1\" \/>\n<link rel=\"canonical\" href=\"https:\/\/www.notibras.com\/site\/psb-lanca-rede-na-rua-para-eleitor-de-marina-ajudar-a-eleger-aecio\/\" \/>\n<meta property=\"og:locale\" content=\"pt_BR\" \/>\n<meta property=\"og:type\" content=\"article\" \/>\n<meta property=\"og:title\" content=\"PSB lan\u00e7a rede na rua para eleitor de Marina ajudar a eleger A\u00e9cio - Notibras\" \/>\n<meta property=\"og:description\" content=\"A executiva nacional do PSB confirmou nesta quarta-feira, \u00a0em Bras\u00edlia,\u00a0apoio no segundo turno \u00e0 candidatura de A\u00e9cio Neves (PSDB) \u00e0 Presid\u00eancia da Rep\u00fablica. A candidata do partido, Marina Silva, ficou em terceiro lugar na corrida presidencial, com 21% dos votos v\u00e1lidos. A ex-senadora vai oficializar nesta quinta-feira sua decis\u00e3o para o segundo turno. Apesar de [&hellip;]\" \/>\n<meta property=\"og:url\" content=\"https:\/\/www.notibras.com\/site\/psb-lanca-rede-na-rua-para-eleitor-de-marina-ajudar-a-eleger-aecio\/\" \/>\n<meta property=\"og:site_name\" content=\"Notibras\" \/>\n<meta property=\"article:publisher\" content=\"https:\/\/www.facebook.com\/notibras\/\" \/>\n<meta property=\"article:published_time\" content=\"2014-10-09T02:40:34+00:00\" \/>\n<meta property=\"article:modified_time\" content=\"2014-10-09T09:44:16+00:00\" \/>\n<meta property=\"og:image\" content=\"https:\/\/www.notibras.com\/site\/wp-content\/uploads\/2014\/10\/ele.jpg\" \/>\n\t<meta property=\"og:image:width\" content=\"460\" \/>\n\t<meta property=\"og:image:height\" content=\"340\" \/>\n\t<meta property=\"og:image:type\" content=\"image\/jpeg\" \/>\n<meta name=\"author\" content=\"Reda\u00e7\u00e3o\" \/>\n<meta name=\"twitter:card\" content=\"summary_large_image\" \/>\n<meta name=\"twitter:creator\" content=\"@Notibras\" \/>\n<meta name=\"twitter:site\" content=\"@Notibras\" \/>\n<meta name=\"twitter:label1\" content=\"Escrito por\" \/>\n\t<meta name=\"twitter:data1\" content=\"Reda\u00e7\u00e3o\" \/>\n\t<meta name=\"twitter:label2\" content=\"Est. tempo de leitura\" \/>\n\t<meta name=\"twitter:data2\" content=\"2 minutos\" \/>\n<script type=\"application\/ld+json\" class=\"yoast-schema-graph\">{\"@context\":\"https:\\\/\\\/schema.org\",\"@graph\":[{\"@type\":\"Article\",\"@id\":\"https:\\\/\\\/www.notibras.com\\\/site\\\/psb-lanca-rede-na-rua-para-eleitor-de-marina-ajudar-a-eleger-aecio\\\/#article\",\"isPartOf\":{\"@id\":\"https:\\\/\\\/www.notibras.com\\\/site\\\/psb-lanca-rede-na-rua-para-eleitor-de-marina-ajudar-a-eleger-aecio\\\/\"},\"author\":{\"name\":\"Reda\u00e7\u00e3o\",\"@id\":\"https:\\\/\\\/www.notibras.com\\\/site\\\/#\\\/schema\\\/person\\\/36ab0979449956132d3e5b517ea76ac8\"},\"headline\":\"PSB lan\u00e7a rede na rua para eleitor de Marina ajudar a eleger A\u00e9cio\",\"datePublished\":\"2014-10-09T02:40:34+00:00\",\"dateModified\":\"2014-10-09T09:44:16+00:00\",\"mainEntityOfPage\":{\"@id\":\"https:\\\/\\\/www.notibras.com\\\/site\\\/psb-lanca-rede-na-rua-para-eleitor-de-marina-ajudar-a-eleger-aecio\\\/\"},\"wordCount\":416,\"commentCount\":0,\"publisher\":{\"@id\":\"https:\\\/\\\/www.notibras.com\\\/site\\\/#organization\"},\"image\":{\"@id\":\"https:\\\/\\\/www.notibras.com\\\/site\\\/psb-lanca-rede-na-rua-para-eleitor-de-marina-ajudar-a-eleger-aecio\\\/#primaryimage\"},\"thumbnailUrl\":\"https:\\\/\\\/www.notibras.com\\\/site\\\/wp-content\\\/uploads\\\/2014\\\/10\\\/ele.jpg\",\"articleSection\":[\"Elei\u00e7\u00f5es 2014\"],\"inLanguage\":\"pt-BR\",\"potentialAction\":[{\"@type\":\"CommentAction\",\"name\":\"Comment\",\"target\":[\"https:\\\/\\\/www.notibras.com\\\/site\\\/psb-lanca-rede-na-rua-para-eleitor-de-marina-ajudar-a-eleger-aecio\\\/#respond\"]}]},{\"@type\":\"WebPage\",\"@id\":\"https:\\\/\\\/www.notibras.com\\\/site\\\/psb-lanca-rede-na-rua-para-eleitor-de-marina-ajudar-a-eleger-aecio\\\/\",\"url\":\"https:\\\/\\\/www.notibras.com\\\/site\\\/psb-lanca-rede-na-rua-para-eleitor-de-marina-ajudar-a-eleger-aecio\\\/\",\"name\":\"PSB lan\u00e7a rede na rua para eleitor de Marina ajudar a eleger A\u00e9cio - Notibras\",\"isPartOf\":{\"@id\":\"https:\\\/\\\/www.notibras.com\\\/site\\\/#website\"},\"primaryImageOfPage\":{\"@id\":\"https:\\\/\\\/www.notibras.com\\\/site\\\/psb-lanca-rede-na-rua-para-eleitor-de-marina-ajudar-a-eleger-aecio\\\/#primaryimage\"},\"image\":{\"@id\":\"https:\\\/\\\/www.notibras.com\\\/site\\\/psb-lanca-rede-na-rua-para-eleitor-de-marina-ajudar-a-eleger-aecio\\\/#primaryimage\"},\"thumbnailUrl\":\"https:\\\/\\\/www.notibras.com\\\/site\\\/wp-content\\\/uploads\\\/2014\\\/10\\\/ele.jpg\",\"datePublished\":\"2014-10-09T02:40:34+00:00\",\"dateModified\":\"2014-10-09T09:44:16+00:00\",\"breadcrumb\":{\"@id\":\"https:\\\/\\\/www.notibras.com\\\/site\\\/psb-lanca-rede-na-rua-para-eleitor-de-marina-ajudar-a-eleger-aecio\\\/#breadcrumb\"},\"inLanguage\":\"pt-BR\",\"potentialAction\":[{\"@type\":\"ReadAction\",\"target\":[\"https:\\\/\\\/www.notibras.com\\\/site\\\/psb-lanca-rede-na-rua-para-eleitor-de-marina-ajudar-a-eleger-aecio\\\/\"]}]},{\"@type\":\"ImageObject\",\"inLanguage\":\"pt-BR\",\"@id\":\"https:\\\/\\\/www.notibras.com\\\/site\\\/psb-lanca-rede-na-rua-para-eleitor-de-marina-ajudar-a-eleger-aecio\\\/#primaryimage\",\"url\":\"https:\\\/\\\/www.notibras.com\\\/site\\\/wp-content\\\/uploads\\\/2014\\\/10\\\/ele.jpg\",\"contentUrl\":\"https:\\\/\\\/www.notibras.com\\\/site\\\/wp-content\\\/uploads\\\/2014\\\/10\\\/ele.jpg\",\"width\":460,\"height\":340},{\"@type\":\"BreadcrumbList\",\"@id\":\"https:\\\/\\\/www.notibras.com\\\/site\\\/psb-lanca-rede-na-rua-para-eleitor-de-marina-ajudar-a-eleger-aecio\\\/#breadcrumb\",\"itemListElement\":[{\"@type\":\"ListItem\",\"position\":1,\"name\":\"In\u00edcio\",\"item\":\"https:\\\/\\\/www.notibras.com\\\/site\\\/\"},{\"@type\":\"ListItem\",\"position\":2,\"name\":\"PSB lan\u00e7a rede na rua para eleitor de Marina ajudar a eleger A\u00e9cio\"}]},{\"@type\":\"WebSite\",\"@id\":\"https:\\\/\\\/www.notibras.com\\\/site\\\/#website\",\"url\":\"https:\\\/\\\/www.notibras.com\\\/site\\\/\",\"name\":\"Notibras\",\"description\":\"Not\u00edcias de Bras\u00edlia, do Brasil e do Mundo\",\"publisher\":{\"@id\":\"https:\\\/\\\/www.notibras.com\\\/site\\\/#organization\"},\"potentialAction\":[{\"@type\":\"SearchAction\",\"target\":{\"@type\":\"EntryPoint\",\"urlTemplate\":\"https:\\\/\\\/www.notibras.com\\\/site\\\/?s={search_term_string}\"},\"query-input\":{\"@type\":\"PropertyValueSpecification\",\"valueRequired\":true,\"valueName\":\"search_term_string\"}}],\"inLanguage\":\"pt-BR\"},{\"@type\":\"Organization\",\"@id\":\"https:\\\/\\\/www.notibras.com\\\/site\\\/#organization\",\"name\":\"Grupo Notibras de Comunica\u00e7\u00e3o\",\"url\":\"https:\\\/\\\/www.notibras.com\\\/site\\\/\",\"logo\":{\"@type\":\"ImageObject\",\"inLanguage\":\"pt-BR\",\"@id\":\"https:\\\/\\\/www.notibras.com\\\/site\\\/#\\\/schema\\\/logo\\\/image\\\/\",\"url\":\"https:\\\/\\\/www.notibras.com\\\/site\\\/wp-content\\\/uploads\\\/2023\\\/01\\\/notibras23.png\",\"contentUrl\":\"https:\\\/\\\/www.notibras.com\\\/site\\\/wp-content\\\/uploads\\\/2023\\\/01\\\/notibras23.png\",\"width\":350,\"height\":87,\"caption\":\"Grupo Notibras de Comunica\u00e7\u00e3o\"},\"image\":{\"@id\":\"https:\\\/\\\/www.notibras.com\\\/site\\\/#\\\/schema\\\/logo\\\/image\\\/\"},\"sameAs\":[\"https:\\\/\\\/www.facebook.com\\\/notibras\\\/\",\"https:\\\/\\\/x.com\\\/Notibras\",\"https:\\\/\\\/www.instagram.com\\\/notibras\\\/\"]},{\"@type\":\"Person\",\"@id\":\"https:\\\/\\\/www.notibras.com\\\/site\\\/#\\\/schema\\\/person\\\/36ab0979449956132d3e5b517ea76ac8\",\"name\":\"Reda\u00e7\u00e3o\",\"image\":{\"@type\":\"ImageObject\",\"inLanguage\":\"pt-BR\",\"@id\":\"https:\\\/\\\/secure.gravatar.com\\\/avatar\\\/e0a867bdedb85fd243eadf09663511f96fc81e0720a4a42581f334ad4303aa6b?s=96&d=mm&r=g\",\"url\":\"https:\\\/\\\/secure.gravatar.com\\\/avatar\\\/e0a867bdedb85fd243eadf09663511f96fc81e0720a4a42581f334ad4303aa6b?s=96&d=mm&r=g\",\"contentUrl\":\"https:\\\/\\\/secure.gravatar.com\\\/avatar\\\/e0a867bdedb85fd243eadf09663511f96fc81e0720a4a42581f334ad4303aa6b?s=96&d=mm&r=g\",\"caption\":\"Reda\u00e7\u00e3o\"}}]}<\/script>\n<!-- \/ Yoast SEO plugin. -->","yoast_head_json":{"title":"PSB lan\u00e7a rede na rua para eleitor de Marina ajudar a eleger A\u00e9cio - Notibras","robots":{"index":"index","follow":"follow","max-snippet":"max-snippet:-1","max-image-preview":"max-image-preview:large","max-video-preview":"max-video-preview:-1"},"canonical":"https:\/\/www.notibras.com\/site\/psb-lanca-rede-na-rua-para-eleitor-de-marina-ajudar-a-eleger-aecio\/","og_locale":"pt_BR","og_type":"article","og_title":"PSB lan\u00e7a rede na rua para eleitor de Marina ajudar a eleger A\u00e9cio - Notibras","og_description":"A executiva nacional do PSB confirmou nesta quarta-feira, \u00a0em Bras\u00edlia,\u00a0apoio no segundo turno \u00e0 candidatura de A\u00e9cio Neves (PSDB) \u00e0 Presid\u00eancia da Rep\u00fablica. A candidata do partido, Marina Silva, ficou em terceiro lugar na corrida presidencial, com 21% dos votos v\u00e1lidos. A ex-senadora vai oficializar nesta quinta-feira sua decis\u00e3o para o segundo turno. Apesar de [&hellip;]","og_url":"https:\/\/www.notibras.com\/site\/psb-lanca-rede-na-rua-para-eleitor-de-marina-ajudar-a-eleger-aecio\/","og_site_name":"Notibras","article_publisher":"https:\/\/www.facebook.com\/notibras\/","article_published_time":"2014-10-09T02:40:34+00:00","article_modified_time":"2014-10-09T09:44:16+00:00","og_image":[{"width":460,"height":340,"url":"https:\/\/www.notibras.com\/site\/wp-content\/uploads\/2014\/10\/ele.jpg","type":"image\/jpeg"}],"author":"Reda\u00e7\u00e3o","twitter_card":"summary_large_image","twitter_creator":"@Notibras","twitter_site":"@Notibras","twitter_misc":{"Escrito por":"Reda\u00e7\u00e3o","Est. tempo de leitura":"2 minutos"},"schema":{"@context":"https:\/\/schema.org","@graph":[{"@type":"Article","@id":"https:\/\/www.notibras.com\/site\/psb-lanca-rede-na-rua-para-eleitor-de-marina-ajudar-a-eleger-aecio\/#article","isPartOf":{"@id":"https:\/\/www.notibras.com\/site\/psb-lanca-rede-na-rua-para-eleitor-de-marina-ajudar-a-eleger-aecio\/"},"author":{"name":"Reda\u00e7\u00e3o","@id":"https:\/\/www.notibras.com\/site\/#\/schema\/person\/36ab0979449956132d3e5b517ea76ac8"},"headline":"PSB lan\u00e7a rede na rua para eleitor de Marina ajudar a eleger A\u00e9cio","datePublished":"2014-10-09T02:40:34+00:00","dateModified":"2014-10-09T09:44:16+00:00","mainEntityOfPage":{"@id":"https:\/\/www.notibras.com\/site\/psb-lanca-rede-na-rua-para-eleitor-de-marina-ajudar-a-eleger-aecio\/"},"wordCount":416,"commentCount":0,"publisher":{"@id":"https:\/\/www.notibras.com\/site\/#organization"},"image":{"@id":"https:\/\/www.notibras.com\/site\/psb-lanca-rede-na-rua-para-eleitor-de-marina-ajudar-a-eleger-aecio\/#primaryimage"},"thumbnailUrl":"https:\/\/www.notibras.com\/site\/wp-content\/uploads\/2014\/10\/ele.jpg","articleSection":["Elei\u00e7\u00f5es 2014"],"inLanguage":"pt-BR","potentialAction":[{"@type":"CommentAction","name":"Comment","target":["https:\/\/www.notibras.com\/site\/psb-lanca-rede-na-rua-para-eleitor-de-marina-ajudar-a-eleger-aecio\/#respond"]}]},{"@type":"WebPage","@id":"https:\/\/www.notibras.com\/site\/psb-lanca-rede-na-rua-para-eleitor-de-marina-ajudar-a-eleger-aecio\/","url":"https:\/\/www.notibras.com\/site\/psb-lanca-rede-na-rua-para-eleitor-de-marina-ajudar-a-eleger-aecio\/","name":"PSB lan\u00e7a rede na rua para eleitor de Marina ajudar a eleger A\u00e9cio - Notibras","isPartOf":{"@id":"https:\/\/www.notibras.com\/site\/#website"},"primaryImageOfPage":{"@id":"https:\/\/www.notibras.com\/site\/psb-lanca-rede-na-rua-para-eleitor-de-marina-ajudar-a-eleger-aecio\/#primaryimage"},"image":{"@id":"https:\/\/www.notibras.com\/site\/psb-lanca-rede-na-rua-para-eleitor-de-marina-ajudar-a-eleger-aecio\/#primaryimage"},"thumbnailUrl":"https:\/\/www.notibras.com\/site\/wp-content\/uploads\/2014\/10\/ele.jpg","datePublished":"2014-10-09T02:40:34+00:00","dateModified":"2014-10-09T09:44:16+00:00","breadcrumb":{"@id":"https:\/\/www.notibras.com\/site\/psb-lanca-rede-na-rua-para-eleitor-de-marina-ajudar-a-eleger-aecio\/#breadcrumb"},"inLanguage":"pt-BR","potentialAction":[{"@type":"ReadAction","target":["https:\/\/www.notibras.com\/site\/psb-lanca-rede-na-rua-para-eleitor-de-marina-ajudar-a-eleger-aecio\/"]}]},{"@type":"ImageObject","inLanguage":"pt-BR","@id":"https:\/\/www.notibras.com\/site\/psb-lanca-rede-na-rua-para-eleitor-de-marina-ajudar-a-eleger-aecio\/#primaryimage","url":"https:\/\/www.notibras.com\/site\/wp-content\/uploads\/2014\/10\/ele.jpg","contentUrl":"https:\/\/www.notibras.com\/site\/wp-content\/uploads\/2014\/10\/ele.jpg","width":460,"height":340},{"@type":"BreadcrumbList","@id":"https:\/\/www.notibras.com\/site\/psb-lanca-rede-na-rua-para-eleitor-de-marina-ajudar-a-eleger-aecio\/#breadcrumb","itemListElement":[{"@type":"ListItem","position":1,"name":"In\u00edcio","item":"https:\/\/www.notibras.com\/site\/"},{"@type":"ListItem","position":2,"name":"PSB lan\u00e7a rede na rua para eleitor de Marina ajudar a eleger A\u00e9cio"}]},{"@type":"WebSite","@id":"https:\/\/www.notibras.com\/site\/#website","url":"https:\/\/www.notibras.com\/site\/","name":"Notibras","description":"Not\u00edcias de Bras\u00edlia, do Brasil e do Mundo","publisher":{"@id":"https:\/\/www.notibras.com\/site\/#organization"},"potentialAction":[{"@type":"SearchAction","target":{"@type":"EntryPoint","urlTemplate":"https:\/\/www.notibras.com\/site\/?s={search_term_string}"},"query-input":{"@type":"PropertyValueSpecification","valueRequired":true,"valueName":"search_term_string"}}],"inLanguage":"pt-BR"},{"@type":"Organization","@id":"https:\/\/www.notibras.com\/site\/#organization","name":"Grupo Notibras de Comunica\u00e7\u00e3o","url":"https:\/\/www.notibras.com\/site\/","logo":{"@type":"ImageObject","inLanguage":"pt-BR","@id":"https:\/\/www.notibras.com\/site\/#\/schema\/logo\/image\/","url":"https:\/\/www.notibras.com\/site\/wp-content\/uploads\/2023\/01\/notibras23.png","contentUrl":"https:\/\/www.notibras.com\/site\/wp-content\/uploads\/2023\/01\/notibras23.png","width":350,"height":87,"caption":"Grupo Notibras de Comunica\u00e7\u00e3o"},"image":{"@id":"https:\/\/www.notibras.com\/site\/#\/schema\/logo\/image\/"},"sameAs":["https:\/\/www.facebook.com\/notibras\/","https:\/\/x.com\/Notibras","https:\/\/www.instagram.com\/notibras\/"]},{"@type":"Person","@id":"https:\/\/www.notibras.com\/site\/#\/schema\/person\/36ab0979449956132d3e5b517ea76ac8","name":"Reda\u00e7\u00e3o","image":{"@type":"ImageObject","inLanguage":"pt-BR","@id":"https:\/\/secure.gravatar.com\/avatar\/e0a867bdedb85fd243eadf09663511f96fc81e0720a4a42581f334ad4303aa6b?s=96&d=mm&r=g","url":"https:\/\/secure.gravatar.com\/avatar\/e0a867bdedb85fd243eadf09663511f96fc81e0720a4a42581f334ad4303aa6b?s=96&d=mm&r=g","contentUrl":"https:\/\/secure.gravatar.com\/avatar\/e0a867bdedb85fd243eadf09663511f96fc81e0720a4a42581f334ad4303aa6b?s=96&d=mm&r=g","caption":"Reda\u00e7\u00e3o"}}]}},"amp_enabled":true,"_links":{"self":[{"href":"https:\/\/www.notibras.com\/site\/wp-json\/wp\/v2\/posts\/24300","targetHints":{"allow":["GET"]}}],"collection":[{"href":"https:\/\/www.notibras.com\/site\/wp-json\/wp\/v2\/posts"}],"about":[{"href":"https:\/\/www.notibras.com\/site\/wp-json\/wp\/v2\/types\/post"}],"author":[{"embeddable":true,"href":"https:\/\/www.notibras.com\/site\/wp-json\/wp\/v2\/users\/2"}],"replies":[{"embeddable":true,"href":"https:\/\/www.notibras.com\/site\/wp-json\/wp\/v2\/comments?post=24300"}],"version-history":[{"count":0,"href":"https:\/\/www.notibras.com\/site\/wp-json\/wp\/v2\/posts\/24300\/revisions"}],"wp:featuredmedia":[{"embeddable":true,"href":"https:\/\/www.notibras.com\/site\/wp-json\/wp\/v2\/media\/24301"}],"wp:attachment":[{"href":"https:\/\/www.notibras.com\/site\/wp-json\/wp\/v2\/media?parent=24300"}],"wp:term":[{"taxonomy":"category","embeddable":true,"href":"https:\/\/www.notibras.com\/site\/wp-json\/wp\/v2\/categories?post=24300"},{"taxonomy":"post_tag","embeddable":true,"href":"https:\/\/www.notibras.com\/site\/wp-json\/wp\/v2\/tags?post=24300"}],"curies":[{"name":"wp","href":"https:\/\/api.w.org\/{rel}","templated":true}]}}