{"id":24303,"date":"2014-10-08T23:46:45","date_gmt":"2014-10-09T02:46:45","guid":{"rendered":"http:\/\/www.notibras.com\/site\/?p=24303"},"modified":"2014-10-09T06:50:45","modified_gmt":"2014-10-09T09:50:45","slug":"aecio-promete-construir-um-novo-brasil-como-jk-construiu-brasilia","status":"publish","type":"post","link":"https:\/\/www.notibras.com\/site\/aecio-promete-construir-um-novo-brasil-como-jk-construiu-brasilia\/","title":{"rendered":"A\u00e9cio promete construir um novo Brasil como JK construiu Bras\u00edlia"},"content":{"rendered":"<p>O candidato do PSDB \u00e0 Presid\u00eancia da Rep\u00fablica, A\u00e9cio Neves, quer construir um novo Brasil como JK construiu Bras\u00edlia, em cima de alicerces e alian\u00e7as fortes. Para isso, o senador mineiro pediu empenho de aliados em evento p\u00fablico em Bras\u00edlia para o segundo turno. A campanha tucana decidiu escolher, para sediar o evento, o Memorial JK, que guarda os restos mortais do ex-presidente Juscelino Kubitscheck, mineiro que governou o Brasil entre 1956 e 1961.<\/p>\n<p>\u201cEstamos apenas no meio da travessia. \u00c9 preciso, sim, que avancemos ainda mais para chegar ao outro lado da margem da dec\u00eancia, do progresso, da margem da diminui\u00e7\u00e3o das defici\u00eancias regionais\u201d, disse A\u00e9cio, prometendo dedicar-se ao Nordeste, Estado onde o PT alcan\u00e7a maior vota\u00e7\u00e3o. \u201cAo Nordeste vou dedicar parcela extremamente importante da minha proposta. \u00c9 minha absoluta confian\u00e7a de pedir empenho de cada companheiro\u201d, disse.<\/p>\n<p>Ap\u00f3s visitar os restos mortais de JK, A\u00e9cio recebeu apoio da neta do ex-presidente, Maristela Kubitscheck, de tucanos, dissidentes de partidos governistas \u2013 como o governador eleito no Mato Grosso, Pedro Taques (PDT), e o senador Jarbas Vasconcelos (PMDB-PE) \u2013, al\u00e9m de candidatos derrotados, como Eduardo Jorge (PV) e Pastor Everaldo (PSC).<\/p>\n<p>\u201cN\u00e3o posso deixar, aqui na casa de JK, de me lembrar de Tancredo (Neves, av\u00f4 do candidato) e do que ele conseguiu, em torno de um objetivo comum: reconciliar a democracia e as liberdades\u201d, discursou A\u00e9cio.<\/p>\n<blockquote><p>\u201cEstou pronto de fazer uma campanha pol\u00edtica \u00e0 altura dos desafios do Brasil, falando a verdade, n\u00e3o me acovardando com ataques menores que em todas as campanhas os advers\u00e1rios lan\u00e7am, mas eu responderei a cada ataque com uma proposta\u201d, disse, depois de ouvir apoios do senador eleito Jos\u00e9 Serra e do governador de S\u00e3o Paulo, Geraldo Alckmin, entre outros.<\/p><\/blockquote>\n<p>Em entrevista coletiva, A\u00e9cio disse ainda que n\u00e3o trata os advers\u00e1rios como inimigos a serem batidos. \u201cEstou numa campanha pol\u00edtica, n\u00e3o estou numa guerra. Convido a candidata oficial, a presidente da Rep\u00fablica, a fazer uma campanha de alto n\u00edvel, onde ela possa dizer o que pensa do Brasil, como fazer o Brasil voltar a crescer e controlar a infla\u00e7\u00e3o\u201d.<\/p>\n<p>Sobre a derrota em Minas Gerais, seu Estado, o senador demonstrou otimismo para reverter o quadro negativo. \u201cMinha estrat\u00e9gia \u00e9 vencer no Brasil e acredito tamb\u00e9m que venceremos em Minas Gerais. Serei o presidente dos mais pobres, por mais que o marketing oficial mantenha essa l\u00f3gica perversa, querendo dividir o Brasil entre n\u00f3s e eles\u201d, disse.<\/p>\n","protected":false},"excerpt":{"rendered":"<p>O candidato do PSDB \u00e0 Presid\u00eancia da Rep\u00fablica, A\u00e9cio Neves, quer construir um novo Brasil como JK construiu Bras\u00edlia, em cima de alicerces e alian\u00e7as fortes. Para isso, o senador mineiro pediu empenho de aliados em evento p\u00fablico em Bras\u00edlia para o segundo turno. A campanha tucana decidiu escolher, para sediar o evento, o Memorial [&hellip;]<\/p>\n","protected":false},"author":2,"featured_media":24304,"comment_status":"open","ping_status":"closed","sticky":false,"template":"","format":"standard","meta":{"_acf_changed":false,"footnotes":""},"categories":[33],"tags":[],"class_list":["post-24303","post","type-post","status-publish","format-standard","has-post-thumbnail","hentry","category-eleicoes-2014"],"acf":[],"yoast_head":"<!-- This site is optimized with the Yoast SEO plugin v27.5 - https:\/\/yoast.com\/product\/yoast-seo-wordpress\/ -->\n<title>A\u00e9cio promete construir um novo Brasil como JK construiu Bras\u00edlia - Notibras<\/title>\n<meta name=\"robots\" content=\"index, follow, max-snippet:-1, max-image-preview:large, max-video-preview:-1\" \/>\n<link rel=\"canonical\" href=\"https:\/\/www.notibras.com\/site\/aecio-promete-construir-um-novo-brasil-como-jk-construiu-brasilia\/\" \/>\n<meta property=\"og:locale\" content=\"pt_BR\" \/>\n<meta property=\"og:type\" content=\"article\" \/>\n<meta property=\"og:title\" content=\"A\u00e9cio promete construir um novo Brasil como JK construiu Bras\u00edlia - Notibras\" \/>\n<meta property=\"og:description\" content=\"O candidato do PSDB \u00e0 Presid\u00eancia da Rep\u00fablica, A\u00e9cio Neves, quer construir um novo Brasil como JK construiu Bras\u00edlia, em cima de alicerces e alian\u00e7as fortes. Para isso, o senador mineiro pediu empenho de aliados em evento p\u00fablico em Bras\u00edlia para o segundo turno. A campanha tucana decidiu escolher, para sediar o evento, o Memorial [&hellip;]\" \/>\n<meta property=\"og:url\" content=\"https:\/\/www.notibras.com\/site\/aecio-promete-construir-um-novo-brasil-como-jk-construiu-brasilia\/\" \/>\n<meta property=\"og:site_name\" content=\"Notibras\" \/>\n<meta property=\"article:publisher\" content=\"https:\/\/www.facebook.com\/notibras\/\" \/>\n<meta property=\"article:published_time\" content=\"2014-10-09T02:46:45+00:00\" \/>\n<meta property=\"article:modified_time\" content=\"2014-10-09T09:50:45+00:00\" \/>\n<meta property=\"og:image\" content=\"https:\/\/www.notibras.com\/site\/wp-content\/uploads\/2014\/10\/ae.jpg\" \/>\n\t<meta property=\"og:image:width\" content=\"460\" \/>\n\t<meta property=\"og:image:height\" content=\"340\" \/>\n\t<meta property=\"og:image:type\" content=\"image\/jpeg\" \/>\n<meta name=\"author\" content=\"Reda\u00e7\u00e3o\" \/>\n<meta name=\"twitter:card\" content=\"summary_large_image\" \/>\n<meta name=\"twitter:creator\" content=\"@Notibras\" \/>\n<meta name=\"twitter:site\" content=\"@Notibras\" \/>\n<meta name=\"twitter:label1\" content=\"Escrito por\" \/>\n\t<meta name=\"twitter:data1\" content=\"Reda\u00e7\u00e3o\" \/>\n\t<meta name=\"twitter:label2\" content=\"Est. tempo de leitura\" \/>\n\t<meta name=\"twitter:data2\" content=\"2 minutos\" \/>\n<script type=\"application\/ld+json\" class=\"yoast-schema-graph\">{\"@context\":\"https:\\\/\\\/schema.org\",\"@graph\":[{\"@type\":\"Article\",\"@id\":\"https:\\\/\\\/www.notibras.com\\\/site\\\/aecio-promete-construir-um-novo-brasil-como-jk-construiu-brasilia\\\/#article\",\"isPartOf\":{\"@id\":\"https:\\\/\\\/www.notibras.com\\\/site\\\/aecio-promete-construir-um-novo-brasil-como-jk-construiu-brasilia\\\/\"},\"author\":{\"name\":\"Reda\u00e7\u00e3o\",\"@id\":\"https:\\\/\\\/www.notibras.com\\\/site\\\/#\\\/schema\\\/person\\\/36ab0979449956132d3e5b517ea76ac8\"},\"headline\":\"A\u00e9cio promete construir um novo Brasil como JK construiu Bras\u00edlia\",\"datePublished\":\"2014-10-09T02:46:45+00:00\",\"dateModified\":\"2014-10-09T09:50:45+00:00\",\"mainEntityOfPage\":{\"@id\":\"https:\\\/\\\/www.notibras.com\\\/site\\\/aecio-promete-construir-um-novo-brasil-como-jk-construiu-brasilia\\\/\"},\"wordCount\":440,\"commentCount\":0,\"publisher\":{\"@id\":\"https:\\\/\\\/www.notibras.com\\\/site\\\/#organization\"},\"image\":{\"@id\":\"https:\\\/\\\/www.notibras.com\\\/site\\\/aecio-promete-construir-um-novo-brasil-como-jk-construiu-brasilia\\\/#primaryimage\"},\"thumbnailUrl\":\"https:\\\/\\\/www.notibras.com\\\/site\\\/wp-content\\\/uploads\\\/2014\\\/10\\\/ae.jpg\",\"articleSection\":[\"Elei\u00e7\u00f5es 2014\"],\"inLanguage\":\"pt-BR\",\"potentialAction\":[{\"@type\":\"CommentAction\",\"name\":\"Comment\",\"target\":[\"https:\\\/\\\/www.notibras.com\\\/site\\\/aecio-promete-construir-um-novo-brasil-como-jk-construiu-brasilia\\\/#respond\"]}]},{\"@type\":\"WebPage\",\"@id\":\"https:\\\/\\\/www.notibras.com\\\/site\\\/aecio-promete-construir-um-novo-brasil-como-jk-construiu-brasilia\\\/\",\"url\":\"https:\\\/\\\/www.notibras.com\\\/site\\\/aecio-promete-construir-um-novo-brasil-como-jk-construiu-brasilia\\\/\",\"name\":\"A\u00e9cio promete construir um novo Brasil como JK construiu Bras\u00edlia - Notibras\",\"isPartOf\":{\"@id\":\"https:\\\/\\\/www.notibras.com\\\/site\\\/#website\"},\"primaryImageOfPage\":{\"@id\":\"https:\\\/\\\/www.notibras.com\\\/site\\\/aecio-promete-construir-um-novo-brasil-como-jk-construiu-brasilia\\\/#primaryimage\"},\"image\":{\"@id\":\"https:\\\/\\\/www.notibras.com\\\/site\\\/aecio-promete-construir-um-novo-brasil-como-jk-construiu-brasilia\\\/#primaryimage\"},\"thumbnailUrl\":\"https:\\\/\\\/www.notibras.com\\\/site\\\/wp-content\\\/uploads\\\/2014\\\/10\\\/ae.jpg\",\"datePublished\":\"2014-10-09T02:46:45+00:00\",\"dateModified\":\"2014-10-09T09:50:45+00:00\",\"breadcrumb\":{\"@id\":\"https:\\\/\\\/www.notibras.com\\\/site\\\/aecio-promete-construir-um-novo-brasil-como-jk-construiu-brasilia\\\/#breadcrumb\"},\"inLanguage\":\"pt-BR\",\"potentialAction\":[{\"@type\":\"ReadAction\",\"target\":[\"https:\\\/\\\/www.notibras.com\\\/site\\\/aecio-promete-construir-um-novo-brasil-como-jk-construiu-brasilia\\\/\"]}]},{\"@type\":\"ImageObject\",\"inLanguage\":\"pt-BR\",\"@id\":\"https:\\\/\\\/www.notibras.com\\\/site\\\/aecio-promete-construir-um-novo-brasil-como-jk-construiu-brasilia\\\/#primaryimage\",\"url\":\"https:\\\/\\\/www.notibras.com\\\/site\\\/wp-content\\\/uploads\\\/2014\\\/10\\\/ae.jpg\",\"contentUrl\":\"https:\\\/\\\/www.notibras.com\\\/site\\\/wp-content\\\/uploads\\\/2014\\\/10\\\/ae.jpg\",\"width\":460,\"height\":340},{\"@type\":\"BreadcrumbList\",\"@id\":\"https:\\\/\\\/www.notibras.com\\\/site\\\/aecio-promete-construir-um-novo-brasil-como-jk-construiu-brasilia\\\/#breadcrumb\",\"itemListElement\":[{\"@type\":\"ListItem\",\"position\":1,\"name\":\"In\u00edcio\",\"item\":\"https:\\\/\\\/www.notibras.com\\\/site\\\/\"},{\"@type\":\"ListItem\",\"position\":2,\"name\":\"A\u00e9cio promete construir um novo Brasil como JK construiu Bras\u00edlia\"}]},{\"@type\":\"WebSite\",\"@id\":\"https:\\\/\\\/www.notibras.com\\\/site\\\/#website\",\"url\":\"https:\\\/\\\/www.notibras.com\\\/site\\\/\",\"name\":\"Notibras\",\"description\":\"Not\u00edcias de Bras\u00edlia, do Brasil e do Mundo\",\"publisher\":{\"@id\":\"https:\\\/\\\/www.notibras.com\\\/site\\\/#organization\"},\"potentialAction\":[{\"@type\":\"SearchAction\",\"target\":{\"@type\":\"EntryPoint\",\"urlTemplate\":\"https:\\\/\\\/www.notibras.com\\\/site\\\/?s={search_term_string}\"},\"query-input\":{\"@type\":\"PropertyValueSpecification\",\"valueRequired\":true,\"valueName\":\"search_term_string\"}}],\"inLanguage\":\"pt-BR\"},{\"@type\":\"Organization\",\"@id\":\"https:\\\/\\\/www.notibras.com\\\/site\\\/#organization\",\"name\":\"Grupo Notibras de Comunica\u00e7\u00e3o\",\"url\":\"https:\\\/\\\/www.notibras.com\\\/site\\\/\",\"logo\":{\"@type\":\"ImageObject\",\"inLanguage\":\"pt-BR\",\"@id\":\"https:\\\/\\\/www.notibras.com\\\/site\\\/#\\\/schema\\\/logo\\\/image\\\/\",\"url\":\"https:\\\/\\\/www.notibras.com\\\/site\\\/wp-content\\\/uploads\\\/2023\\\/01\\\/notibras23.png\",\"contentUrl\":\"https:\\\/\\\/www.notibras.com\\\/site\\\/wp-content\\\/uploads\\\/2023\\\/01\\\/notibras23.png\",\"width\":350,\"height\":87,\"caption\":\"Grupo Notibras de Comunica\u00e7\u00e3o\"},\"image\":{\"@id\":\"https:\\\/\\\/www.notibras.com\\\/site\\\/#\\\/schema\\\/logo\\\/image\\\/\"},\"sameAs\":[\"https:\\\/\\\/www.facebook.com\\\/notibras\\\/\",\"https:\\\/\\\/x.com\\\/Notibras\",\"https:\\\/\\\/www.instagram.com\\\/notibras\\\/\"]},{\"@type\":\"Person\",\"@id\":\"https:\\\/\\\/www.notibras.com\\\/site\\\/#\\\/schema\\\/person\\\/36ab0979449956132d3e5b517ea76ac8\",\"name\":\"Reda\u00e7\u00e3o\",\"image\":{\"@type\":\"ImageObject\",\"inLanguage\":\"pt-BR\",\"@id\":\"https:\\\/\\\/secure.gravatar.com\\\/avatar\\\/e0a867bdedb85fd243eadf09663511f96fc81e0720a4a42581f334ad4303aa6b?s=96&d=mm&r=g\",\"url\":\"https:\\\/\\\/secure.gravatar.com\\\/avatar\\\/e0a867bdedb85fd243eadf09663511f96fc81e0720a4a42581f334ad4303aa6b?s=96&d=mm&r=g\",\"contentUrl\":\"https:\\\/\\\/secure.gravatar.com\\\/avatar\\\/e0a867bdedb85fd243eadf09663511f96fc81e0720a4a42581f334ad4303aa6b?s=96&d=mm&r=g\",\"caption\":\"Reda\u00e7\u00e3o\"}}]}<\/script>\n<!-- \/ Yoast SEO plugin. -->","yoast_head_json":{"title":"A\u00e9cio promete construir um novo Brasil como JK construiu Bras\u00edlia - Notibras","robots":{"index":"index","follow":"follow","max-snippet":"max-snippet:-1","max-image-preview":"max-image-preview:large","max-video-preview":"max-video-preview:-1"},"canonical":"https:\/\/www.notibras.com\/site\/aecio-promete-construir-um-novo-brasil-como-jk-construiu-brasilia\/","og_locale":"pt_BR","og_type":"article","og_title":"A\u00e9cio promete construir um novo Brasil como JK construiu Bras\u00edlia - Notibras","og_description":"O candidato do PSDB \u00e0 Presid\u00eancia da Rep\u00fablica, A\u00e9cio Neves, quer construir um novo Brasil como JK construiu Bras\u00edlia, em cima de alicerces e alian\u00e7as fortes. Para isso, o senador mineiro pediu empenho de aliados em evento p\u00fablico em Bras\u00edlia para o segundo turno. A campanha tucana decidiu escolher, para sediar o evento, o Memorial [&hellip;]","og_url":"https:\/\/www.notibras.com\/site\/aecio-promete-construir-um-novo-brasil-como-jk-construiu-brasilia\/","og_site_name":"Notibras","article_publisher":"https:\/\/www.facebook.com\/notibras\/","article_published_time":"2014-10-09T02:46:45+00:00","article_modified_time":"2014-10-09T09:50:45+00:00","og_image":[{"width":460,"height":340,"url":"https:\/\/www.notibras.com\/site\/wp-content\/uploads\/2014\/10\/ae.jpg","type":"image\/jpeg"}],"author":"Reda\u00e7\u00e3o","twitter_card":"summary_large_image","twitter_creator":"@Notibras","twitter_site":"@Notibras","twitter_misc":{"Escrito por":"Reda\u00e7\u00e3o","Est. tempo de leitura":"2 minutos"},"schema":{"@context":"https:\/\/schema.org","@graph":[{"@type":"Article","@id":"https:\/\/www.notibras.com\/site\/aecio-promete-construir-um-novo-brasil-como-jk-construiu-brasilia\/#article","isPartOf":{"@id":"https:\/\/www.notibras.com\/site\/aecio-promete-construir-um-novo-brasil-como-jk-construiu-brasilia\/"},"author":{"name":"Reda\u00e7\u00e3o","@id":"https:\/\/www.notibras.com\/site\/#\/schema\/person\/36ab0979449956132d3e5b517ea76ac8"},"headline":"A\u00e9cio promete construir um novo Brasil como JK construiu Bras\u00edlia","datePublished":"2014-10-09T02:46:45+00:00","dateModified":"2014-10-09T09:50:45+00:00","mainEntityOfPage":{"@id":"https:\/\/www.notibras.com\/site\/aecio-promete-construir-um-novo-brasil-como-jk-construiu-brasilia\/"},"wordCount":440,"commentCount":0,"publisher":{"@id":"https:\/\/www.notibras.com\/site\/#organization"},"image":{"@id":"https:\/\/www.notibras.com\/site\/aecio-promete-construir-um-novo-brasil-como-jk-construiu-brasilia\/#primaryimage"},"thumbnailUrl":"https:\/\/www.notibras.com\/site\/wp-content\/uploads\/2014\/10\/ae.jpg","articleSection":["Elei\u00e7\u00f5es 2014"],"inLanguage":"pt-BR","potentialAction":[{"@type":"CommentAction","name":"Comment","target":["https:\/\/www.notibras.com\/site\/aecio-promete-construir-um-novo-brasil-como-jk-construiu-brasilia\/#respond"]}]},{"@type":"WebPage","@id":"https:\/\/www.notibras.com\/site\/aecio-promete-construir-um-novo-brasil-como-jk-construiu-brasilia\/","url":"https:\/\/www.notibras.com\/site\/aecio-promete-construir-um-novo-brasil-como-jk-construiu-brasilia\/","name":"A\u00e9cio promete construir um novo Brasil como JK construiu Bras\u00edlia - Notibras","isPartOf":{"@id":"https:\/\/www.notibras.com\/site\/#website"},"primaryImageOfPage":{"@id":"https:\/\/www.notibras.com\/site\/aecio-promete-construir-um-novo-brasil-como-jk-construiu-brasilia\/#primaryimage"},"image":{"@id":"https:\/\/www.notibras.com\/site\/aecio-promete-construir-um-novo-brasil-como-jk-construiu-brasilia\/#primaryimage"},"thumbnailUrl":"https:\/\/www.notibras.com\/site\/wp-content\/uploads\/2014\/10\/ae.jpg","datePublished":"2014-10-09T02:46:45+00:00","dateModified":"2014-10-09T09:50:45+00:00","breadcrumb":{"@id":"https:\/\/www.notibras.com\/site\/aecio-promete-construir-um-novo-brasil-como-jk-construiu-brasilia\/#breadcrumb"},"inLanguage":"pt-BR","potentialAction":[{"@type":"ReadAction","target":["https:\/\/www.notibras.com\/site\/aecio-promete-construir-um-novo-brasil-como-jk-construiu-brasilia\/"]}]},{"@type":"ImageObject","inLanguage":"pt-BR","@id":"https:\/\/www.notibras.com\/site\/aecio-promete-construir-um-novo-brasil-como-jk-construiu-brasilia\/#primaryimage","url":"https:\/\/www.notibras.com\/site\/wp-content\/uploads\/2014\/10\/ae.jpg","contentUrl":"https:\/\/www.notibras.com\/site\/wp-content\/uploads\/2014\/10\/ae.jpg","width":460,"height":340},{"@type":"BreadcrumbList","@id":"https:\/\/www.notibras.com\/site\/aecio-promete-construir-um-novo-brasil-como-jk-construiu-brasilia\/#breadcrumb","itemListElement":[{"@type":"ListItem","position":1,"name":"In\u00edcio","item":"https:\/\/www.notibras.com\/site\/"},{"@type":"ListItem","position":2,"name":"A\u00e9cio promete construir um novo Brasil como JK construiu Bras\u00edlia"}]},{"@type":"WebSite","@id":"https:\/\/www.notibras.com\/site\/#website","url":"https:\/\/www.notibras.com\/site\/","name":"Notibras","description":"Not\u00edcias de Bras\u00edlia, do Brasil e do Mundo","publisher":{"@id":"https:\/\/www.notibras.com\/site\/#organization"},"potentialAction":[{"@type":"SearchAction","target":{"@type":"EntryPoint","urlTemplate":"https:\/\/www.notibras.com\/site\/?s={search_term_string}"},"query-input":{"@type":"PropertyValueSpecification","valueRequired":true,"valueName":"search_term_string"}}],"inLanguage":"pt-BR"},{"@type":"Organization","@id":"https:\/\/www.notibras.com\/site\/#organization","name":"Grupo Notibras de Comunica\u00e7\u00e3o","url":"https:\/\/www.notibras.com\/site\/","logo":{"@type":"ImageObject","inLanguage":"pt-BR","@id":"https:\/\/www.notibras.com\/site\/#\/schema\/logo\/image\/","url":"https:\/\/www.notibras.com\/site\/wp-content\/uploads\/2023\/01\/notibras23.png","contentUrl":"https:\/\/www.notibras.com\/site\/wp-content\/uploads\/2023\/01\/notibras23.png","width":350,"height":87,"caption":"Grupo Notibras de Comunica\u00e7\u00e3o"},"image":{"@id":"https:\/\/www.notibras.com\/site\/#\/schema\/logo\/image\/"},"sameAs":["https:\/\/www.facebook.com\/notibras\/","https:\/\/x.com\/Notibras","https:\/\/www.instagram.com\/notibras\/"]},{"@type":"Person","@id":"https:\/\/www.notibras.com\/site\/#\/schema\/person\/36ab0979449956132d3e5b517ea76ac8","name":"Reda\u00e7\u00e3o","image":{"@type":"ImageObject","inLanguage":"pt-BR","@id":"https:\/\/secure.gravatar.com\/avatar\/e0a867bdedb85fd243eadf09663511f96fc81e0720a4a42581f334ad4303aa6b?s=96&d=mm&r=g","url":"https:\/\/secure.gravatar.com\/avatar\/e0a867bdedb85fd243eadf09663511f96fc81e0720a4a42581f334ad4303aa6b?s=96&d=mm&r=g","contentUrl":"https:\/\/secure.gravatar.com\/avatar\/e0a867bdedb85fd243eadf09663511f96fc81e0720a4a42581f334ad4303aa6b?s=96&d=mm&r=g","caption":"Reda\u00e7\u00e3o"}}]}},"amp_enabled":true,"_links":{"self":[{"href":"https:\/\/www.notibras.com\/site\/wp-json\/wp\/v2\/posts\/24303","targetHints":{"allow":["GET"]}}],"collection":[{"href":"https:\/\/www.notibras.com\/site\/wp-json\/wp\/v2\/posts"}],"about":[{"href":"https:\/\/www.notibras.com\/site\/wp-json\/wp\/v2\/types\/post"}],"author":[{"embeddable":true,"href":"https:\/\/www.notibras.com\/site\/wp-json\/wp\/v2\/users\/2"}],"replies":[{"embeddable":true,"href":"https:\/\/www.notibras.com\/site\/wp-json\/wp\/v2\/comments?post=24303"}],"version-history":[{"count":0,"href":"https:\/\/www.notibras.com\/site\/wp-json\/wp\/v2\/posts\/24303\/revisions"}],"wp:featuredmedia":[{"embeddable":true,"href":"https:\/\/www.notibras.com\/site\/wp-json\/wp\/v2\/media\/24304"}],"wp:attachment":[{"href":"https:\/\/www.notibras.com\/site\/wp-json\/wp\/v2\/media?parent=24303"}],"wp:term":[{"taxonomy":"category","embeddable":true,"href":"https:\/\/www.notibras.com\/site\/wp-json\/wp\/v2\/categories?post=24303"},{"taxonomy":"post_tag","embeddable":true,"href":"https:\/\/www.notibras.com\/site\/wp-json\/wp\/v2\/tags?post=24303"}],"curies":[{"name":"wp","href":"https:\/\/api.w.org\/{rel}","templated":true}]}}