{"id":24309,"date":"2014-10-09T07:30:02","date_gmt":"2014-10-09T10:30:02","guid":{"rendered":"http:\/\/www.notibras.com\/site\/?p=24309"},"modified":"2014-10-09T07:30:51","modified_gmt":"2014-10-09T10:30:51","slug":"de-risco-0-para-5-a-ameaca-ronda-os-apagoes-de-energia-em-2015","status":"publish","type":"post","link":"https:\/\/www.notibras.com\/site\/de-risco-0-para-5-a-ameaca-ronda-os-apagoes-de-energia-em-2015\/","title":{"rendered":"De risco 0 para 5%. A amea\u00e7a ronda apag\u00f5es de energia em 2015"},"content":{"rendered":"<p>O risco de d\u00e9ficit de energia em 2015 nas regi\u00f5es Sudeste e Centro-Oeste \u00e9 4,7% e na Regi\u00e3o Nordeste, o risco \u00e9 0,8%. Os dados foram apresentados nesta quarta 8 ap\u00f3s reuni\u00e3o do Comit\u00ea de Monitoramento do Setor El\u00e9trico (CMSE). Para este ano, o risco de d\u00e9ficit de energia continua igual a zero nessas regi\u00f5es. \u201cAs condi\u00e7\u00f5es de suprimento de energia do Sistema Interligado Nacional mantiveram-se est\u00e1veis, como previsto, em rela\u00e7\u00e3o ao m\u00eas anterior\u201d, diz nota divulgada pelo grupo.<\/p>\n<p>No balan\u00e7o anterior, feito no in\u00edcio de setembro, o comit\u00ea havia calculado em 4,8% o risco de faltar energia nas regi\u00f5es Sudeste e Centro-Oeste em 2015 e de 0,5% no Nordeste. O crit\u00e9rio estabelecido pelo Conselho Nacional de Pol\u00edtica Energ\u00e9tica estabelece um risco m\u00e1ximo de 5%. Segundo o comit\u00ea, o sistema el\u00e9trico apresenta-se estruturalmente equilibrado, devido \u00e0 capacidade de gera\u00e7\u00e3o e transmiss\u00e3o instalada no pa\u00eds.<\/p>\n<p>No m\u00eas de setembro, choveu acima do normal na maior parte da Regi\u00e3o Sul. Nas bacias hidrogr\u00e1ficas dos rios Uruguai, Paranapanema e Paran\u00e1, as chuvas ficaram na m\u00e9dia e nas demais bacias hidrogr\u00e1ficas foram registradas chuvas abaixo do normal . Segundo o CMSE, o fen\u00f4meno El Ni\u00f1o continuar\u00e1 nos pr\u00f3ximos meses, o que ir\u00e1 resultar na continuidade de chuvas na Regi\u00e3o Sul com valores normais ou acima da m\u00e9dia hist\u00f3rica.<\/p>\n<blockquote><p>\u201cOutras avalia\u00e7\u00f5es de desempenho do sistema, utilizando-se o valor esperado das previs\u00f5es de aflu\u00eancias e anos semelhantes de aflu\u00eancias obtidas do hist\u00f3rico, confirmam a garantia do suprimento no ano de 2014, uma vez que se disp\u00f5e atualmente de um parque de gera\u00e7\u00e3o termel\u00e9trico significativo, que vem sendo utilizado como complementa\u00e7\u00e3o \u00e0 gera\u00e7\u00e3o hidrel\u00e9trica\u201d, diz a nota do comit\u00ea.<\/p><\/blockquote>\n<p>O Comit\u00ea de Monitoramento do Setor El\u00e9trico foi criado em 2004 com a fun\u00e7\u00e3o de acompanhar a continuidade e a seguran\u00e7a do suprimento eletroenerg\u00e9tico no pa\u00eds. Participam do grupo representantes de \u00f3rg\u00e3os como o Minist\u00e9rio de Minas e Energia, a Ag\u00eancia Nacional de Energia El\u00e9trica (Aneel), o Operador Nacional do Sistema El\u00e9trico (ONS), a Empresa de Pesquisa Energ\u00e9tica (EPE), a Ag\u00eancia Nacional do Petr\u00f3leo, G\u00e1s Natural e Biocombust\u00edveis (ANP) e a C\u00e2mara de Comercializa\u00e7\u00e3o de Energia El\u00e9trica (CCEE).<\/p>\n<p><strong>Sabrina Craide, ABr<br \/>\n<\/strong><\/p>\n","protected":false},"excerpt":{"rendered":"<p>O risco de d\u00e9ficit de energia em 2015 nas regi\u00f5es Sudeste e Centro-Oeste \u00e9 4,7% e na Regi\u00e3o Nordeste, o risco \u00e9 0,8%. Os dados foram apresentados nesta quarta 8 ap\u00f3s reuni\u00e3o do Comit\u00ea de Monitoramento do Setor El\u00e9trico (CMSE). Para este ano, o risco de d\u00e9ficit de energia continua igual a zero nessas regi\u00f5es. [&hellip;]<\/p>\n","protected":false},"author":2,"featured_media":24310,"comment_status":"open","ping_status":"closed","sticky":false,"template":"","format":"standard","meta":{"_acf_changed":false,"footnotes":""},"categories":[16],"tags":[],"class_list":["post-24309","post","type-post","status-publish","format-standard","has-post-thumbnail","hentry","category-brasil"],"acf":[],"yoast_head":"<!-- This site is optimized with the Yoast SEO plugin v27.5 - https:\/\/yoast.com\/product\/yoast-seo-wordpress\/ -->\n<title>De risco 0 para 5%. A amea\u00e7a ronda apag\u00f5es de energia em 2015 - Notibras<\/title>\n<meta name=\"robots\" content=\"index, follow, max-snippet:-1, max-image-preview:large, max-video-preview:-1\" \/>\n<link rel=\"canonical\" href=\"https:\/\/www.notibras.com\/site\/de-risco-0-para-5-a-ameaca-ronda-os-apagoes-de-energia-em-2015\/\" \/>\n<meta property=\"og:locale\" content=\"pt_BR\" \/>\n<meta property=\"og:type\" content=\"article\" \/>\n<meta property=\"og:title\" content=\"De risco 0 para 5%. A amea\u00e7a ronda apag\u00f5es de energia em 2015 - Notibras\" \/>\n<meta property=\"og:description\" content=\"O risco de d\u00e9ficit de energia em 2015 nas regi\u00f5es Sudeste e Centro-Oeste \u00e9 4,7% e na Regi\u00e3o Nordeste, o risco \u00e9 0,8%. Os dados foram apresentados nesta quarta 8 ap\u00f3s reuni\u00e3o do Comit\u00ea de Monitoramento do Setor El\u00e9trico (CMSE). Para este ano, o risco de d\u00e9ficit de energia continua igual a zero nessas regi\u00f5es. [&hellip;]\" \/>\n<meta property=\"og:url\" content=\"https:\/\/www.notibras.com\/site\/de-risco-0-para-5-a-ameaca-ronda-os-apagoes-de-energia-em-2015\/\" \/>\n<meta property=\"og:site_name\" content=\"Notibras\" \/>\n<meta property=\"article:publisher\" content=\"https:\/\/www.facebook.com\/notibras\/\" \/>\n<meta property=\"article:published_time\" content=\"2014-10-09T10:30:02+00:00\" \/>\n<meta property=\"article:modified_time\" content=\"2014-10-09T10:30:51+00:00\" \/>\n<meta property=\"og:image\" content=\"https:\/\/www.notibras.com\/site\/wp-content\/uploads\/2014\/10\/10apagao560.jpg\" \/>\n\t<meta property=\"og:image:width\" content=\"600\" \/>\n\t<meta property=\"og:image:height\" content=\"419\" \/>\n\t<meta property=\"og:image:type\" content=\"image\/jpeg\" \/>\n<meta name=\"author\" content=\"Reda\u00e7\u00e3o\" \/>\n<meta name=\"twitter:card\" content=\"summary_large_image\" \/>\n<meta name=\"twitter:creator\" content=\"@Notibras\" \/>\n<meta name=\"twitter:site\" content=\"@Notibras\" \/>\n<meta name=\"twitter:label1\" content=\"Escrito por\" \/>\n\t<meta name=\"twitter:data1\" content=\"Reda\u00e7\u00e3o\" \/>\n\t<meta name=\"twitter:label2\" content=\"Est. tempo de leitura\" \/>\n\t<meta name=\"twitter:data2\" content=\"2 minutos\" \/>\n<script type=\"application\/ld+json\" class=\"yoast-schema-graph\">{\"@context\":\"https:\\\/\\\/schema.org\",\"@graph\":[{\"@type\":\"Article\",\"@id\":\"https:\\\/\\\/www.notibras.com\\\/site\\\/de-risco-0-para-5-a-ameaca-ronda-os-apagoes-de-energia-em-2015\\\/#article\",\"isPartOf\":{\"@id\":\"https:\\\/\\\/www.notibras.com\\\/site\\\/de-risco-0-para-5-a-ameaca-ronda-os-apagoes-de-energia-em-2015\\\/\"},\"author\":{\"name\":\"Reda\u00e7\u00e3o\",\"@id\":\"https:\\\/\\\/www.notibras.com\\\/site\\\/#\\\/schema\\\/person\\\/36ab0979449956132d3e5b517ea76ac8\"},\"headline\":\"De risco 0 para 5%. A amea\u00e7a ronda apag\u00f5es de energia em 2015\",\"datePublished\":\"2014-10-09T10:30:02+00:00\",\"dateModified\":\"2014-10-09T10:30:51+00:00\",\"mainEntityOfPage\":{\"@id\":\"https:\\\/\\\/www.notibras.com\\\/site\\\/de-risco-0-para-5-a-ameaca-ronda-os-apagoes-de-energia-em-2015\\\/\"},\"wordCount\":413,\"commentCount\":0,\"publisher\":{\"@id\":\"https:\\\/\\\/www.notibras.com\\\/site\\\/#organization\"},\"image\":{\"@id\":\"https:\\\/\\\/www.notibras.com\\\/site\\\/de-risco-0-para-5-a-ameaca-ronda-os-apagoes-de-energia-em-2015\\\/#primaryimage\"},\"thumbnailUrl\":\"https:\\\/\\\/www.notibras.com\\\/site\\\/wp-content\\\/uploads\\\/2014\\\/10\\\/10apagao560.jpg\",\"articleSection\":[\"Brasil\"],\"inLanguage\":\"pt-BR\",\"potentialAction\":[{\"@type\":\"CommentAction\",\"name\":\"Comment\",\"target\":[\"https:\\\/\\\/www.notibras.com\\\/site\\\/de-risco-0-para-5-a-ameaca-ronda-os-apagoes-de-energia-em-2015\\\/#respond\"]}]},{\"@type\":\"WebPage\",\"@id\":\"https:\\\/\\\/www.notibras.com\\\/site\\\/de-risco-0-para-5-a-ameaca-ronda-os-apagoes-de-energia-em-2015\\\/\",\"url\":\"https:\\\/\\\/www.notibras.com\\\/site\\\/de-risco-0-para-5-a-ameaca-ronda-os-apagoes-de-energia-em-2015\\\/\",\"name\":\"De risco 0 para 5%. A amea\u00e7a ronda apag\u00f5es de energia em 2015 - Notibras\",\"isPartOf\":{\"@id\":\"https:\\\/\\\/www.notibras.com\\\/site\\\/#website\"},\"primaryImageOfPage\":{\"@id\":\"https:\\\/\\\/www.notibras.com\\\/site\\\/de-risco-0-para-5-a-ameaca-ronda-os-apagoes-de-energia-em-2015\\\/#primaryimage\"},\"image\":{\"@id\":\"https:\\\/\\\/www.notibras.com\\\/site\\\/de-risco-0-para-5-a-ameaca-ronda-os-apagoes-de-energia-em-2015\\\/#primaryimage\"},\"thumbnailUrl\":\"https:\\\/\\\/www.notibras.com\\\/site\\\/wp-content\\\/uploads\\\/2014\\\/10\\\/10apagao560.jpg\",\"datePublished\":\"2014-10-09T10:30:02+00:00\",\"dateModified\":\"2014-10-09T10:30:51+00:00\",\"breadcrumb\":{\"@id\":\"https:\\\/\\\/www.notibras.com\\\/site\\\/de-risco-0-para-5-a-ameaca-ronda-os-apagoes-de-energia-em-2015\\\/#breadcrumb\"},\"inLanguage\":\"pt-BR\",\"potentialAction\":[{\"@type\":\"ReadAction\",\"target\":[\"https:\\\/\\\/www.notibras.com\\\/site\\\/de-risco-0-para-5-a-ameaca-ronda-os-apagoes-de-energia-em-2015\\\/\"]}]},{\"@type\":\"ImageObject\",\"inLanguage\":\"pt-BR\",\"@id\":\"https:\\\/\\\/www.notibras.com\\\/site\\\/de-risco-0-para-5-a-ameaca-ronda-os-apagoes-de-energia-em-2015\\\/#primaryimage\",\"url\":\"https:\\\/\\\/www.notibras.com\\\/site\\\/wp-content\\\/uploads\\\/2014\\\/10\\\/10apagao560.jpg\",\"contentUrl\":\"https:\\\/\\\/www.notibras.com\\\/site\\\/wp-content\\\/uploads\\\/2014\\\/10\\\/10apagao560.jpg\",\"width\":600,\"height\":419,\"caption\":\"Foto\\\/Arquivo Notibras\"},{\"@type\":\"BreadcrumbList\",\"@id\":\"https:\\\/\\\/www.notibras.com\\\/site\\\/de-risco-0-para-5-a-ameaca-ronda-os-apagoes-de-energia-em-2015\\\/#breadcrumb\",\"itemListElement\":[{\"@type\":\"ListItem\",\"position\":1,\"name\":\"In\u00edcio\",\"item\":\"https:\\\/\\\/www.notibras.com\\\/site\\\/\"},{\"@type\":\"ListItem\",\"position\":2,\"name\":\"De risco 0 para 5%. A amea\u00e7a ronda apag\u00f5es de energia em 2015\"}]},{\"@type\":\"WebSite\",\"@id\":\"https:\\\/\\\/www.notibras.com\\\/site\\\/#website\",\"url\":\"https:\\\/\\\/www.notibras.com\\\/site\\\/\",\"name\":\"Notibras\",\"description\":\"Not\u00edcias de Bras\u00edlia, do Brasil e do Mundo\",\"publisher\":{\"@id\":\"https:\\\/\\\/www.notibras.com\\\/site\\\/#organization\"},\"potentialAction\":[{\"@type\":\"SearchAction\",\"target\":{\"@type\":\"EntryPoint\",\"urlTemplate\":\"https:\\\/\\\/www.notibras.com\\\/site\\\/?s={search_term_string}\"},\"query-input\":{\"@type\":\"PropertyValueSpecification\",\"valueRequired\":true,\"valueName\":\"search_term_string\"}}],\"inLanguage\":\"pt-BR\"},{\"@type\":\"Organization\",\"@id\":\"https:\\\/\\\/www.notibras.com\\\/site\\\/#organization\",\"name\":\"Grupo Notibras de Comunica\u00e7\u00e3o\",\"url\":\"https:\\\/\\\/www.notibras.com\\\/site\\\/\",\"logo\":{\"@type\":\"ImageObject\",\"inLanguage\":\"pt-BR\",\"@id\":\"https:\\\/\\\/www.notibras.com\\\/site\\\/#\\\/schema\\\/logo\\\/image\\\/\",\"url\":\"https:\\\/\\\/www.notibras.com\\\/site\\\/wp-content\\\/uploads\\\/2023\\\/01\\\/notibras23.png\",\"contentUrl\":\"https:\\\/\\\/www.notibras.com\\\/site\\\/wp-content\\\/uploads\\\/2023\\\/01\\\/notibras23.png\",\"width\":350,\"height\":87,\"caption\":\"Grupo Notibras de Comunica\u00e7\u00e3o\"},\"image\":{\"@id\":\"https:\\\/\\\/www.notibras.com\\\/site\\\/#\\\/schema\\\/logo\\\/image\\\/\"},\"sameAs\":[\"https:\\\/\\\/www.facebook.com\\\/notibras\\\/\",\"https:\\\/\\\/x.com\\\/Notibras\",\"https:\\\/\\\/www.instagram.com\\\/notibras\\\/\"]},{\"@type\":\"Person\",\"@id\":\"https:\\\/\\\/www.notibras.com\\\/site\\\/#\\\/schema\\\/person\\\/36ab0979449956132d3e5b517ea76ac8\",\"name\":\"Reda\u00e7\u00e3o\",\"image\":{\"@type\":\"ImageObject\",\"inLanguage\":\"pt-BR\",\"@id\":\"https:\\\/\\\/secure.gravatar.com\\\/avatar\\\/e0a867bdedb85fd243eadf09663511f96fc81e0720a4a42581f334ad4303aa6b?s=96&d=mm&r=g\",\"url\":\"https:\\\/\\\/secure.gravatar.com\\\/avatar\\\/e0a867bdedb85fd243eadf09663511f96fc81e0720a4a42581f334ad4303aa6b?s=96&d=mm&r=g\",\"contentUrl\":\"https:\\\/\\\/secure.gravatar.com\\\/avatar\\\/e0a867bdedb85fd243eadf09663511f96fc81e0720a4a42581f334ad4303aa6b?s=96&d=mm&r=g\",\"caption\":\"Reda\u00e7\u00e3o\"}}]}<\/script>\n<!-- \/ Yoast SEO plugin. -->","yoast_head_json":{"title":"De risco 0 para 5%. A amea\u00e7a ronda apag\u00f5es de energia em 2015 - Notibras","robots":{"index":"index","follow":"follow","max-snippet":"max-snippet:-1","max-image-preview":"max-image-preview:large","max-video-preview":"max-video-preview:-1"},"canonical":"https:\/\/www.notibras.com\/site\/de-risco-0-para-5-a-ameaca-ronda-os-apagoes-de-energia-em-2015\/","og_locale":"pt_BR","og_type":"article","og_title":"De risco 0 para 5%. A amea\u00e7a ronda apag\u00f5es de energia em 2015 - Notibras","og_description":"O risco de d\u00e9ficit de energia em 2015 nas regi\u00f5es Sudeste e Centro-Oeste \u00e9 4,7% e na Regi\u00e3o Nordeste, o risco \u00e9 0,8%. Os dados foram apresentados nesta quarta 8 ap\u00f3s reuni\u00e3o do Comit\u00ea de Monitoramento do Setor El\u00e9trico (CMSE). Para este ano, o risco de d\u00e9ficit de energia continua igual a zero nessas regi\u00f5es. [&hellip;]","og_url":"https:\/\/www.notibras.com\/site\/de-risco-0-para-5-a-ameaca-ronda-os-apagoes-de-energia-em-2015\/","og_site_name":"Notibras","article_publisher":"https:\/\/www.facebook.com\/notibras\/","article_published_time":"2014-10-09T10:30:02+00:00","article_modified_time":"2014-10-09T10:30:51+00:00","og_image":[{"width":600,"height":419,"url":"https:\/\/www.notibras.com\/site\/wp-content\/uploads\/2014\/10\/10apagao560.jpg","type":"image\/jpeg"}],"author":"Reda\u00e7\u00e3o","twitter_card":"summary_large_image","twitter_creator":"@Notibras","twitter_site":"@Notibras","twitter_misc":{"Escrito por":"Reda\u00e7\u00e3o","Est. tempo de leitura":"2 minutos"},"schema":{"@context":"https:\/\/schema.org","@graph":[{"@type":"Article","@id":"https:\/\/www.notibras.com\/site\/de-risco-0-para-5-a-ameaca-ronda-os-apagoes-de-energia-em-2015\/#article","isPartOf":{"@id":"https:\/\/www.notibras.com\/site\/de-risco-0-para-5-a-ameaca-ronda-os-apagoes-de-energia-em-2015\/"},"author":{"name":"Reda\u00e7\u00e3o","@id":"https:\/\/www.notibras.com\/site\/#\/schema\/person\/36ab0979449956132d3e5b517ea76ac8"},"headline":"De risco 0 para 5%. A amea\u00e7a ronda apag\u00f5es de energia em 2015","datePublished":"2014-10-09T10:30:02+00:00","dateModified":"2014-10-09T10:30:51+00:00","mainEntityOfPage":{"@id":"https:\/\/www.notibras.com\/site\/de-risco-0-para-5-a-ameaca-ronda-os-apagoes-de-energia-em-2015\/"},"wordCount":413,"commentCount":0,"publisher":{"@id":"https:\/\/www.notibras.com\/site\/#organization"},"image":{"@id":"https:\/\/www.notibras.com\/site\/de-risco-0-para-5-a-ameaca-ronda-os-apagoes-de-energia-em-2015\/#primaryimage"},"thumbnailUrl":"https:\/\/www.notibras.com\/site\/wp-content\/uploads\/2014\/10\/10apagao560.jpg","articleSection":["Brasil"],"inLanguage":"pt-BR","potentialAction":[{"@type":"CommentAction","name":"Comment","target":["https:\/\/www.notibras.com\/site\/de-risco-0-para-5-a-ameaca-ronda-os-apagoes-de-energia-em-2015\/#respond"]}]},{"@type":"WebPage","@id":"https:\/\/www.notibras.com\/site\/de-risco-0-para-5-a-ameaca-ronda-os-apagoes-de-energia-em-2015\/","url":"https:\/\/www.notibras.com\/site\/de-risco-0-para-5-a-ameaca-ronda-os-apagoes-de-energia-em-2015\/","name":"De risco 0 para 5%. A amea\u00e7a ronda apag\u00f5es de energia em 2015 - Notibras","isPartOf":{"@id":"https:\/\/www.notibras.com\/site\/#website"},"primaryImageOfPage":{"@id":"https:\/\/www.notibras.com\/site\/de-risco-0-para-5-a-ameaca-ronda-os-apagoes-de-energia-em-2015\/#primaryimage"},"image":{"@id":"https:\/\/www.notibras.com\/site\/de-risco-0-para-5-a-ameaca-ronda-os-apagoes-de-energia-em-2015\/#primaryimage"},"thumbnailUrl":"https:\/\/www.notibras.com\/site\/wp-content\/uploads\/2014\/10\/10apagao560.jpg","datePublished":"2014-10-09T10:30:02+00:00","dateModified":"2014-10-09T10:30:51+00:00","breadcrumb":{"@id":"https:\/\/www.notibras.com\/site\/de-risco-0-para-5-a-ameaca-ronda-os-apagoes-de-energia-em-2015\/#breadcrumb"},"inLanguage":"pt-BR","potentialAction":[{"@type":"ReadAction","target":["https:\/\/www.notibras.com\/site\/de-risco-0-para-5-a-ameaca-ronda-os-apagoes-de-energia-em-2015\/"]}]},{"@type":"ImageObject","inLanguage":"pt-BR","@id":"https:\/\/www.notibras.com\/site\/de-risco-0-para-5-a-ameaca-ronda-os-apagoes-de-energia-em-2015\/#primaryimage","url":"https:\/\/www.notibras.com\/site\/wp-content\/uploads\/2014\/10\/10apagao560.jpg","contentUrl":"https:\/\/www.notibras.com\/site\/wp-content\/uploads\/2014\/10\/10apagao560.jpg","width":600,"height":419,"caption":"Foto\/Arquivo Notibras"},{"@type":"BreadcrumbList","@id":"https:\/\/www.notibras.com\/site\/de-risco-0-para-5-a-ameaca-ronda-os-apagoes-de-energia-em-2015\/#breadcrumb","itemListElement":[{"@type":"ListItem","position":1,"name":"In\u00edcio","item":"https:\/\/www.notibras.com\/site\/"},{"@type":"ListItem","position":2,"name":"De risco 0 para 5%. A amea\u00e7a ronda apag\u00f5es de energia em 2015"}]},{"@type":"WebSite","@id":"https:\/\/www.notibras.com\/site\/#website","url":"https:\/\/www.notibras.com\/site\/","name":"Notibras","description":"Not\u00edcias de Bras\u00edlia, do Brasil e do Mundo","publisher":{"@id":"https:\/\/www.notibras.com\/site\/#organization"},"potentialAction":[{"@type":"SearchAction","target":{"@type":"EntryPoint","urlTemplate":"https:\/\/www.notibras.com\/site\/?s={search_term_string}"},"query-input":{"@type":"PropertyValueSpecification","valueRequired":true,"valueName":"search_term_string"}}],"inLanguage":"pt-BR"},{"@type":"Organization","@id":"https:\/\/www.notibras.com\/site\/#organization","name":"Grupo Notibras de Comunica\u00e7\u00e3o","url":"https:\/\/www.notibras.com\/site\/","logo":{"@type":"ImageObject","inLanguage":"pt-BR","@id":"https:\/\/www.notibras.com\/site\/#\/schema\/logo\/image\/","url":"https:\/\/www.notibras.com\/site\/wp-content\/uploads\/2023\/01\/notibras23.png","contentUrl":"https:\/\/www.notibras.com\/site\/wp-content\/uploads\/2023\/01\/notibras23.png","width":350,"height":87,"caption":"Grupo Notibras de Comunica\u00e7\u00e3o"},"image":{"@id":"https:\/\/www.notibras.com\/site\/#\/schema\/logo\/image\/"},"sameAs":["https:\/\/www.facebook.com\/notibras\/","https:\/\/x.com\/Notibras","https:\/\/www.instagram.com\/notibras\/"]},{"@type":"Person","@id":"https:\/\/www.notibras.com\/site\/#\/schema\/person\/36ab0979449956132d3e5b517ea76ac8","name":"Reda\u00e7\u00e3o","image":{"@type":"ImageObject","inLanguage":"pt-BR","@id":"https:\/\/secure.gravatar.com\/avatar\/e0a867bdedb85fd243eadf09663511f96fc81e0720a4a42581f334ad4303aa6b?s=96&d=mm&r=g","url":"https:\/\/secure.gravatar.com\/avatar\/e0a867bdedb85fd243eadf09663511f96fc81e0720a4a42581f334ad4303aa6b?s=96&d=mm&r=g","contentUrl":"https:\/\/secure.gravatar.com\/avatar\/e0a867bdedb85fd243eadf09663511f96fc81e0720a4a42581f334ad4303aa6b?s=96&d=mm&r=g","caption":"Reda\u00e7\u00e3o"}}]}},"amp_enabled":true,"_links":{"self":[{"href":"https:\/\/www.notibras.com\/site\/wp-json\/wp\/v2\/posts\/24309","targetHints":{"allow":["GET"]}}],"collection":[{"href":"https:\/\/www.notibras.com\/site\/wp-json\/wp\/v2\/posts"}],"about":[{"href":"https:\/\/www.notibras.com\/site\/wp-json\/wp\/v2\/types\/post"}],"author":[{"embeddable":true,"href":"https:\/\/www.notibras.com\/site\/wp-json\/wp\/v2\/users\/2"}],"replies":[{"embeddable":true,"href":"https:\/\/www.notibras.com\/site\/wp-json\/wp\/v2\/comments?post=24309"}],"version-history":[{"count":0,"href":"https:\/\/www.notibras.com\/site\/wp-json\/wp\/v2\/posts\/24309\/revisions"}],"wp:featuredmedia":[{"embeddable":true,"href":"https:\/\/www.notibras.com\/site\/wp-json\/wp\/v2\/media\/24310"}],"wp:attachment":[{"href":"https:\/\/www.notibras.com\/site\/wp-json\/wp\/v2\/media?parent=24309"}],"wp:term":[{"taxonomy":"category","embeddable":true,"href":"https:\/\/www.notibras.com\/site\/wp-json\/wp\/v2\/categories?post=24309"},{"taxonomy":"post_tag","embeddable":true,"href":"https:\/\/www.notibras.com\/site\/wp-json\/wp\/v2\/tags?post=24309"}],"curies":[{"name":"wp","href":"https:\/\/api.w.org\/{rel}","templated":true}]}}