{"id":24313,"date":"2014-10-08T20:31:25","date_gmt":"2014-10-08T23:31:25","guid":{"rendered":"http:\/\/www.notibras.com\/site\/?p=24313"},"modified":"2014-10-09T07:37:59","modified_gmt":"2014-10-09T10:37:59","slug":"contadora-confessa-ter-emitido-7-mi-em-notas-frias-para-lava-jato","status":"publish","type":"post","link":"https:\/\/www.notibras.com\/site\/contadora-confessa-ter-emitido-7-mi-em-notas-frias-para-lava-jato\/","title":{"rendered":"Contadora confessa ter emitido 7 milh\u00f5es em notas frias para bando da Lava Jato"},"content":{"rendered":"<div class=\"content\">\n<p>Em depoimento prestado nesta quarta-feira (8) \u00e0 comiss\u00e3o parlamentar mista de inqu\u00e9rito (CPMI) que investiga den\u00fancias de irregularidades na Petrobras, a\u00a0contadora Meire Poza disse que sua empresa emitiu R$ 7 milh\u00f5es em notas frias para as empresas do doleiro Alberto Youssef, para quem trabalhava.<\/p>\n<p>\u201cEmiti R$ 7 milh\u00f5es em notas frias. Tenho uma empresa de contabilidade e a exce\u00e7\u00e3o foram essas notas\u201d, disse Poza. Disse tamb\u00e9m que recebeu dinheiro e repassou para Enivaldo Quadrado pagar a multa imposta pelo Supremo Tribunal Federal (STF) ao condenado na A\u00e7\u00e3o Penal 470, o processo do mensal\u00e3o.<\/p>\n<p>O l\u00edder do PMDB na C\u00e2mara, Eduardo Cunha (RJ), reagiu. \u201cEstamos aqui com uma fornecedora de nota fiscal fria. Ela admitiu o que \u00e9, uma r\u00e9 confessa&#8221;. Ele\u00a0informou que o PMDB vai pedir a quebra dos sigilos fiscal e banc\u00e1rio da contadora.<\/p>\n<blockquote><p>Em outro momento, Meire Poza admitiu que recebia 7% de comiss\u00e3o sobre as notas frias e que a porcentagem era dividida em partes iguais com Enivaldo\u00a0Quadrado. Ele foi condenado por lavagem de dinheiro no julgamento do mensal\u00e3o, e teve de pagar multa de R$ 28,6 mil.<\/p><\/blockquote>\n<p>A ex-contadora de Alberto Youssef negou ter informa\u00e7\u00f5es sobre opera\u00e7\u00f5es entre ele e funcion\u00e1rios da Petrobras. &#8220;Eu trabalhei com o senhor Alberto Youssef. Vi\u00a0algumas opera\u00e7\u00f5es feitas no escrit\u00f3rio, mas n\u00e3o tenho informa\u00e7\u00f5es diretas da Petrobras&#8221;, ressaltou.<\/p>\n<p>Ela garantiu que nunca entregou dinheiro na m\u00e3o de pol\u00edticos, mas fez pagamentos para parentes de alguns, como do deputado Luiz Arg\u00f4lo (SDD-BA). O deputado Andr\u00e9 Vargas (sem partido-PR) e o tamb\u00e9m deputado e ex-ministro das Cidades M\u00e1rio Negromonte (PP) se beneficiaram do esquema de lavagem de dinheiro. Os dois respondem a processo no Conselho de \u00c9tica da C\u00e2mara.<\/p>\n<p>\u201cFiz pagamento para o deputado Andr\u00e9 Vargas para uma viagem ao Nordeste\u201d, disse. A contadora enviou dinheiro para outras pessoas que ela n\u00e3o conhece, e n\u00e3o sabe que grau de parentesco t\u00eam com os parlamentares, e que a lista com os nomes est\u00e1 com a Pol\u00edcia Federal.<\/p>\n<p>Aos parlamentares da CPMI, Poza negou ter conhecimento de que Alberto Youssef operasse um esquema de lavagem de dinheiro com prefeituras do PT. \u201cUma das coisas que eu deixei claro foi que eu n\u00e3o disse que o Beto [Alberto Youssef] tinha essa ascend\u00eancia em prefeituras do PT\u201d. Para ela, nesse caso, talvez estejam dando a Youssef um poder um pouco maior do que o que ele tem.<\/p>\n<header>\n<div class=\"node-info\"><strong>Karine Melo, ABr<\/strong><\/div>\n<\/header>\n<\/div>\n","protected":false},"excerpt":{"rendered":"<p>Em depoimento prestado nesta quarta-feira (8) \u00e0 comiss\u00e3o parlamentar mista de inqu\u00e9rito (CPMI) que investiga den\u00fancias de irregularidades na Petrobras, a\u00a0contadora Meire Poza disse que sua empresa emitiu R$ 7 milh\u00f5es em notas frias para as empresas do doleiro Alberto Youssef, para quem trabalhava. \u201cEmiti R$ 7 milh\u00f5es em notas frias. Tenho uma empresa de [&hellip;]<\/p>\n","protected":false},"author":2,"featured_media":24314,"comment_status":"open","ping_status":"closed","sticky":false,"template":"","format":"standard","meta":{"_acf_changed":false,"footnotes":""},"categories":[16],"tags":[],"class_list":["post-24313","post","type-post","status-publish","format-standard","has-post-thumbnail","hentry","category-brasil"],"acf":[],"yoast_head":"<!-- This site is optimized with the Yoast SEO plugin v27.5 - https:\/\/yoast.com\/product\/yoast-seo-wordpress\/ -->\n<title>Contadora confessa ter emitido 7 milh\u00f5es em notas frias para bando da Lava Jato - Notibras<\/title>\n<meta name=\"robots\" content=\"index, follow, max-snippet:-1, max-image-preview:large, max-video-preview:-1\" \/>\n<link rel=\"canonical\" href=\"https:\/\/www.notibras.com\/site\/contadora-confessa-ter-emitido-7-mi-em-notas-frias-para-lava-jato\/\" \/>\n<meta property=\"og:locale\" content=\"pt_BR\" \/>\n<meta property=\"og:type\" content=\"article\" \/>\n<meta property=\"og:title\" content=\"Contadora confessa ter emitido 7 milh\u00f5es em notas frias para bando da Lava Jato - Notibras\" \/>\n<meta property=\"og:description\" content=\"Em depoimento prestado nesta quarta-feira (8) \u00e0 comiss\u00e3o parlamentar mista de inqu\u00e9rito (CPMI) que investiga den\u00fancias de irregularidades na Petrobras, a\u00a0contadora Meire Poza disse que sua empresa emitiu R$ 7 milh\u00f5es em notas frias para as empresas do doleiro Alberto Youssef, para quem trabalhava. \u201cEmiti R$ 7 milh\u00f5es em notas frias. Tenho uma empresa de [&hellip;]\" \/>\n<meta property=\"og:url\" content=\"https:\/\/www.notibras.com\/site\/contadora-confessa-ter-emitido-7-mi-em-notas-frias-para-lava-jato\/\" \/>\n<meta property=\"og:site_name\" content=\"Notibras\" \/>\n<meta property=\"article:publisher\" content=\"https:\/\/www.facebook.com\/notibras\/\" \/>\n<meta property=\"article:published_time\" content=\"2014-10-08T23:31:25+00:00\" \/>\n<meta property=\"article:modified_time\" content=\"2014-10-09T10:37:59+00:00\" \/>\n<meta property=\"og:image\" content=\"https:\/\/www.notibras.com\/site\/wp-content\/uploads\/2014\/10\/br1.jpg\" \/>\n\t<meta property=\"og:image:width\" content=\"600\" \/>\n\t<meta property=\"og:image:height\" content=\"400\" \/>\n\t<meta property=\"og:image:type\" content=\"image\/jpeg\" \/>\n<meta name=\"author\" content=\"Reda\u00e7\u00e3o\" \/>\n<meta name=\"twitter:card\" content=\"summary_large_image\" \/>\n<meta name=\"twitter:creator\" content=\"@Notibras\" \/>\n<meta name=\"twitter:site\" content=\"@Notibras\" \/>\n<meta name=\"twitter:label1\" content=\"Escrito por\" \/>\n\t<meta name=\"twitter:data1\" content=\"Reda\u00e7\u00e3o\" \/>\n\t<meta name=\"twitter:label2\" content=\"Est. tempo de leitura\" \/>\n\t<meta name=\"twitter:data2\" content=\"2 minutos\" \/>\n<script type=\"application\/ld+json\" class=\"yoast-schema-graph\">{\"@context\":\"https:\\\/\\\/schema.org\",\"@graph\":[{\"@type\":\"Article\",\"@id\":\"https:\\\/\\\/www.notibras.com\\\/site\\\/contadora-confessa-ter-emitido-7-mi-em-notas-frias-para-lava-jato\\\/#article\",\"isPartOf\":{\"@id\":\"https:\\\/\\\/www.notibras.com\\\/site\\\/contadora-confessa-ter-emitido-7-mi-em-notas-frias-para-lava-jato\\\/\"},\"author\":{\"name\":\"Reda\u00e7\u00e3o\",\"@id\":\"https:\\\/\\\/www.notibras.com\\\/site\\\/#\\\/schema\\\/person\\\/36ab0979449956132d3e5b517ea76ac8\"},\"headline\":\"Contadora confessa ter emitido 7 milh\u00f5es em notas frias para bando da Lava Jato\",\"datePublished\":\"2014-10-08T23:31:25+00:00\",\"dateModified\":\"2014-10-09T10:37:59+00:00\",\"mainEntityOfPage\":{\"@id\":\"https:\\\/\\\/www.notibras.com\\\/site\\\/contadora-confessa-ter-emitido-7-mi-em-notas-frias-para-lava-jato\\\/\"},\"wordCount\":436,\"commentCount\":0,\"publisher\":{\"@id\":\"https:\\\/\\\/www.notibras.com\\\/site\\\/#organization\"},\"image\":{\"@id\":\"https:\\\/\\\/www.notibras.com\\\/site\\\/contadora-confessa-ter-emitido-7-mi-em-notas-frias-para-lava-jato\\\/#primaryimage\"},\"thumbnailUrl\":\"https:\\\/\\\/www.notibras.com\\\/site\\\/wp-content\\\/uploads\\\/2014\\\/10\\\/br1.jpg\",\"articleSection\":[\"Brasil\"],\"inLanguage\":\"pt-BR\",\"potentialAction\":[{\"@type\":\"CommentAction\",\"name\":\"Comment\",\"target\":[\"https:\\\/\\\/www.notibras.com\\\/site\\\/contadora-confessa-ter-emitido-7-mi-em-notas-frias-para-lava-jato\\\/#respond\"]}]},{\"@type\":\"WebPage\",\"@id\":\"https:\\\/\\\/www.notibras.com\\\/site\\\/contadora-confessa-ter-emitido-7-mi-em-notas-frias-para-lava-jato\\\/\",\"url\":\"https:\\\/\\\/www.notibras.com\\\/site\\\/contadora-confessa-ter-emitido-7-mi-em-notas-frias-para-lava-jato\\\/\",\"name\":\"Contadora confessa ter emitido 7 milh\u00f5es em notas frias para bando da Lava Jato - Notibras\",\"isPartOf\":{\"@id\":\"https:\\\/\\\/www.notibras.com\\\/site\\\/#website\"},\"primaryImageOfPage\":{\"@id\":\"https:\\\/\\\/www.notibras.com\\\/site\\\/contadora-confessa-ter-emitido-7-mi-em-notas-frias-para-lava-jato\\\/#primaryimage\"},\"image\":{\"@id\":\"https:\\\/\\\/www.notibras.com\\\/site\\\/contadora-confessa-ter-emitido-7-mi-em-notas-frias-para-lava-jato\\\/#primaryimage\"},\"thumbnailUrl\":\"https:\\\/\\\/www.notibras.com\\\/site\\\/wp-content\\\/uploads\\\/2014\\\/10\\\/br1.jpg\",\"datePublished\":\"2014-10-08T23:31:25+00:00\",\"dateModified\":\"2014-10-09T10:37:59+00:00\",\"breadcrumb\":{\"@id\":\"https:\\\/\\\/www.notibras.com\\\/site\\\/contadora-confessa-ter-emitido-7-mi-em-notas-frias-para-lava-jato\\\/#breadcrumb\"},\"inLanguage\":\"pt-BR\",\"potentialAction\":[{\"@type\":\"ReadAction\",\"target\":[\"https:\\\/\\\/www.notibras.com\\\/site\\\/contadora-confessa-ter-emitido-7-mi-em-notas-frias-para-lava-jato\\\/\"]}]},{\"@type\":\"ImageObject\",\"inLanguage\":\"pt-BR\",\"@id\":\"https:\\\/\\\/www.notibras.com\\\/site\\\/contadora-confessa-ter-emitido-7-mi-em-notas-frias-para-lava-jato\\\/#primaryimage\",\"url\":\"https:\\\/\\\/www.notibras.com\\\/site\\\/wp-content\\\/uploads\\\/2014\\\/10\\\/br1.jpg\",\"contentUrl\":\"https:\\\/\\\/www.notibras.com\\\/site\\\/wp-content\\\/uploads\\\/2014\\\/10\\\/br1.jpg\",\"width\":600,\"height\":400},{\"@type\":\"BreadcrumbList\",\"@id\":\"https:\\\/\\\/www.notibras.com\\\/site\\\/contadora-confessa-ter-emitido-7-mi-em-notas-frias-para-lava-jato\\\/#breadcrumb\",\"itemListElement\":[{\"@type\":\"ListItem\",\"position\":1,\"name\":\"In\u00edcio\",\"item\":\"https:\\\/\\\/www.notibras.com\\\/site\\\/\"},{\"@type\":\"ListItem\",\"position\":2,\"name\":\"Contadora confessa ter emitido 7 milh\u00f5es em notas frias para bando da Lava Jato\"}]},{\"@type\":\"WebSite\",\"@id\":\"https:\\\/\\\/www.notibras.com\\\/site\\\/#website\",\"url\":\"https:\\\/\\\/www.notibras.com\\\/site\\\/\",\"name\":\"Notibras\",\"description\":\"Not\u00edcias de Bras\u00edlia, do Brasil e do Mundo\",\"publisher\":{\"@id\":\"https:\\\/\\\/www.notibras.com\\\/site\\\/#organization\"},\"potentialAction\":[{\"@type\":\"SearchAction\",\"target\":{\"@type\":\"EntryPoint\",\"urlTemplate\":\"https:\\\/\\\/www.notibras.com\\\/site\\\/?s={search_term_string}\"},\"query-input\":{\"@type\":\"PropertyValueSpecification\",\"valueRequired\":true,\"valueName\":\"search_term_string\"}}],\"inLanguage\":\"pt-BR\"},{\"@type\":\"Organization\",\"@id\":\"https:\\\/\\\/www.notibras.com\\\/site\\\/#organization\",\"name\":\"Grupo Notibras de Comunica\u00e7\u00e3o\",\"url\":\"https:\\\/\\\/www.notibras.com\\\/site\\\/\",\"logo\":{\"@type\":\"ImageObject\",\"inLanguage\":\"pt-BR\",\"@id\":\"https:\\\/\\\/www.notibras.com\\\/site\\\/#\\\/schema\\\/logo\\\/image\\\/\",\"url\":\"https:\\\/\\\/www.notibras.com\\\/site\\\/wp-content\\\/uploads\\\/2023\\\/01\\\/notibras23.png\",\"contentUrl\":\"https:\\\/\\\/www.notibras.com\\\/site\\\/wp-content\\\/uploads\\\/2023\\\/01\\\/notibras23.png\",\"width\":350,\"height\":87,\"caption\":\"Grupo Notibras de Comunica\u00e7\u00e3o\"},\"image\":{\"@id\":\"https:\\\/\\\/www.notibras.com\\\/site\\\/#\\\/schema\\\/logo\\\/image\\\/\"},\"sameAs\":[\"https:\\\/\\\/www.facebook.com\\\/notibras\\\/\",\"https:\\\/\\\/x.com\\\/Notibras\",\"https:\\\/\\\/www.instagram.com\\\/notibras\\\/\"]},{\"@type\":\"Person\",\"@id\":\"https:\\\/\\\/www.notibras.com\\\/site\\\/#\\\/schema\\\/person\\\/36ab0979449956132d3e5b517ea76ac8\",\"name\":\"Reda\u00e7\u00e3o\",\"image\":{\"@type\":\"ImageObject\",\"inLanguage\":\"pt-BR\",\"@id\":\"https:\\\/\\\/secure.gravatar.com\\\/avatar\\\/e0a867bdedb85fd243eadf09663511f96fc81e0720a4a42581f334ad4303aa6b?s=96&d=mm&r=g\",\"url\":\"https:\\\/\\\/secure.gravatar.com\\\/avatar\\\/e0a867bdedb85fd243eadf09663511f96fc81e0720a4a42581f334ad4303aa6b?s=96&d=mm&r=g\",\"contentUrl\":\"https:\\\/\\\/secure.gravatar.com\\\/avatar\\\/e0a867bdedb85fd243eadf09663511f96fc81e0720a4a42581f334ad4303aa6b?s=96&d=mm&r=g\",\"caption\":\"Reda\u00e7\u00e3o\"}}]}<\/script>\n<!-- \/ Yoast SEO plugin. -->","yoast_head_json":{"title":"Contadora confessa ter emitido 7 milh\u00f5es em notas frias para bando da Lava Jato - Notibras","robots":{"index":"index","follow":"follow","max-snippet":"max-snippet:-1","max-image-preview":"max-image-preview:large","max-video-preview":"max-video-preview:-1"},"canonical":"https:\/\/www.notibras.com\/site\/contadora-confessa-ter-emitido-7-mi-em-notas-frias-para-lava-jato\/","og_locale":"pt_BR","og_type":"article","og_title":"Contadora confessa ter emitido 7 milh\u00f5es em notas frias para bando da Lava Jato - Notibras","og_description":"Em depoimento prestado nesta quarta-feira (8) \u00e0 comiss\u00e3o parlamentar mista de inqu\u00e9rito (CPMI) que investiga den\u00fancias de irregularidades na Petrobras, a\u00a0contadora Meire Poza disse que sua empresa emitiu R$ 7 milh\u00f5es em notas frias para as empresas do doleiro Alberto Youssef, para quem trabalhava. \u201cEmiti R$ 7 milh\u00f5es em notas frias. Tenho uma empresa de [&hellip;]","og_url":"https:\/\/www.notibras.com\/site\/contadora-confessa-ter-emitido-7-mi-em-notas-frias-para-lava-jato\/","og_site_name":"Notibras","article_publisher":"https:\/\/www.facebook.com\/notibras\/","article_published_time":"2014-10-08T23:31:25+00:00","article_modified_time":"2014-10-09T10:37:59+00:00","og_image":[{"width":600,"height":400,"url":"https:\/\/www.notibras.com\/site\/wp-content\/uploads\/2014\/10\/br1.jpg","type":"image\/jpeg"}],"author":"Reda\u00e7\u00e3o","twitter_card":"summary_large_image","twitter_creator":"@Notibras","twitter_site":"@Notibras","twitter_misc":{"Escrito por":"Reda\u00e7\u00e3o","Est. tempo de leitura":"2 minutos"},"schema":{"@context":"https:\/\/schema.org","@graph":[{"@type":"Article","@id":"https:\/\/www.notibras.com\/site\/contadora-confessa-ter-emitido-7-mi-em-notas-frias-para-lava-jato\/#article","isPartOf":{"@id":"https:\/\/www.notibras.com\/site\/contadora-confessa-ter-emitido-7-mi-em-notas-frias-para-lava-jato\/"},"author":{"name":"Reda\u00e7\u00e3o","@id":"https:\/\/www.notibras.com\/site\/#\/schema\/person\/36ab0979449956132d3e5b517ea76ac8"},"headline":"Contadora confessa ter emitido 7 milh\u00f5es em notas frias para bando da Lava Jato","datePublished":"2014-10-08T23:31:25+00:00","dateModified":"2014-10-09T10:37:59+00:00","mainEntityOfPage":{"@id":"https:\/\/www.notibras.com\/site\/contadora-confessa-ter-emitido-7-mi-em-notas-frias-para-lava-jato\/"},"wordCount":436,"commentCount":0,"publisher":{"@id":"https:\/\/www.notibras.com\/site\/#organization"},"image":{"@id":"https:\/\/www.notibras.com\/site\/contadora-confessa-ter-emitido-7-mi-em-notas-frias-para-lava-jato\/#primaryimage"},"thumbnailUrl":"https:\/\/www.notibras.com\/site\/wp-content\/uploads\/2014\/10\/br1.jpg","articleSection":["Brasil"],"inLanguage":"pt-BR","potentialAction":[{"@type":"CommentAction","name":"Comment","target":["https:\/\/www.notibras.com\/site\/contadora-confessa-ter-emitido-7-mi-em-notas-frias-para-lava-jato\/#respond"]}]},{"@type":"WebPage","@id":"https:\/\/www.notibras.com\/site\/contadora-confessa-ter-emitido-7-mi-em-notas-frias-para-lava-jato\/","url":"https:\/\/www.notibras.com\/site\/contadora-confessa-ter-emitido-7-mi-em-notas-frias-para-lava-jato\/","name":"Contadora confessa ter emitido 7 milh\u00f5es em notas frias para bando da Lava Jato - Notibras","isPartOf":{"@id":"https:\/\/www.notibras.com\/site\/#website"},"primaryImageOfPage":{"@id":"https:\/\/www.notibras.com\/site\/contadora-confessa-ter-emitido-7-mi-em-notas-frias-para-lava-jato\/#primaryimage"},"image":{"@id":"https:\/\/www.notibras.com\/site\/contadora-confessa-ter-emitido-7-mi-em-notas-frias-para-lava-jato\/#primaryimage"},"thumbnailUrl":"https:\/\/www.notibras.com\/site\/wp-content\/uploads\/2014\/10\/br1.jpg","datePublished":"2014-10-08T23:31:25+00:00","dateModified":"2014-10-09T10:37:59+00:00","breadcrumb":{"@id":"https:\/\/www.notibras.com\/site\/contadora-confessa-ter-emitido-7-mi-em-notas-frias-para-lava-jato\/#breadcrumb"},"inLanguage":"pt-BR","potentialAction":[{"@type":"ReadAction","target":["https:\/\/www.notibras.com\/site\/contadora-confessa-ter-emitido-7-mi-em-notas-frias-para-lava-jato\/"]}]},{"@type":"ImageObject","inLanguage":"pt-BR","@id":"https:\/\/www.notibras.com\/site\/contadora-confessa-ter-emitido-7-mi-em-notas-frias-para-lava-jato\/#primaryimage","url":"https:\/\/www.notibras.com\/site\/wp-content\/uploads\/2014\/10\/br1.jpg","contentUrl":"https:\/\/www.notibras.com\/site\/wp-content\/uploads\/2014\/10\/br1.jpg","width":600,"height":400},{"@type":"BreadcrumbList","@id":"https:\/\/www.notibras.com\/site\/contadora-confessa-ter-emitido-7-mi-em-notas-frias-para-lava-jato\/#breadcrumb","itemListElement":[{"@type":"ListItem","position":1,"name":"In\u00edcio","item":"https:\/\/www.notibras.com\/site\/"},{"@type":"ListItem","position":2,"name":"Contadora confessa ter emitido 7 milh\u00f5es em notas frias para bando da Lava Jato"}]},{"@type":"WebSite","@id":"https:\/\/www.notibras.com\/site\/#website","url":"https:\/\/www.notibras.com\/site\/","name":"Notibras","description":"Not\u00edcias de Bras\u00edlia, do Brasil e do Mundo","publisher":{"@id":"https:\/\/www.notibras.com\/site\/#organization"},"potentialAction":[{"@type":"SearchAction","target":{"@type":"EntryPoint","urlTemplate":"https:\/\/www.notibras.com\/site\/?s={search_term_string}"},"query-input":{"@type":"PropertyValueSpecification","valueRequired":true,"valueName":"search_term_string"}}],"inLanguage":"pt-BR"},{"@type":"Organization","@id":"https:\/\/www.notibras.com\/site\/#organization","name":"Grupo Notibras de Comunica\u00e7\u00e3o","url":"https:\/\/www.notibras.com\/site\/","logo":{"@type":"ImageObject","inLanguage":"pt-BR","@id":"https:\/\/www.notibras.com\/site\/#\/schema\/logo\/image\/","url":"https:\/\/www.notibras.com\/site\/wp-content\/uploads\/2023\/01\/notibras23.png","contentUrl":"https:\/\/www.notibras.com\/site\/wp-content\/uploads\/2023\/01\/notibras23.png","width":350,"height":87,"caption":"Grupo Notibras de Comunica\u00e7\u00e3o"},"image":{"@id":"https:\/\/www.notibras.com\/site\/#\/schema\/logo\/image\/"},"sameAs":["https:\/\/www.facebook.com\/notibras\/","https:\/\/x.com\/Notibras","https:\/\/www.instagram.com\/notibras\/"]},{"@type":"Person","@id":"https:\/\/www.notibras.com\/site\/#\/schema\/person\/36ab0979449956132d3e5b517ea76ac8","name":"Reda\u00e7\u00e3o","image":{"@type":"ImageObject","inLanguage":"pt-BR","@id":"https:\/\/secure.gravatar.com\/avatar\/e0a867bdedb85fd243eadf09663511f96fc81e0720a4a42581f334ad4303aa6b?s=96&d=mm&r=g","url":"https:\/\/secure.gravatar.com\/avatar\/e0a867bdedb85fd243eadf09663511f96fc81e0720a4a42581f334ad4303aa6b?s=96&d=mm&r=g","contentUrl":"https:\/\/secure.gravatar.com\/avatar\/e0a867bdedb85fd243eadf09663511f96fc81e0720a4a42581f334ad4303aa6b?s=96&d=mm&r=g","caption":"Reda\u00e7\u00e3o"}}]}},"amp_enabled":true,"_links":{"self":[{"href":"https:\/\/www.notibras.com\/site\/wp-json\/wp\/v2\/posts\/24313","targetHints":{"allow":["GET"]}}],"collection":[{"href":"https:\/\/www.notibras.com\/site\/wp-json\/wp\/v2\/posts"}],"about":[{"href":"https:\/\/www.notibras.com\/site\/wp-json\/wp\/v2\/types\/post"}],"author":[{"embeddable":true,"href":"https:\/\/www.notibras.com\/site\/wp-json\/wp\/v2\/users\/2"}],"replies":[{"embeddable":true,"href":"https:\/\/www.notibras.com\/site\/wp-json\/wp\/v2\/comments?post=24313"}],"version-history":[{"count":0,"href":"https:\/\/www.notibras.com\/site\/wp-json\/wp\/v2\/posts\/24313\/revisions"}],"wp:featuredmedia":[{"embeddable":true,"href":"https:\/\/www.notibras.com\/site\/wp-json\/wp\/v2\/media\/24314"}],"wp:attachment":[{"href":"https:\/\/www.notibras.com\/site\/wp-json\/wp\/v2\/media?parent=24313"}],"wp:term":[{"taxonomy":"category","embeddable":true,"href":"https:\/\/www.notibras.com\/site\/wp-json\/wp\/v2\/categories?post=24313"},{"taxonomy":"post_tag","embeddable":true,"href":"https:\/\/www.notibras.com\/site\/wp-json\/wp\/v2\/tags?post=24313"}],"curies":[{"name":"wp","href":"https:\/\/api.w.org\/{rel}","templated":true}]}}